{"id":3207,"date":"2021-10-14T11:59:33","date_gmt":"2021-10-14T09:59:33","guid":{"rendered":"https:\/\/www.naturparkmagazin.de\/am-stettiner-haff\/?p=3207"},"modified":"2021-10-15T08:14:03","modified_gmt":"2021-10-15T06:14:03","slug":"sechs-naturfotografen-eine-gemeinsame-ausstellung","status":"publish","type":"post","link":"https:\/\/www.naturparkmagazin.de\/am-stettiner-haff\/sechs-naturfotografen-eine-gemeinsame-ausstellung\/","title":{"rendered":"Sechs Naturfotografen &#8211; eine gemeinsame Ausstellung"},"content":{"rendered":"<p>Sechs Naturfotografen der Naturparkregion haben sich k\u00fcrzlich getroffen, um dar\u00fcber zu beraten, ob und wie sie sich k\u00fcnftig gegenseitig unterst\u00fctzen k\u00f6nnen. Das ob war schnell gekl\u00e4rt und auch das wie nimmt inzwischen immer klarere Konturen an.<\/p>\n<p>Eine erste gemeinsame Ausstellung ihrer Werke ist konzipiert und in Druck gegeben. Gerahmt und aufgeh\u00e4ngt werden die Bilder im Besucherinformationszentrum des Naturparks &#8222;Am Stettiner Haff&#8220;. Dort werden Sie am 3. November 2021, um 17:00 Uhr im Rahmen einer kleinen Vernissage in Anwesenheit der Fotografen der \u00d6ffentlichkeit pr\u00e4sentiert, wozu alle Interessierten herzlich eingeladen sind.<\/p>\n<div id=\"attachment_3208\" style=\"width: 630px\" class=\"wp-caption aligncenter\"><a href=\"https:\/\/www.naturparkmagazin.de\/am-stettiner-haff\/wp-content\/uploads\/sites\/29\/Entwurf-Plakat-1.jpg\"><img aria-describedby=\"caption-attachment-3208\" decoding=\"async\" loading=\"lazy\" class=\"size-medium wp-image-3208\" src=\"https:\/\/www.naturparkmagazin.de\/am-stettiner-haff\/wp-content\/uploads\/sites\/29\/Entwurf-Plakat-1-620x414.jpg\" alt=\"(Urheber: A. Buchholz)\" width=\"620\" height=\"414\" srcset=\"https:\/\/www.naturparkmagazin.de\/am-stettiner-haff\/wp-content\/uploads\/sites\/29\/Entwurf-Plakat-1-620x414.jpg 620w, https:\/\/www.naturparkmagazin.de\/am-stettiner-haff\/wp-content\/uploads\/sites\/29\/Entwurf-Plakat-1-300x200.jpg 300w, https:\/\/www.naturparkmagazin.de\/am-stettiner-haff\/wp-content\/uploads\/sites\/29\/Entwurf-Plakat-1-940x628.jpg 940w, https:\/\/www.naturparkmagazin.de\/am-stettiner-haff\/wp-content\/uploads\/sites\/29\/Entwurf-Plakat-1-670x448.jpg 670w, https:\/\/www.naturparkmagazin.de\/am-stettiner-haff\/wp-content\/uploads\/sites\/29\/Entwurf-Plakat-1-200x134.jpg 200w, https:\/\/www.naturparkmagazin.de\/am-stettiner-haff\/wp-content\/uploads\/sites\/29\/Entwurf-Plakat-1.jpg 1256w\" sizes=\"(max-width: 620px) 100vw, 620px\" \/><\/a><p id=\"caption-attachment-3208\" class=\"wp-caption-text\">(Urheber: A. Buchholz)<\/p><\/div>\n<p>&nbsp;<\/p>\n<p>Bis Weihnachten k\u00f6nnen dann die Werke innerhalb der \u00d6ffnungszeiten des Besucherinformationszentrums, (Mo &#8211; Fr. 10:00 &#8211; 15:00 Uhr) besichtigt werden. Individuelle Besichtigungstermine dar\u00fcber hinaus k\u00f6nnen bei der Naturparkverwaltung unter 039779 296810 angfragt werden.<\/p>\n<p>&nbsp;<\/p>\n","protected":false},"excerpt":{"rendered":"<p>Sechs Naturfotografen der Naturparkregion haben sich k\u00fcrzlich getroffen, um dar\u00fcber zu beraten, ob und wie sie sich k\u00fcnftig gegenseitig unterst\u00fctzen k\u00f6nnen. Das ob war schnell gekl\u00e4rt und auch das &#8222;wie&#8220; nimmt inzwischen immer klarere Konturen an.<\/p>\n","protected":false},"author":26,"featured_media":3208,"comment_status":"open","ping_status":"open","sticky":false,"template":"","format":"standard","meta":[],"categories":[7],"tags":[],"yoast_head":"<!-- This site is optimized with the Yoast SEO plugin v19.10 - https:\/\/yoast.com\/wordpress\/plugins\/seo\/ -->\n<title>Sechs Naturfotografen - eine gemeinsame Ausstellung - Naturpark Am Stettiner Haff<\/title>\n<meta name=\"robots\" content=\"index, follow, max-snippet:-1, max-image-preview:large, max-video-preview:-1\" \/>\n<link rel=\"canonical\" href=\"https:\/\/www.naturparkmagazin.de\/am-stettiner-haff\/sechs-naturfotografen-eine-gemeinsame-ausstellung\/\" \/>\n<meta property=\"og:locale\" content=\"de_DE\" \/>\n<meta property=\"og:type\" content=\"article\" \/>\n<meta property=\"og:title\" content=\"Sechs Naturfotografen - eine gemeinsame Ausstellung - Naturpark Am Stettiner Haff\" \/>\n<meta property=\"og:description\" content=\"Sechs Naturfotografen der Naturparkregion haben sich k\u00fcrzlich getroffen, um dar\u00fcber zu beraten, ob und wie sie sich k\u00fcnftig gegenseitig unterst\u00fctzen k\u00f6nnen. Das ob war schnell gekl\u00e4rt und auch das &quot;wie&quot; nimmt inzwischen immer klarere Konturen an.\" \/>\n<meta property=\"og:url\" content=\"https:\/\/www.naturparkmagazin.de\/am-stettiner-haff\/sechs-naturfotografen-eine-gemeinsame-ausstellung\/\" \/>\n<meta property=\"og:site_name\" content=\"Naturpark Am Stettiner Haff\" \/>\n<meta property=\"article:published_time\" content=\"2021-10-14T09:59:33+00:00\" \/>\n<meta property=\"article:modified_time\" content=\"2021-10-15T06:14:03+00:00\" \/>\n<meta property=\"og:image\" content=\"https:\/\/www.naturparkmagazin.de\/am-stettiner-haff\/wp-content\/uploads\/sites\/29\/Entwurf-Plakat-1.jpg\" \/>\n\t<meta property=\"og:image:width\" content=\"1256\" \/>\n\t<meta property=\"og:image:height\" content=\"839\" \/>\n\t<meta property=\"og:image:type\" content=\"image\/jpeg\" \/>\n<meta name=\"author\" content=\"Jochen Elberskirch\" \/>\n<meta name=\"twitter:label1\" content=\"Verfasst von\" \/>\n\t<meta name=\"twitter:data1\" content=\"Jochen Elberskirch\" \/>\n\t<meta name=\"twitter:label2\" content=\"Gesch\u00e4tzte Lesezeit\" \/>\n\t<meta name=\"twitter:data2\" content=\"1\u00a0Minute\" \/>\n<script type=\"application\/ld+json\" class=\"yoast-schema-graph\">{\"@context\":\"https:\/\/schema.org\",\"@graph\":[{\"@type\":\"WebPage\",\"@id\":\"https:\/\/www.naturparkmagazin.de\/am-stettiner-haff\/sechs-naturfotografen-eine-gemeinsame-ausstellung\/\",\"url\":\"https:\/\/www.naturparkmagazin.de\/am-stettiner-haff\/sechs-naturfotografen-eine-gemeinsame-ausstellung\/\",\"name\":\"Sechs Naturfotografen - eine gemeinsame Ausstellung - Naturpark Am Stettiner Haff\",\"isPartOf\":{\"@id\":\"https:\/\/www.naturparkmagazin.de\/am-stettiner-haff\/#website\"},\"datePublished\":\"2021-10-14T09:59:33+00:00\",\"dateModified\":\"2021-10-15T06:14:03+00:00\",\"author\":{\"@id\":\"https:\/\/www.naturparkmagazin.de\/am-stettiner-haff\/#\/schema\/person\/4a7208080dbbfb024d81129b7960c725\"},\"breadcrumb\":{\"@id\":\"https:\/\/www.naturparkmagazin.de\/am-stettiner-haff\/sechs-naturfotografen-eine-gemeinsame-ausstellung\/#breadcrumb\"},\"inLanguage\":\"de\",\"potentialAction\":[{\"@type\":\"ReadAction\",\"target\":[\"https:\/\/www.naturparkmagazin.de\/am-stettiner-haff\/sechs-naturfotografen-eine-gemeinsame-ausstellung\/\"]}]},{\"@type\":\"BreadcrumbList\",\"@id\":\"https:\/\/www.naturparkmagazin.de\/am-stettiner-haff\/sechs-naturfotografen-eine-gemeinsame-ausstellung\/#breadcrumb\",\"itemListElement\":[{\"@type\":\"ListItem\",\"position\":1,\"name\":\"Home\",\"item\":\"https:\/\/www.naturparkmagazin.de\/am-stettiner-haff\/\"},{\"@type\":\"ListItem\",\"position\":2,\"name\":\"Sechs Naturfotografen &#8211; eine gemeinsame Ausstellung\"}]},{\"@type\":\"WebSite\",\"@id\":\"https:\/\/www.naturparkmagazin.de\/am-stettiner-haff\/#website\",\"url\":\"https:\/\/www.naturparkmagazin.de\/am-stettiner-haff\/\",\"name\":\"Naturpark Am Stettiner Haff\",\"description\":\"\",\"potentialAction\":[{\"@type\":\"SearchAction\",\"target\":{\"@type\":\"EntryPoint\",\"urlTemplate\":\"https:\/\/www.naturparkmagazin.de\/am-stettiner-haff\/?s={search_term_string}\"},\"query-input\":\"required name=search_term_string\"}],\"inLanguage\":\"de\"},{\"@type\":\"Person\",\"@id\":\"https:\/\/www.naturparkmagazin.de\/am-stettiner-haff\/#\/schema\/person\/4a7208080dbbfb024d81129b7960c725\",\"name\":\"Jochen Elberskirch\",\"sameAs\":[\"http:\/\/www.naturpark-am-stettiner-haff.de\"],\"url\":\"https:\/\/www.naturparkmagazin.de\/am-stettiner-haff\/author\/jochenelberskirch\/\"}]}<\/script>\n<!-- \/ Yoast SEO plugin. -->","yoast_head_json":{"title":"Sechs Naturfotografen - eine gemeinsame Ausstellung - Naturpark Am Stettiner Haff","robots":{"index":"index","follow":"follow","max-snippet":"max-snippet:-1","max-image-preview":"max-image-preview:large","max-video-preview":"max-video-preview:-1"},"canonical":"https:\/\/www.naturparkmagazin.de\/am-stettiner-haff\/sechs-naturfotografen-eine-gemeinsame-ausstellung\/","og_locale":"de_DE","og_type":"article","og_title":"Sechs Naturfotografen - eine gemeinsame Ausstellung - Naturpark Am Stettiner Haff","og_description":"Sechs Naturfotografen der Naturparkregion haben sich k\u00fcrzlich getroffen, um dar\u00fcber zu beraten, ob und wie sie sich k\u00fcnftig gegenseitig unterst\u00fctzen k\u00f6nnen. Das ob war schnell gekl\u00e4rt und auch das \"wie\" nimmt inzwischen immer klarere Konturen an.","og_url":"https:\/\/www.naturparkmagazin.de\/am-stettiner-haff\/sechs-naturfotografen-eine-gemeinsame-ausstellung\/","og_site_name":"Naturpark Am Stettiner Haff","article_published_time":"2021-10-14T09:59:33+00:00","article_modified_time":"2021-10-15T06:14:03+00:00","og_image":[{"width":1256,"height":839,"url":"https:\/\/www.naturparkmagazin.de\/am-stettiner-haff\/wp-content\/uploads\/sites\/29\/Entwurf-Plakat-1.jpg","type":"image\/jpeg"}],"author":"Jochen Elberskirch","twitter_misc":{"Verfasst von":"Jochen Elberskirch","Gesch\u00e4tzte Lesezeit":"1\u00a0Minute"},"schema":{"@context":"https:\/\/schema.org","@graph":[{"@type":"WebPage","@id":"https:\/\/www.naturparkmagazin.de\/am-stettiner-haff\/sechs-naturfotografen-eine-gemeinsame-ausstellung\/","url":"https:\/\/www.naturparkmagazin.de\/am-stettiner-haff\/sechs-naturfotografen-eine-gemeinsame-ausstellung\/","name":"Sechs Naturfotografen - eine gemeinsame Ausstellung - Naturpark Am Stettiner Haff","isPartOf":{"@id":"https:\/\/www.naturparkmagazin.de\/am-stettiner-haff\/#website"},"datePublished":"2021-10-14T09:59:33+00:00","dateModified":"2021-10-15T06:14:03+00:00","author":{"@id":"https:\/\/www.naturparkmagazin.de\/am-stettiner-haff\/#\/schema\/person\/4a7208080dbbfb024d81129b7960c725"},"breadcrumb":{"@id":"https:\/\/www.naturparkmagazin.de\/am-stettiner-haff\/sechs-naturfotografen-eine-gemeinsame-ausstellung\/#breadcrumb"},"inLanguage":"de","potentialAction":[{"@type":"ReadAction","target":["https:\/\/www.naturparkmagazin.de\/am-stettiner-haff\/sechs-naturfotografen-eine-gemeinsame-ausstellung\/"]}]},{"@type":"BreadcrumbList","@id":"https:\/\/www.naturparkmagazin.de\/am-stettiner-haff\/sechs-naturfotografen-eine-gemeinsame-ausstellung\/#breadcrumb","itemListElement":[{"@type":"ListItem","position":1,"name":"Home","item":"https:\/\/www.naturparkmagazin.de\/am-stettiner-haff\/"},{"@type":"ListItem","position":2,"name":"Sechs Naturfotografen &#8211; eine gemeinsame Ausstellung"}]},{"@type":"WebSite","@id":"https:\/\/www.naturparkmagazin.de\/am-stettiner-haff\/#website","url":"https:\/\/www.naturparkmagazin.de\/am-stettiner-haff\/","name":"Naturpark Am Stettiner Haff","description":"","potentialAction":[{"@type":"SearchAction","target":{"@type":"EntryPoint","urlTemplate":"https:\/\/www.naturparkmagazin.de\/am-stettiner-haff\/?s={search_term_string}"},"query-input":"required name=search_term_string"}],"inLanguage":"de"},{"@type":"Person","@id":"https:\/\/www.naturparkmagazin.de\/am-stettiner-haff\/#\/schema\/person\/4a7208080dbbfb024d81129b7960c725","name":"Jochen Elberskirch","sameAs":["http:\/\/www.naturpark-am-stettiner-haff.de"],"url":"https:\/\/www.naturparkmagazin.de\/am-stettiner-haff\/author\/jochenelberskirch\/"}]}},"_links":{"self":[{"href":"https:\/\/www.naturparkmagazin.de\/am-stettiner-haff\/wp-json\/wp\/v2\/posts\/3207"}],"collection":[{"href":"https:\/\/www.naturparkmagazin.de\/am-stettiner-haff\/wp-json\/wp\/v2\/posts"}],"about":[{"href":"https:\/\/www.naturparkmagazin.de\/am-stettiner-haff\/wp-json\/wp\/v2\/types\/post"}],"author":[{"embeddable":true,"href":"https:\/\/www.naturparkmagazin.de\/am-stettiner-haff\/wp-json\/wp\/v2\/users\/26"}],"replies":[{"embeddable":true,"href":"https:\/\/www.naturparkmagazin.de\/am-stettiner-haff\/wp-json\/wp\/v2\/comments?post=3207"}],"version-history":[{"count":3,"href":"https:\/\/www.naturparkmagazin.de\/am-stettiner-haff\/wp-json\/wp\/v2\/posts\/3207\/revisions"}],"predecessor-version":[{"id":3221,"href":"https:\/\/www.naturparkmagazin.de\/am-stettiner-haff\/wp-json\/wp\/v2\/posts\/3207\/revisions\/3221"}],"wp:featuredmedia":[{"embeddable":true,"href":"https:\/\/www.naturparkmagazin.de\/am-stettiner-haff\/wp-json\/wp\/v2\/media\/3208"}],"wp:attachment":[{"href":"https:\/\/www.naturparkmagazin.de\/am-stettiner-haff\/wp-json\/wp\/v2\/media?parent=3207"}],"wp:term":[{"taxonomy":"category","embeddable":true,"href":"https:\/\/www.naturparkmagazin.de\/am-stettiner-haff\/wp-json\/wp\/v2\/categories?post=3207"},{"taxonomy":"post_tag","embeddable":true,"href":"https:\/\/www.naturparkmagazin.de\/am-stettiner-haff\/wp-json\/wp\/v2\/tags?post=3207"}],"curies":[{"name":"wp","href":"https:\/\/api.w.org\/{rel}","templated":true}]}}