{"id":3215,"date":"2021-10-14T15:02:47","date_gmt":"2021-10-14T13:02:47","guid":{"rendered":"https:\/\/www.naturparkmagazin.de\/am-stettiner-haff\/?p=3215"},"modified":"2021-10-14T15:02:47","modified_gmt":"2021-10-14T13:02:47","slug":"freiwilliges-oekologisches-jahr-im-naturpark-am-stettiner-haff","status":"publish","type":"post","link":"https:\/\/www.naturparkmagazin.de\/am-stettiner-haff\/freiwilliges-oekologisches-jahr-im-naturpark-am-stettiner-haff\/","title":{"rendered":"Freiwilliges \u00f6kologisches Jahr im Naturpark Am Stettiner Haff"},"content":{"rendered":"<p>Hallo, ich bin Frieder Joost-Meyer zu Bakum und mache mein Freiwilliges \u00d6kologisches Jahr (F\u00d6J) im Naturpark Am Stettiner Haff.<\/p>\n<p>Ich bin 19 Jahre alt, komme aus der N\u00e4he von Osnabr\u00fcck (NDS) und habe gerade mein Abitur in Bielefeld (NRW) abgeschlossen. In meiner Freizeit mache ich viel Musik (Gesang, Trompete), angle recht viel und setze mich lokal f\u00fcr den Naturschutz ein. Au\u00dferdem bin ich recht aktiv in der klimaaktivistischen Bewegung \u201eFridays for Future\u201c (FfF).<\/p>\n<p>Aufgewachsen bin ich im l\u00e4ndlichen Melle auf einem landwirtschaftlichen Bioland Betrieb, sodass die N\u00e4he zur Natur mir immer selbstverst\u00e4ndlich und wichtig war. Umso wichtiger war damit f\u00fcr mich das sch\u00fctzen und erhalten von Natur und allem was dazugeh\u00f6rt. Da ich in meiner Berufswahl noch etwas unschl\u00fcssig bin, die Richtung aber klar ist, habe ich mir vorgenommen, ein F\u00d6J zu machen, um verschiedene Berufsfelder im Bereich Naturschutz und Umweltbildung kennenzulernen und ausprobieren zu k\u00f6nnen. Vorrangig ist man im F\u00d6J zwar in der Einsatzstelle, allerdings besteht immer die M\u00f6glichkeit, w\u00e4hrenddessen Praktika zu machen oder mit anderen F\u00d6JlerInnen zu tauschen, um deren Aufgabenfelder n\u00e4her kennenzulernen. Zusammengefasst ist das F\u00d6J also ein breites Band an M\u00f6glichkeiten sich im \u00f6kologischen Bereich zu orientieren und die Einsatzstellen reichen von \u00d6kolandbetrieben \u00fcber Zoos bis hin zu Jugendwaldheimen oder Nationalparks.<\/p>\n<p>&nbsp;<\/p>\n<div id=\"attachment_3216\" style=\"width: 630px\" class=\"wp-caption aligncenter\"><a href=\"https:\/\/www.naturparkmagazin.de\/am-stettiner-haff\/wp-content\/uploads\/sites\/29\/Frieder-klein.jpg\"><img aria-describedby=\"caption-attachment-3216\" decoding=\"async\" loading=\"lazy\" class=\"size-medium wp-image-3216\" src=\"https:\/\/www.naturparkmagazin.de\/am-stettiner-haff\/wp-content\/uploads\/sites\/29\/Frieder-klein-620x1354.jpg\" alt=\"Frieder im Einsatz (Foto: Naturpark-Archiv)\" width=\"620\" height=\"1354\" srcset=\"https:\/\/www.naturparkmagazin.de\/am-stettiner-haff\/wp-content\/uploads\/sites\/29\/Frieder-klein-620x1354.jpg 620w, https:\/\/www.naturparkmagazin.de\/am-stettiner-haff\/wp-content\/uploads\/sites\/29\/Frieder-klein-300x655.jpg 300w, https:\/\/www.naturparkmagazin.de\/am-stettiner-haff\/wp-content\/uploads\/sites\/29\/Frieder-klein-670x1463.jpg 670w, https:\/\/www.naturparkmagazin.de\/am-stettiner-haff\/wp-content\/uploads\/sites\/29\/Frieder-klein-200x437.jpg 200w, https:\/\/www.naturparkmagazin.de\/am-stettiner-haff\/wp-content\/uploads\/sites\/29\/Frieder-klein.jpg 679w\" sizes=\"(max-width: 620px) 100vw, 620px\" \/><\/a><p id=\"caption-attachment-3216\" class=\"wp-caption-text\">Frieder im Einsatz (Foto: Naturpark-Archiv)<\/p><\/div>\n<p>Die Einsatzstelle im Naturpark interessiert mich, da jeder Naturpark \u00fcber enorme Fl\u00e4chen verteilt ist und somit die Vielf\u00e4ltigkeit an Lebensr\u00e4umen, Biotopen und Arten und den damit verbundenen Aufgaben sehr divers ist. Au\u00dferdem haben Naturparke oft Beziehungen zu Forst\u00e4mtern, J\u00e4gern und anderen Menschen, die in und um die Natur unterwegs sind. Deswegen besteht f\u00fcr mich auch immer die M\u00f6glichkeit, in andere Bereiche hineinzuschauen. \u00c4hnlich verh\u00e4lt es sich mit umweltbildenden Ma\u00dfnahmen: Der Naturpark selbst hat eine Ausstellung, Partnerschulen und gibt F\u00fchrungen, aber steht auch im Kontakt mit z.B. dem Zentrum f\u00fcr Erlebnisp\u00e4dagogik und Umweltbildung (ZERUM) in Ueckerm\u00fcnde oder weiteren umweltbildenden Einrichtungen. Kurzum bietet die Einsatzstelle im Naturpark f\u00fcr mich viele M\u00f6glichkeiten und ist zus\u00e4tzlich noch gut angebunden, was f\u00fcr mich ebenfalls wichtig ist.<\/p>\n<p>Bei Fragen zum F\u00d6J oder anderen Dingen, die sie interessieren, k\u00f6nnen sie sich gerne unter <a href=\"mailto:Frieder.Joost-Meyer@lung.mv-regierung.de\">Frieder.Joost-Meyer@lung.mv-regierung.de<\/a> bei mir melden.<\/p>\n","protected":false},"excerpt":{"rendered":"<p>Hallo, ich bin Frieder Joost-Meyer zu Bakum und mache mein Freiwilliges \u00d6kologisches Jahr (F\u00d6J) im Naturpark Am Stettiner Haff.<\/p>\n","protected":false},"author":26,"featured_media":3216,"comment_status":"open","ping_status":"open","sticky":false,"template":"","format":"standard","meta":[],"categories":[7],"tags":[],"yoast_head":"<!-- This site is optimized with the Yoast SEO plugin v19.10 - https:\/\/yoast.com\/wordpress\/plugins\/seo\/ -->\n<title>Freiwilliges \u00f6kologisches Jahr im Naturpark Am Stettiner Haff - Naturpark Am Stettiner Haff<\/title>\n<meta name=\"robots\" content=\"index, follow, max-snippet:-1, max-image-preview:large, max-video-preview:-1\" \/>\n<link rel=\"canonical\" href=\"https:\/\/www.naturparkmagazin.de\/am-stettiner-haff\/freiwilliges-oekologisches-jahr-im-naturpark-am-stettiner-haff\/\" \/>\n<meta property=\"og:locale\" content=\"de_DE\" \/>\n<meta property=\"og:type\" content=\"article\" \/>\n<meta property=\"og:title\" content=\"Freiwilliges \u00f6kologisches Jahr im Naturpark Am Stettiner Haff - Naturpark Am Stettiner Haff\" \/>\n<meta property=\"og:description\" content=\"Hallo, ich bin Frieder Joost-Meyer zu Bakum und mache mein Freiwilliges \u00d6kologisches Jahr (F\u00d6J) im Naturpark Am Stettiner Haff.\" \/>\n<meta property=\"og:url\" content=\"https:\/\/www.naturparkmagazin.de\/am-stettiner-haff\/freiwilliges-oekologisches-jahr-im-naturpark-am-stettiner-haff\/\" \/>\n<meta property=\"og:site_name\" content=\"Naturpark Am Stettiner Haff\" \/>\n<meta property=\"article:published_time\" content=\"2021-10-14T13:02:47+00:00\" \/>\n<meta property=\"og:image\" content=\"https:\/\/www.naturparkmagazin.de\/am-stettiner-haff\/wp-content\/uploads\/sites\/29\/Frieder-klein.jpg\" \/>\n\t<meta property=\"og:image:width\" content=\"679\" \/>\n\t<meta property=\"og:image:height\" content=\"1483\" \/>\n\t<meta property=\"og:image:type\" content=\"image\/jpeg\" \/>\n<meta name=\"author\" content=\"Jochen Elberskirch\" \/>\n<meta name=\"twitter:label1\" content=\"Verfasst von\" \/>\n\t<meta name=\"twitter:data1\" content=\"Jochen Elberskirch\" \/>\n\t<meta name=\"twitter:label2\" content=\"Gesch\u00e4tzte Lesezeit\" \/>\n\t<meta name=\"twitter:data2\" content=\"2\u00a0Minuten\" \/>\n<script type=\"application\/ld+json\" class=\"yoast-schema-graph\">{\"@context\":\"https:\/\/schema.org\",\"@graph\":[{\"@type\":\"WebPage\",\"@id\":\"https:\/\/www.naturparkmagazin.de\/am-stettiner-haff\/freiwilliges-oekologisches-jahr-im-naturpark-am-stettiner-haff\/\",\"url\":\"https:\/\/www.naturparkmagazin.de\/am-stettiner-haff\/freiwilliges-oekologisches-jahr-im-naturpark-am-stettiner-haff\/\",\"name\":\"Freiwilliges \u00f6kologisches Jahr im Naturpark Am Stettiner Haff - Naturpark Am Stettiner Haff\",\"isPartOf\":{\"@id\":\"https:\/\/www.naturparkmagazin.de\/am-stettiner-haff\/#website\"},\"datePublished\":\"2021-10-14T13:02:47+00:00\",\"dateModified\":\"2021-10-14T13:02:47+00:00\",\"author\":{\"@id\":\"https:\/\/www.naturparkmagazin.de\/am-stettiner-haff\/#\/schema\/person\/4a7208080dbbfb024d81129b7960c725\"},\"breadcrumb\":{\"@id\":\"https:\/\/www.naturparkmagazin.de\/am-stettiner-haff\/freiwilliges-oekologisches-jahr-im-naturpark-am-stettiner-haff\/#breadcrumb\"},\"inLanguage\":\"de\",\"potentialAction\":[{\"@type\":\"ReadAction\",\"target\":[\"https:\/\/www.naturparkmagazin.de\/am-stettiner-haff\/freiwilliges-oekologisches-jahr-im-naturpark-am-stettiner-haff\/\"]}]},{\"@type\":\"BreadcrumbList\",\"@id\":\"https:\/\/www.naturparkmagazin.de\/am-stettiner-haff\/freiwilliges-oekologisches-jahr-im-naturpark-am-stettiner-haff\/#breadcrumb\",\"itemListElement\":[{\"@type\":\"ListItem\",\"position\":1,\"name\":\"Home\",\"item\":\"https:\/\/www.naturparkmagazin.de\/am-stettiner-haff\/\"},{\"@type\":\"ListItem\",\"position\":2,\"name\":\"Freiwilliges \u00f6kologisches Jahr im Naturpark Am Stettiner Haff\"}]},{\"@type\":\"WebSite\",\"@id\":\"https:\/\/www.naturparkmagazin.de\/am-stettiner-haff\/#website\",\"url\":\"https:\/\/www.naturparkmagazin.de\/am-stettiner-haff\/\",\"name\":\"Naturpark Am Stettiner Haff\",\"description\":\"\",\"potentialAction\":[{\"@type\":\"SearchAction\",\"target\":{\"@type\":\"EntryPoint\",\"urlTemplate\":\"https:\/\/www.naturparkmagazin.de\/am-stettiner-haff\/?s={search_term_string}\"},\"query-input\":\"required name=search_term_string\"}],\"inLanguage\":\"de\"},{\"@type\":\"Person\",\"@id\":\"https:\/\/www.naturparkmagazin.de\/am-stettiner-haff\/#\/schema\/person\/4a7208080dbbfb024d81129b7960c725\",\"name\":\"Jochen Elberskirch\",\"sameAs\":[\"http:\/\/www.naturpark-am-stettiner-haff.de\"],\"url\":\"https:\/\/www.naturparkmagazin.de\/am-stettiner-haff\/author\/jochenelberskirch\/\"}]}<\/script>\n<!-- \/ Yoast SEO plugin. -->","yoast_head_json":{"title":"Freiwilliges \u00f6kologisches Jahr im Naturpark Am Stettiner Haff - Naturpark Am Stettiner Haff","robots":{"index":"index","follow":"follow","max-snippet":"max-snippet:-1","max-image-preview":"max-image-preview:large","max-video-preview":"max-video-preview:-1"},"canonical":"https:\/\/www.naturparkmagazin.de\/am-stettiner-haff\/freiwilliges-oekologisches-jahr-im-naturpark-am-stettiner-haff\/","og_locale":"de_DE","og_type":"article","og_title":"Freiwilliges \u00f6kologisches Jahr im Naturpark Am Stettiner Haff - Naturpark Am Stettiner Haff","og_description":"Hallo, ich bin Frieder Joost-Meyer zu Bakum und mache mein Freiwilliges \u00d6kologisches Jahr (F\u00d6J) im Naturpark Am Stettiner Haff.","og_url":"https:\/\/www.naturparkmagazin.de\/am-stettiner-haff\/freiwilliges-oekologisches-jahr-im-naturpark-am-stettiner-haff\/","og_site_name":"Naturpark Am Stettiner Haff","article_published_time":"2021-10-14T13:02:47+00:00","og_image":[{"width":679,"height":1483,"url":"https:\/\/www.naturparkmagazin.de\/am-stettiner-haff\/wp-content\/uploads\/sites\/29\/Frieder-klein.jpg","type":"image\/jpeg"}],"author":"Jochen Elberskirch","twitter_misc":{"Verfasst von":"Jochen Elberskirch","Gesch\u00e4tzte Lesezeit":"2\u00a0Minuten"},"schema":{"@context":"https:\/\/schema.org","@graph":[{"@type":"WebPage","@id":"https:\/\/www.naturparkmagazin.de\/am-stettiner-haff\/freiwilliges-oekologisches-jahr-im-naturpark-am-stettiner-haff\/","url":"https:\/\/www.naturparkmagazin.de\/am-stettiner-haff\/freiwilliges-oekologisches-jahr-im-naturpark-am-stettiner-haff\/","name":"Freiwilliges \u00f6kologisches Jahr im Naturpark Am Stettiner Haff - Naturpark Am Stettiner Haff","isPartOf":{"@id":"https:\/\/www.naturparkmagazin.de\/am-stettiner-haff\/#website"},"datePublished":"2021-10-14T13:02:47+00:00","dateModified":"2021-10-14T13:02:47+00:00","author":{"@id":"https:\/\/www.naturparkmagazin.de\/am-stettiner-haff\/#\/schema\/person\/4a7208080dbbfb024d81129b7960c725"},"breadcrumb":{"@id":"https:\/\/www.naturparkmagazin.de\/am-stettiner-haff\/freiwilliges-oekologisches-jahr-im-naturpark-am-stettiner-haff\/#breadcrumb"},"inLanguage":"de","potentialAction":[{"@type":"ReadAction","target":["https:\/\/www.naturparkmagazin.de\/am-stettiner-haff\/freiwilliges-oekologisches-jahr-im-naturpark-am-stettiner-haff\/"]}]},{"@type":"BreadcrumbList","@id":"https:\/\/www.naturparkmagazin.de\/am-stettiner-haff\/freiwilliges-oekologisches-jahr-im-naturpark-am-stettiner-haff\/#breadcrumb","itemListElement":[{"@type":"ListItem","position":1,"name":"Home","item":"https:\/\/www.naturparkmagazin.de\/am-stettiner-haff\/"},{"@type":"ListItem","position":2,"name":"Freiwilliges \u00f6kologisches Jahr im Naturpark Am Stettiner Haff"}]},{"@type":"WebSite","@id":"https:\/\/www.naturparkmagazin.de\/am-stettiner-haff\/#website","url":"https:\/\/www.naturparkmagazin.de\/am-stettiner-haff\/","name":"Naturpark Am Stettiner Haff","description":"","potentialAction":[{"@type":"SearchAction","target":{"@type":"EntryPoint","urlTemplate":"https:\/\/www.naturparkmagazin.de\/am-stettiner-haff\/?s={search_term_string}"},"query-input":"required name=search_term_string"}],"inLanguage":"de"},{"@type":"Person","@id":"https:\/\/www.naturparkmagazin.de\/am-stettiner-haff\/#\/schema\/person\/4a7208080dbbfb024d81129b7960c725","name":"Jochen Elberskirch","sameAs":["http:\/\/www.naturpark-am-stettiner-haff.de"],"url":"https:\/\/www.naturparkmagazin.de\/am-stettiner-haff\/author\/jochenelberskirch\/"}]}},"_links":{"self":[{"href":"https:\/\/www.naturparkmagazin.de\/am-stettiner-haff\/wp-json\/wp\/v2\/posts\/3215"}],"collection":[{"href":"https:\/\/www.naturparkmagazin.de\/am-stettiner-haff\/wp-json\/wp\/v2\/posts"}],"about":[{"href":"https:\/\/www.naturparkmagazin.de\/am-stettiner-haff\/wp-json\/wp\/v2\/types\/post"}],"author":[{"embeddable":true,"href":"https:\/\/www.naturparkmagazin.de\/am-stettiner-haff\/wp-json\/wp\/v2\/users\/26"}],"replies":[{"embeddable":true,"href":"https:\/\/www.naturparkmagazin.de\/am-stettiner-haff\/wp-json\/wp\/v2\/comments?post=3215"}],"version-history":[{"count":2,"href":"https:\/\/www.naturparkmagazin.de\/am-stettiner-haff\/wp-json\/wp\/v2\/posts\/3215\/revisions"}],"predecessor-version":[{"id":3431,"href":"https:\/\/www.naturparkmagazin.de\/am-stettiner-haff\/wp-json\/wp\/v2\/posts\/3215\/revisions\/3431"}],"wp:featuredmedia":[{"embeddable":true,"href":"https:\/\/www.naturparkmagazin.de\/am-stettiner-haff\/wp-json\/wp\/v2\/media\/3216"}],"wp:attachment":[{"href":"https:\/\/www.naturparkmagazin.de\/am-stettiner-haff\/wp-json\/wp\/v2\/media?parent=3215"}],"wp:term":[{"taxonomy":"category","embeddable":true,"href":"https:\/\/www.naturparkmagazin.de\/am-stettiner-haff\/wp-json\/wp\/v2\/categories?post=3215"},{"taxonomy":"post_tag","embeddable":true,"href":"https:\/\/www.naturparkmagazin.de\/am-stettiner-haff\/wp-json\/wp\/v2\/tags?post=3215"}],"curies":[{"name":"wp","href":"https:\/\/api.w.org\/{rel}","templated":true}]}}