{"id":3230,"date":"2021-11-15T18:17:50","date_gmt":"2021-11-15T17:17:50","guid":{"rendered":"https:\/\/www.naturparkmagazin.de\/am-stettiner-haff\/?p=3230"},"modified":"2021-11-15T18:17:50","modified_gmt":"2021-11-15T17:17:50","slug":"geschafft-der-naturpark-am-stettiner-haff-ist-zum-vierten-mal-infolge-qualitaets-naturpark","status":"publish","type":"post","link":"https:\/\/www.naturparkmagazin.de\/am-stettiner-haff\/geschafft-der-naturpark-am-stettiner-haff-ist-zum-vierten-mal-infolge-qualitaets-naturpark\/","title":{"rendered":"Geschafft \u2013 der Naturpark &#8222;Am Stettiner Haff&#8220; ist zum vierten Mal infolge Qualit\u00e4ts-Naturpark"},"content":{"rendered":"<div id=\"attachment_3235\" style=\"width: 630px\" class=\"wp-caption aligncenter\"><a href=\"https:\/\/www.naturparkmagazin.de\/am-stettiner-haff\/wp-content\/uploads\/sites\/29\/Urkunde.jpg\"><img aria-describedby=\"caption-attachment-3235\" decoding=\"async\" loading=\"lazy\" class=\"size-medium wp-image-3235\" src=\"https:\/\/www.naturparkmagazin.de\/am-stettiner-haff\/wp-content\/uploads\/sites\/29\/Urkunde-620x877.jpg\" alt=\"Zerifikat Qualit\u00e4ts-Naturpark (VDN)\" width=\"620\" height=\"877\" srcset=\"https:\/\/www.naturparkmagazin.de\/am-stettiner-haff\/wp-content\/uploads\/sites\/29\/Urkunde-620x877.jpg 620w, https:\/\/www.naturparkmagazin.de\/am-stettiner-haff\/wp-content\/uploads\/sites\/29\/Urkunde-300x424.jpg 300w, https:\/\/www.naturparkmagazin.de\/am-stettiner-haff\/wp-content\/uploads\/sites\/29\/Urkunde-200x283.jpg 200w, https:\/\/www.naturparkmagazin.de\/am-stettiner-haff\/wp-content\/uploads\/sites\/29\/Urkunde.jpg 646w\" sizes=\"(max-width: 620px) 100vw, 620px\" \/><\/a><p id=\"caption-attachment-3235\" class=\"wp-caption-text\">Zerifikat Qualit\u00e4ts-Naturpark (VDN)<\/p><\/div>\n<p>Im Rahmen der diesj\u00e4hrigen Mitgliederversammlung des Verbandes der deutschen Naturparke (VDN) wurden die Urkunden der Qualit\u00e4tsoffensive an die erfolgreichen Qualit\u00e4ts-Naturparke \u00fcbergeben. Vorausgegangen war f\u00fcr jeden teilnehmenden Naturpark ein umfangreiches Evaluationsverfahren mit anschlie\u00dfendem Besuch eines Qualit\u00e4ts-Scouts.<\/p>\n<p>Der Scout \u2013 in der Regel ein aktiver oder ehemaliger Mitarbeiter eines Naturparks &#8211;\u00a0 steht dem teilnehmenden Naturpark als Berater vor Ort zur Seite. Oft hilft sein erfahrener Blick von Au\u00dfen, um bestimmte Bereiche der Naturparkarbeit noch zu optimieren und so die Qualit\u00e4tsanspr\u00fcche des VDN zu erf\u00fcllen. Um sich Qualit\u00e4ts-Naturpark nennen zu d\u00fcrfen m\u00fcssen mindestens 300 von 500 m\u00f6glichen Punkten erreicht werden.<\/p>\n<p>Auch in der vierten Runde konnte der Naturpark \u201eAm Stettiner Haff\u201c sein Qualit\u00e4tssiegel erfolgreich verteidigen. Bis auf eine kleine Liste mit Hausaufgaben, die nach M\u00f6glichkeit bis zur n\u00e4chsten Zertifizierungsrunde in f\u00fcnf Jahren abgearbeitet werden sollte, zeigte sich Dr. Peter G\u00e4rtner mit der Arbeit des Naturparks zufrieden.<\/p>\n<p>Eine dieser Aufgaben, die auch dem Leiter des Naturparks bereits seit Jahren unter den N\u00e4geln brennt, ist die Aktualisierung des Internetauftritts. Daran wird bereits im Landesamt f\u00fcr Umwelt, Naturschutz und Geologie Mecklenburg-Vorpommern, zu dem alle Naturparke M-V als Au\u00dfenstellen geh\u00f6ren,\u00a0 auf Hochtouren gearbeitet. Die entsprechende Ausschreibung f\u00fcr alle Naturparke in M-V ist inzwischen erfolgt und die Umsetzung steht kurz bevor. Bis zur n\u00e4chsten Saison sollen die neuen Seiten im Netz erreichbar sein.<\/p>\n<div id=\"attachment_3232\" style=\"width: 496px\" class=\"wp-caption aligncenter\"><a href=\"https:\/\/www.naturparkmagazin.de\/am-stettiner-haff\/wp-content\/uploads\/sites\/29\/Zusatzschuld-Klein.jpg\"><img aria-describedby=\"caption-attachment-3232\" decoding=\"async\" loading=\"lazy\" class=\"size-full wp-image-3232\" src=\"https:\/\/www.naturparkmagazin.de\/am-stettiner-haff\/wp-content\/uploads\/sites\/29\/Zusatzschuld-Klein.jpg\" alt=\"F\u00d6ler beim Anbringen des Zusatzschildes Foto: Naturpark-Archiv) \" width=\"486\" height=\"648\" srcset=\"https:\/\/www.naturparkmagazin.de\/am-stettiner-haff\/wp-content\/uploads\/sites\/29\/Zusatzschuld-Klein.jpg 486w, https:\/\/www.naturparkmagazin.de\/am-stettiner-haff\/wp-content\/uploads\/sites\/29\/Zusatzschuld-Klein-300x400.jpg 300w, https:\/\/www.naturparkmagazin.de\/am-stettiner-haff\/wp-content\/uploads\/sites\/29\/Zusatzschuld-Klein-420x560.jpg 420w, https:\/\/www.naturparkmagazin.de\/am-stettiner-haff\/wp-content\/uploads\/sites\/29\/Zusatzschuld-Klein-135x180.jpg 135w, https:\/\/www.naturparkmagazin.de\/am-stettiner-haff\/wp-content\/uploads\/sites\/29\/Zusatzschuld-Klein-53x71.jpg 53w, https:\/\/www.naturparkmagazin.de\/am-stettiner-haff\/wp-content\/uploads\/sites\/29\/Zusatzschuld-Klein-200x267.jpg 200w\" sizes=\"(max-width: 486px) 100vw, 486px\" \/><\/a><p id=\"caption-attachment-3232\" class=\"wp-caption-text\">F\u00d6Jler beim Anbringen eines Zusatzschildes (Foto: Naturpark-Archiv)<\/p><\/div>\n<p>Auch die Erg\u00e4nzung der Naturparkgrenzbeschilderung steht auf dieser Liste. An ausgew\u00e4hlten Standorten wurden die \u201eNaturpark-Eulen\u201c mit einer \u00dcbersichtskarte des Naturparks erg\u00e4nzt. So soll der Naturpark f\u00fcr Einheimische und G\u00e4ste noch sichtbarer werden.<\/p>\n<div id=\"attachment_3231\" style=\"width: 630px\" class=\"wp-caption aligncenter\"><a href=\"https:\/\/www.naturparkmagazin.de\/am-stettiner-haff\/wp-content\/uploads\/sites\/29\/Uebersichtskarte.jpg\"><img aria-describedby=\"caption-attachment-3231\" decoding=\"async\" loading=\"lazy\" class=\"size-medium wp-image-3231\" src=\"https:\/\/www.naturparkmagazin.de\/am-stettiner-haff\/wp-content\/uploads\/sites\/29\/Uebersichtskarte-620x438.jpg\" alt=\"Naturparkkarte\" width=\"620\" height=\"438\" srcset=\"https:\/\/www.naturparkmagazin.de\/am-stettiner-haff\/wp-content\/uploads\/sites\/29\/Uebersichtskarte-620x438.jpg 620w, https:\/\/www.naturparkmagazin.de\/am-stettiner-haff\/wp-content\/uploads\/sites\/29\/Uebersichtskarte-300x212.jpg 300w, https:\/\/www.naturparkmagazin.de\/am-stettiner-haff\/wp-content\/uploads\/sites\/29\/Uebersichtskarte-940x664.jpg 940w, https:\/\/www.naturparkmagazin.de\/am-stettiner-haff\/wp-content\/uploads\/sites\/29\/Uebersichtskarte-670x473.jpg 670w, https:\/\/www.naturparkmagazin.de\/am-stettiner-haff\/wp-content\/uploads\/sites\/29\/Uebersichtskarte-200x141.jpg 200w, https:\/\/www.naturparkmagazin.de\/am-stettiner-haff\/wp-content\/uploads\/sites\/29\/Uebersichtskarte.jpg 1293w\" sizes=\"(max-width: 620px) 100vw, 620px\" \/><\/a><p id=\"caption-attachment-3231\" class=\"wp-caption-text\">Naturparkkarte<\/p><\/div>\n<p>&nbsp;<\/p>\n","protected":false},"excerpt":{"rendered":"<p>Im Rahmen der diesj\u00e4hrigen Mitgliederversammlung des Verbandes der deutschen Naturparke (VDN) wurden die Urkunden der Qualit\u00e4tsoffensive an die erfolgreichen Qualit\u00e4ts-Naturparke \u00fcbergeben. Vorausgegangen war f\u00fcr jeden teilnehmenden Naturpark ein umfangreichen Evaluationsverfahren mit anschlie\u00dfendem Besuch eines Qualit\u00e4ts-Scouts.<\/p>\n","protected":false},"author":26,"featured_media":3235,"comment_status":"open","ping_status":"open","sticky":false,"template":"","format":"standard","meta":[],"categories":[7],"tags":[],"yoast_head":"<!-- This site is optimized with the Yoast SEO plugin v19.10 - https:\/\/yoast.com\/wordpress\/plugins\/seo\/ -->\n<title>Geschafft \u2013 der Naturpark &quot;Am Stettiner Haff&quot; ist zum vierten Mal infolge Qualit\u00e4ts-Naturpark - Naturpark Am Stettiner Haff<\/title>\n<meta name=\"robots\" content=\"index, follow, max-snippet:-1, max-image-preview:large, max-video-preview:-1\" \/>\n<link rel=\"canonical\" href=\"https:\/\/www.naturparkmagazin.de\/am-stettiner-haff\/geschafft-der-naturpark-am-stettiner-haff-ist-zum-vierten-mal-infolge-qualitaets-naturpark\/\" \/>\n<meta property=\"og:locale\" content=\"de_DE\" \/>\n<meta property=\"og:type\" content=\"article\" \/>\n<meta property=\"og:title\" content=\"Geschafft \u2013 der Naturpark &quot;Am Stettiner Haff&quot; ist zum vierten Mal infolge Qualit\u00e4ts-Naturpark - Naturpark Am Stettiner Haff\" \/>\n<meta property=\"og:description\" content=\"Im Rahmen der diesj\u00e4hrigen Mitgliederversammlung des Verbandes der deutschen Naturparke (VDN) wurden die Urkunden der Qualit\u00e4tsoffensive an die erfolgreichen Qualit\u00e4ts-Naturparke \u00fcbergeben. Vorausgegangen war f\u00fcr jeden teilnehmenden Naturpark ein umfangreichen Evaluationsverfahren mit anschlie\u00dfendem Besuch eines Qualit\u00e4ts-Scouts.\" \/>\n<meta property=\"og:url\" content=\"https:\/\/www.naturparkmagazin.de\/am-stettiner-haff\/geschafft-der-naturpark-am-stettiner-haff-ist-zum-vierten-mal-infolge-qualitaets-naturpark\/\" \/>\n<meta property=\"og:site_name\" content=\"Naturpark Am Stettiner Haff\" \/>\n<meta property=\"article:published_time\" content=\"2021-11-15T17:17:50+00:00\" \/>\n<meta property=\"og:image\" content=\"https:\/\/www.naturparkmagazin.de\/am-stettiner-haff\/wp-content\/uploads\/sites\/29\/Urkunde.jpg\" \/>\n\t<meta property=\"og:image:width\" content=\"646\" \/>\n\t<meta property=\"og:image:height\" content=\"914\" \/>\n\t<meta property=\"og:image:type\" content=\"image\/jpeg\" \/>\n<meta name=\"author\" content=\"Jochen Elberskirch\" \/>\n<meta name=\"twitter:label1\" content=\"Verfasst von\" \/>\n\t<meta name=\"twitter:data1\" content=\"Jochen Elberskirch\" \/>\n\t<meta name=\"twitter:label2\" content=\"Gesch\u00e4tzte Lesezeit\" \/>\n\t<meta name=\"twitter:data2\" content=\"2\u00a0Minuten\" \/>\n<script type=\"application\/ld+json\" class=\"yoast-schema-graph\">{\"@context\":\"https:\/\/schema.org\",\"@graph\":[{\"@type\":\"WebPage\",\"@id\":\"https:\/\/www.naturparkmagazin.de\/am-stettiner-haff\/geschafft-der-naturpark-am-stettiner-haff-ist-zum-vierten-mal-infolge-qualitaets-naturpark\/\",\"url\":\"https:\/\/www.naturparkmagazin.de\/am-stettiner-haff\/geschafft-der-naturpark-am-stettiner-haff-ist-zum-vierten-mal-infolge-qualitaets-naturpark\/\",\"name\":\"Geschafft \u2013 der Naturpark \\\"Am Stettiner Haff\\\" ist zum vierten Mal infolge Qualit\u00e4ts-Naturpark - Naturpark Am Stettiner Haff\",\"isPartOf\":{\"@id\":\"https:\/\/www.naturparkmagazin.de\/am-stettiner-haff\/#website\"},\"datePublished\":\"2021-11-15T17:17:50+00:00\",\"dateModified\":\"2021-11-15T17:17:50+00:00\",\"author\":{\"@id\":\"https:\/\/www.naturparkmagazin.de\/am-stettiner-haff\/#\/schema\/person\/4a7208080dbbfb024d81129b7960c725\"},\"breadcrumb\":{\"@id\":\"https:\/\/www.naturparkmagazin.de\/am-stettiner-haff\/geschafft-der-naturpark-am-stettiner-haff-ist-zum-vierten-mal-infolge-qualitaets-naturpark\/#breadcrumb\"},\"inLanguage\":\"de\",\"potentialAction\":[{\"@type\":\"ReadAction\",\"target\":[\"https:\/\/www.naturparkmagazin.de\/am-stettiner-haff\/geschafft-der-naturpark-am-stettiner-haff-ist-zum-vierten-mal-infolge-qualitaets-naturpark\/\"]}]},{\"@type\":\"BreadcrumbList\",\"@id\":\"https:\/\/www.naturparkmagazin.de\/am-stettiner-haff\/geschafft-der-naturpark-am-stettiner-haff-ist-zum-vierten-mal-infolge-qualitaets-naturpark\/#breadcrumb\",\"itemListElement\":[{\"@type\":\"ListItem\",\"position\":1,\"name\":\"Home\",\"item\":\"https:\/\/www.naturparkmagazin.de\/am-stettiner-haff\/\"},{\"@type\":\"ListItem\",\"position\":2,\"name\":\"Geschafft \u2013 der Naturpark &#8222;Am Stettiner Haff&#8220; ist zum vierten Mal infolge Qualit\u00e4ts-Naturpark\"}]},{\"@type\":\"WebSite\",\"@id\":\"https:\/\/www.naturparkmagazin.de\/am-stettiner-haff\/#website\",\"url\":\"https:\/\/www.naturparkmagazin.de\/am-stettiner-haff\/\",\"name\":\"Naturpark Am Stettiner Haff\",\"description\":\"\",\"potentialAction\":[{\"@type\":\"SearchAction\",\"target\":{\"@type\":\"EntryPoint\",\"urlTemplate\":\"https:\/\/www.naturparkmagazin.de\/am-stettiner-haff\/?s={search_term_string}\"},\"query-input\":\"required name=search_term_string\"}],\"inLanguage\":\"de\"},{\"@type\":\"Person\",\"@id\":\"https:\/\/www.naturparkmagazin.de\/am-stettiner-haff\/#\/schema\/person\/4a7208080dbbfb024d81129b7960c725\",\"name\":\"Jochen Elberskirch\",\"sameAs\":[\"http:\/\/www.naturpark-am-stettiner-haff.de\"],\"url\":\"https:\/\/www.naturparkmagazin.de\/am-stettiner-haff\/author\/jochenelberskirch\/\"}]}<\/script>\n<!-- \/ Yoast SEO plugin. -->","yoast_head_json":{"title":"Geschafft \u2013 der Naturpark \"Am Stettiner Haff\" ist zum vierten Mal infolge Qualit\u00e4ts-Naturpark - Naturpark Am Stettiner Haff","robots":{"index":"index","follow":"follow","max-snippet":"max-snippet:-1","max-image-preview":"max-image-preview:large","max-video-preview":"max-video-preview:-1"},"canonical":"https:\/\/www.naturparkmagazin.de\/am-stettiner-haff\/geschafft-der-naturpark-am-stettiner-haff-ist-zum-vierten-mal-infolge-qualitaets-naturpark\/","og_locale":"de_DE","og_type":"article","og_title":"Geschafft \u2013 der Naturpark \"Am Stettiner Haff\" ist zum vierten Mal infolge Qualit\u00e4ts-Naturpark - Naturpark Am Stettiner Haff","og_description":"Im Rahmen der diesj\u00e4hrigen Mitgliederversammlung des Verbandes der deutschen Naturparke (VDN) wurden die Urkunden der Qualit\u00e4tsoffensive an die erfolgreichen Qualit\u00e4ts-Naturparke \u00fcbergeben. Vorausgegangen war f\u00fcr jeden teilnehmenden Naturpark ein umfangreichen Evaluationsverfahren mit anschlie\u00dfendem Besuch eines Qualit\u00e4ts-Scouts.","og_url":"https:\/\/www.naturparkmagazin.de\/am-stettiner-haff\/geschafft-der-naturpark-am-stettiner-haff-ist-zum-vierten-mal-infolge-qualitaets-naturpark\/","og_site_name":"Naturpark Am Stettiner Haff","article_published_time":"2021-11-15T17:17:50+00:00","og_image":[{"width":646,"height":914,"url":"https:\/\/www.naturparkmagazin.de\/am-stettiner-haff\/wp-content\/uploads\/sites\/29\/Urkunde.jpg","type":"image\/jpeg"}],"author":"Jochen Elberskirch","twitter_misc":{"Verfasst von":"Jochen Elberskirch","Gesch\u00e4tzte Lesezeit":"2\u00a0Minuten"},"schema":{"@context":"https:\/\/schema.org","@graph":[{"@type":"WebPage","@id":"https:\/\/www.naturparkmagazin.de\/am-stettiner-haff\/geschafft-der-naturpark-am-stettiner-haff-ist-zum-vierten-mal-infolge-qualitaets-naturpark\/","url":"https:\/\/www.naturparkmagazin.de\/am-stettiner-haff\/geschafft-der-naturpark-am-stettiner-haff-ist-zum-vierten-mal-infolge-qualitaets-naturpark\/","name":"Geschafft \u2013 der Naturpark \"Am Stettiner Haff\" ist zum vierten Mal infolge Qualit\u00e4ts-Naturpark - Naturpark Am Stettiner Haff","isPartOf":{"@id":"https:\/\/www.naturparkmagazin.de\/am-stettiner-haff\/#website"},"datePublished":"2021-11-15T17:17:50+00:00","dateModified":"2021-11-15T17:17:50+00:00","author":{"@id":"https:\/\/www.naturparkmagazin.de\/am-stettiner-haff\/#\/schema\/person\/4a7208080dbbfb024d81129b7960c725"},"breadcrumb":{"@id":"https:\/\/www.naturparkmagazin.de\/am-stettiner-haff\/geschafft-der-naturpark-am-stettiner-haff-ist-zum-vierten-mal-infolge-qualitaets-naturpark\/#breadcrumb"},"inLanguage":"de","potentialAction":[{"@type":"ReadAction","target":["https:\/\/www.naturparkmagazin.de\/am-stettiner-haff\/geschafft-der-naturpark-am-stettiner-haff-ist-zum-vierten-mal-infolge-qualitaets-naturpark\/"]}]},{"@type":"BreadcrumbList","@id":"https:\/\/www.naturparkmagazin.de\/am-stettiner-haff\/geschafft-der-naturpark-am-stettiner-haff-ist-zum-vierten-mal-infolge-qualitaets-naturpark\/#breadcrumb","itemListElement":[{"@type":"ListItem","position":1,"name":"Home","item":"https:\/\/www.naturparkmagazin.de\/am-stettiner-haff\/"},{"@type":"ListItem","position":2,"name":"Geschafft \u2013 der Naturpark &#8222;Am Stettiner Haff&#8220; ist zum vierten Mal infolge Qualit\u00e4ts-Naturpark"}]},{"@type":"WebSite","@id":"https:\/\/www.naturparkmagazin.de\/am-stettiner-haff\/#website","url":"https:\/\/www.naturparkmagazin.de\/am-stettiner-haff\/","name":"Naturpark Am Stettiner Haff","description":"","potentialAction":[{"@type":"SearchAction","target":{"@type":"EntryPoint","urlTemplate":"https:\/\/www.naturparkmagazin.de\/am-stettiner-haff\/?s={search_term_string}"},"query-input":"required name=search_term_string"}],"inLanguage":"de"},{"@type":"Person","@id":"https:\/\/www.naturparkmagazin.de\/am-stettiner-haff\/#\/schema\/person\/4a7208080dbbfb024d81129b7960c725","name":"Jochen Elberskirch","sameAs":["http:\/\/www.naturpark-am-stettiner-haff.de"],"url":"https:\/\/www.naturparkmagazin.de\/am-stettiner-haff\/author\/jochenelberskirch\/"}]}},"_links":{"self":[{"href":"https:\/\/www.naturparkmagazin.de\/am-stettiner-haff\/wp-json\/wp\/v2\/posts\/3230"}],"collection":[{"href":"https:\/\/www.naturparkmagazin.de\/am-stettiner-haff\/wp-json\/wp\/v2\/posts"}],"about":[{"href":"https:\/\/www.naturparkmagazin.de\/am-stettiner-haff\/wp-json\/wp\/v2\/types\/post"}],"author":[{"embeddable":true,"href":"https:\/\/www.naturparkmagazin.de\/am-stettiner-haff\/wp-json\/wp\/v2\/users\/26"}],"replies":[{"embeddable":true,"href":"https:\/\/www.naturparkmagazin.de\/am-stettiner-haff\/wp-json\/wp\/v2\/comments?post=3230"}],"version-history":[{"count":6,"href":"https:\/\/www.naturparkmagazin.de\/am-stettiner-haff\/wp-json\/wp\/v2\/posts\/3230\/revisions"}],"predecessor-version":[{"id":3239,"href":"https:\/\/www.naturparkmagazin.de\/am-stettiner-haff\/wp-json\/wp\/v2\/posts\/3230\/revisions\/3239"}],"wp:featuredmedia":[{"embeddable":true,"href":"https:\/\/www.naturparkmagazin.de\/am-stettiner-haff\/wp-json\/wp\/v2\/media\/3235"}],"wp:attachment":[{"href":"https:\/\/www.naturparkmagazin.de\/am-stettiner-haff\/wp-json\/wp\/v2\/media?parent=3230"}],"wp:term":[{"taxonomy":"category","embeddable":true,"href":"https:\/\/www.naturparkmagazin.de\/am-stettiner-haff\/wp-json\/wp\/v2\/categories?post=3230"},{"taxonomy":"post_tag","embeddable":true,"href":"https:\/\/www.naturparkmagazin.de\/am-stettiner-haff\/wp-json\/wp\/v2\/tags?post=3230"}],"curies":[{"name":"wp","href":"https:\/\/api.w.org\/{rel}","templated":true}]}}