{"id":337,"date":"2013-07-24T12:57:24","date_gmt":"2013-07-24T10:57:24","guid":{"rendered":"http:\/\/www.naturparkmagazin.de\/am-stettiner-haff\/?p=337"},"modified":"2013-10-30T17:36:31","modified_gmt":"2013-10-30T15:36:31","slug":"foejler-im-einsatz-fuer-lycaena-helle","status":"publish","type":"post","link":"https:\/\/www.naturparkmagazin.de\/am-stettiner-haff\/foejler-im-einsatz-fuer-lycaena-helle\/","title":{"rendered":"F\u00d6J-ler im Einsatz f\u00fcr Lycaena helle"},"content":{"rendered":"<p>Wer oder was sind F\u00f6j-ler und wof\u00fcr sind die im Einsatz? Fragen \u00fcber Fragen, aber keine Angst, auf diese Fragen gibt es gleich die passenden Antworten.<\/p>\n<p>F\u00f6j-ler haben bei weitem nichts mit der Jugendorganistation der ehemaligen DDR zu tun. F\u00d6J steht als Abk\u00fcrzung f\u00fcr freiwilliges \u00f6kologisches Jahr. Im\u00a0freiwilligen \u00f6klogischen\u00a0Jahr wird jungen Menschen zwischen 16 und 27 Jahren die M\u00f6glichkeit gegeben sich praktisch f\u00fcr unsere Umwelt einzusetzen. Gleichzeitig erhalten sie damit auch Einblicke in\u00a0\u00f6kologische und umweltpolitische Zusammenh\u00e4nge.<!--more--> Die Bewerber\u00a0 k\u00f6nnen sich aus den unterschiedlichsten Einsatzstellen die f\u00fcr sie interessanteste heraussuchen und sich\u00a0dann beim Tr\u00e4ger der Ma\u00dfnahme f\u00fcr diese Einsatzstelle bewerben. Auch der Naturpark Am Stettiner Haff ist als Einsatzstelle anerkannt und gefragt. In der Regel ist ein Jugendlicher f\u00fcr ein Jahr\u00a0in der Naturparkverwaltung t\u00e4tig und lernt die vielf\u00e4ltigen Aufgabenbereiche im Naturpark kennen.\u00a0Im Lauf des Jahres werden dann den\u00a0F\u00f6j-lern eigene Aufgaben und Projekte \u00fcbertragen,\u00a0die sie selbstst\u00e4ndig und in eigener Verantwortung bearbeiten. Das Jahr soll somit\u00a0auch gleichzeitig als Orientierungshilfe f\u00fcr den k\u00fcnftigen beruflichen und privaten Werdegang derJugendlichen dienen.<\/p>\n<p>Soweit zum &#8222;F\u00d6J&#8220;, aber wie kommt es nun, dass gleich mehrere F\u00f6j-ler im Naturpark im Einsatz sind ? Und wer oder was bitte ist Lycaena helle?<\/p>\n<p>Jedes Jahr findet ein Abschlussseminar aller F\u00f6j-ler\u00a0eines Regioanlb\u00fcros statt. Im zweiten\u00a0Jahr\u00a0infolge\u00a0haben sich die Mitarbeiterinnen des Regionalb\u00fcros Greifswald f\u00fcr unsere Naturparkregion als Veranstaltungsort f\u00fcr das Abschlussseminars entschieden. Als Basis wurde des ZERUM in Ueckerm\u00fcnde gew\u00e4hlt, wo alle F\u00f6j-ler gut untergebracht, verk\u00f6stigt und auch besch\u00e4ftigt\u00a0wurden. Von hieraus starteten die\u00a0Jugendlichen zu den unterschiedlichsten Aktivit\u00e4ten. Eine dieser Aktivit\u00e4ten war das gemeinsame Ber\u00e4umen einer zuvor gem\u00e4hten Feuchtwiese. D. h. das Mahdgut wurde mit Harken und Rechen auf &#8222;Schwad&#8220; geharkt und mit Hilfe von spezieller M\u00e4htechnik aufgenommen und von der Fl\u00e4che gebracht.<\/p>\n<div id=\"attachment_342\" style=\"width: 1619px\" class=\"wp-caption aligncenter\"><a href=\"https:\/\/www.naturparkmagazin.de\/am-stettiner-haff\/wp-content\/uploads\/sites\/29\/F\u00f6j-ler_beim-Heurechen.jpg\"><img aria-describedby=\"caption-attachment-342\" decoding=\"async\" loading=\"lazy\" class=\" wp-image-342 \" alt=\"F\u00f6j-ler im Einsatz \" src=\"https:\/\/www.naturparkmagazin.de\/am-stettiner-haff\/wp-content\/uploads\/sites\/29\/F\u00f6j-ler_beim-Heurechen.jpg\" width=\"1609\" height=\"998\" srcset=\"https:\/\/www.naturparkmagazin.de\/am-stettiner-haff\/wp-content\/uploads\/sites\/29\/F\u00f6j-ler_beim-Heurechen.jpg 2682w, https:\/\/www.naturparkmagazin.de\/am-stettiner-haff\/wp-content\/uploads\/sites\/29\/F\u00f6j-ler_beim-Heurechen-300x186.jpg 300w, https:\/\/www.naturparkmagazin.de\/am-stettiner-haff\/wp-content\/uploads\/sites\/29\/F\u00f6j-ler_beim-Heurechen-620x385.jpg 620w, https:\/\/www.naturparkmagazin.de\/am-stettiner-haff\/wp-content\/uploads\/sites\/29\/F\u00f6j-ler_beim-Heurechen-940x583.jpg 940w, https:\/\/www.naturparkmagazin.de\/am-stettiner-haff\/wp-content\/uploads\/sites\/29\/F\u00f6j-ler_beim-Heurechen-670x416.jpg 670w, https:\/\/www.naturparkmagazin.de\/am-stettiner-haff\/wp-content\/uploads\/sites\/29\/F\u00f6j-ler_beim-Heurechen-200x124.jpg 200w\" sizes=\"(max-width: 1609px) 100vw, 1609px\" \/><\/a><p id=\"caption-attachment-342\" class=\"wp-caption-text\">F\u00f6j-ler im Einsatz<\/p><\/div>\n<p>Und was hat das nun mit Lycaena helle zu tun ? Ganz einfach die Wiesen die hier mit Hilfe der F\u00f6j-ler gepflegt wurden sind eine der wenigen noch vorhandenen Lebensr\u00e4ume des Blauschillernden Feuerfalters &#8211; Lycaena helle in M-V.<\/p>\n<p>&nbsp;<\/p>\n<div id=\"attachment_353\" style=\"width: 650px\" class=\"wp-caption aligncenter\"><a href=\"https:\/\/www.naturparkmagazin.de\/am-stettiner-haff\/wp-content\/uploads\/sites\/29\/Lycaena_helle_male.jpg\"><img aria-describedby=\"caption-attachment-353\" decoding=\"async\" loading=\"lazy\" class=\"size-full wp-image-353 \" title=\"Blauschillernder Feuerfalter - Lycaena helle (Foto: James Lindsey at Ecology of Commanster)\" alt=\"Blauschillernder Feuerfalter - Lycaena helle (Foto: James Lindsey at Ecology of Commanster)\" src=\"https:\/\/www.naturparkmagazin.de\/am-stettiner-haff\/wp-content\/uploads\/sites\/29\/Lycaena_helle_male.jpg\" width=\"640\" height=\"426\" srcset=\"https:\/\/www.naturparkmagazin.de\/am-stettiner-haff\/wp-content\/uploads\/sites\/29\/Lycaena_helle_male.jpg 640w, https:\/\/www.naturparkmagazin.de\/am-stettiner-haff\/wp-content\/uploads\/sites\/29\/Lycaena_helle_male-300x200.jpg 300w, https:\/\/www.naturparkmagazin.de\/am-stettiner-haff\/wp-content\/uploads\/sites\/29\/Lycaena_helle_male-620x413.jpg 620w, https:\/\/www.naturparkmagazin.de\/am-stettiner-haff\/wp-content\/uploads\/sites\/29\/Lycaena_helle_male-200x133.jpg 200w\" sizes=\"(max-width: 640px) 100vw, 640px\" \/><\/a><p id=\"caption-attachment-353\" class=\"wp-caption-text\">Blauschillernder Feuerfalter &#8211; Lycaena helle (Foto: James Lindsey at Ecology of Commanster)<\/p><\/div>\n<p>&nbsp;<\/p>\n<p>Nur durch regelm\u00e4\u00dfige Pflegma\u00dfnahmen kann der f\u00fcr den Falter notwendige Lebensraum mit den entspechenden Nahrungspflanzen erhalten und hoffentlich langfristig gesichert werden.<\/p>\n<p>Jetzt werden sich sicher einige Fragen warum\u00a0das Mahdgut &#8222;h\u00e4ndisch&#8220; zusammen geharkt werden muss und nicht einfach\u00a0ein landwirtschaftlicher Schlepper\u00a0genutzt wird. Auch hier ist die Frage recht kurz beantwortet:\u00a0herk\u00f6mmliche landwirtschaftliche Technik ist f\u00fcr die Feuchtwiesen meist viel zu schwer und kann somit nicht f\u00fcr die Pflege eingesetzt werden. Deshalb kommt dort speziele M\u00e4htechnik und\u00a0 manuelle Unterst\u00fczung zum Einsatz.<\/p>\n<p>Im \u00fcbrigen hat sich die Sache auch in diesem Jahr wieder gelohnt, der Schmetterlingsfachmann Volker Wachlin, konnte auf den Fl\u00e4chen fliegende Falter und Eiablage auf allen Fl\u00e4chen nachweisen.<\/p>\n<p>&nbsp;<\/p>\n","protected":false},"excerpt":{"rendered":"<p>Wer oder was sind F\u00f6j-ler und wof\u00fcr sind die im Einsatz? Fragen \u00fcber Fragen, aber keine Angst, auf diese Fragen gibt es gleich die passenden Antworten.<\/p>\n<p>F\u00f6j-ler haben bei weitem nichts mit der Jugendorganistation der ehemaligen DDR zu tun. F\u00d6J steht als Abk\u00fcrzung f\u00fcr freiwilliges \u00f6kologisches Jahr. Im freiwilligen \u00f6klogischen Jahr wird jungen Menschen zwischen 16 und 27 Jahren die M\u00f6glichkeit gegeben sich praktisch f\u00fcr unsere Umwelt einzusetzen. Gleichzeitig erhalten sie damit auch Einblicke in die \u00f6kologischen und umweltpolitischen Zusammenh\u00e4nge.<\/p>\n","protected":false},"author":26,"featured_media":353,"comment_status":"open","ping_status":"open","sticky":false,"template":"","format":"standard","meta":[],"categories":[7],"tags":[],"yoast_head":"<!-- This site is optimized with the Yoast SEO plugin v19.10 - https:\/\/yoast.com\/wordpress\/plugins\/seo\/ -->\n<title>F\u00d6J-ler im Einsatz f\u00fcr Lycaena helle - Naturpark Am Stettiner Haff<\/title>\n<meta name=\"robots\" content=\"index, follow, max-snippet:-1, max-image-preview:large, max-video-preview:-1\" \/>\n<link rel=\"canonical\" href=\"https:\/\/www.naturparkmagazin.de\/am-stettiner-haff\/foejler-im-einsatz-fuer-lycaena-helle\/\" \/>\n<meta property=\"og:locale\" content=\"de_DE\" \/>\n<meta property=\"og:type\" content=\"article\" \/>\n<meta property=\"og:title\" content=\"F\u00d6J-ler im Einsatz f\u00fcr Lycaena helle - Naturpark Am Stettiner Haff\" \/>\n<meta property=\"og:description\" content=\"Wer oder was sind F\u00f6j-ler und wof\u00fcr sind die im Einsatz? Fragen \u00fcber Fragen, aber keine Angst, auf diese Fragen gibt es gleich die passenden Antworten.  F\u00f6j-ler haben bei weitem nichts mit der Jugendorganistation der ehemaligen DDR zu tun. F\u00d6J steht als Abk\u00fcrzung f\u00fcr freiwilliges \u00f6kologisches Jahr. Im freiwilligen \u00f6klogischen Jahr wird jungen Menschen zwischen 16 und 27 Jahren die M\u00f6glichkeit gegeben sich praktisch f\u00fcr unsere Umwelt einzusetzen. Gleichzeitig erhalten sie damit auch Einblicke in die \u00f6kologischen und umweltpolitischen Zusammenh\u00e4nge.\" \/>\n<meta property=\"og:url\" content=\"https:\/\/www.naturparkmagazin.de\/am-stettiner-haff\/foejler-im-einsatz-fuer-lycaena-helle\/\" \/>\n<meta property=\"og:site_name\" content=\"Naturpark Am Stettiner Haff\" \/>\n<meta property=\"article:published_time\" content=\"2013-07-24T10:57:24+00:00\" \/>\n<meta property=\"article:modified_time\" content=\"2013-10-30T15:36:31+00:00\" \/>\n<meta property=\"og:image\" content=\"https:\/\/www.naturparkmagazin.de\/am-stettiner-haff\/wp-content\/uploads\/sites\/29\/Lycaena_helle_male.jpg\" \/>\n\t<meta property=\"og:image:width\" content=\"640\" \/>\n\t<meta property=\"og:image:height\" content=\"426\" \/>\n\t<meta property=\"og:image:type\" content=\"image\/jpeg\" \/>\n<meta name=\"author\" content=\"Jochen Elberskirch\" \/>\n<meta name=\"twitter:label1\" content=\"Verfasst von\" \/>\n\t<meta name=\"twitter:data1\" content=\"Jochen Elberskirch\" \/>\n\t<meta name=\"twitter:label2\" content=\"Gesch\u00e4tzte Lesezeit\" \/>\n\t<meta name=\"twitter:data2\" content=\"3\u00a0Minuten\" \/>\n<script type=\"application\/ld+json\" class=\"yoast-schema-graph\">{\"@context\":\"https:\/\/schema.org\",\"@graph\":[{\"@type\":\"WebPage\",\"@id\":\"https:\/\/www.naturparkmagazin.de\/am-stettiner-haff\/foejler-im-einsatz-fuer-lycaena-helle\/\",\"url\":\"https:\/\/www.naturparkmagazin.de\/am-stettiner-haff\/foejler-im-einsatz-fuer-lycaena-helle\/\",\"name\":\"F\u00d6J-ler im Einsatz f\u00fcr Lycaena helle - Naturpark Am Stettiner Haff\",\"isPartOf\":{\"@id\":\"https:\/\/www.naturparkmagazin.de\/am-stettiner-haff\/#website\"},\"datePublished\":\"2013-07-24T10:57:24+00:00\",\"dateModified\":\"2013-10-30T15:36:31+00:00\",\"author\":{\"@id\":\"https:\/\/www.naturparkmagazin.de\/am-stettiner-haff\/#\/schema\/person\/4a7208080dbbfb024d81129b7960c725\"},\"breadcrumb\":{\"@id\":\"https:\/\/www.naturparkmagazin.de\/am-stettiner-haff\/foejler-im-einsatz-fuer-lycaena-helle\/#breadcrumb\"},\"inLanguage\":\"de\",\"potentialAction\":[{\"@type\":\"ReadAction\",\"target\":[\"https:\/\/www.naturparkmagazin.de\/am-stettiner-haff\/foejler-im-einsatz-fuer-lycaena-helle\/\"]}]},{\"@type\":\"BreadcrumbList\",\"@id\":\"https:\/\/www.naturparkmagazin.de\/am-stettiner-haff\/foejler-im-einsatz-fuer-lycaena-helle\/#breadcrumb\",\"itemListElement\":[{\"@type\":\"ListItem\",\"position\":1,\"name\":\"Home\",\"item\":\"https:\/\/www.naturparkmagazin.de\/am-stettiner-haff\/\"},{\"@type\":\"ListItem\",\"position\":2,\"name\":\"F\u00d6J-ler im Einsatz f\u00fcr Lycaena helle\"}]},{\"@type\":\"WebSite\",\"@id\":\"https:\/\/www.naturparkmagazin.de\/am-stettiner-haff\/#website\",\"url\":\"https:\/\/www.naturparkmagazin.de\/am-stettiner-haff\/\",\"name\":\"Naturpark Am Stettiner Haff\",\"description\":\"\",\"potentialAction\":[{\"@type\":\"SearchAction\",\"target\":{\"@type\":\"EntryPoint\",\"urlTemplate\":\"https:\/\/www.naturparkmagazin.de\/am-stettiner-haff\/?s={search_term_string}\"},\"query-input\":\"required name=search_term_string\"}],\"inLanguage\":\"de\"},{\"@type\":\"Person\",\"@id\":\"https:\/\/www.naturparkmagazin.de\/am-stettiner-haff\/#\/schema\/person\/4a7208080dbbfb024d81129b7960c725\",\"name\":\"Jochen Elberskirch\",\"sameAs\":[\"http:\/\/www.naturpark-am-stettiner-haff.de\"],\"url\":\"https:\/\/www.naturparkmagazin.de\/am-stettiner-haff\/author\/jochenelberskirch\/\"}]}<\/script>\n<!-- \/ Yoast SEO plugin. -->","yoast_head_json":{"title":"F\u00d6J-ler im Einsatz f\u00fcr Lycaena helle - Naturpark Am Stettiner Haff","robots":{"index":"index","follow":"follow","max-snippet":"max-snippet:-1","max-image-preview":"max-image-preview:large","max-video-preview":"max-video-preview:-1"},"canonical":"https:\/\/www.naturparkmagazin.de\/am-stettiner-haff\/foejler-im-einsatz-fuer-lycaena-helle\/","og_locale":"de_DE","og_type":"article","og_title":"F\u00d6J-ler im Einsatz f\u00fcr Lycaena helle - Naturpark Am Stettiner Haff","og_description":"Wer oder was sind F\u00f6j-ler und wof\u00fcr sind die im Einsatz? Fragen \u00fcber Fragen, aber keine Angst, auf diese Fragen gibt es gleich die passenden Antworten.  F\u00f6j-ler haben bei weitem nichts mit der Jugendorganistation der ehemaligen DDR zu tun. F\u00d6J steht als Abk\u00fcrzung f\u00fcr freiwilliges \u00f6kologisches Jahr. Im freiwilligen \u00f6klogischen Jahr wird jungen Menschen zwischen 16 und 27 Jahren die M\u00f6glichkeit gegeben sich praktisch f\u00fcr unsere Umwelt einzusetzen. Gleichzeitig erhalten sie damit auch Einblicke in die \u00f6kologischen und umweltpolitischen Zusammenh\u00e4nge.","og_url":"https:\/\/www.naturparkmagazin.de\/am-stettiner-haff\/foejler-im-einsatz-fuer-lycaena-helle\/","og_site_name":"Naturpark Am Stettiner Haff","article_published_time":"2013-07-24T10:57:24+00:00","article_modified_time":"2013-10-30T15:36:31+00:00","og_image":[{"width":640,"height":426,"url":"https:\/\/www.naturparkmagazin.de\/am-stettiner-haff\/wp-content\/uploads\/sites\/29\/Lycaena_helle_male.jpg","type":"image\/jpeg"}],"author":"Jochen Elberskirch","twitter_misc":{"Verfasst von":"Jochen Elberskirch","Gesch\u00e4tzte Lesezeit":"3\u00a0Minuten"},"schema":{"@context":"https:\/\/schema.org","@graph":[{"@type":"WebPage","@id":"https:\/\/www.naturparkmagazin.de\/am-stettiner-haff\/foejler-im-einsatz-fuer-lycaena-helle\/","url":"https:\/\/www.naturparkmagazin.de\/am-stettiner-haff\/foejler-im-einsatz-fuer-lycaena-helle\/","name":"F\u00d6J-ler im Einsatz f\u00fcr Lycaena helle - Naturpark Am Stettiner Haff","isPartOf":{"@id":"https:\/\/www.naturparkmagazin.de\/am-stettiner-haff\/#website"},"datePublished":"2013-07-24T10:57:24+00:00","dateModified":"2013-10-30T15:36:31+00:00","author":{"@id":"https:\/\/www.naturparkmagazin.de\/am-stettiner-haff\/#\/schema\/person\/4a7208080dbbfb024d81129b7960c725"},"breadcrumb":{"@id":"https:\/\/www.naturparkmagazin.de\/am-stettiner-haff\/foejler-im-einsatz-fuer-lycaena-helle\/#breadcrumb"},"inLanguage":"de","potentialAction":[{"@type":"ReadAction","target":["https:\/\/www.naturparkmagazin.de\/am-stettiner-haff\/foejler-im-einsatz-fuer-lycaena-helle\/"]}]},{"@type":"BreadcrumbList","@id":"https:\/\/www.naturparkmagazin.de\/am-stettiner-haff\/foejler-im-einsatz-fuer-lycaena-helle\/#breadcrumb","itemListElement":[{"@type":"ListItem","position":1,"name":"Home","item":"https:\/\/www.naturparkmagazin.de\/am-stettiner-haff\/"},{"@type":"ListItem","position":2,"name":"F\u00d6J-ler im Einsatz f\u00fcr Lycaena helle"}]},{"@type":"WebSite","@id":"https:\/\/www.naturparkmagazin.de\/am-stettiner-haff\/#website","url":"https:\/\/www.naturparkmagazin.de\/am-stettiner-haff\/","name":"Naturpark Am Stettiner Haff","description":"","potentialAction":[{"@type":"SearchAction","target":{"@type":"EntryPoint","urlTemplate":"https:\/\/www.naturparkmagazin.de\/am-stettiner-haff\/?s={search_term_string}"},"query-input":"required name=search_term_string"}],"inLanguage":"de"},{"@type":"Person","@id":"https:\/\/www.naturparkmagazin.de\/am-stettiner-haff\/#\/schema\/person\/4a7208080dbbfb024d81129b7960c725","name":"Jochen Elberskirch","sameAs":["http:\/\/www.naturpark-am-stettiner-haff.de"],"url":"https:\/\/www.naturparkmagazin.de\/am-stettiner-haff\/author\/jochenelberskirch\/"}]}},"_links":{"self":[{"href":"https:\/\/www.naturparkmagazin.de\/am-stettiner-haff\/wp-json\/wp\/v2\/posts\/337"}],"collection":[{"href":"https:\/\/www.naturparkmagazin.de\/am-stettiner-haff\/wp-json\/wp\/v2\/posts"}],"about":[{"href":"https:\/\/www.naturparkmagazin.de\/am-stettiner-haff\/wp-json\/wp\/v2\/types\/post"}],"author":[{"embeddable":true,"href":"https:\/\/www.naturparkmagazin.de\/am-stettiner-haff\/wp-json\/wp\/v2\/users\/26"}],"replies":[{"embeddable":true,"href":"https:\/\/www.naturparkmagazin.de\/am-stettiner-haff\/wp-json\/wp\/v2\/comments?post=337"}],"version-history":[{"count":16,"href":"https:\/\/www.naturparkmagazin.de\/am-stettiner-haff\/wp-json\/wp\/v2\/posts\/337\/revisions"}],"predecessor-version":[{"id":359,"href":"https:\/\/www.naturparkmagazin.de\/am-stettiner-haff\/wp-json\/wp\/v2\/posts\/337\/revisions\/359"}],"wp:featuredmedia":[{"embeddable":true,"href":"https:\/\/www.naturparkmagazin.de\/am-stettiner-haff\/wp-json\/wp\/v2\/media\/353"}],"wp:attachment":[{"href":"https:\/\/www.naturparkmagazin.de\/am-stettiner-haff\/wp-json\/wp\/v2\/media?parent=337"}],"wp:term":[{"taxonomy":"category","embeddable":true,"href":"https:\/\/www.naturparkmagazin.de\/am-stettiner-haff\/wp-json\/wp\/v2\/categories?post=337"},{"taxonomy":"post_tag","embeddable":true,"href":"https:\/\/www.naturparkmagazin.de\/am-stettiner-haff\/wp-json\/wp\/v2\/tags?post=337"}],"curies":[{"name":"wp","href":"https:\/\/api.w.org\/{rel}","templated":true}]}}