{"id":3402,"date":"2022-08-15T10:55:36","date_gmt":"2022-08-15T08:55:36","guid":{"rendered":"https:\/\/www.naturparkmagazin.de\/am-stettiner-haff\/?p=3402"},"modified":"2022-08-12T10:56:43","modified_gmt":"2022-08-12T08:56:43","slug":"das-warten-hat-ein-ende-7-september-2022-naturpark-stammtisch","status":"publish","type":"post","link":"https:\/\/www.naturparkmagazin.de\/am-stettiner-haff\/das-warten-hat-ein-ende-7-september-2022-naturpark-stammtisch\/","title":{"rendered":"Das Warten hat ein Ende  &#8211; 7. September 2022 &#8211; Naturpark-Stammtisch"},"content":{"rendered":"<p><a href=\"https:\/\/www.naturparkmagazin.de\/am-stettiner-haff\/wp-content\/uploads\/sites\/29\/admin-ajax1.phpb_.jpg\"><img decoding=\"async\" loading=\"lazy\" class=\"aligncenter size-full wp-image-1626\" src=\"https:\/\/www.naturparkmagazin.de\/am-stettiner-haff\/wp-content\/uploads\/sites\/29\/admin-ajax1.phpb_.jpg\" alt=\"admin-ajax1.phpb\" width=\"200\" height=\"200\" srcset=\"https:\/\/www.naturparkmagazin.de\/am-stettiner-haff\/wp-content\/uploads\/sites\/29\/admin-ajax1.phpb_.jpg 200w, https:\/\/www.naturparkmagazin.de\/am-stettiner-haff\/wp-content\/uploads\/sites\/29\/admin-ajax1.phpb_-30x30.jpg 30w\" sizes=\"(max-width: 200px) 100vw, 200px\" \/><\/a><\/p>\n<p>Der Sommer neigt sich langsam seinem Ende zu und damit endet auch die Naturpark-Stammtisch Sommerpause.<\/p>\n<p>P\u00fcnktlich zum ersten Mittwoch im Monat, dem 7. September 2022 laden die Aktiven des\u00a0 Naturpark-F\u00f6rdervereins und das Team der\u00a0 Naturparkverwaltung wieder alle Interessierten zum Naturpark-Stammtisch in das Besucherinformationszentrum am Bahnhof Eggesin ein.<\/p>\n<p>Ab 18:30 Uhr besteht die M\u00f6glichkeit sich \u00fcber die aktuellen Entwicklungen in der Naturparkregion zu informieren und mit den anwesenden Mitgliedern des F\u00f6rdervereins und den Mitarbeitern der Naturparkverwaltung ins Gespr\u00e4ch zu kommen.<\/p>\n<p>Wir freuen uns auf einen informativen Abend mit Ihnen.<\/p>\n<p>&nbsp;<\/p>\n","protected":false},"excerpt":{"rendered":"<p>Der Sommer neigt sich langsam seinem Ende zu und damit endet auch die Naturpark-Stammtisch Sommerpause. Der Sommer neigt sich langsam seinem Ende zu und damit endet auch die Naturpark-Stammtisch Sommerpause.<\/p>\n<p>P\u00fcnktlich zum ersten Mittwoch im Monat, dem 7. September 2022 laden die Aktiven des  Naturpark-F\u00f6rdervereins und das Team der  Naturparkverwaltung wieder alle Interessierten zum Naturpark-Stammtisch in das Besucherinformationszentrum am Bahnhof Eggesin ein.<\/p>\n","protected":false},"author":26,"featured_media":1164,"comment_status":"open","ping_status":"open","sticky":false,"template":"","format":"standard","meta":[],"categories":[11],"tags":[],"yoast_head":"<!-- This site is optimized with the Yoast SEO plugin v19.10 - https:\/\/yoast.com\/wordpress\/plugins\/seo\/ -->\n<title>Das Warten hat ein Ende - 7. September 2022 - Naturpark-Stammtisch - Naturpark Am Stettiner Haff<\/title>\n<meta name=\"robots\" content=\"index, follow, max-snippet:-1, max-image-preview:large, max-video-preview:-1\" \/>\n<link rel=\"canonical\" href=\"https:\/\/www.naturparkmagazin.de\/am-stettiner-haff\/das-warten-hat-ein-ende-7-september-2022-naturpark-stammtisch\/\" \/>\n<meta property=\"og:locale\" content=\"de_DE\" \/>\n<meta property=\"og:type\" content=\"article\" \/>\n<meta property=\"og:title\" content=\"Das Warten hat ein Ende - 7. September 2022 - Naturpark-Stammtisch - Naturpark Am Stettiner Haff\" \/>\n<meta property=\"og:description\" content=\"Der Sommer neigt sich langsam seinem Ende zu und damit endet auch die Naturpark-Stammtisch Sommerpause. Der Sommer neigt sich langsam seinem Ende zu und damit endet auch die Naturpark-Stammtisch Sommerpause.  P\u00fcnktlich zum ersten Mittwoch im Monat, dem 7. September 2022 laden die Aktiven des Naturpark-F\u00f6rdervereins und das Team der Naturparkverwaltung wieder alle Interessierten zum Naturpark-Stammtisch in das Besucherinformationszentrum am Bahnhof Eggesin ein.\" \/>\n<meta property=\"og:url\" content=\"https:\/\/www.naturparkmagazin.de\/am-stettiner-haff\/das-warten-hat-ein-ende-7-september-2022-naturpark-stammtisch\/\" \/>\n<meta property=\"og:site_name\" content=\"Naturpark Am Stettiner Haff\" \/>\n<meta property=\"article:published_time\" content=\"2022-08-15T08:55:36+00:00\" \/>\n<meta property=\"article:modified_time\" content=\"2022-08-12T08:56:43+00:00\" \/>\n<meta property=\"og:image\" content=\"https:\/\/www.naturparkmagazin.de\/am-stettiner-haff\/wp-content\/uploads\/sites\/29\/neuer-Schrifzug.jpg\" \/>\n\t<meta property=\"og:image:width\" content=\"1535\" \/>\n\t<meta property=\"og:image:height\" content=\"973\" \/>\n\t<meta property=\"og:image:type\" content=\"image\/jpeg\" \/>\n<meta name=\"author\" content=\"Jochen Elberskirch\" \/>\n<meta name=\"twitter:label1\" content=\"Verfasst von\" \/>\n\t<meta name=\"twitter:data1\" content=\"Jochen Elberskirch\" \/>\n<script type=\"application\/ld+json\" class=\"yoast-schema-graph\">{\"@context\":\"https:\/\/schema.org\",\"@graph\":[{\"@type\":\"WebPage\",\"@id\":\"https:\/\/www.naturparkmagazin.de\/am-stettiner-haff\/das-warten-hat-ein-ende-7-september-2022-naturpark-stammtisch\/\",\"url\":\"https:\/\/www.naturparkmagazin.de\/am-stettiner-haff\/das-warten-hat-ein-ende-7-september-2022-naturpark-stammtisch\/\",\"name\":\"Das Warten hat ein Ende - 7. September 2022 - Naturpark-Stammtisch - Naturpark Am Stettiner Haff\",\"isPartOf\":{\"@id\":\"https:\/\/www.naturparkmagazin.de\/am-stettiner-haff\/#website\"},\"datePublished\":\"2022-08-15T08:55:36+00:00\",\"dateModified\":\"2022-08-12T08:56:43+00:00\",\"author\":{\"@id\":\"https:\/\/www.naturparkmagazin.de\/am-stettiner-haff\/#\/schema\/person\/4a7208080dbbfb024d81129b7960c725\"},\"breadcrumb\":{\"@id\":\"https:\/\/www.naturparkmagazin.de\/am-stettiner-haff\/das-warten-hat-ein-ende-7-september-2022-naturpark-stammtisch\/#breadcrumb\"},\"inLanguage\":\"de\",\"potentialAction\":[{\"@type\":\"ReadAction\",\"target\":[\"https:\/\/www.naturparkmagazin.de\/am-stettiner-haff\/das-warten-hat-ein-ende-7-september-2022-naturpark-stammtisch\/\"]}]},{\"@type\":\"BreadcrumbList\",\"@id\":\"https:\/\/www.naturparkmagazin.de\/am-stettiner-haff\/das-warten-hat-ein-ende-7-september-2022-naturpark-stammtisch\/#breadcrumb\",\"itemListElement\":[{\"@type\":\"ListItem\",\"position\":1,\"name\":\"Home\",\"item\":\"https:\/\/www.naturparkmagazin.de\/am-stettiner-haff\/\"},{\"@type\":\"ListItem\",\"position\":2,\"name\":\"Das Warten hat ein Ende &#8211; 7. September 2022 &#8211; Naturpark-Stammtisch\"}]},{\"@type\":\"WebSite\",\"@id\":\"https:\/\/www.naturparkmagazin.de\/am-stettiner-haff\/#website\",\"url\":\"https:\/\/www.naturparkmagazin.de\/am-stettiner-haff\/\",\"name\":\"Naturpark Am Stettiner Haff\",\"description\":\"\",\"potentialAction\":[{\"@type\":\"SearchAction\",\"target\":{\"@type\":\"EntryPoint\",\"urlTemplate\":\"https:\/\/www.naturparkmagazin.de\/am-stettiner-haff\/?s={search_term_string}\"},\"query-input\":\"required name=search_term_string\"}],\"inLanguage\":\"de\"},{\"@type\":\"Person\",\"@id\":\"https:\/\/www.naturparkmagazin.de\/am-stettiner-haff\/#\/schema\/person\/4a7208080dbbfb024d81129b7960c725\",\"name\":\"Jochen Elberskirch\",\"sameAs\":[\"http:\/\/www.naturpark-am-stettiner-haff.de\"],\"url\":\"https:\/\/www.naturparkmagazin.de\/am-stettiner-haff\/author\/jochenelberskirch\/\"}]}<\/script>\n<!-- \/ Yoast SEO plugin. -->","yoast_head_json":{"title":"Das Warten hat ein Ende - 7. September 2022 - Naturpark-Stammtisch - Naturpark Am Stettiner Haff","robots":{"index":"index","follow":"follow","max-snippet":"max-snippet:-1","max-image-preview":"max-image-preview:large","max-video-preview":"max-video-preview:-1"},"canonical":"https:\/\/www.naturparkmagazin.de\/am-stettiner-haff\/das-warten-hat-ein-ende-7-september-2022-naturpark-stammtisch\/","og_locale":"de_DE","og_type":"article","og_title":"Das Warten hat ein Ende - 7. September 2022 - Naturpark-Stammtisch - Naturpark Am Stettiner Haff","og_description":"Der Sommer neigt sich langsam seinem Ende zu und damit endet auch die Naturpark-Stammtisch Sommerpause. Der Sommer neigt sich langsam seinem Ende zu und damit endet auch die Naturpark-Stammtisch Sommerpause.  P\u00fcnktlich zum ersten Mittwoch im Monat, dem 7. September 2022 laden die Aktiven des Naturpark-F\u00f6rdervereins und das Team der Naturparkverwaltung wieder alle Interessierten zum Naturpark-Stammtisch in das Besucherinformationszentrum am Bahnhof Eggesin ein.","og_url":"https:\/\/www.naturparkmagazin.de\/am-stettiner-haff\/das-warten-hat-ein-ende-7-september-2022-naturpark-stammtisch\/","og_site_name":"Naturpark Am Stettiner Haff","article_published_time":"2022-08-15T08:55:36+00:00","article_modified_time":"2022-08-12T08:56:43+00:00","og_image":[{"width":1535,"height":973,"url":"https:\/\/www.naturparkmagazin.de\/am-stettiner-haff\/wp-content\/uploads\/sites\/29\/neuer-Schrifzug.jpg","type":"image\/jpeg"}],"author":"Jochen Elberskirch","twitter_misc":{"Verfasst von":"Jochen Elberskirch"},"schema":{"@context":"https:\/\/schema.org","@graph":[{"@type":"WebPage","@id":"https:\/\/www.naturparkmagazin.de\/am-stettiner-haff\/das-warten-hat-ein-ende-7-september-2022-naturpark-stammtisch\/","url":"https:\/\/www.naturparkmagazin.de\/am-stettiner-haff\/das-warten-hat-ein-ende-7-september-2022-naturpark-stammtisch\/","name":"Das Warten hat ein Ende - 7. September 2022 - Naturpark-Stammtisch - Naturpark Am Stettiner Haff","isPartOf":{"@id":"https:\/\/www.naturparkmagazin.de\/am-stettiner-haff\/#website"},"datePublished":"2022-08-15T08:55:36+00:00","dateModified":"2022-08-12T08:56:43+00:00","author":{"@id":"https:\/\/www.naturparkmagazin.de\/am-stettiner-haff\/#\/schema\/person\/4a7208080dbbfb024d81129b7960c725"},"breadcrumb":{"@id":"https:\/\/www.naturparkmagazin.de\/am-stettiner-haff\/das-warten-hat-ein-ende-7-september-2022-naturpark-stammtisch\/#breadcrumb"},"inLanguage":"de","potentialAction":[{"@type":"ReadAction","target":["https:\/\/www.naturparkmagazin.de\/am-stettiner-haff\/das-warten-hat-ein-ende-7-september-2022-naturpark-stammtisch\/"]}]},{"@type":"BreadcrumbList","@id":"https:\/\/www.naturparkmagazin.de\/am-stettiner-haff\/das-warten-hat-ein-ende-7-september-2022-naturpark-stammtisch\/#breadcrumb","itemListElement":[{"@type":"ListItem","position":1,"name":"Home","item":"https:\/\/www.naturparkmagazin.de\/am-stettiner-haff\/"},{"@type":"ListItem","position":2,"name":"Das Warten hat ein Ende &#8211; 7. September 2022 &#8211; Naturpark-Stammtisch"}]},{"@type":"WebSite","@id":"https:\/\/www.naturparkmagazin.de\/am-stettiner-haff\/#website","url":"https:\/\/www.naturparkmagazin.de\/am-stettiner-haff\/","name":"Naturpark Am Stettiner Haff","description":"","potentialAction":[{"@type":"SearchAction","target":{"@type":"EntryPoint","urlTemplate":"https:\/\/www.naturparkmagazin.de\/am-stettiner-haff\/?s={search_term_string}"},"query-input":"required name=search_term_string"}],"inLanguage":"de"},{"@type":"Person","@id":"https:\/\/www.naturparkmagazin.de\/am-stettiner-haff\/#\/schema\/person\/4a7208080dbbfb024d81129b7960c725","name":"Jochen Elberskirch","sameAs":["http:\/\/www.naturpark-am-stettiner-haff.de"],"url":"https:\/\/www.naturparkmagazin.de\/am-stettiner-haff\/author\/jochenelberskirch\/"}]}},"_links":{"self":[{"href":"https:\/\/www.naturparkmagazin.de\/am-stettiner-haff\/wp-json\/wp\/v2\/posts\/3402"}],"collection":[{"href":"https:\/\/www.naturparkmagazin.de\/am-stettiner-haff\/wp-json\/wp\/v2\/posts"}],"about":[{"href":"https:\/\/www.naturparkmagazin.de\/am-stettiner-haff\/wp-json\/wp\/v2\/types\/post"}],"author":[{"embeddable":true,"href":"https:\/\/www.naturparkmagazin.de\/am-stettiner-haff\/wp-json\/wp\/v2\/users\/26"}],"replies":[{"embeddable":true,"href":"https:\/\/www.naturparkmagazin.de\/am-stettiner-haff\/wp-json\/wp\/v2\/comments?post=3402"}],"version-history":[{"count":5,"href":"https:\/\/www.naturparkmagazin.de\/am-stettiner-haff\/wp-json\/wp\/v2\/posts\/3402\/revisions"}],"predecessor-version":[{"id":3407,"href":"https:\/\/www.naturparkmagazin.de\/am-stettiner-haff\/wp-json\/wp\/v2\/posts\/3402\/revisions\/3407"}],"wp:featuredmedia":[{"embeddable":true,"href":"https:\/\/www.naturparkmagazin.de\/am-stettiner-haff\/wp-json\/wp\/v2\/media\/1164"}],"wp:attachment":[{"href":"https:\/\/www.naturparkmagazin.de\/am-stettiner-haff\/wp-json\/wp\/v2\/media?parent=3402"}],"wp:term":[{"taxonomy":"category","embeddable":true,"href":"https:\/\/www.naturparkmagazin.de\/am-stettiner-haff\/wp-json\/wp\/v2\/categories?post=3402"},{"taxonomy":"post_tag","embeddable":true,"href":"https:\/\/www.naturparkmagazin.de\/am-stettiner-haff\/wp-json\/wp\/v2\/tags?post=3402"}],"curies":[{"name":"wp","href":"https:\/\/api.w.org\/{rel}","templated":true}]}}