{"id":3432,"date":"2022-09-22T10:43:50","date_gmt":"2022-09-22T08:43:50","guid":{"rendered":"https:\/\/www.naturparkmagazin.de\/am-stettiner-haff\/?p=3432"},"modified":"2022-09-22T12:10:25","modified_gmt":"2022-09-22T10:10:25","slug":"foerderverein-naturpark-am-stettiner-haff-trifft-sich-am-6-oktober-zur-mitgliederversammlung-und-laedt-zum-naturpark-stammtisch-ein","status":"publish","type":"post","link":"https:\/\/www.naturparkmagazin.de\/am-stettiner-haff\/foerderverein-naturpark-am-stettiner-haff-trifft-sich-am-6-oktober-zur-mitgliederversammlung-und-laedt-zum-naturpark-stammtisch-ein\/","title":{"rendered":"F\u00f6rderverein Naturpark Am Stettiner Haff trifft sich am 6. Oktober zur Mitgliederversammlung und l\u00e4dt zum Naturpark-Stammtisch ein"},"content":{"rendered":"<p>Ein Jahr aktiver\u00a0 Vereinsarbeit des Naturpark-F\u00f6rdervereins ist schon wieder vergangen.\u00a0 Also h\u00f6chste Zeit um einmal innezuhalten und zur\u00fcckzuschauen.<\/p>\n<div id=\"attachment_1164\" style=\"width: 630px\" class=\"wp-caption aligncenter\"><a href=\"https:\/\/www.naturparkmagazin.de\/am-stettiner-haff\/wp-content\/uploads\/sites\/29\/neuer-Schrifzug.jpg\"><img aria-describedby=\"caption-attachment-1164\" decoding=\"async\" loading=\"lazy\" class=\"size-medium wp-image-1164\" src=\"https:\/\/www.naturparkmagazin.de\/am-stettiner-haff\/wp-content\/uploads\/sites\/29\/neuer-Schrifzug-620x393.jpg\" alt=\"Besucherinformationszentrum des Naturparks in Eggesin mit neu eingef\u00e4rbten Schriftzug (Foto: Naturparkarchiv)\" width=\"620\" height=\"393\" srcset=\"https:\/\/www.naturparkmagazin.de\/am-stettiner-haff\/wp-content\/uploads\/sites\/29\/neuer-Schrifzug-620x393.jpg 620w, https:\/\/www.naturparkmagazin.de\/am-stettiner-haff\/wp-content\/uploads\/sites\/29\/neuer-Schrifzug-300x190.jpg 300w, https:\/\/www.naturparkmagazin.de\/am-stettiner-haff\/wp-content\/uploads\/sites\/29\/neuer-Schrifzug-940x596.jpg 940w, https:\/\/www.naturparkmagazin.de\/am-stettiner-haff\/wp-content\/uploads\/sites\/29\/neuer-Schrifzug-670x425.jpg 670w, https:\/\/www.naturparkmagazin.de\/am-stettiner-haff\/wp-content\/uploads\/sites\/29\/neuer-Schrifzug-200x127.jpg 200w, https:\/\/www.naturparkmagazin.de\/am-stettiner-haff\/wp-content\/uploads\/sites\/29\/neuer-Schrifzug.jpg 1535w\" sizes=\"(max-width: 620px) 100vw, 620px\" \/><\/a><p id=\"caption-attachment-1164\" class=\"wp-caption-text\">Besucherinformationszentrum des Naturparks in Eggesin mit neu eingef\u00e4rbten Schriftzug (Foto: Naturparkarchiv)<\/p><\/div>\n<p>Daher l\u00e4dt der Vorstand am Donnerstag, dem 6. Oktober 2022\u00a0 alle Vereinsmitglieder und G\u00e4ste in das Besucherinformationszentrum des Naturparks ein, um Rechenschaft abzulegen und Pl\u00e4ne f\u00fcr das laufende und kommende Jahr zu schmieden.<\/p>\n<p>Aus diesem Anlass wird es im Oktober keinen eigenst\u00e4ndigen Naturpark-Stammtisch geben. Dieser wird einfach um einen Tag verschoben und im Rahmen der Mitgliederversammlung durchgef\u00fchrt. Also an vertrauter Stelle, nur einen Tag sp\u00e4ter sind alle Naturparkfreunde und -interessierte herzlich eingeladen sich an der Mitgliederversammlung und dem sich anschlie\u00dfenden Naturpark-Stammtisch zu beteiligen.<\/p>\n<p>Der Vorstand des F\u00f6rdervereins und das Team der Naturparkverwaltung freut sich auf einen informativen Abend mit Ihnen!<\/p>\n","protected":false},"excerpt":{"rendered":"<p>Ein Jahr aktiver  Vereinsarbeit des Naturpark-F\u00f6rdervereins ist schon wieder vergangen.  Also h\u00f6chste Zeit um einmal innezuhalten und zur\u00fcckzuschauen.\nDaher l\u00e4dt der Vorstand am Donnerstag, dem 6. Oktober 2022  alle Vereinsmitglieder und G\u00e4ste in das Besucherinformationszentrum des Naturparks ein, um Rechenschaft abzulegen und Pl\u00e4ne f\u00fcr das laufende und kommende Jahr zu schmieden. <\/p>\n","protected":false},"author":26,"featured_media":3434,"comment_status":"open","ping_status":"open","sticky":false,"template":"","format":"standard","meta":[],"categories":[11],"tags":[],"yoast_head":"<!-- This site is optimized with the Yoast SEO plugin v19.10 - https:\/\/yoast.com\/wordpress\/plugins\/seo\/ -->\n<title>F\u00f6rderverein Naturpark Am Stettiner Haff trifft sich am 6. Oktober zur Mitgliederversammlung und l\u00e4dt zum Naturpark-Stammtisch ein - Naturpark Am Stettiner Haff<\/title>\n<meta name=\"robots\" content=\"index, follow, max-snippet:-1, max-image-preview:large, max-video-preview:-1\" \/>\n<link rel=\"canonical\" href=\"https:\/\/www.naturparkmagazin.de\/am-stettiner-haff\/foerderverein-naturpark-am-stettiner-haff-trifft-sich-am-6-oktober-zur-mitgliederversammlung-und-laedt-zum-naturpark-stammtisch-ein\/\" \/>\n<meta property=\"og:locale\" content=\"de_DE\" \/>\n<meta property=\"og:type\" content=\"article\" \/>\n<meta property=\"og:title\" content=\"F\u00f6rderverein Naturpark Am Stettiner Haff trifft sich am 6. Oktober zur Mitgliederversammlung und l\u00e4dt zum Naturpark-Stammtisch ein - Naturpark Am Stettiner Haff\" \/>\n<meta property=\"og:description\" content=\"Ein Jahr aktiver Vereinsarbeit des Naturpark-F\u00f6rdervereins ist schon wieder vergangen. Also h\u00f6chste Zeit um einmal innezuhalten und zur\u00fcckzuschauen. Daher l\u00e4dt der Vorstand am Donnerstag, dem 6. Oktober 2022 alle Vereinsmitglieder und G\u00e4ste in das Besucherinformationszentrum des Naturparks ein, um Rechenschaft abzulegen und Pl\u00e4ne f\u00fcr das laufende und kommende Jahr zu schmieden.\" \/>\n<meta property=\"og:url\" content=\"https:\/\/www.naturparkmagazin.de\/am-stettiner-haff\/foerderverein-naturpark-am-stettiner-haff-trifft-sich-am-6-oktober-zur-mitgliederversammlung-und-laedt-zum-naturpark-stammtisch-ein\/\" \/>\n<meta property=\"og:site_name\" content=\"Naturpark Am Stettiner Haff\" \/>\n<meta property=\"article:published_time\" content=\"2022-09-22T08:43:50+00:00\" \/>\n<meta property=\"article:modified_time\" content=\"2022-09-22T10:10:25+00:00\" \/>\n<meta property=\"og:image\" content=\"https:\/\/www.naturparkmagazin.de\/am-stettiner-haff\/wp-content\/uploads\/sites\/29\/F\u00f6rderverein.png\" \/>\n\t<meta property=\"og:image:width\" content=\"2237\" \/>\n\t<meta property=\"og:image:height\" content=\"505\" \/>\n\t<meta property=\"og:image:type\" content=\"image\/png\" \/>\n<meta name=\"author\" content=\"Jochen Elberskirch\" \/>\n<meta name=\"twitter:label1\" content=\"Verfasst von\" \/>\n\t<meta name=\"twitter:data1\" content=\"Jochen Elberskirch\" \/>\n\t<meta name=\"twitter:label2\" content=\"Gesch\u00e4tzte Lesezeit\" \/>\n\t<meta name=\"twitter:data2\" content=\"1\u00a0Minute\" \/>\n<script type=\"application\/ld+json\" class=\"yoast-schema-graph\">{\"@context\":\"https:\/\/schema.org\",\"@graph\":[{\"@type\":\"WebPage\",\"@id\":\"https:\/\/www.naturparkmagazin.de\/am-stettiner-haff\/foerderverein-naturpark-am-stettiner-haff-trifft-sich-am-6-oktober-zur-mitgliederversammlung-und-laedt-zum-naturpark-stammtisch-ein\/\",\"url\":\"https:\/\/www.naturparkmagazin.de\/am-stettiner-haff\/foerderverein-naturpark-am-stettiner-haff-trifft-sich-am-6-oktober-zur-mitgliederversammlung-und-laedt-zum-naturpark-stammtisch-ein\/\",\"name\":\"F\u00f6rderverein Naturpark Am Stettiner Haff trifft sich am 6. Oktober zur Mitgliederversammlung und l\u00e4dt zum Naturpark-Stammtisch ein - Naturpark Am Stettiner Haff\",\"isPartOf\":{\"@id\":\"https:\/\/www.naturparkmagazin.de\/am-stettiner-haff\/#website\"},\"datePublished\":\"2022-09-22T08:43:50+00:00\",\"dateModified\":\"2022-09-22T10:10:25+00:00\",\"author\":{\"@id\":\"https:\/\/www.naturparkmagazin.de\/am-stettiner-haff\/#\/schema\/person\/4a7208080dbbfb024d81129b7960c725\"},\"breadcrumb\":{\"@id\":\"https:\/\/www.naturparkmagazin.de\/am-stettiner-haff\/foerderverein-naturpark-am-stettiner-haff-trifft-sich-am-6-oktober-zur-mitgliederversammlung-und-laedt-zum-naturpark-stammtisch-ein\/#breadcrumb\"},\"inLanguage\":\"de\",\"potentialAction\":[{\"@type\":\"ReadAction\",\"target\":[\"https:\/\/www.naturparkmagazin.de\/am-stettiner-haff\/foerderverein-naturpark-am-stettiner-haff-trifft-sich-am-6-oktober-zur-mitgliederversammlung-und-laedt-zum-naturpark-stammtisch-ein\/\"]}]},{\"@type\":\"BreadcrumbList\",\"@id\":\"https:\/\/www.naturparkmagazin.de\/am-stettiner-haff\/foerderverein-naturpark-am-stettiner-haff-trifft-sich-am-6-oktober-zur-mitgliederversammlung-und-laedt-zum-naturpark-stammtisch-ein\/#breadcrumb\",\"itemListElement\":[{\"@type\":\"ListItem\",\"position\":1,\"name\":\"Home\",\"item\":\"https:\/\/www.naturparkmagazin.de\/am-stettiner-haff\/\"},{\"@type\":\"ListItem\",\"position\":2,\"name\":\"F\u00f6rderverein Naturpark Am Stettiner Haff trifft sich am 6. Oktober zur Mitgliederversammlung und l\u00e4dt zum Naturpark-Stammtisch ein\"}]},{\"@type\":\"WebSite\",\"@id\":\"https:\/\/www.naturparkmagazin.de\/am-stettiner-haff\/#website\",\"url\":\"https:\/\/www.naturparkmagazin.de\/am-stettiner-haff\/\",\"name\":\"Naturpark Am Stettiner Haff\",\"description\":\"\",\"potentialAction\":[{\"@type\":\"SearchAction\",\"target\":{\"@type\":\"EntryPoint\",\"urlTemplate\":\"https:\/\/www.naturparkmagazin.de\/am-stettiner-haff\/?s={search_term_string}\"},\"query-input\":\"required name=search_term_string\"}],\"inLanguage\":\"de\"},{\"@type\":\"Person\",\"@id\":\"https:\/\/www.naturparkmagazin.de\/am-stettiner-haff\/#\/schema\/person\/4a7208080dbbfb024d81129b7960c725\",\"name\":\"Jochen Elberskirch\",\"sameAs\":[\"http:\/\/www.naturpark-am-stettiner-haff.de\"],\"url\":\"https:\/\/www.naturparkmagazin.de\/am-stettiner-haff\/author\/jochenelberskirch\/\"}]}<\/script>\n<!-- \/ Yoast SEO plugin. -->","yoast_head_json":{"title":"F\u00f6rderverein Naturpark Am Stettiner Haff trifft sich am 6. Oktober zur Mitgliederversammlung und l\u00e4dt zum Naturpark-Stammtisch ein - Naturpark Am Stettiner Haff","robots":{"index":"index","follow":"follow","max-snippet":"max-snippet:-1","max-image-preview":"max-image-preview:large","max-video-preview":"max-video-preview:-1"},"canonical":"https:\/\/www.naturparkmagazin.de\/am-stettiner-haff\/foerderverein-naturpark-am-stettiner-haff-trifft-sich-am-6-oktober-zur-mitgliederversammlung-und-laedt-zum-naturpark-stammtisch-ein\/","og_locale":"de_DE","og_type":"article","og_title":"F\u00f6rderverein Naturpark Am Stettiner Haff trifft sich am 6. Oktober zur Mitgliederversammlung und l\u00e4dt zum Naturpark-Stammtisch ein - Naturpark Am Stettiner Haff","og_description":"Ein Jahr aktiver Vereinsarbeit des Naturpark-F\u00f6rdervereins ist schon wieder vergangen. Also h\u00f6chste Zeit um einmal innezuhalten und zur\u00fcckzuschauen. Daher l\u00e4dt der Vorstand am Donnerstag, dem 6. Oktober 2022 alle Vereinsmitglieder und G\u00e4ste in das Besucherinformationszentrum des Naturparks ein, um Rechenschaft abzulegen und Pl\u00e4ne f\u00fcr das laufende und kommende Jahr zu schmieden.","og_url":"https:\/\/www.naturparkmagazin.de\/am-stettiner-haff\/foerderverein-naturpark-am-stettiner-haff-trifft-sich-am-6-oktober-zur-mitgliederversammlung-und-laedt-zum-naturpark-stammtisch-ein\/","og_site_name":"Naturpark Am Stettiner Haff","article_published_time":"2022-09-22T08:43:50+00:00","article_modified_time":"2022-09-22T10:10:25+00:00","og_image":[{"width":2237,"height":505,"url":"https:\/\/www.naturparkmagazin.de\/am-stettiner-haff\/wp-content\/uploads\/sites\/29\/F\u00f6rderverein.png","type":"image\/png"}],"author":"Jochen Elberskirch","twitter_misc":{"Verfasst von":"Jochen Elberskirch","Gesch\u00e4tzte Lesezeit":"1\u00a0Minute"},"schema":{"@context":"https:\/\/schema.org","@graph":[{"@type":"WebPage","@id":"https:\/\/www.naturparkmagazin.de\/am-stettiner-haff\/foerderverein-naturpark-am-stettiner-haff-trifft-sich-am-6-oktober-zur-mitgliederversammlung-und-laedt-zum-naturpark-stammtisch-ein\/","url":"https:\/\/www.naturparkmagazin.de\/am-stettiner-haff\/foerderverein-naturpark-am-stettiner-haff-trifft-sich-am-6-oktober-zur-mitgliederversammlung-und-laedt-zum-naturpark-stammtisch-ein\/","name":"F\u00f6rderverein Naturpark Am Stettiner Haff trifft sich am 6. Oktober zur Mitgliederversammlung und l\u00e4dt zum Naturpark-Stammtisch ein - Naturpark Am Stettiner Haff","isPartOf":{"@id":"https:\/\/www.naturparkmagazin.de\/am-stettiner-haff\/#website"},"datePublished":"2022-09-22T08:43:50+00:00","dateModified":"2022-09-22T10:10:25+00:00","author":{"@id":"https:\/\/www.naturparkmagazin.de\/am-stettiner-haff\/#\/schema\/person\/4a7208080dbbfb024d81129b7960c725"},"breadcrumb":{"@id":"https:\/\/www.naturparkmagazin.de\/am-stettiner-haff\/foerderverein-naturpark-am-stettiner-haff-trifft-sich-am-6-oktober-zur-mitgliederversammlung-und-laedt-zum-naturpark-stammtisch-ein\/#breadcrumb"},"inLanguage":"de","potentialAction":[{"@type":"ReadAction","target":["https:\/\/www.naturparkmagazin.de\/am-stettiner-haff\/foerderverein-naturpark-am-stettiner-haff-trifft-sich-am-6-oktober-zur-mitgliederversammlung-und-laedt-zum-naturpark-stammtisch-ein\/"]}]},{"@type":"BreadcrumbList","@id":"https:\/\/www.naturparkmagazin.de\/am-stettiner-haff\/foerderverein-naturpark-am-stettiner-haff-trifft-sich-am-6-oktober-zur-mitgliederversammlung-und-laedt-zum-naturpark-stammtisch-ein\/#breadcrumb","itemListElement":[{"@type":"ListItem","position":1,"name":"Home","item":"https:\/\/www.naturparkmagazin.de\/am-stettiner-haff\/"},{"@type":"ListItem","position":2,"name":"F\u00f6rderverein Naturpark Am Stettiner Haff trifft sich am 6. Oktober zur Mitgliederversammlung und l\u00e4dt zum Naturpark-Stammtisch ein"}]},{"@type":"WebSite","@id":"https:\/\/www.naturparkmagazin.de\/am-stettiner-haff\/#website","url":"https:\/\/www.naturparkmagazin.de\/am-stettiner-haff\/","name":"Naturpark Am Stettiner Haff","description":"","potentialAction":[{"@type":"SearchAction","target":{"@type":"EntryPoint","urlTemplate":"https:\/\/www.naturparkmagazin.de\/am-stettiner-haff\/?s={search_term_string}"},"query-input":"required name=search_term_string"}],"inLanguage":"de"},{"@type":"Person","@id":"https:\/\/www.naturparkmagazin.de\/am-stettiner-haff\/#\/schema\/person\/4a7208080dbbfb024d81129b7960c725","name":"Jochen Elberskirch","sameAs":["http:\/\/www.naturpark-am-stettiner-haff.de"],"url":"https:\/\/www.naturparkmagazin.de\/am-stettiner-haff\/author\/jochenelberskirch\/"}]}},"_links":{"self":[{"href":"https:\/\/www.naturparkmagazin.de\/am-stettiner-haff\/wp-json\/wp\/v2\/posts\/3432"}],"collection":[{"href":"https:\/\/www.naturparkmagazin.de\/am-stettiner-haff\/wp-json\/wp\/v2\/posts"}],"about":[{"href":"https:\/\/www.naturparkmagazin.de\/am-stettiner-haff\/wp-json\/wp\/v2\/types\/post"}],"author":[{"embeddable":true,"href":"https:\/\/www.naturparkmagazin.de\/am-stettiner-haff\/wp-json\/wp\/v2\/users\/26"}],"replies":[{"embeddable":true,"href":"https:\/\/www.naturparkmagazin.de\/am-stettiner-haff\/wp-json\/wp\/v2\/comments?post=3432"}],"version-history":[{"count":3,"href":"https:\/\/www.naturparkmagazin.de\/am-stettiner-haff\/wp-json\/wp\/v2\/posts\/3432\/revisions"}],"predecessor-version":[{"id":3436,"href":"https:\/\/www.naturparkmagazin.de\/am-stettiner-haff\/wp-json\/wp\/v2\/posts\/3432\/revisions\/3436"}],"wp:featuredmedia":[{"embeddable":true,"href":"https:\/\/www.naturparkmagazin.de\/am-stettiner-haff\/wp-json\/wp\/v2\/media\/3434"}],"wp:attachment":[{"href":"https:\/\/www.naturparkmagazin.de\/am-stettiner-haff\/wp-json\/wp\/v2\/media?parent=3432"}],"wp:term":[{"taxonomy":"category","embeddable":true,"href":"https:\/\/www.naturparkmagazin.de\/am-stettiner-haff\/wp-json\/wp\/v2\/categories?post=3432"},{"taxonomy":"post_tag","embeddable":true,"href":"https:\/\/www.naturparkmagazin.de\/am-stettiner-haff\/wp-json\/wp\/v2\/tags?post=3432"}],"curies":[{"name":"wp","href":"https:\/\/api.w.org\/{rel}","templated":true}]}}