{"id":3468,"date":"2022-11-15T10:55:52","date_gmt":"2022-11-15T09:55:52","guid":{"rendered":"https:\/\/www.naturparkmagazin.de\/am-stettiner-haff\/?p=3468"},"modified":"2022-11-15T10:55:52","modified_gmt":"2022-11-15T09:55:52","slug":"naturpark-stammtisch-am-7-dezember-2022-im-biz-eggesin","status":"publish","type":"post","link":"https:\/\/www.naturparkmagazin.de\/am-stettiner-haff\/naturpark-stammtisch-am-7-dezember-2022-im-biz-eggesin\/","title":{"rendered":"Naturpark-Stammtisch am 7.  Dezember 2022 im BIZ Eggesin"},"content":{"rendered":"<p><a href=\"https:\/\/www.naturparkmagazin.de\/am-stettiner-haff\/wp-content\/uploads\/sites\/29\/Galenbecker-See.jpg\"><img decoding=\"async\" loading=\"lazy\" class=\"aligncenter size-medium wp-image-2225\" src=\"https:\/\/www.naturparkmagazin.de\/am-stettiner-haff\/wp-content\/uploads\/sites\/29\/Galenbecker-See-620x465.jpg\" alt=\"Galenbecker See\" width=\"620\" height=\"465\" srcset=\"https:\/\/www.naturparkmagazin.de\/am-stettiner-haff\/wp-content\/uploads\/sites\/29\/Galenbecker-See-620x465.jpg 620w, https:\/\/www.naturparkmagazin.de\/am-stettiner-haff\/wp-content\/uploads\/sites\/29\/Galenbecker-See-300x225.jpg 300w, https:\/\/www.naturparkmagazin.de\/am-stettiner-haff\/wp-content\/uploads\/sites\/29\/Galenbecker-See-940x705.jpg 940w, https:\/\/www.naturparkmagazin.de\/am-stettiner-haff\/wp-content\/uploads\/sites\/29\/Galenbecker-See-580x435.jpg 580w, https:\/\/www.naturparkmagazin.de\/am-stettiner-haff\/wp-content\/uploads\/sites\/29\/Galenbecker-See-420x315.jpg 420w, https:\/\/www.naturparkmagazin.de\/am-stettiner-haff\/wp-content\/uploads\/sites\/29\/Galenbecker-See-180x135.jpg 180w, https:\/\/www.naturparkmagazin.de\/am-stettiner-haff\/wp-content\/uploads\/sites\/29\/Galenbecker-See-95x71.jpg 95w, https:\/\/www.naturparkmagazin.de\/am-stettiner-haff\/wp-content\/uploads\/sites\/29\/Galenbecker-See-670x503.jpg 670w, https:\/\/www.naturparkmagazin.de\/am-stettiner-haff\/wp-content\/uploads\/sites\/29\/Galenbecker-See-200x150.jpg 200w, https:\/\/www.naturparkmagazin.de\/am-stettiner-haff\/wp-content\/uploads\/sites\/29\/Galenbecker-See.jpg 1024w\" sizes=\"(max-width: 620px) 100vw, 620px\" \/><\/a><\/p>\n<p>Auch im Dezember laden der Vorstand des Naturpark-F\u00f6rdervereins und die Leitung des Naturparks \u201eAm Stettiner Haff\u201c alle Interessierten wieder herzlich ein sich im Rahmen des Naturpark-Stammtisches \u00fcber Aktuelles rund um den Naturpark zu informieren. Gerne k\u00f6nnen auch eigene Projekte und Termine vorgestellt und zum Mitmachen eingeladen werden. Auch die aktive Beteiligung an Vorhaben und Projekten des Naturparks und seines F\u00f6rdervereins ist ausdr\u00fccklich erw\u00fcnscht.<\/p>\n<p>Der Naturpark-Stammtisch findet wie gewohnt am ersten Mittwoch des Monats, also am <strong>7. Dezembern2022 , um 18.30 Uhr<\/strong> im Besucher- und Informationszentrum des Naturparks, am Bahnhof Eggesin statt.<\/p>\n<p>Wir freuen uns auf einen informativen und kurzweiligen Abend mit Ihnen!<\/p>\n","protected":false},"excerpt":{"rendered":"<p>Auch im Dezember laden der Vorstand des Naturpark-F\u00f6rdervereins und die Leitung des Naturparks \u201eAm Stettiner Haff\u201c alle Interessierten wieder herzlich ein sich im Rahmen des Naturpark-Stammtisches \u00fcber Aktuelles rund um den Naturpark zu informieren. <\/p>\n","protected":false},"author":26,"featured_media":1164,"comment_status":"open","ping_status":"open","sticky":false,"template":"","format":"standard","meta":[],"categories":[7,11],"tags":[],"yoast_head":"<!-- This site is optimized with the Yoast SEO plugin v19.10 - https:\/\/yoast.com\/wordpress\/plugins\/seo\/ -->\n<title>Naturpark-Stammtisch am 7. Dezember 2022 im BIZ Eggesin - Naturpark Am Stettiner Haff<\/title>\n<meta name=\"robots\" content=\"index, follow, max-snippet:-1, max-image-preview:large, max-video-preview:-1\" \/>\n<link rel=\"canonical\" href=\"https:\/\/www.naturparkmagazin.de\/am-stettiner-haff\/naturpark-stammtisch-am-7-dezember-2022-im-biz-eggesin\/\" \/>\n<meta property=\"og:locale\" content=\"de_DE\" \/>\n<meta property=\"og:type\" content=\"article\" \/>\n<meta property=\"og:title\" content=\"Naturpark-Stammtisch am 7. Dezember 2022 im BIZ Eggesin - Naturpark Am Stettiner Haff\" \/>\n<meta property=\"og:description\" content=\"Auch im Dezember laden der Vorstand des Naturpark-F\u00f6rdervereins und die Leitung des Naturparks \u201eAm Stettiner Haff\u201c alle Interessierten wieder herzlich ein sich im Rahmen des Naturpark-Stammtisches \u00fcber Aktuelles rund um den Naturpark zu informieren.\" \/>\n<meta property=\"og:url\" content=\"https:\/\/www.naturparkmagazin.de\/am-stettiner-haff\/naturpark-stammtisch-am-7-dezember-2022-im-biz-eggesin\/\" \/>\n<meta property=\"og:site_name\" content=\"Naturpark Am Stettiner Haff\" \/>\n<meta property=\"article:published_time\" content=\"2022-11-15T09:55:52+00:00\" \/>\n<meta property=\"og:image\" content=\"https:\/\/www.naturparkmagazin.de\/am-stettiner-haff\/wp-content\/uploads\/sites\/29\/neuer-Schrifzug.jpg\" \/>\n\t<meta property=\"og:image:width\" content=\"1535\" \/>\n\t<meta property=\"og:image:height\" content=\"973\" \/>\n\t<meta property=\"og:image:type\" content=\"image\/jpeg\" \/>\n<meta name=\"author\" content=\"Jochen Elberskirch\" \/>\n<meta name=\"twitter:label1\" content=\"Verfasst von\" \/>\n\t<meta name=\"twitter:data1\" content=\"Jochen Elberskirch\" \/>\n\t<meta name=\"twitter:label2\" content=\"Gesch\u00e4tzte Lesezeit\" \/>\n\t<meta name=\"twitter:data2\" content=\"1\u00a0Minute\" \/>\n<script type=\"application\/ld+json\" class=\"yoast-schema-graph\">{\"@context\":\"https:\/\/schema.org\",\"@graph\":[{\"@type\":\"WebPage\",\"@id\":\"https:\/\/www.naturparkmagazin.de\/am-stettiner-haff\/naturpark-stammtisch-am-7-dezember-2022-im-biz-eggesin\/\",\"url\":\"https:\/\/www.naturparkmagazin.de\/am-stettiner-haff\/naturpark-stammtisch-am-7-dezember-2022-im-biz-eggesin\/\",\"name\":\"Naturpark-Stammtisch am 7. Dezember 2022 im BIZ Eggesin - Naturpark Am Stettiner Haff\",\"isPartOf\":{\"@id\":\"https:\/\/www.naturparkmagazin.de\/am-stettiner-haff\/#website\"},\"datePublished\":\"2022-11-15T09:55:52+00:00\",\"dateModified\":\"2022-11-15T09:55:52+00:00\",\"author\":{\"@id\":\"https:\/\/www.naturparkmagazin.de\/am-stettiner-haff\/#\/schema\/person\/4a7208080dbbfb024d81129b7960c725\"},\"breadcrumb\":{\"@id\":\"https:\/\/www.naturparkmagazin.de\/am-stettiner-haff\/naturpark-stammtisch-am-7-dezember-2022-im-biz-eggesin\/#breadcrumb\"},\"inLanguage\":\"de\",\"potentialAction\":[{\"@type\":\"ReadAction\",\"target\":[\"https:\/\/www.naturparkmagazin.de\/am-stettiner-haff\/naturpark-stammtisch-am-7-dezember-2022-im-biz-eggesin\/\"]}]},{\"@type\":\"BreadcrumbList\",\"@id\":\"https:\/\/www.naturparkmagazin.de\/am-stettiner-haff\/naturpark-stammtisch-am-7-dezember-2022-im-biz-eggesin\/#breadcrumb\",\"itemListElement\":[{\"@type\":\"ListItem\",\"position\":1,\"name\":\"Home\",\"item\":\"https:\/\/www.naturparkmagazin.de\/am-stettiner-haff\/\"},{\"@type\":\"ListItem\",\"position\":2,\"name\":\"Naturpark-Stammtisch am 7. Dezember 2022 im BIZ Eggesin\"}]},{\"@type\":\"WebSite\",\"@id\":\"https:\/\/www.naturparkmagazin.de\/am-stettiner-haff\/#website\",\"url\":\"https:\/\/www.naturparkmagazin.de\/am-stettiner-haff\/\",\"name\":\"Naturpark Am Stettiner Haff\",\"description\":\"\",\"potentialAction\":[{\"@type\":\"SearchAction\",\"target\":{\"@type\":\"EntryPoint\",\"urlTemplate\":\"https:\/\/www.naturparkmagazin.de\/am-stettiner-haff\/?s={search_term_string}\"},\"query-input\":\"required name=search_term_string\"}],\"inLanguage\":\"de\"},{\"@type\":\"Person\",\"@id\":\"https:\/\/www.naturparkmagazin.de\/am-stettiner-haff\/#\/schema\/person\/4a7208080dbbfb024d81129b7960c725\",\"name\":\"Jochen Elberskirch\",\"sameAs\":[\"http:\/\/www.naturpark-am-stettiner-haff.de\"],\"url\":\"https:\/\/www.naturparkmagazin.de\/am-stettiner-haff\/author\/jochenelberskirch\/\"}]}<\/script>\n<!-- \/ Yoast SEO plugin. -->","yoast_head_json":{"title":"Naturpark-Stammtisch am 7. Dezember 2022 im BIZ Eggesin - Naturpark Am Stettiner Haff","robots":{"index":"index","follow":"follow","max-snippet":"max-snippet:-1","max-image-preview":"max-image-preview:large","max-video-preview":"max-video-preview:-1"},"canonical":"https:\/\/www.naturparkmagazin.de\/am-stettiner-haff\/naturpark-stammtisch-am-7-dezember-2022-im-biz-eggesin\/","og_locale":"de_DE","og_type":"article","og_title":"Naturpark-Stammtisch am 7. Dezember 2022 im BIZ Eggesin - Naturpark Am Stettiner Haff","og_description":"Auch im Dezember laden der Vorstand des Naturpark-F\u00f6rdervereins und die Leitung des Naturparks \u201eAm Stettiner Haff\u201c alle Interessierten wieder herzlich ein sich im Rahmen des Naturpark-Stammtisches \u00fcber Aktuelles rund um den Naturpark zu informieren.","og_url":"https:\/\/www.naturparkmagazin.de\/am-stettiner-haff\/naturpark-stammtisch-am-7-dezember-2022-im-biz-eggesin\/","og_site_name":"Naturpark Am Stettiner Haff","article_published_time":"2022-11-15T09:55:52+00:00","og_image":[{"width":1535,"height":973,"url":"https:\/\/www.naturparkmagazin.de\/am-stettiner-haff\/wp-content\/uploads\/sites\/29\/neuer-Schrifzug.jpg","type":"image\/jpeg"}],"author":"Jochen Elberskirch","twitter_misc":{"Verfasst von":"Jochen Elberskirch","Gesch\u00e4tzte Lesezeit":"1\u00a0Minute"},"schema":{"@context":"https:\/\/schema.org","@graph":[{"@type":"WebPage","@id":"https:\/\/www.naturparkmagazin.de\/am-stettiner-haff\/naturpark-stammtisch-am-7-dezember-2022-im-biz-eggesin\/","url":"https:\/\/www.naturparkmagazin.de\/am-stettiner-haff\/naturpark-stammtisch-am-7-dezember-2022-im-biz-eggesin\/","name":"Naturpark-Stammtisch am 7. Dezember 2022 im BIZ Eggesin - Naturpark Am Stettiner Haff","isPartOf":{"@id":"https:\/\/www.naturparkmagazin.de\/am-stettiner-haff\/#website"},"datePublished":"2022-11-15T09:55:52+00:00","dateModified":"2022-11-15T09:55:52+00:00","author":{"@id":"https:\/\/www.naturparkmagazin.de\/am-stettiner-haff\/#\/schema\/person\/4a7208080dbbfb024d81129b7960c725"},"breadcrumb":{"@id":"https:\/\/www.naturparkmagazin.de\/am-stettiner-haff\/naturpark-stammtisch-am-7-dezember-2022-im-biz-eggesin\/#breadcrumb"},"inLanguage":"de","potentialAction":[{"@type":"ReadAction","target":["https:\/\/www.naturparkmagazin.de\/am-stettiner-haff\/naturpark-stammtisch-am-7-dezember-2022-im-biz-eggesin\/"]}]},{"@type":"BreadcrumbList","@id":"https:\/\/www.naturparkmagazin.de\/am-stettiner-haff\/naturpark-stammtisch-am-7-dezember-2022-im-biz-eggesin\/#breadcrumb","itemListElement":[{"@type":"ListItem","position":1,"name":"Home","item":"https:\/\/www.naturparkmagazin.de\/am-stettiner-haff\/"},{"@type":"ListItem","position":2,"name":"Naturpark-Stammtisch am 7. Dezember 2022 im BIZ Eggesin"}]},{"@type":"WebSite","@id":"https:\/\/www.naturparkmagazin.de\/am-stettiner-haff\/#website","url":"https:\/\/www.naturparkmagazin.de\/am-stettiner-haff\/","name":"Naturpark Am Stettiner Haff","description":"","potentialAction":[{"@type":"SearchAction","target":{"@type":"EntryPoint","urlTemplate":"https:\/\/www.naturparkmagazin.de\/am-stettiner-haff\/?s={search_term_string}"},"query-input":"required name=search_term_string"}],"inLanguage":"de"},{"@type":"Person","@id":"https:\/\/www.naturparkmagazin.de\/am-stettiner-haff\/#\/schema\/person\/4a7208080dbbfb024d81129b7960c725","name":"Jochen Elberskirch","sameAs":["http:\/\/www.naturpark-am-stettiner-haff.de"],"url":"https:\/\/www.naturparkmagazin.de\/am-stettiner-haff\/author\/jochenelberskirch\/"}]}},"_links":{"self":[{"href":"https:\/\/www.naturparkmagazin.de\/am-stettiner-haff\/wp-json\/wp\/v2\/posts\/3468"}],"collection":[{"href":"https:\/\/www.naturparkmagazin.de\/am-stettiner-haff\/wp-json\/wp\/v2\/posts"}],"about":[{"href":"https:\/\/www.naturparkmagazin.de\/am-stettiner-haff\/wp-json\/wp\/v2\/types\/post"}],"author":[{"embeddable":true,"href":"https:\/\/www.naturparkmagazin.de\/am-stettiner-haff\/wp-json\/wp\/v2\/users\/26"}],"replies":[{"embeddable":true,"href":"https:\/\/www.naturparkmagazin.de\/am-stettiner-haff\/wp-json\/wp\/v2\/comments?post=3468"}],"version-history":[{"count":1,"href":"https:\/\/www.naturparkmagazin.de\/am-stettiner-haff\/wp-json\/wp\/v2\/posts\/3468\/revisions"}],"predecessor-version":[{"id":3469,"href":"https:\/\/www.naturparkmagazin.de\/am-stettiner-haff\/wp-json\/wp\/v2\/posts\/3468\/revisions\/3469"}],"wp:featuredmedia":[{"embeddable":true,"href":"https:\/\/www.naturparkmagazin.de\/am-stettiner-haff\/wp-json\/wp\/v2\/media\/1164"}],"wp:attachment":[{"href":"https:\/\/www.naturparkmagazin.de\/am-stettiner-haff\/wp-json\/wp\/v2\/media?parent=3468"}],"wp:term":[{"taxonomy":"category","embeddable":true,"href":"https:\/\/www.naturparkmagazin.de\/am-stettiner-haff\/wp-json\/wp\/v2\/categories?post=3468"},{"taxonomy":"post_tag","embeddable":true,"href":"https:\/\/www.naturparkmagazin.de\/am-stettiner-haff\/wp-json\/wp\/v2\/tags?post=3468"}],"curies":[{"name":"wp","href":"https:\/\/api.w.org\/{rel}","templated":true}]}}