{"id":3471,"date":"2022-11-15T11:29:13","date_gmt":"2022-11-15T10:29:13","guid":{"rendered":"https:\/\/www.naturparkmagazin.de\/am-stettiner-haff\/?p=3471"},"modified":"2022-11-15T11:31:16","modified_gmt":"2022-11-15T10:31:16","slug":"winterakademie-2-0-neustart-der-winterakademie-geplant","status":"publish","type":"post","link":"https:\/\/www.naturparkmagazin.de\/am-stettiner-haff\/winterakademie-2-0-neustart-der-winterakademie-geplant\/","title":{"rendered":"Winterakademie 2.0 &#8211; Neuauflage der Winterakademie geplant"},"content":{"rendered":"<p>Im Rahmen des letzten Naturpark-Stammtisches wurde durch die Kuratorin des Tierparks Ueckerm\u00fcnde, Frau Dr. Rohrhuber die Idee ge\u00e4u\u00dfert, die Tradition, der \u201eWinterakademie\u201c, einer Vortragsreihe wieder mit Leben zu erf\u00fcllen.<\/p>\n<p>Schnell waren sich alle Anwesende dar\u00fcber einig, dass ausreichend Themen darauf warten kurzweilig einer breiteren \u00d6ffentlichkeit vorgestellt zu werden.<\/p>\n<div id=\"attachment_2043\" style=\"width: 630px\" class=\"wp-caption aligncenter\"><a href=\"https:\/\/www.naturparkmagazin.de\/am-stettiner-haff\/wp-content\/uploads\/sites\/29\/Geb\ufffdude.jpg\"><img aria-describedby=\"caption-attachment-2043\" decoding=\"async\" loading=\"lazy\" class=\"size-medium wp-image-2043\" src=\"https:\/\/www.naturparkmagazin.de\/am-stettiner-haff\/wp-content\/uploads\/sites\/29\/Geb\ufffdude-620x465.jpg\" alt=\"Riether Werder (Foto: Naturpark-Archiv)\" width=\"620\" height=\"465\" srcset=\"https:\/\/www.naturparkmagazin.de\/am-stettiner-haff\/wp-content\/uploads\/sites\/29\/Geb\ufffdude-620x465.jpg 620w, https:\/\/www.naturparkmagazin.de\/am-stettiner-haff\/wp-content\/uploads\/sites\/29\/Geb\ufffdude-300x225.jpg 300w, https:\/\/www.naturparkmagazin.de\/am-stettiner-haff\/wp-content\/uploads\/sites\/29\/Geb\ufffdude-940x705.jpg 940w, https:\/\/www.naturparkmagazin.de\/am-stettiner-haff\/wp-content\/uploads\/sites\/29\/Geb\ufffdude-580x435.jpg 580w, https:\/\/www.naturparkmagazin.de\/am-stettiner-haff\/wp-content\/uploads\/sites\/29\/Geb\ufffdude-420x315.jpg 420w, https:\/\/www.naturparkmagazin.de\/am-stettiner-haff\/wp-content\/uploads\/sites\/29\/Geb\ufffdude-180x135.jpg 180w, https:\/\/www.naturparkmagazin.de\/am-stettiner-haff\/wp-content\/uploads\/sites\/29\/Geb\ufffdude-95x71.jpg 95w, https:\/\/www.naturparkmagazin.de\/am-stettiner-haff\/wp-content\/uploads\/sites\/29\/Geb\ufffdude-670x503.jpg 670w, https:\/\/www.naturparkmagazin.de\/am-stettiner-haff\/wp-content\/uploads\/sites\/29\/Geb\ufffdude-200x150.jpg 200w, https:\/\/www.naturparkmagazin.de\/am-stettiner-haff\/wp-content\/uploads\/sites\/29\/Geb\ufffdude.jpg 1024w\" sizes=\"(max-width: 620px) 100vw, 620px\" \/><\/a><p id=\"caption-attachment-2043\" class=\"wp-caption-text\">Riether Werder (Foto: Naturpark-Archiv)<\/p><\/div>\n<p>Einen ersten Vortrag wird es von Frank Joisten zum Thema &#8222;Die Entwicklung der nord\u00f6stlichsten Vogelschutzinsel Riether Werder\u201c am <strong>8. Dezember 2022 um 18:00 Uhr<\/strong> im Besucherinformationszentrum (BIZ) geben. Hierzu sind alle herzlich eingeladen.<\/p>\n<p>Weitere Themen werden u. a. die Flederm\u00e4use und Spinnen der Naturparkregion sein. Aber auch die Landschaftsentwicklung und die Flora sollen im Rahmen der Winterakademie eine Rolle spielen.<\/p>\n<p>Einmal pro Monat soll k\u00fcnftig wieder von Oktober \u2013 M\u00e4rz ein Vortrag angeboten werden. Die Veranstaltungsorte sollen dabei gerne auch variieren. So wird die Winterakademie nicht ausschlie\u00dflich im BIZ sondern abwechselnd auch in der Zooschule des Tierparks Ueckerm\u00fcnde stattfinden. Aber auch andere Veranstaltungsorte k\u00f6nnen sich die Aktiven rund um den Naturpark-F\u00f6rderverein vorstellen. Also seien sie nicht nur auf die Themen, sondern auch auf die Veranstaltungsorte gespannt.<\/p>\n","protected":false},"excerpt":{"rendered":"<p>Im Rahmen des letzten Naturpark-Stammtisches wurde durch die Kuratorin des Tierparks Ueckerm\u00fcnde, Frau Dr. Rohrhuber die Idee ge\u00e4u\u00dfert, die Tradition, der \u201eWinterakademie\u201c, einer Vortragsreihe wieder mit Leben zu erf\u00fcllen. Schnell waren sich alle Anwesende dar\u00fcber einig, dass ausreichend Themen darauf warten kurzweilig einer breiteren \u00d6ffentlichkeit vorgestellt zu werden. Einen ersten Vortrag wird es von Frank<\/p>\n","protected":false},"author":26,"featured_media":1590,"comment_status":"open","ping_status":"open","sticky":false,"template":"","format":"standard","meta":[],"categories":[7,11],"tags":[],"yoast_head":"<!-- This site is optimized with the Yoast SEO plugin v19.10 - https:\/\/yoast.com\/wordpress\/plugins\/seo\/ -->\n<title>Winterakademie 2.0 - Neuauflage der Winterakademie geplant - Naturpark Am Stettiner Haff<\/title>\n<meta name=\"robots\" content=\"index, follow, max-snippet:-1, max-image-preview:large, max-video-preview:-1\" \/>\n<link rel=\"canonical\" href=\"https:\/\/www.naturparkmagazin.de\/am-stettiner-haff\/winterakademie-2-0-neustart-der-winterakademie-geplant\/\" \/>\n<meta property=\"og:locale\" content=\"de_DE\" \/>\n<meta property=\"og:type\" content=\"article\" \/>\n<meta property=\"og:title\" content=\"Winterakademie 2.0 - Neuauflage der Winterakademie geplant - Naturpark Am Stettiner Haff\" \/>\n<meta property=\"og:description\" content=\"Im Rahmen des letzten Naturpark-Stammtisches wurde durch die Kuratorin des Tierparks Ueckerm\u00fcnde, Frau Dr. Rohrhuber die Idee ge\u00e4u\u00dfert, die Tradition, der \u201eWinterakademie\u201c, einer Vortragsreihe wieder mit Leben zu erf\u00fcllen. Schnell waren sich alle Anwesende dar\u00fcber einig, dass ausreichend Themen darauf warten kurzweilig einer breiteren \u00d6ffentlichkeit vorgestellt zu werden. Einen ersten Vortrag wird es von Frank\" \/>\n<meta property=\"og:url\" content=\"https:\/\/www.naturparkmagazin.de\/am-stettiner-haff\/winterakademie-2-0-neustart-der-winterakademie-geplant\/\" \/>\n<meta property=\"og:site_name\" content=\"Naturpark Am Stettiner Haff\" \/>\n<meta property=\"article:published_time\" content=\"2022-11-15T10:29:13+00:00\" \/>\n<meta property=\"article:modified_time\" content=\"2022-11-15T10:31:16+00:00\" \/>\n<meta property=\"og:image\" content=\"https:\/\/www.naturparkmagazin.de\/am-stettiner-haff\/wp-content\/uploads\/sites\/29\/Header-01.jpg\" \/>\n\t<meta property=\"og:image:width\" content=\"670\" \/>\n\t<meta property=\"og:image:height\" content=\"250\" \/>\n\t<meta property=\"og:image:type\" content=\"image\/jpeg\" \/>\n<meta name=\"author\" content=\"Jochen Elberskirch\" \/>\n<meta name=\"twitter:label1\" content=\"Verfasst von\" \/>\n\t<meta name=\"twitter:data1\" content=\"Jochen Elberskirch\" \/>\n\t<meta name=\"twitter:label2\" content=\"Gesch\u00e4tzte Lesezeit\" \/>\n\t<meta name=\"twitter:data2\" content=\"1\u00a0Minute\" \/>\n<script type=\"application\/ld+json\" class=\"yoast-schema-graph\">{\"@context\":\"https:\/\/schema.org\",\"@graph\":[{\"@type\":\"WebPage\",\"@id\":\"https:\/\/www.naturparkmagazin.de\/am-stettiner-haff\/winterakademie-2-0-neustart-der-winterakademie-geplant\/\",\"url\":\"https:\/\/www.naturparkmagazin.de\/am-stettiner-haff\/winterakademie-2-0-neustart-der-winterakademie-geplant\/\",\"name\":\"Winterakademie 2.0 - Neuauflage der Winterakademie geplant - Naturpark Am Stettiner Haff\",\"isPartOf\":{\"@id\":\"https:\/\/www.naturparkmagazin.de\/am-stettiner-haff\/#website\"},\"datePublished\":\"2022-11-15T10:29:13+00:00\",\"dateModified\":\"2022-11-15T10:31:16+00:00\",\"author\":{\"@id\":\"https:\/\/www.naturparkmagazin.de\/am-stettiner-haff\/#\/schema\/person\/4a7208080dbbfb024d81129b7960c725\"},\"breadcrumb\":{\"@id\":\"https:\/\/www.naturparkmagazin.de\/am-stettiner-haff\/winterakademie-2-0-neustart-der-winterakademie-geplant\/#breadcrumb\"},\"inLanguage\":\"de\",\"potentialAction\":[{\"@type\":\"ReadAction\",\"target\":[\"https:\/\/www.naturparkmagazin.de\/am-stettiner-haff\/winterakademie-2-0-neustart-der-winterakademie-geplant\/\"]}]},{\"@type\":\"BreadcrumbList\",\"@id\":\"https:\/\/www.naturparkmagazin.de\/am-stettiner-haff\/winterakademie-2-0-neustart-der-winterakademie-geplant\/#breadcrumb\",\"itemListElement\":[{\"@type\":\"ListItem\",\"position\":1,\"name\":\"Home\",\"item\":\"https:\/\/www.naturparkmagazin.de\/am-stettiner-haff\/\"},{\"@type\":\"ListItem\",\"position\":2,\"name\":\"Winterakademie 2.0 &#8211; Neuauflage der Winterakademie geplant\"}]},{\"@type\":\"WebSite\",\"@id\":\"https:\/\/www.naturparkmagazin.de\/am-stettiner-haff\/#website\",\"url\":\"https:\/\/www.naturparkmagazin.de\/am-stettiner-haff\/\",\"name\":\"Naturpark Am Stettiner Haff\",\"description\":\"\",\"potentialAction\":[{\"@type\":\"SearchAction\",\"target\":{\"@type\":\"EntryPoint\",\"urlTemplate\":\"https:\/\/www.naturparkmagazin.de\/am-stettiner-haff\/?s={search_term_string}\"},\"query-input\":\"required name=search_term_string\"}],\"inLanguage\":\"de\"},{\"@type\":\"Person\",\"@id\":\"https:\/\/www.naturparkmagazin.de\/am-stettiner-haff\/#\/schema\/person\/4a7208080dbbfb024d81129b7960c725\",\"name\":\"Jochen Elberskirch\",\"sameAs\":[\"http:\/\/www.naturpark-am-stettiner-haff.de\"],\"url\":\"https:\/\/www.naturparkmagazin.de\/am-stettiner-haff\/author\/jochenelberskirch\/\"}]}<\/script>\n<!-- \/ Yoast SEO plugin. -->","yoast_head_json":{"title":"Winterakademie 2.0 - Neuauflage der Winterakademie geplant - Naturpark Am Stettiner Haff","robots":{"index":"index","follow":"follow","max-snippet":"max-snippet:-1","max-image-preview":"max-image-preview:large","max-video-preview":"max-video-preview:-1"},"canonical":"https:\/\/www.naturparkmagazin.de\/am-stettiner-haff\/winterakademie-2-0-neustart-der-winterakademie-geplant\/","og_locale":"de_DE","og_type":"article","og_title":"Winterakademie 2.0 - Neuauflage der Winterakademie geplant - Naturpark Am Stettiner Haff","og_description":"Im Rahmen des letzten Naturpark-Stammtisches wurde durch die Kuratorin des Tierparks Ueckerm\u00fcnde, Frau Dr. Rohrhuber die Idee ge\u00e4u\u00dfert, die Tradition, der \u201eWinterakademie\u201c, einer Vortragsreihe wieder mit Leben zu erf\u00fcllen. Schnell waren sich alle Anwesende dar\u00fcber einig, dass ausreichend Themen darauf warten kurzweilig einer breiteren \u00d6ffentlichkeit vorgestellt zu werden. Einen ersten Vortrag wird es von Frank","og_url":"https:\/\/www.naturparkmagazin.de\/am-stettiner-haff\/winterakademie-2-0-neustart-der-winterakademie-geplant\/","og_site_name":"Naturpark Am Stettiner Haff","article_published_time":"2022-11-15T10:29:13+00:00","article_modified_time":"2022-11-15T10:31:16+00:00","og_image":[{"width":670,"height":250,"url":"https:\/\/www.naturparkmagazin.de\/am-stettiner-haff\/wp-content\/uploads\/sites\/29\/Header-01.jpg","type":"image\/jpeg"}],"author":"Jochen Elberskirch","twitter_misc":{"Verfasst von":"Jochen Elberskirch","Gesch\u00e4tzte Lesezeit":"1\u00a0Minute"},"schema":{"@context":"https:\/\/schema.org","@graph":[{"@type":"WebPage","@id":"https:\/\/www.naturparkmagazin.de\/am-stettiner-haff\/winterakademie-2-0-neustart-der-winterakademie-geplant\/","url":"https:\/\/www.naturparkmagazin.de\/am-stettiner-haff\/winterakademie-2-0-neustart-der-winterakademie-geplant\/","name":"Winterakademie 2.0 - Neuauflage der Winterakademie geplant - Naturpark Am Stettiner Haff","isPartOf":{"@id":"https:\/\/www.naturparkmagazin.de\/am-stettiner-haff\/#website"},"datePublished":"2022-11-15T10:29:13+00:00","dateModified":"2022-11-15T10:31:16+00:00","author":{"@id":"https:\/\/www.naturparkmagazin.de\/am-stettiner-haff\/#\/schema\/person\/4a7208080dbbfb024d81129b7960c725"},"breadcrumb":{"@id":"https:\/\/www.naturparkmagazin.de\/am-stettiner-haff\/winterakademie-2-0-neustart-der-winterakademie-geplant\/#breadcrumb"},"inLanguage":"de","potentialAction":[{"@type":"ReadAction","target":["https:\/\/www.naturparkmagazin.de\/am-stettiner-haff\/winterakademie-2-0-neustart-der-winterakademie-geplant\/"]}]},{"@type":"BreadcrumbList","@id":"https:\/\/www.naturparkmagazin.de\/am-stettiner-haff\/winterakademie-2-0-neustart-der-winterakademie-geplant\/#breadcrumb","itemListElement":[{"@type":"ListItem","position":1,"name":"Home","item":"https:\/\/www.naturparkmagazin.de\/am-stettiner-haff\/"},{"@type":"ListItem","position":2,"name":"Winterakademie 2.0 &#8211; Neuauflage der Winterakademie geplant"}]},{"@type":"WebSite","@id":"https:\/\/www.naturparkmagazin.de\/am-stettiner-haff\/#website","url":"https:\/\/www.naturparkmagazin.de\/am-stettiner-haff\/","name":"Naturpark Am Stettiner Haff","description":"","potentialAction":[{"@type":"SearchAction","target":{"@type":"EntryPoint","urlTemplate":"https:\/\/www.naturparkmagazin.de\/am-stettiner-haff\/?s={search_term_string}"},"query-input":"required name=search_term_string"}],"inLanguage":"de"},{"@type":"Person","@id":"https:\/\/www.naturparkmagazin.de\/am-stettiner-haff\/#\/schema\/person\/4a7208080dbbfb024d81129b7960c725","name":"Jochen Elberskirch","sameAs":["http:\/\/www.naturpark-am-stettiner-haff.de"],"url":"https:\/\/www.naturparkmagazin.de\/am-stettiner-haff\/author\/jochenelberskirch\/"}]}},"_links":{"self":[{"href":"https:\/\/www.naturparkmagazin.de\/am-stettiner-haff\/wp-json\/wp\/v2\/posts\/3471"}],"collection":[{"href":"https:\/\/www.naturparkmagazin.de\/am-stettiner-haff\/wp-json\/wp\/v2\/posts"}],"about":[{"href":"https:\/\/www.naturparkmagazin.de\/am-stettiner-haff\/wp-json\/wp\/v2\/types\/post"}],"author":[{"embeddable":true,"href":"https:\/\/www.naturparkmagazin.de\/am-stettiner-haff\/wp-json\/wp\/v2\/users\/26"}],"replies":[{"embeddable":true,"href":"https:\/\/www.naturparkmagazin.de\/am-stettiner-haff\/wp-json\/wp\/v2\/comments?post=3471"}],"version-history":[{"count":5,"href":"https:\/\/www.naturparkmagazin.de\/am-stettiner-haff\/wp-json\/wp\/v2\/posts\/3471\/revisions"}],"predecessor-version":[{"id":3476,"href":"https:\/\/www.naturparkmagazin.de\/am-stettiner-haff\/wp-json\/wp\/v2\/posts\/3471\/revisions\/3476"}],"wp:featuredmedia":[{"embeddable":true,"href":"https:\/\/www.naturparkmagazin.de\/am-stettiner-haff\/wp-json\/wp\/v2\/media\/1590"}],"wp:attachment":[{"href":"https:\/\/www.naturparkmagazin.de\/am-stettiner-haff\/wp-json\/wp\/v2\/media?parent=3471"}],"wp:term":[{"taxonomy":"category","embeddable":true,"href":"https:\/\/www.naturparkmagazin.de\/am-stettiner-haff\/wp-json\/wp\/v2\/categories?post=3471"},{"taxonomy":"post_tag","embeddable":true,"href":"https:\/\/www.naturparkmagazin.de\/am-stettiner-haff\/wp-json\/wp\/v2\/tags?post=3471"}],"curies":[{"name":"wp","href":"https:\/\/api.w.org\/{rel}","templated":true}]}}