{"id":3548,"date":"2023-02-15T16:02:49","date_gmt":"2023-02-15T15:02:49","guid":{"rendered":"https:\/\/www.naturparkmagazin.de\/am-stettiner-haff\/?p=3548"},"modified":"2023-02-15T16:02:49","modified_gmt":"2023-02-15T15:02:49","slug":"winterakademie-am-16-maerz-2023-in-der-naturparkstation-eggesin","status":"publish","type":"post","link":"https:\/\/www.naturparkmagazin.de\/am-stettiner-haff\/winterakademie-am-16-maerz-2023-in-der-naturparkstation-eggesin\/","title":{"rendered":"Winterakademie am 16. M\u00e4rz 2023 in der Naturparkstation Eggesin"},"content":{"rendered":"<p>Im Rahmen der Winterakademie laden der Tierpark Ueckerm\u00fcnde und der Naturpark &#8222;Am Stettiner Haff&#8220; gemeinsam mit seinem F\u00f6rderverein wieder zu einem Interessanten Vortag ein. Am Donnerstag dem <strong>16. M\u00e4rz 2023, ab 18:00 Uhr<\/strong> wird Herr Dr. rer. nat. Frank-Uwe Michler \u00fcber seine Forschungst\u00e4tigkeiten berichten. Herr Dr. Michler ist Dozent f\u00fcr Wildbiologie und Wildtiermanagementan der Hochschule f\u00fcr Nachhaltige Entwicklung Eberswalde. Dar\u00fcber hinaus leitet und koordiniert er das Wolfsmonitoring im Landkreis Barnim. Zahlreiche Tiere hat er im Rahmen seiner Forschungsarbeit besendert und so spannende Einblicke in deren Leben erhalten.<\/p>\n<div id=\"attachment_3549\" style=\"width: 630px\" class=\"wp-caption aligncenter\"><a href=\"https:\/\/www.naturparkmagazin.de\/am-stettiner-haff\/wp-content\/uploads\/sites\/29\/Rotwildfang.jpg\"><img aria-describedby=\"caption-attachment-3549\" decoding=\"async\" loading=\"lazy\" class=\"size-medium wp-image-3549\" src=\"https:\/\/www.naturparkmagazin.de\/am-stettiner-haff\/wp-content\/uploads\/sites\/29\/Rotwildfang-620x348.jpg\" alt=\"\" width=\"620\" height=\"348\" srcset=\"https:\/\/www.naturparkmagazin.de\/am-stettiner-haff\/wp-content\/uploads\/sites\/29\/Rotwildfang-620x348.jpg 620w, https:\/\/www.naturparkmagazin.de\/am-stettiner-haff\/wp-content\/uploads\/sites\/29\/Rotwildfang-940x528.jpg 940w, https:\/\/www.naturparkmagazin.de\/am-stettiner-haff\/wp-content\/uploads\/sites\/29\/Rotwildfang-300x169.jpg 300w, https:\/\/www.naturparkmagazin.de\/am-stettiner-haff\/wp-content\/uploads\/sites\/29\/Rotwildfang-1536x863.jpg 1536w, https:\/\/www.naturparkmagazin.de\/am-stettiner-haff\/wp-content\/uploads\/sites\/29\/Rotwildfang-670x377.jpg 670w, https:\/\/www.naturparkmagazin.de\/am-stettiner-haff\/wp-content\/uploads\/sites\/29\/Rotwildfang-200x112.jpg 200w, https:\/\/www.naturparkmagazin.de\/am-stettiner-haff\/wp-content\/uploads\/sites\/29\/Rotwildfang.jpg 2000w\" sizes=\"(max-width: 620px) 100vw, 620px\" \/><\/a><p id=\"caption-attachment-3549\" class=\"wp-caption-text\">Rotwildfang (Foto: Naturpark-Archiv)<\/p><\/div>\n<p>Lassen Sie sich entf\u00fchren in die interessante Welt der Wildtiere. Der Eintritt ist frei<\/p>\n","protected":false},"excerpt":{"rendered":"<p>Im Rahmen der Winterakademie laden der Tierpark Ueckerm\u00fcnde und der Naturpark &#8222;Am Stettiner Haff&#8220; gemeinsam mit seinem F\u00f6rderverein wieder zu einem Interessanten Vortag ein. Am Donnerstag dem 16. M\u00e4rz 2023, ab 18:00 Uhr wird Herr Dr. rer. nat. Frank-Uwe Michler \u00fcber seine Forschungst\u00e4tigkeiten berichten. Herr Dr. Michler ist Dozent f\u00fcr Wildbiologie und Wildtiermanagementan der Hochschule<\/p>\n","protected":false},"author":26,"featured_media":2751,"comment_status":"open","ping_status":"open","sticky":false,"template":"","format":"standard","meta":[],"categories":[11],"tags":[],"yoast_head":"<!-- This site is optimized with the Yoast SEO plugin v19.10 - https:\/\/yoast.com\/wordpress\/plugins\/seo\/ -->\n<title>Winterakademie am 16. M\u00e4rz 2023 in der Naturparkstation Eggesin - Naturpark Am Stettiner Haff<\/title>\n<meta name=\"robots\" content=\"index, follow, max-snippet:-1, max-image-preview:large, max-video-preview:-1\" \/>\n<link rel=\"canonical\" href=\"https:\/\/www.naturparkmagazin.de\/am-stettiner-haff\/winterakademie-am-16-maerz-2023-in-der-naturparkstation-eggesin\/\" \/>\n<meta property=\"og:locale\" content=\"de_DE\" \/>\n<meta property=\"og:type\" content=\"article\" \/>\n<meta property=\"og:title\" content=\"Winterakademie am 16. M\u00e4rz 2023 in der Naturparkstation Eggesin - Naturpark Am Stettiner Haff\" \/>\n<meta property=\"og:description\" content=\"Im Rahmen der Winterakademie laden der Tierpark Ueckerm\u00fcnde und der Naturpark &#8222;Am Stettiner Haff&#8220; gemeinsam mit seinem F\u00f6rderverein wieder zu einem Interessanten Vortag ein. Am Donnerstag dem 16. M\u00e4rz 2023, ab 18:00 Uhr wird Herr Dr. rer. nat. Frank-Uwe Michler \u00fcber seine Forschungst\u00e4tigkeiten berichten. Herr Dr. Michler ist Dozent f\u00fcr Wildbiologie und Wildtiermanagementan der Hochschule\" \/>\n<meta property=\"og:url\" content=\"https:\/\/www.naturparkmagazin.de\/am-stettiner-haff\/winterakademie-am-16-maerz-2023-in-der-naturparkstation-eggesin\/\" \/>\n<meta property=\"og:site_name\" content=\"Naturpark Am Stettiner Haff\" \/>\n<meta property=\"article:published_time\" content=\"2023-02-15T15:02:49+00:00\" \/>\n<meta property=\"og:image\" content=\"https:\/\/www.naturparkmagazin.de\/am-stettiner-haff\/wp-content\/uploads\/sites\/29\/RCNX0236.jpg\" \/>\n\t<meta property=\"og:image:width\" content=\"756\" \/>\n\t<meta property=\"og:image:height\" content=\"609\" \/>\n\t<meta property=\"og:image:type\" content=\"image\/jpeg\" \/>\n<meta name=\"author\" content=\"Jochen Elberskirch\" \/>\n<meta name=\"twitter:label1\" content=\"Verfasst von\" \/>\n\t<meta name=\"twitter:data1\" content=\"Jochen Elberskirch\" \/>\n\t<meta name=\"twitter:label2\" content=\"Gesch\u00e4tzte Lesezeit\" \/>\n\t<meta name=\"twitter:data2\" content=\"1\u00a0Minute\" \/>\n<script type=\"application\/ld+json\" class=\"yoast-schema-graph\">{\"@context\":\"https:\/\/schema.org\",\"@graph\":[{\"@type\":\"WebPage\",\"@id\":\"https:\/\/www.naturparkmagazin.de\/am-stettiner-haff\/winterakademie-am-16-maerz-2023-in-der-naturparkstation-eggesin\/\",\"url\":\"https:\/\/www.naturparkmagazin.de\/am-stettiner-haff\/winterakademie-am-16-maerz-2023-in-der-naturparkstation-eggesin\/\",\"name\":\"Winterakademie am 16. M\u00e4rz 2023 in der Naturparkstation Eggesin - Naturpark Am Stettiner Haff\",\"isPartOf\":{\"@id\":\"https:\/\/www.naturparkmagazin.de\/am-stettiner-haff\/#website\"},\"datePublished\":\"2023-02-15T15:02:49+00:00\",\"dateModified\":\"2023-02-15T15:02:49+00:00\",\"author\":{\"@id\":\"https:\/\/www.naturparkmagazin.de\/am-stettiner-haff\/#\/schema\/person\/4a7208080dbbfb024d81129b7960c725\"},\"breadcrumb\":{\"@id\":\"https:\/\/www.naturparkmagazin.de\/am-stettiner-haff\/winterakademie-am-16-maerz-2023-in-der-naturparkstation-eggesin\/#breadcrumb\"},\"inLanguage\":\"de\",\"potentialAction\":[{\"@type\":\"ReadAction\",\"target\":[\"https:\/\/www.naturparkmagazin.de\/am-stettiner-haff\/winterakademie-am-16-maerz-2023-in-der-naturparkstation-eggesin\/\"]}]},{\"@type\":\"BreadcrumbList\",\"@id\":\"https:\/\/www.naturparkmagazin.de\/am-stettiner-haff\/winterakademie-am-16-maerz-2023-in-der-naturparkstation-eggesin\/#breadcrumb\",\"itemListElement\":[{\"@type\":\"ListItem\",\"position\":1,\"name\":\"Home\",\"item\":\"https:\/\/www.naturparkmagazin.de\/am-stettiner-haff\/\"},{\"@type\":\"ListItem\",\"position\":2,\"name\":\"Winterakademie am 16. M\u00e4rz 2023 in der Naturparkstation Eggesin\"}]},{\"@type\":\"WebSite\",\"@id\":\"https:\/\/www.naturparkmagazin.de\/am-stettiner-haff\/#website\",\"url\":\"https:\/\/www.naturparkmagazin.de\/am-stettiner-haff\/\",\"name\":\"Naturpark Am Stettiner Haff\",\"description\":\"\",\"potentialAction\":[{\"@type\":\"SearchAction\",\"target\":{\"@type\":\"EntryPoint\",\"urlTemplate\":\"https:\/\/www.naturparkmagazin.de\/am-stettiner-haff\/?s={search_term_string}\"},\"query-input\":\"required name=search_term_string\"}],\"inLanguage\":\"de\"},{\"@type\":\"Person\",\"@id\":\"https:\/\/www.naturparkmagazin.de\/am-stettiner-haff\/#\/schema\/person\/4a7208080dbbfb024d81129b7960c725\",\"name\":\"Jochen Elberskirch\",\"sameAs\":[\"http:\/\/www.naturpark-am-stettiner-haff.de\"],\"url\":\"https:\/\/www.naturparkmagazin.de\/am-stettiner-haff\/author\/jochenelberskirch\/\"}]}<\/script>\n<!-- \/ Yoast SEO plugin. -->","yoast_head_json":{"title":"Winterakademie am 16. M\u00e4rz 2023 in der Naturparkstation Eggesin - Naturpark Am Stettiner Haff","robots":{"index":"index","follow":"follow","max-snippet":"max-snippet:-1","max-image-preview":"max-image-preview:large","max-video-preview":"max-video-preview:-1"},"canonical":"https:\/\/www.naturparkmagazin.de\/am-stettiner-haff\/winterakademie-am-16-maerz-2023-in-der-naturparkstation-eggesin\/","og_locale":"de_DE","og_type":"article","og_title":"Winterakademie am 16. M\u00e4rz 2023 in der Naturparkstation Eggesin - Naturpark Am Stettiner Haff","og_description":"Im Rahmen der Winterakademie laden der Tierpark Ueckerm\u00fcnde und der Naturpark &#8222;Am Stettiner Haff&#8220; gemeinsam mit seinem F\u00f6rderverein wieder zu einem Interessanten Vortag ein. Am Donnerstag dem 16. M\u00e4rz 2023, ab 18:00 Uhr wird Herr Dr. rer. nat. Frank-Uwe Michler \u00fcber seine Forschungst\u00e4tigkeiten berichten. Herr Dr. Michler ist Dozent f\u00fcr Wildbiologie und Wildtiermanagementan der Hochschule","og_url":"https:\/\/www.naturparkmagazin.de\/am-stettiner-haff\/winterakademie-am-16-maerz-2023-in-der-naturparkstation-eggesin\/","og_site_name":"Naturpark Am Stettiner Haff","article_published_time":"2023-02-15T15:02:49+00:00","og_image":[{"width":756,"height":609,"url":"https:\/\/www.naturparkmagazin.de\/am-stettiner-haff\/wp-content\/uploads\/sites\/29\/RCNX0236.jpg","type":"image\/jpeg"}],"author":"Jochen Elberskirch","twitter_misc":{"Verfasst von":"Jochen Elberskirch","Gesch\u00e4tzte Lesezeit":"1\u00a0Minute"},"schema":{"@context":"https:\/\/schema.org","@graph":[{"@type":"WebPage","@id":"https:\/\/www.naturparkmagazin.de\/am-stettiner-haff\/winterakademie-am-16-maerz-2023-in-der-naturparkstation-eggesin\/","url":"https:\/\/www.naturparkmagazin.de\/am-stettiner-haff\/winterakademie-am-16-maerz-2023-in-der-naturparkstation-eggesin\/","name":"Winterakademie am 16. M\u00e4rz 2023 in der Naturparkstation Eggesin - Naturpark Am Stettiner Haff","isPartOf":{"@id":"https:\/\/www.naturparkmagazin.de\/am-stettiner-haff\/#website"},"datePublished":"2023-02-15T15:02:49+00:00","dateModified":"2023-02-15T15:02:49+00:00","author":{"@id":"https:\/\/www.naturparkmagazin.de\/am-stettiner-haff\/#\/schema\/person\/4a7208080dbbfb024d81129b7960c725"},"breadcrumb":{"@id":"https:\/\/www.naturparkmagazin.de\/am-stettiner-haff\/winterakademie-am-16-maerz-2023-in-der-naturparkstation-eggesin\/#breadcrumb"},"inLanguage":"de","potentialAction":[{"@type":"ReadAction","target":["https:\/\/www.naturparkmagazin.de\/am-stettiner-haff\/winterakademie-am-16-maerz-2023-in-der-naturparkstation-eggesin\/"]}]},{"@type":"BreadcrumbList","@id":"https:\/\/www.naturparkmagazin.de\/am-stettiner-haff\/winterakademie-am-16-maerz-2023-in-der-naturparkstation-eggesin\/#breadcrumb","itemListElement":[{"@type":"ListItem","position":1,"name":"Home","item":"https:\/\/www.naturparkmagazin.de\/am-stettiner-haff\/"},{"@type":"ListItem","position":2,"name":"Winterakademie am 16. M\u00e4rz 2023 in der Naturparkstation Eggesin"}]},{"@type":"WebSite","@id":"https:\/\/www.naturparkmagazin.de\/am-stettiner-haff\/#website","url":"https:\/\/www.naturparkmagazin.de\/am-stettiner-haff\/","name":"Naturpark Am Stettiner Haff","description":"","potentialAction":[{"@type":"SearchAction","target":{"@type":"EntryPoint","urlTemplate":"https:\/\/www.naturparkmagazin.de\/am-stettiner-haff\/?s={search_term_string}"},"query-input":"required name=search_term_string"}],"inLanguage":"de"},{"@type":"Person","@id":"https:\/\/www.naturparkmagazin.de\/am-stettiner-haff\/#\/schema\/person\/4a7208080dbbfb024d81129b7960c725","name":"Jochen Elberskirch","sameAs":["http:\/\/www.naturpark-am-stettiner-haff.de"],"url":"https:\/\/www.naturparkmagazin.de\/am-stettiner-haff\/author\/jochenelberskirch\/"}]}},"_links":{"self":[{"href":"https:\/\/www.naturparkmagazin.de\/am-stettiner-haff\/wp-json\/wp\/v2\/posts\/3548"}],"collection":[{"href":"https:\/\/www.naturparkmagazin.de\/am-stettiner-haff\/wp-json\/wp\/v2\/posts"}],"about":[{"href":"https:\/\/www.naturparkmagazin.de\/am-stettiner-haff\/wp-json\/wp\/v2\/types\/post"}],"author":[{"embeddable":true,"href":"https:\/\/www.naturparkmagazin.de\/am-stettiner-haff\/wp-json\/wp\/v2\/users\/26"}],"replies":[{"embeddable":true,"href":"https:\/\/www.naturparkmagazin.de\/am-stettiner-haff\/wp-json\/wp\/v2\/comments?post=3548"}],"version-history":[{"count":1,"href":"https:\/\/www.naturparkmagazin.de\/am-stettiner-haff\/wp-json\/wp\/v2\/posts\/3548\/revisions"}],"predecessor-version":[{"id":3550,"href":"https:\/\/www.naturparkmagazin.de\/am-stettiner-haff\/wp-json\/wp\/v2\/posts\/3548\/revisions\/3550"}],"wp:featuredmedia":[{"embeddable":true,"href":"https:\/\/www.naturparkmagazin.de\/am-stettiner-haff\/wp-json\/wp\/v2\/media\/2751"}],"wp:attachment":[{"href":"https:\/\/www.naturparkmagazin.de\/am-stettiner-haff\/wp-json\/wp\/v2\/media?parent=3548"}],"wp:term":[{"taxonomy":"category","embeddable":true,"href":"https:\/\/www.naturparkmagazin.de\/am-stettiner-haff\/wp-json\/wp\/v2\/categories?post=3548"},{"taxonomy":"post_tag","embeddable":true,"href":"https:\/\/www.naturparkmagazin.de\/am-stettiner-haff\/wp-json\/wp\/v2\/tags?post=3548"}],"curies":[{"name":"wp","href":"https:\/\/api.w.org\/{rel}","templated":true}]}}