{"id":3634,"date":"2023-09-15T08:45:32","date_gmt":"2023-09-15T06:45:32","guid":{"rendered":"https:\/\/www.naturparkmagazin.de\/am-stettiner-haff\/?p=3634"},"modified":"2023-09-15T08:46:38","modified_gmt":"2023-09-15T06:46:38","slug":"naturpark-stammtisch-am-4-oktober-2023","status":"publish","type":"post","link":"https:\/\/www.naturparkmagazin.de\/am-stettiner-haff\/naturpark-stammtisch-am-4-oktober-2023\/","title":{"rendered":"Naturpark-Stammtisch am 4. Oktober 2023"},"content":{"rendered":"<div id=\"attachment_1705\" style=\"width: 630px\" class=\"wp-caption aligncenter\"><a href=\"https:\/\/www.naturparkmagazin.de\/am-stettiner-haff\/wp-content\/uploads\/sites\/29\/Touristischer-Hinweis-am-Biz.jpg\"><img aria-describedby=\"caption-attachment-1705\" decoding=\"async\" loading=\"lazy\" class=\"size-medium wp-image-1705\" src=\"https:\/\/www.naturparkmagazin.de\/am-stettiner-haff\/wp-content\/uploads\/sites\/29\/Touristischer-Hinweis-am-Biz-620x350.jpg\" alt=\"\" width=\"620\" height=\"350\" srcset=\"https:\/\/www.naturparkmagazin.de\/am-stettiner-haff\/wp-content\/uploads\/sites\/29\/Touristischer-Hinweis-am-Biz-620x350.jpg 620w, https:\/\/www.naturparkmagazin.de\/am-stettiner-haff\/wp-content\/uploads\/sites\/29\/Touristischer-Hinweis-am-Biz-300x169.jpg 300w, https:\/\/www.naturparkmagazin.de\/am-stettiner-haff\/wp-content\/uploads\/sites\/29\/Touristischer-Hinweis-am-Biz-670x378.jpg 670w, https:\/\/www.naturparkmagazin.de\/am-stettiner-haff\/wp-content\/uploads\/sites\/29\/Touristischer-Hinweis-am-Biz-200x113.jpg 200w, https:\/\/www.naturparkmagazin.de\/am-stettiner-haff\/wp-content\/uploads\/sites\/29\/Touristischer-Hinweis-am-Biz.jpg 800w\" sizes=\"(max-width: 620px) 100vw, 620px\" \/><\/a><p id=\"caption-attachment-1705\" class=\"wp-caption-text\">Besucherinformationszentrum am Bahnhof Eggesin (Foto: Naturpark-Archiv)<\/p><\/div>\n<p>Der Herbst ist da und mit ihm auch wieder die regelm\u00e4\u00dfigen Treffen des Naturpark-F\u00f6rdervereins und des Naturpark-Teams.<\/p>\n<p>Am 4. Oktober 2023 l\u00e4dt der Vorstand des Naturpark-F\u00f6rdervereins gemeinsam mit der Leitung des Naturparks &#8222;Am Stettiner Haff&#8220; alle Interessierten ein, um sich in geselliger Runde \u00fcber die Ereignisse in und um den Naturpark auszutauschen. Unter anderem wird es ein erstes Fazit zur Saison 2023 sowie einen Ausblick auf die anstehende Vortragsreihe der &#8222;Winterakademie&#8220; geben.<\/p>\n<p>Kommen Sie vorbei und bringen Sie sich ein &#8211; der Vorstand des Naturpark-F\u00f6rdervereins und das Team der Naturparkverwaltung freuen sich auf einen regen Austausch mit Ihnen!<\/p>\n<p>Naturpark-Stammtisch, am<strong> 4. Oktober 2023<\/strong>, um<strong> 18:30 Uhr<\/strong> im Besucherinformationszentrum des Naturparks Am Stettiner Haff, am Bahnhof Eggesin<\/p>\n","protected":false},"excerpt":{"rendered":"<p>Der Herbst ist da und mit ihm auch wieder die regelm\u00e4\u00dfigen Treffen des Naturpark-F\u00f6rdervereins und des Naturpark-Teams. Am 4. Oktober 2023 l\u00e4dt der Vorstand des Naturpark-F\u00f6rdervereins gemeinsam mit der Leitung des Naturparks &#8222;Am Stettiner Haff&#8220; alle Interessierten ein, um sich in geselliger Runde \u00fcber die Ereignisse in und um den Naturpark auszutauschen. Unter anderem wird<\/p>\n","protected":false},"author":26,"featured_media":1164,"comment_status":"open","ping_status":"open","sticky":false,"template":"","format":"standard","meta":[],"categories":[11],"tags":[],"yoast_head":"<!-- This site is optimized with the Yoast SEO plugin v19.10 - https:\/\/yoast.com\/wordpress\/plugins\/seo\/ -->\n<title>Naturpark-Stammtisch am 4. Oktober 2023 - Naturpark Am Stettiner Haff<\/title>\n<meta name=\"robots\" content=\"index, follow, max-snippet:-1, max-image-preview:large, max-video-preview:-1\" \/>\n<link rel=\"canonical\" href=\"https:\/\/www.naturparkmagazin.de\/am-stettiner-haff\/naturpark-stammtisch-am-4-oktober-2023\/\" \/>\n<meta property=\"og:locale\" content=\"de_DE\" \/>\n<meta property=\"og:type\" content=\"article\" \/>\n<meta property=\"og:title\" content=\"Naturpark-Stammtisch am 4. Oktober 2023 - Naturpark Am Stettiner Haff\" \/>\n<meta property=\"og:description\" content=\"Der Herbst ist da und mit ihm auch wieder die regelm\u00e4\u00dfigen Treffen des Naturpark-F\u00f6rdervereins und des Naturpark-Teams. Am 4. Oktober 2023 l\u00e4dt der Vorstand des Naturpark-F\u00f6rdervereins gemeinsam mit der Leitung des Naturparks &#8222;Am Stettiner Haff&#8220; alle Interessierten ein, um sich in geselliger Runde \u00fcber die Ereignisse in und um den Naturpark auszutauschen. Unter anderem wird\" \/>\n<meta property=\"og:url\" content=\"https:\/\/www.naturparkmagazin.de\/am-stettiner-haff\/naturpark-stammtisch-am-4-oktober-2023\/\" \/>\n<meta property=\"og:site_name\" content=\"Naturpark Am Stettiner Haff\" \/>\n<meta property=\"article:published_time\" content=\"2023-09-15T06:45:32+00:00\" \/>\n<meta property=\"article:modified_time\" content=\"2023-09-15T06:46:38+00:00\" \/>\n<meta property=\"og:image\" content=\"https:\/\/www.naturparkmagazin.de\/am-stettiner-haff\/wp-content\/uploads\/sites\/29\/neuer-Schrifzug.jpg\" \/>\n\t<meta property=\"og:image:width\" content=\"1535\" \/>\n\t<meta property=\"og:image:height\" content=\"973\" \/>\n\t<meta property=\"og:image:type\" content=\"image\/jpeg\" \/>\n<meta name=\"author\" content=\"Jochen Elberskirch\" \/>\n<meta name=\"twitter:label1\" content=\"Verfasst von\" \/>\n\t<meta name=\"twitter:data1\" content=\"Jochen Elberskirch\" \/>\n\t<meta name=\"twitter:label2\" content=\"Gesch\u00e4tzte Lesezeit\" \/>\n\t<meta name=\"twitter:data2\" content=\"1\u00a0Minute\" \/>\n<script type=\"application\/ld+json\" class=\"yoast-schema-graph\">{\"@context\":\"https:\/\/schema.org\",\"@graph\":[{\"@type\":\"WebPage\",\"@id\":\"https:\/\/www.naturparkmagazin.de\/am-stettiner-haff\/naturpark-stammtisch-am-4-oktober-2023\/\",\"url\":\"https:\/\/www.naturparkmagazin.de\/am-stettiner-haff\/naturpark-stammtisch-am-4-oktober-2023\/\",\"name\":\"Naturpark-Stammtisch am 4. Oktober 2023 - Naturpark Am Stettiner Haff\",\"isPartOf\":{\"@id\":\"https:\/\/www.naturparkmagazin.de\/am-stettiner-haff\/#website\"},\"datePublished\":\"2023-09-15T06:45:32+00:00\",\"dateModified\":\"2023-09-15T06:46:38+00:00\",\"author\":{\"@id\":\"https:\/\/www.naturparkmagazin.de\/am-stettiner-haff\/#\/schema\/person\/4a7208080dbbfb024d81129b7960c725\"},\"breadcrumb\":{\"@id\":\"https:\/\/www.naturparkmagazin.de\/am-stettiner-haff\/naturpark-stammtisch-am-4-oktober-2023\/#breadcrumb\"},\"inLanguage\":\"de\",\"potentialAction\":[{\"@type\":\"ReadAction\",\"target\":[\"https:\/\/www.naturparkmagazin.de\/am-stettiner-haff\/naturpark-stammtisch-am-4-oktober-2023\/\"]}]},{\"@type\":\"BreadcrumbList\",\"@id\":\"https:\/\/www.naturparkmagazin.de\/am-stettiner-haff\/naturpark-stammtisch-am-4-oktober-2023\/#breadcrumb\",\"itemListElement\":[{\"@type\":\"ListItem\",\"position\":1,\"name\":\"Home\",\"item\":\"https:\/\/www.naturparkmagazin.de\/am-stettiner-haff\/\"},{\"@type\":\"ListItem\",\"position\":2,\"name\":\"Naturpark-Stammtisch am 4. Oktober 2023\"}]},{\"@type\":\"WebSite\",\"@id\":\"https:\/\/www.naturparkmagazin.de\/am-stettiner-haff\/#website\",\"url\":\"https:\/\/www.naturparkmagazin.de\/am-stettiner-haff\/\",\"name\":\"Naturpark Am Stettiner Haff\",\"description\":\"\",\"potentialAction\":[{\"@type\":\"SearchAction\",\"target\":{\"@type\":\"EntryPoint\",\"urlTemplate\":\"https:\/\/www.naturparkmagazin.de\/am-stettiner-haff\/?s={search_term_string}\"},\"query-input\":\"required name=search_term_string\"}],\"inLanguage\":\"de\"},{\"@type\":\"Person\",\"@id\":\"https:\/\/www.naturparkmagazin.de\/am-stettiner-haff\/#\/schema\/person\/4a7208080dbbfb024d81129b7960c725\",\"name\":\"Jochen Elberskirch\",\"sameAs\":[\"http:\/\/www.naturpark-am-stettiner-haff.de\"],\"url\":\"https:\/\/www.naturparkmagazin.de\/am-stettiner-haff\/author\/jochenelberskirch\/\"}]}<\/script>\n<!-- \/ Yoast SEO plugin. -->","yoast_head_json":{"title":"Naturpark-Stammtisch am 4. Oktober 2023 - Naturpark Am Stettiner Haff","robots":{"index":"index","follow":"follow","max-snippet":"max-snippet:-1","max-image-preview":"max-image-preview:large","max-video-preview":"max-video-preview:-1"},"canonical":"https:\/\/www.naturparkmagazin.de\/am-stettiner-haff\/naturpark-stammtisch-am-4-oktober-2023\/","og_locale":"de_DE","og_type":"article","og_title":"Naturpark-Stammtisch am 4. Oktober 2023 - Naturpark Am Stettiner Haff","og_description":"Der Herbst ist da und mit ihm auch wieder die regelm\u00e4\u00dfigen Treffen des Naturpark-F\u00f6rdervereins und des Naturpark-Teams. Am 4. Oktober 2023 l\u00e4dt der Vorstand des Naturpark-F\u00f6rdervereins gemeinsam mit der Leitung des Naturparks &#8222;Am Stettiner Haff&#8220; alle Interessierten ein, um sich in geselliger Runde \u00fcber die Ereignisse in und um den Naturpark auszutauschen. Unter anderem wird","og_url":"https:\/\/www.naturparkmagazin.de\/am-stettiner-haff\/naturpark-stammtisch-am-4-oktober-2023\/","og_site_name":"Naturpark Am Stettiner Haff","article_published_time":"2023-09-15T06:45:32+00:00","article_modified_time":"2023-09-15T06:46:38+00:00","og_image":[{"width":1535,"height":973,"url":"https:\/\/www.naturparkmagazin.de\/am-stettiner-haff\/wp-content\/uploads\/sites\/29\/neuer-Schrifzug.jpg","type":"image\/jpeg"}],"author":"Jochen Elberskirch","twitter_misc":{"Verfasst von":"Jochen Elberskirch","Gesch\u00e4tzte Lesezeit":"1\u00a0Minute"},"schema":{"@context":"https:\/\/schema.org","@graph":[{"@type":"WebPage","@id":"https:\/\/www.naturparkmagazin.de\/am-stettiner-haff\/naturpark-stammtisch-am-4-oktober-2023\/","url":"https:\/\/www.naturparkmagazin.de\/am-stettiner-haff\/naturpark-stammtisch-am-4-oktober-2023\/","name":"Naturpark-Stammtisch am 4. Oktober 2023 - Naturpark Am Stettiner Haff","isPartOf":{"@id":"https:\/\/www.naturparkmagazin.de\/am-stettiner-haff\/#website"},"datePublished":"2023-09-15T06:45:32+00:00","dateModified":"2023-09-15T06:46:38+00:00","author":{"@id":"https:\/\/www.naturparkmagazin.de\/am-stettiner-haff\/#\/schema\/person\/4a7208080dbbfb024d81129b7960c725"},"breadcrumb":{"@id":"https:\/\/www.naturparkmagazin.de\/am-stettiner-haff\/naturpark-stammtisch-am-4-oktober-2023\/#breadcrumb"},"inLanguage":"de","potentialAction":[{"@type":"ReadAction","target":["https:\/\/www.naturparkmagazin.de\/am-stettiner-haff\/naturpark-stammtisch-am-4-oktober-2023\/"]}]},{"@type":"BreadcrumbList","@id":"https:\/\/www.naturparkmagazin.de\/am-stettiner-haff\/naturpark-stammtisch-am-4-oktober-2023\/#breadcrumb","itemListElement":[{"@type":"ListItem","position":1,"name":"Home","item":"https:\/\/www.naturparkmagazin.de\/am-stettiner-haff\/"},{"@type":"ListItem","position":2,"name":"Naturpark-Stammtisch am 4. Oktober 2023"}]},{"@type":"WebSite","@id":"https:\/\/www.naturparkmagazin.de\/am-stettiner-haff\/#website","url":"https:\/\/www.naturparkmagazin.de\/am-stettiner-haff\/","name":"Naturpark Am Stettiner Haff","description":"","potentialAction":[{"@type":"SearchAction","target":{"@type":"EntryPoint","urlTemplate":"https:\/\/www.naturparkmagazin.de\/am-stettiner-haff\/?s={search_term_string}"},"query-input":"required name=search_term_string"}],"inLanguage":"de"},{"@type":"Person","@id":"https:\/\/www.naturparkmagazin.de\/am-stettiner-haff\/#\/schema\/person\/4a7208080dbbfb024d81129b7960c725","name":"Jochen Elberskirch","sameAs":["http:\/\/www.naturpark-am-stettiner-haff.de"],"url":"https:\/\/www.naturparkmagazin.de\/am-stettiner-haff\/author\/jochenelberskirch\/"}]}},"_links":{"self":[{"href":"https:\/\/www.naturparkmagazin.de\/am-stettiner-haff\/wp-json\/wp\/v2\/posts\/3634"}],"collection":[{"href":"https:\/\/www.naturparkmagazin.de\/am-stettiner-haff\/wp-json\/wp\/v2\/posts"}],"about":[{"href":"https:\/\/www.naturparkmagazin.de\/am-stettiner-haff\/wp-json\/wp\/v2\/types\/post"}],"author":[{"embeddable":true,"href":"https:\/\/www.naturparkmagazin.de\/am-stettiner-haff\/wp-json\/wp\/v2\/users\/26"}],"replies":[{"embeddable":true,"href":"https:\/\/www.naturparkmagazin.de\/am-stettiner-haff\/wp-json\/wp\/v2\/comments?post=3634"}],"version-history":[{"count":3,"href":"https:\/\/www.naturparkmagazin.de\/am-stettiner-haff\/wp-json\/wp\/v2\/posts\/3634\/revisions"}],"predecessor-version":[{"id":3638,"href":"https:\/\/www.naturparkmagazin.de\/am-stettiner-haff\/wp-json\/wp\/v2\/posts\/3634\/revisions\/3638"}],"wp:featuredmedia":[{"embeddable":true,"href":"https:\/\/www.naturparkmagazin.de\/am-stettiner-haff\/wp-json\/wp\/v2\/media\/1164"}],"wp:attachment":[{"href":"https:\/\/www.naturparkmagazin.de\/am-stettiner-haff\/wp-json\/wp\/v2\/media?parent=3634"}],"wp:term":[{"taxonomy":"category","embeddable":true,"href":"https:\/\/www.naturparkmagazin.de\/am-stettiner-haff\/wp-json\/wp\/v2\/categories?post=3634"},{"taxonomy":"post_tag","embeddable":true,"href":"https:\/\/www.naturparkmagazin.de\/am-stettiner-haff\/wp-json\/wp\/v2\/tags?post=3634"}],"curies":[{"name":"wp","href":"https:\/\/api.w.org\/{rel}","templated":true}]}}