{"id":3656,"date":"2023-10-19T07:47:40","date_gmt":"2023-10-19T05:47:40","guid":{"rendered":"https:\/\/www.naturparkmagazin.de\/am-stettiner-haff\/?p=3656"},"modified":"2023-10-19T07:47:40","modified_gmt":"2023-10-19T05:47:40","slug":"winterakademie-haff-kreise","status":"publish","type":"post","link":"https:\/\/www.naturparkmagazin.de\/am-stettiner-haff\/winterakademie-haff-kreise\/","title":{"rendered":"Winterakademie &#8211; &#8222;Haff-Kreise&#8220;"},"content":{"rendered":"<p>Auch in diesem Jahr werden wieder interessante Vortr\u00e4ge f\u00fcr die &#8222;Winterakademie&#8220; durch den F\u00f6rderverein Naturpark am Stettiner Haff vorbereitet und durchgef\u00fchrt. Den Anfang macht ein Vortrag \u00fcber die &#8222;Haff-Kreise&#8220;. Vor der Insel Karsibor sind auf polnischer Seite merkw\u00fcrdige kreisrunde Gebilde im Haff entstanden. Unser Referent, Herr Frank Joisten, hat diese besucht und wird im ersten Beitrag der Winterakademie 2023 \/ 2024 \u00fcber Entstehung und Zweckbestimmung Auskunft geben k\u00f6nnen. Dieser mit Sicherheit sehr interessante Vortrag findet am 09. November 2023 um 18:00 Uhr im Besucher- und Informationszentrum<\/p>\n<p>(BIZ) im Geb\u00e4ude des Naturparkes in Eggesin statt. Es handelt sich wieder um eine \u00f6ffentliche Veranstaltung, zu der alle Interessierten herzlich eingeladen sind.<\/p>\n<p>&nbsp;<\/p>\n<p><a href=\"https:\/\/www.naturparkmagazin.de\/am-stettiner-haff\/wp-content\/uploads\/sites\/29\/Haffkreise.jpg\"><img decoding=\"async\" loading=\"lazy\" class=\"aligncenter size-medium wp-image-3657\" src=\"https:\/\/www.naturparkmagazin.de\/am-stettiner-haff\/wp-content\/uploads\/sites\/29\/Haffkreise-620x827.jpg\" alt=\"\" width=\"620\" height=\"827\" srcset=\"https:\/\/www.naturparkmagazin.de\/am-stettiner-haff\/wp-content\/uploads\/sites\/29\/Haffkreise-620x827.jpg 620w, https:\/\/www.naturparkmagazin.de\/am-stettiner-haff\/wp-content\/uploads\/sites\/29\/Haffkreise-940x1253.jpg 940w, https:\/\/www.naturparkmagazin.de\/am-stettiner-haff\/wp-content\/uploads\/sites\/29\/Haffkreise-300x400.jpg 300w, https:\/\/www.naturparkmagazin.de\/am-stettiner-haff\/wp-content\/uploads\/sites\/29\/Haffkreise-1152x1536.jpg 1152w, https:\/\/www.naturparkmagazin.de\/am-stettiner-haff\/wp-content\/uploads\/sites\/29\/Haffkreise-500x667.jpg 500w, https:\/\/www.naturparkmagazin.de\/am-stettiner-haff\/wp-content\/uploads\/sites\/29\/Haffkreise-420x560.jpg 420w, https:\/\/www.naturparkmagazin.de\/am-stettiner-haff\/wp-content\/uploads\/sites\/29\/Haffkreise-135x180.jpg 135w, https:\/\/www.naturparkmagazin.de\/am-stettiner-haff\/wp-content\/uploads\/sites\/29\/Haffkreise-53x71.jpg 53w, https:\/\/www.naturparkmagazin.de\/am-stettiner-haff\/wp-content\/uploads\/sites\/29\/Haffkreise-670x893.jpg 670w, https:\/\/www.naturparkmagazin.de\/am-stettiner-haff\/wp-content\/uploads\/sites\/29\/Haffkreise-200x267.jpg 200w, https:\/\/www.naturparkmagazin.de\/am-stettiner-haff\/wp-content\/uploads\/sites\/29\/Haffkreise.jpg 1536w\" sizes=\"(max-width: 620px) 100vw, 620px\" \/><\/a><\/p>\n","protected":false},"excerpt":{"rendered":"<p>Auch in diesem Jahr werden wieder interessante Vortr\u00e4ge f\u00fcr die &#8222;Winterakademie&#8220; durch den F\u00f6rderverein Naturpark am Stettiner Haff vorbereitet und durchgef\u00fchrt. Den Anfang macht ein Vortrag \u00fcber die &#8222;Haff-Kreise&#8220;. Vor der Insel Karsibor sind auf polnischer Seite merkw\u00fcrdige kreisrunde Gebilde im Haff entstanden. Unser Referent, Herr Frank Joisten, hat diese besucht und wird im ersten<\/p>\n","protected":false},"author":26,"featured_media":3657,"comment_status":"open","ping_status":"open","sticky":false,"template":"","format":"standard","meta":[],"categories":[11],"tags":[],"yoast_head":"<!-- This site is optimized with the Yoast SEO plugin v19.10 - https:\/\/yoast.com\/wordpress\/plugins\/seo\/ -->\n<title>Winterakademie - &quot;Haff-Kreise&quot; - Naturpark Am Stettiner Haff<\/title>\n<meta name=\"robots\" content=\"index, follow, max-snippet:-1, max-image-preview:large, max-video-preview:-1\" \/>\n<link rel=\"canonical\" href=\"https:\/\/www.naturparkmagazin.de\/am-stettiner-haff\/winterakademie-haff-kreise\/\" \/>\n<meta property=\"og:locale\" content=\"de_DE\" \/>\n<meta property=\"og:type\" content=\"article\" \/>\n<meta property=\"og:title\" content=\"Winterakademie - &quot;Haff-Kreise&quot; - Naturpark Am Stettiner Haff\" \/>\n<meta property=\"og:description\" content=\"Auch in diesem Jahr werden wieder interessante Vortr\u00e4ge f\u00fcr die &#8222;Winterakademie&#8220; durch den F\u00f6rderverein Naturpark am Stettiner Haff vorbereitet und durchgef\u00fchrt. Den Anfang macht ein Vortrag \u00fcber die &#8222;Haff-Kreise&#8220;. Vor der Insel Karsibor sind auf polnischer Seite merkw\u00fcrdige kreisrunde Gebilde im Haff entstanden. Unser Referent, Herr Frank Joisten, hat diese besucht und wird im ersten\" \/>\n<meta property=\"og:url\" content=\"https:\/\/www.naturparkmagazin.de\/am-stettiner-haff\/winterakademie-haff-kreise\/\" \/>\n<meta property=\"og:site_name\" content=\"Naturpark Am Stettiner Haff\" \/>\n<meta property=\"article:published_time\" content=\"2023-10-19T05:47:40+00:00\" \/>\n<meta property=\"og:image\" content=\"https:\/\/www.naturparkmagazin.de\/am-stettiner-haff\/wp-content\/uploads\/sites\/29\/Haffkreise.jpg\" \/>\n\t<meta property=\"og:image:width\" content=\"1536\" \/>\n\t<meta property=\"og:image:height\" content=\"2048\" \/>\n\t<meta property=\"og:image:type\" content=\"image\/jpeg\" \/>\n<meta name=\"author\" content=\"Jochen Elberskirch\" \/>\n<meta name=\"twitter:label1\" content=\"Verfasst von\" \/>\n\t<meta name=\"twitter:data1\" content=\"Jochen Elberskirch\" \/>\n\t<meta name=\"twitter:label2\" content=\"Gesch\u00e4tzte Lesezeit\" \/>\n\t<meta name=\"twitter:data2\" content=\"1\u00a0Minute\" \/>\n<script type=\"application\/ld+json\" class=\"yoast-schema-graph\">{\"@context\":\"https:\/\/schema.org\",\"@graph\":[{\"@type\":\"WebPage\",\"@id\":\"https:\/\/www.naturparkmagazin.de\/am-stettiner-haff\/winterakademie-haff-kreise\/\",\"url\":\"https:\/\/www.naturparkmagazin.de\/am-stettiner-haff\/winterakademie-haff-kreise\/\",\"name\":\"Winterakademie - \\\"Haff-Kreise\\\" - Naturpark Am Stettiner Haff\",\"isPartOf\":{\"@id\":\"https:\/\/www.naturparkmagazin.de\/am-stettiner-haff\/#website\"},\"datePublished\":\"2023-10-19T05:47:40+00:00\",\"dateModified\":\"2023-10-19T05:47:40+00:00\",\"author\":{\"@id\":\"https:\/\/www.naturparkmagazin.de\/am-stettiner-haff\/#\/schema\/person\/4a7208080dbbfb024d81129b7960c725\"},\"breadcrumb\":{\"@id\":\"https:\/\/www.naturparkmagazin.de\/am-stettiner-haff\/winterakademie-haff-kreise\/#breadcrumb\"},\"inLanguage\":\"de\",\"potentialAction\":[{\"@type\":\"ReadAction\",\"target\":[\"https:\/\/www.naturparkmagazin.de\/am-stettiner-haff\/winterakademie-haff-kreise\/\"]}]},{\"@type\":\"BreadcrumbList\",\"@id\":\"https:\/\/www.naturparkmagazin.de\/am-stettiner-haff\/winterakademie-haff-kreise\/#breadcrumb\",\"itemListElement\":[{\"@type\":\"ListItem\",\"position\":1,\"name\":\"Home\",\"item\":\"https:\/\/www.naturparkmagazin.de\/am-stettiner-haff\/\"},{\"@type\":\"ListItem\",\"position\":2,\"name\":\"Winterakademie &#8211; &#8222;Haff-Kreise&#8220;\"}]},{\"@type\":\"WebSite\",\"@id\":\"https:\/\/www.naturparkmagazin.de\/am-stettiner-haff\/#website\",\"url\":\"https:\/\/www.naturparkmagazin.de\/am-stettiner-haff\/\",\"name\":\"Naturpark Am Stettiner Haff\",\"description\":\"\",\"potentialAction\":[{\"@type\":\"SearchAction\",\"target\":{\"@type\":\"EntryPoint\",\"urlTemplate\":\"https:\/\/www.naturparkmagazin.de\/am-stettiner-haff\/?s={search_term_string}\"},\"query-input\":\"required name=search_term_string\"}],\"inLanguage\":\"de\"},{\"@type\":\"Person\",\"@id\":\"https:\/\/www.naturparkmagazin.de\/am-stettiner-haff\/#\/schema\/person\/4a7208080dbbfb024d81129b7960c725\",\"name\":\"Jochen Elberskirch\",\"sameAs\":[\"http:\/\/www.naturpark-am-stettiner-haff.de\"],\"url\":\"https:\/\/www.naturparkmagazin.de\/am-stettiner-haff\/author\/jochenelberskirch\/\"}]}<\/script>\n<!-- \/ Yoast SEO plugin. -->","yoast_head_json":{"title":"Winterakademie - \"Haff-Kreise\" - Naturpark Am Stettiner Haff","robots":{"index":"index","follow":"follow","max-snippet":"max-snippet:-1","max-image-preview":"max-image-preview:large","max-video-preview":"max-video-preview:-1"},"canonical":"https:\/\/www.naturparkmagazin.de\/am-stettiner-haff\/winterakademie-haff-kreise\/","og_locale":"de_DE","og_type":"article","og_title":"Winterakademie - \"Haff-Kreise\" - Naturpark Am Stettiner Haff","og_description":"Auch in diesem Jahr werden wieder interessante Vortr\u00e4ge f\u00fcr die &#8222;Winterakademie&#8220; durch den F\u00f6rderverein Naturpark am Stettiner Haff vorbereitet und durchgef\u00fchrt. Den Anfang macht ein Vortrag \u00fcber die &#8222;Haff-Kreise&#8220;. Vor der Insel Karsibor sind auf polnischer Seite merkw\u00fcrdige kreisrunde Gebilde im Haff entstanden. Unser Referent, Herr Frank Joisten, hat diese besucht und wird im ersten","og_url":"https:\/\/www.naturparkmagazin.de\/am-stettiner-haff\/winterakademie-haff-kreise\/","og_site_name":"Naturpark Am Stettiner Haff","article_published_time":"2023-10-19T05:47:40+00:00","og_image":[{"width":1536,"height":2048,"url":"https:\/\/www.naturparkmagazin.de\/am-stettiner-haff\/wp-content\/uploads\/sites\/29\/Haffkreise.jpg","type":"image\/jpeg"}],"author":"Jochen Elberskirch","twitter_misc":{"Verfasst von":"Jochen Elberskirch","Gesch\u00e4tzte Lesezeit":"1\u00a0Minute"},"schema":{"@context":"https:\/\/schema.org","@graph":[{"@type":"WebPage","@id":"https:\/\/www.naturparkmagazin.de\/am-stettiner-haff\/winterakademie-haff-kreise\/","url":"https:\/\/www.naturparkmagazin.de\/am-stettiner-haff\/winterakademie-haff-kreise\/","name":"Winterakademie - \"Haff-Kreise\" - Naturpark Am Stettiner Haff","isPartOf":{"@id":"https:\/\/www.naturparkmagazin.de\/am-stettiner-haff\/#website"},"datePublished":"2023-10-19T05:47:40+00:00","dateModified":"2023-10-19T05:47:40+00:00","author":{"@id":"https:\/\/www.naturparkmagazin.de\/am-stettiner-haff\/#\/schema\/person\/4a7208080dbbfb024d81129b7960c725"},"breadcrumb":{"@id":"https:\/\/www.naturparkmagazin.de\/am-stettiner-haff\/winterakademie-haff-kreise\/#breadcrumb"},"inLanguage":"de","potentialAction":[{"@type":"ReadAction","target":["https:\/\/www.naturparkmagazin.de\/am-stettiner-haff\/winterakademie-haff-kreise\/"]}]},{"@type":"BreadcrumbList","@id":"https:\/\/www.naturparkmagazin.de\/am-stettiner-haff\/winterakademie-haff-kreise\/#breadcrumb","itemListElement":[{"@type":"ListItem","position":1,"name":"Home","item":"https:\/\/www.naturparkmagazin.de\/am-stettiner-haff\/"},{"@type":"ListItem","position":2,"name":"Winterakademie &#8211; &#8222;Haff-Kreise&#8220;"}]},{"@type":"WebSite","@id":"https:\/\/www.naturparkmagazin.de\/am-stettiner-haff\/#website","url":"https:\/\/www.naturparkmagazin.de\/am-stettiner-haff\/","name":"Naturpark Am Stettiner Haff","description":"","potentialAction":[{"@type":"SearchAction","target":{"@type":"EntryPoint","urlTemplate":"https:\/\/www.naturparkmagazin.de\/am-stettiner-haff\/?s={search_term_string}"},"query-input":"required name=search_term_string"}],"inLanguage":"de"},{"@type":"Person","@id":"https:\/\/www.naturparkmagazin.de\/am-stettiner-haff\/#\/schema\/person\/4a7208080dbbfb024d81129b7960c725","name":"Jochen Elberskirch","sameAs":["http:\/\/www.naturpark-am-stettiner-haff.de"],"url":"https:\/\/www.naturparkmagazin.de\/am-stettiner-haff\/author\/jochenelberskirch\/"}]}},"_links":{"self":[{"href":"https:\/\/www.naturparkmagazin.de\/am-stettiner-haff\/wp-json\/wp\/v2\/posts\/3656"}],"collection":[{"href":"https:\/\/www.naturparkmagazin.de\/am-stettiner-haff\/wp-json\/wp\/v2\/posts"}],"about":[{"href":"https:\/\/www.naturparkmagazin.de\/am-stettiner-haff\/wp-json\/wp\/v2\/types\/post"}],"author":[{"embeddable":true,"href":"https:\/\/www.naturparkmagazin.de\/am-stettiner-haff\/wp-json\/wp\/v2\/users\/26"}],"replies":[{"embeddable":true,"href":"https:\/\/www.naturparkmagazin.de\/am-stettiner-haff\/wp-json\/wp\/v2\/comments?post=3656"}],"version-history":[{"count":1,"href":"https:\/\/www.naturparkmagazin.de\/am-stettiner-haff\/wp-json\/wp\/v2\/posts\/3656\/revisions"}],"predecessor-version":[{"id":3658,"href":"https:\/\/www.naturparkmagazin.de\/am-stettiner-haff\/wp-json\/wp\/v2\/posts\/3656\/revisions\/3658"}],"wp:featuredmedia":[{"embeddable":true,"href":"https:\/\/www.naturparkmagazin.de\/am-stettiner-haff\/wp-json\/wp\/v2\/media\/3657"}],"wp:attachment":[{"href":"https:\/\/www.naturparkmagazin.de\/am-stettiner-haff\/wp-json\/wp\/v2\/media?parent=3656"}],"wp:term":[{"taxonomy":"category","embeddable":true,"href":"https:\/\/www.naturparkmagazin.de\/am-stettiner-haff\/wp-json\/wp\/v2\/categories?post=3656"},{"taxonomy":"post_tag","embeddable":true,"href":"https:\/\/www.naturparkmagazin.de\/am-stettiner-haff\/wp-json\/wp\/v2\/tags?post=3656"}],"curies":[{"name":"wp","href":"https:\/\/api.w.org\/{rel}","templated":true}]}}