{"id":373,"date":"2013-09-22T08:51:04","date_gmt":"2013-09-22T06:51:04","guid":{"rendered":"http:\/\/www.naturparkmagazin.de\/am-stettiner-haff\/?p=373"},"modified":"2013-10-01T11:00:35","modified_gmt":"2013-10-01T09:00:35","slug":"hupp-hupp-der-wiedehopf-in-der-ueckermuender-heide","status":"publish","type":"post","link":"https:\/\/www.naturparkmagazin.de\/am-stettiner-haff\/hupp-hupp-der-wiedehopf-in-der-ueckermuender-heide\/","title":{"rendered":"&#8222;Hupp-hupp&#8220; &#8211; der Wiedehopf in der Ueckerm\u00fcnder Heide"},"content":{"rendered":"<div id=\"attachment_375\" style=\"width: 610px\" class=\"wp-caption aligncenter\"><a href=\"https:\/\/www.naturparkmagazin.de\/am-stettiner-haff\/wp-content\/uploads\/sites\/29\/Wiedehopf-Ludwigshof-2013.jpg\"><img aria-describedby=\"caption-attachment-375\" decoding=\"async\" loading=\"lazy\" class=\" wp-image-375    \" title=\"Wiedhopf in Ludwigshof (Foto: Dieter Sandvoss)\" alt=\"Wiedhopf in Ludwigshof (Foto: Dieter Sandvoss)\" src=\"https:\/\/www.naturparkmagazin.de\/am-stettiner-haff\/wp-content\/uploads\/sites\/29\/Wiedehopf-Ludwigshof-2013.jpg\" width=\"600\" height=\"400\" srcset=\"https:\/\/www.naturparkmagazin.de\/am-stettiner-haff\/wp-content\/uploads\/sites\/29\/Wiedehopf-Ludwigshof-2013.jpg 1000w, https:\/\/www.naturparkmagazin.de\/am-stettiner-haff\/wp-content\/uploads\/sites\/29\/Wiedehopf-Ludwigshof-2013-300x200.jpg 300w, https:\/\/www.naturparkmagazin.de\/am-stettiner-haff\/wp-content\/uploads\/sites\/29\/Wiedehopf-Ludwigshof-2013-620x414.jpg 620w, https:\/\/www.naturparkmagazin.de\/am-stettiner-haff\/wp-content\/uploads\/sites\/29\/Wiedehopf-Ludwigshof-2013-940x627.jpg 940w, https:\/\/www.naturparkmagazin.de\/am-stettiner-haff\/wp-content\/uploads\/sites\/29\/Wiedehopf-Ludwigshof-2013-670x447.jpg 670w, https:\/\/www.naturparkmagazin.de\/am-stettiner-haff\/wp-content\/uploads\/sites\/29\/Wiedehopf-Ludwigshof-2013-200x133.jpg 200w\" sizes=\"(max-width: 600px) 100vw, 600px\" \/><\/a><p id=\"caption-attachment-375\" class=\"wp-caption-text\">Wiedhopf in Ludwigshof (Foto: Dieter Sandvoss)<\/p><\/div>\n<p>von Frank Joisten<\/p>\n<p>Aus Kinderliedern und Fotos\u00a0 ist manchem der Wiedehopf bekannt. Die wenigsten haben aber den schmetterlingsgleich fliegenden, wei\u00df-schwarz- rostfarben gemusterten Vogel mit der Indianerhaube in Natura gesehen. Nur im Naturpark \u201e Am Stettiner Haff\u201c, rund um die \u00dcbungspl\u00e4tze der Bundeswehr besteht in Mecklenburg \u2013 Vorpommern die M\u00f6glichkeit den seltenen Vogel zu beobachten. <!--more-->Das liegt vor allem daran, dass der Wiedehopf Biotope ben\u00f6tigt, die in Mecklenburg- Vorpommern \u00fcberwiegend in der Ueckerm\u00fcnder Heide vorkommen. Als Zugvogel kehrt der Wiedehopf ab Mitte April in sein Brutgebiet zur\u00fcck und zeigt sein Revier mit dem Ruf: Hupp-Hupp an, welcher ihm auch seinen wissenschaftlichen Namen einbrachte \u2013 Upupa epopos.<\/p>\n<p>Mit seine kurzen Beinen und seinem langen Schnabel ben\u00f6tigt er l\u00fcckige Trockenrasen oder auch sandige Gebiete, um seine Lieblingsbeute die Maulwurfsgrille und die Larven von Gro\u00dfinsekten aus dem Boden zu stochern. F\u00fcr seine Brut ben\u00f6tigt er eine H\u00f6hle mit einem Einflugloch von mindestens 50 mm. Solche H\u00f6hlen in B\u00e4umen sind knapp und er steht dabei in st\u00e4ndiger in Konkurrenz zu den Staren, die h\u00e4ufig dem erst Mitte April ankommenden Wiedehopf den Nistplatz streitig machen. Deshalb haben Mitarbeiter des Naturparks\u201c Am Stettiner Haff\u201c in den vergangenen Jahren, in g\u00fcnstigen Biotopen, Nistk\u00e4sten die den Anspr\u00fcchen des Wiedehopfes entgegenkommen, ausgebracht. In diesem Jahr wurden K\u00e4sten sowohl in Ahlbeck als auch in Ludwigshof zur erfolgreichen Aufzucht von jungen Wiedehopfen genutzt. Je zweimal hintereinander zogen die Eltern im gleichen Kasten insgesamt 14 Jungv\u00f6gel auf. Das erste Mal das Wiedehopfe \u00a0au\u00dferhalb der \u00dcbungspl\u00e4tze der Bundeswehr Wiedehopfe in Nistk\u00e4sten erfolgreich br\u00fcteten.<\/p>\n<div id=\"attachment_377\" style=\"width: 310px\" class=\"wp-caption alignleft\"><a href=\"https:\/\/www.naturparkmagazin.de\/am-stettiner-haff\/wp-content\/uploads\/sites\/29\/Wiedehopfe.jpg\"><img aria-describedby=\"caption-attachment-377\" decoding=\"async\" loading=\"lazy\" class=\"size-thumbnail wp-image-377  \" title=\"Wiedehopfe - erste Brut (Foto: Frank Joisten)\" alt=\"Wiedehopfe - erste Brut (Foto: Frank Joisten)\" src=\"https:\/\/www.naturparkmagazin.de\/am-stettiner-haff\/wp-content\/uploads\/sites\/29\/Wiedehopfe-300x203.jpg\" width=\"300\" height=\"203\" \/><\/a><p id=\"caption-attachment-377\" class=\"wp-caption-text\">Wiedehopfe &#8211; erste Brut (Foto: Frank Joisten)<\/p><\/div>\n<div id=\"attachment_378\" style=\"width: 310px\" class=\"wp-caption alignright\"><a href=\"https:\/\/www.naturparkmagazin.de\/am-stettiner-haff\/wp-content\/uploads\/sites\/29\/Wiedehopfe-alt.jpg\"><img aria-describedby=\"caption-attachment-378\" decoding=\"async\" loading=\"lazy\" class=\"size-thumbnail wp-image-378 \" title=\"Wiedehopfe - zweite Brut (Foto: Martin Winter)\" alt=\"Wiedehopfe - zweite Brut (Foto: Martin Winter)\" src=\"https:\/\/www.naturparkmagazin.de\/am-stettiner-haff\/wp-content\/uploads\/sites\/29\/Wiedehopfe-alt-300x199.jpg\" width=\"300\" height=\"199\" \/><\/a><p id=\"caption-attachment-378\" class=\"wp-caption-text\">Wiedehopfe &#8211; zweite Brut (Foto: Martin Winter)<\/p><\/div>\n<p>Um weitere Erkenntnisse \u00fcber die V\u00f6gel zu erhalten, wurden die Jungen gemeinsam mit Frank Joisten, Eggesin und Mitarbeitern des Naturparks mit Ringen der Vogelberingungszentrale Hiddensee beringt. Auf die Fortsetzung zur in der n\u00e4chsten Brutsaison darf man gespannt sein.<\/p>\n","protected":false},"excerpt":{"rendered":"<p>Aus Kinderliedern und Fotos  ist manchem der Wiedehopf bekannt. Die wenigsten haben aber den schmetterlingsgleich fliegenden, wei\u00df-schwarz- rostfarben gemusterten Vogel mit der Indianerhaube in Natura gesehen. <\/p>\n","protected":false},"author":26,"featured_media":375,"comment_status":"open","ping_status":"open","sticky":false,"template":"","format":"standard","meta":[],"categories":[7],"tags":[],"yoast_head":"<!-- This site is optimized with the Yoast SEO plugin v19.10 - https:\/\/yoast.com\/wordpress\/plugins\/seo\/ -->\n<title>&quot;Hupp-hupp&quot; - der Wiedehopf in der Ueckerm\u00fcnder Heide - Naturpark Am Stettiner Haff<\/title>\n<meta name=\"robots\" content=\"index, follow, max-snippet:-1, max-image-preview:large, max-video-preview:-1\" \/>\n<link rel=\"canonical\" href=\"https:\/\/www.naturparkmagazin.de\/am-stettiner-haff\/hupp-hupp-der-wiedehopf-in-der-ueckermuender-heide\/\" \/>\n<meta property=\"og:locale\" content=\"de_DE\" \/>\n<meta property=\"og:type\" content=\"article\" \/>\n<meta property=\"og:title\" content=\"&quot;Hupp-hupp&quot; - der Wiedehopf in der Ueckerm\u00fcnder Heide - Naturpark Am Stettiner Haff\" \/>\n<meta property=\"og:description\" content=\"Aus Kinderliedern und Fotos ist manchem der Wiedehopf bekannt. Die wenigsten haben aber den schmetterlingsgleich fliegenden, wei\u00df-schwarz- rostfarben gemusterten Vogel mit der Indianerhaube in Natura gesehen.\" \/>\n<meta property=\"og:url\" content=\"https:\/\/www.naturparkmagazin.de\/am-stettiner-haff\/hupp-hupp-der-wiedehopf-in-der-ueckermuender-heide\/\" \/>\n<meta property=\"og:site_name\" content=\"Naturpark Am Stettiner Haff\" \/>\n<meta property=\"article:published_time\" content=\"2013-09-22T06:51:04+00:00\" \/>\n<meta property=\"article:modified_time\" content=\"2013-10-01T09:00:35+00:00\" \/>\n<meta property=\"og:image\" content=\"https:\/\/www.naturparkmagazin.de\/am-stettiner-haff\/wp-content\/uploads\/sites\/29\/Wiedehopf-Ludwigshof-2013.jpg\" \/>\n\t<meta property=\"og:image:width\" content=\"1000\" \/>\n\t<meta property=\"og:image:height\" content=\"667\" \/>\n\t<meta property=\"og:image:type\" content=\"image\/jpeg\" \/>\n<meta name=\"author\" content=\"Jochen Elberskirch\" \/>\n<meta name=\"twitter:label1\" content=\"Verfasst von\" \/>\n\t<meta name=\"twitter:data1\" content=\"Jochen Elberskirch\" \/>\n\t<meta name=\"twitter:label2\" content=\"Gesch\u00e4tzte Lesezeit\" \/>\n\t<meta name=\"twitter:data2\" content=\"2\u00a0Minuten\" \/>\n<script type=\"application\/ld+json\" class=\"yoast-schema-graph\">{\"@context\":\"https:\/\/schema.org\",\"@graph\":[{\"@type\":\"WebPage\",\"@id\":\"https:\/\/www.naturparkmagazin.de\/am-stettiner-haff\/hupp-hupp-der-wiedehopf-in-der-ueckermuender-heide\/\",\"url\":\"https:\/\/www.naturparkmagazin.de\/am-stettiner-haff\/hupp-hupp-der-wiedehopf-in-der-ueckermuender-heide\/\",\"name\":\"\\\"Hupp-hupp\\\" - der Wiedehopf in der Ueckerm\u00fcnder Heide - Naturpark Am Stettiner Haff\",\"isPartOf\":{\"@id\":\"https:\/\/www.naturparkmagazin.de\/am-stettiner-haff\/#website\"},\"datePublished\":\"2013-09-22T06:51:04+00:00\",\"dateModified\":\"2013-10-01T09:00:35+00:00\",\"author\":{\"@id\":\"https:\/\/www.naturparkmagazin.de\/am-stettiner-haff\/#\/schema\/person\/4a7208080dbbfb024d81129b7960c725\"},\"breadcrumb\":{\"@id\":\"https:\/\/www.naturparkmagazin.de\/am-stettiner-haff\/hupp-hupp-der-wiedehopf-in-der-ueckermuender-heide\/#breadcrumb\"},\"inLanguage\":\"de\",\"potentialAction\":[{\"@type\":\"ReadAction\",\"target\":[\"https:\/\/www.naturparkmagazin.de\/am-stettiner-haff\/hupp-hupp-der-wiedehopf-in-der-ueckermuender-heide\/\"]}]},{\"@type\":\"BreadcrumbList\",\"@id\":\"https:\/\/www.naturparkmagazin.de\/am-stettiner-haff\/hupp-hupp-der-wiedehopf-in-der-ueckermuender-heide\/#breadcrumb\",\"itemListElement\":[{\"@type\":\"ListItem\",\"position\":1,\"name\":\"Home\",\"item\":\"https:\/\/www.naturparkmagazin.de\/am-stettiner-haff\/\"},{\"@type\":\"ListItem\",\"position\":2,\"name\":\"&#8222;Hupp-hupp&#8220; &#8211; der Wiedehopf in der Ueckerm\u00fcnder Heide\"}]},{\"@type\":\"WebSite\",\"@id\":\"https:\/\/www.naturparkmagazin.de\/am-stettiner-haff\/#website\",\"url\":\"https:\/\/www.naturparkmagazin.de\/am-stettiner-haff\/\",\"name\":\"Naturpark Am Stettiner Haff\",\"description\":\"\",\"potentialAction\":[{\"@type\":\"SearchAction\",\"target\":{\"@type\":\"EntryPoint\",\"urlTemplate\":\"https:\/\/www.naturparkmagazin.de\/am-stettiner-haff\/?s={search_term_string}\"},\"query-input\":\"required name=search_term_string\"}],\"inLanguage\":\"de\"},{\"@type\":\"Person\",\"@id\":\"https:\/\/www.naturparkmagazin.de\/am-stettiner-haff\/#\/schema\/person\/4a7208080dbbfb024d81129b7960c725\",\"name\":\"Jochen Elberskirch\",\"sameAs\":[\"http:\/\/www.naturpark-am-stettiner-haff.de\"],\"url\":\"https:\/\/www.naturparkmagazin.de\/am-stettiner-haff\/author\/jochenelberskirch\/\"}]}<\/script>\n<!-- \/ Yoast SEO plugin. -->","yoast_head_json":{"title":"\"Hupp-hupp\" - der Wiedehopf in der Ueckerm\u00fcnder Heide - Naturpark Am Stettiner Haff","robots":{"index":"index","follow":"follow","max-snippet":"max-snippet:-1","max-image-preview":"max-image-preview:large","max-video-preview":"max-video-preview:-1"},"canonical":"https:\/\/www.naturparkmagazin.de\/am-stettiner-haff\/hupp-hupp-der-wiedehopf-in-der-ueckermuender-heide\/","og_locale":"de_DE","og_type":"article","og_title":"\"Hupp-hupp\" - der Wiedehopf in der Ueckerm\u00fcnder Heide - Naturpark Am Stettiner Haff","og_description":"Aus Kinderliedern und Fotos ist manchem der Wiedehopf bekannt. Die wenigsten haben aber den schmetterlingsgleich fliegenden, wei\u00df-schwarz- rostfarben gemusterten Vogel mit der Indianerhaube in Natura gesehen.","og_url":"https:\/\/www.naturparkmagazin.de\/am-stettiner-haff\/hupp-hupp-der-wiedehopf-in-der-ueckermuender-heide\/","og_site_name":"Naturpark Am Stettiner Haff","article_published_time":"2013-09-22T06:51:04+00:00","article_modified_time":"2013-10-01T09:00:35+00:00","og_image":[{"width":1000,"height":667,"url":"https:\/\/www.naturparkmagazin.de\/am-stettiner-haff\/wp-content\/uploads\/sites\/29\/Wiedehopf-Ludwigshof-2013.jpg","type":"image\/jpeg"}],"author":"Jochen Elberskirch","twitter_misc":{"Verfasst von":"Jochen Elberskirch","Gesch\u00e4tzte Lesezeit":"2\u00a0Minuten"},"schema":{"@context":"https:\/\/schema.org","@graph":[{"@type":"WebPage","@id":"https:\/\/www.naturparkmagazin.de\/am-stettiner-haff\/hupp-hupp-der-wiedehopf-in-der-ueckermuender-heide\/","url":"https:\/\/www.naturparkmagazin.de\/am-stettiner-haff\/hupp-hupp-der-wiedehopf-in-der-ueckermuender-heide\/","name":"\"Hupp-hupp\" - der Wiedehopf in der Ueckerm\u00fcnder Heide - Naturpark Am Stettiner Haff","isPartOf":{"@id":"https:\/\/www.naturparkmagazin.de\/am-stettiner-haff\/#website"},"datePublished":"2013-09-22T06:51:04+00:00","dateModified":"2013-10-01T09:00:35+00:00","author":{"@id":"https:\/\/www.naturparkmagazin.de\/am-stettiner-haff\/#\/schema\/person\/4a7208080dbbfb024d81129b7960c725"},"breadcrumb":{"@id":"https:\/\/www.naturparkmagazin.de\/am-stettiner-haff\/hupp-hupp-der-wiedehopf-in-der-ueckermuender-heide\/#breadcrumb"},"inLanguage":"de","potentialAction":[{"@type":"ReadAction","target":["https:\/\/www.naturparkmagazin.de\/am-stettiner-haff\/hupp-hupp-der-wiedehopf-in-der-ueckermuender-heide\/"]}]},{"@type":"BreadcrumbList","@id":"https:\/\/www.naturparkmagazin.de\/am-stettiner-haff\/hupp-hupp-der-wiedehopf-in-der-ueckermuender-heide\/#breadcrumb","itemListElement":[{"@type":"ListItem","position":1,"name":"Home","item":"https:\/\/www.naturparkmagazin.de\/am-stettiner-haff\/"},{"@type":"ListItem","position":2,"name":"&#8222;Hupp-hupp&#8220; &#8211; der Wiedehopf in der Ueckerm\u00fcnder Heide"}]},{"@type":"WebSite","@id":"https:\/\/www.naturparkmagazin.de\/am-stettiner-haff\/#website","url":"https:\/\/www.naturparkmagazin.de\/am-stettiner-haff\/","name":"Naturpark Am Stettiner Haff","description":"","potentialAction":[{"@type":"SearchAction","target":{"@type":"EntryPoint","urlTemplate":"https:\/\/www.naturparkmagazin.de\/am-stettiner-haff\/?s={search_term_string}"},"query-input":"required name=search_term_string"}],"inLanguage":"de"},{"@type":"Person","@id":"https:\/\/www.naturparkmagazin.de\/am-stettiner-haff\/#\/schema\/person\/4a7208080dbbfb024d81129b7960c725","name":"Jochen Elberskirch","sameAs":["http:\/\/www.naturpark-am-stettiner-haff.de"],"url":"https:\/\/www.naturparkmagazin.de\/am-stettiner-haff\/author\/jochenelberskirch\/"}]}},"_links":{"self":[{"href":"https:\/\/www.naturparkmagazin.de\/am-stettiner-haff\/wp-json\/wp\/v2\/posts\/373"}],"collection":[{"href":"https:\/\/www.naturparkmagazin.de\/am-stettiner-haff\/wp-json\/wp\/v2\/posts"}],"about":[{"href":"https:\/\/www.naturparkmagazin.de\/am-stettiner-haff\/wp-json\/wp\/v2\/types\/post"}],"author":[{"embeddable":true,"href":"https:\/\/www.naturparkmagazin.de\/am-stettiner-haff\/wp-json\/wp\/v2\/users\/26"}],"replies":[{"embeddable":true,"href":"https:\/\/www.naturparkmagazin.de\/am-stettiner-haff\/wp-json\/wp\/v2\/comments?post=373"}],"version-history":[{"count":11,"href":"https:\/\/www.naturparkmagazin.de\/am-stettiner-haff\/wp-json\/wp\/v2\/posts\/373\/revisions"}],"predecessor-version":[{"id":465,"href":"https:\/\/www.naturparkmagazin.de\/am-stettiner-haff\/wp-json\/wp\/v2\/posts\/373\/revisions\/465"}],"wp:featuredmedia":[{"embeddable":true,"href":"https:\/\/www.naturparkmagazin.de\/am-stettiner-haff\/wp-json\/wp\/v2\/media\/375"}],"wp:attachment":[{"href":"https:\/\/www.naturparkmagazin.de\/am-stettiner-haff\/wp-json\/wp\/v2\/media?parent=373"}],"wp:term":[{"taxonomy":"category","embeddable":true,"href":"https:\/\/www.naturparkmagazin.de\/am-stettiner-haff\/wp-json\/wp\/v2\/categories?post=373"},{"taxonomy":"post_tag","embeddable":true,"href":"https:\/\/www.naturparkmagazin.de\/am-stettiner-haff\/wp-json\/wp\/v2\/tags?post=373"}],"curies":[{"name":"wp","href":"https:\/\/api.w.org\/{rel}","templated":true}]}}