{"id":476,"date":"2013-10-30T09:14:17","date_gmt":"2013-10-30T07:14:17","guid":{"rendered":"http:\/\/www.naturparkmagazin.de\/am-stettiner-haff\/?p=476"},"modified":"2013-10-30T09:48:03","modified_gmt":"2013-10-30T07:48:03","slug":"zu-gast-bei-freunden-exkursion-mit-ueberaschung","status":"publish","type":"post","link":"https:\/\/www.naturparkmagazin.de\/am-stettiner-haff\/zu-gast-bei-freunden-exkursion-mit-ueberaschung\/","title":{"rendered":"Zu Gast bei Freunden &#8211; Exkursion mit &#8222;\u00dcberraschung&#8220;"},"content":{"rendered":"<p>Tr\u00e4ume, ja Tr\u00e4ume sind es, die unsere Handlungen und unsere Ziele bestimmen. Meist sind es kleinere Tr\u00e4ume auf deren Erf\u00fcllung wir hinarbeiten. Und die Realisierung solcher kleinen Tr\u00e4ume sind die H\u00f6hepunkte, welche jeder f\u00fcr sich selbst bestimmt&#8230;<!--more--><\/p>\n<p>Einen solchen kleinen H\u00f6hepunkt konnten die Mitarbeiter der beiden Naturparke &#8222;Insel Usedom&#8220; und &#8222;Am Stettiner Haff&#8220; bei ihrem letzten Arbeitstreffen bei der Direktion der Landschaftsparke der Wojewodschaft Westpommerns erleben. Nach dem eigentlichen Arbeitstreffen in den R\u00e4umlichkeiten der Direktion in Stettin, wo es unter anderem um gemeinsame k\u00fcnftige Projekte ging, luden\u00a0die Gastgeber &#8211; das\u00a0Team der Landschaftsparke um Direktorin Dorota Janicka\u00a0&#8211; zu einer\u00a0Exkursion mit\u00a0&#8222;\u00dcberraschung&#8220;\u00a0in den Drawske Landschaftspark ein.<\/p>\n<p>Rund 130 km \u00f6stlich von Stettin lag der erste Exkursionspunkt in der N\u00e4he der kleinen Ortschaft Jablonowo. Von hier ging es mit sachkundiger Begleitung in das Gebiet der Europ\u00e4ischen Wisente, welche dort in freier Wildbahn leben.<\/p>\n<p>Ein erster Stopp an einem Feldrand bescherte die ersten Sichtkontakte zu den gewaltigen Paarhufern. Zwei kleinere Herden mit insgsamt 13 Tieren pr\u00e4sentierten sich in v\u00f6lliger Gelassenheit den Exkursionsteilnehmern. Wie in Filmen und Dokumentationen aus ferneren Gebieten dieser Erde konnten die Wisente bestaunt werden.<\/p>\n<div id=\"attachment_479\" style=\"width: 630px\" class=\"wp-caption aligncenter\"><a href=\"https:\/\/www.naturparkmagazin.de\/am-stettiner-haff\/wp-content\/uploads\/sites\/29\/Wisent256_klein.jpg\"><img aria-describedby=\"caption-attachment-479\" decoding=\"async\" loading=\"lazy\" class=\"size-medium wp-image-479 \" title=\"Wisente in freier Wildbahn - Foto: Kai Paulig\" alt=\"Foto: Kai Paulig\" src=\"https:\/\/www.naturparkmagazin.de\/am-stettiner-haff\/wp-content\/uploads\/sites\/29\/Wisent256_klein-620x413.jpg\" width=\"620\" height=\"413\" srcset=\"https:\/\/www.naturparkmagazin.de\/am-stettiner-haff\/wp-content\/uploads\/sites\/29\/Wisent256_klein-620x413.jpg 620w, https:\/\/www.naturparkmagazin.de\/am-stettiner-haff\/wp-content\/uploads\/sites\/29\/Wisent256_klein-300x200.jpg 300w, https:\/\/www.naturparkmagazin.de\/am-stettiner-haff\/wp-content\/uploads\/sites\/29\/Wisent256_klein-670x446.jpg 670w, https:\/\/www.naturparkmagazin.de\/am-stettiner-haff\/wp-content\/uploads\/sites\/29\/Wisent256_klein-200x133.jpg 200w, https:\/\/www.naturparkmagazin.de\/am-stettiner-haff\/wp-content\/uploads\/sites\/29\/Wisent256_klein.jpg 800w\" sizes=\"(max-width: 620px) 100vw, 620px\" \/><\/a><p id=\"caption-attachment-479\" class=\"wp-caption-text\">Wisente in freier Wildbahn &#8211; Foto: Kai Paulig<\/p><\/div>\n<p>Doch damit nicht genug. Die Exkursion f\u00fchrte die Teilnehmer weiter auf\u00a0den NATO-Truppen\u00fcbungsplatz Drawske-Pomorskie,\u00a0 Heimat zweier gr\u00f6\u00dferer freilebender\u00a0\u00a0Wisent-Herden mit gut 30 und 50 Tieren\u00a0. Was dort geboten wurde, \u00fcbertraf alle\u00a0 Erwartungen. Hautnah pr\u00e4sentierten sich die Wisente und liesen einen Kontakt von Angesicht zu Angesicht zu.<\/p>\n<p>&nbsp;<\/p>\n<div id=\"attachment_481\" style=\"width: 630px\" class=\"wp-caption aligncenter\"><a href=\"https:\/\/www.naturparkmagazin.de\/am-stettiner-haff\/wp-content\/uploads\/sites\/29\/Wisent267kein.jpg\"><img aria-describedby=\"caption-attachment-481\" decoding=\"async\" loading=\"lazy\" class=\"size-medium wp-image-481   \" title=\"Wisente ganz nah - Foto:  Kai Paulig\" alt=\"Wisente ganz nah - Foto:  Kai Paulig\" src=\"https:\/\/www.naturparkmagazin.de\/am-stettiner-haff\/wp-content\/uploads\/sites\/29\/Wisent267kein-620x413.jpg\" width=\"620\" height=\"413\" srcset=\"https:\/\/www.naturparkmagazin.de\/am-stettiner-haff\/wp-content\/uploads\/sites\/29\/Wisent267kein-620x413.jpg 620w, https:\/\/www.naturparkmagazin.de\/am-stettiner-haff\/wp-content\/uploads\/sites\/29\/Wisent267kein-300x200.jpg 300w, https:\/\/www.naturparkmagazin.de\/am-stettiner-haff\/wp-content\/uploads\/sites\/29\/Wisent267kein-940x626.jpg 940w, https:\/\/www.naturparkmagazin.de\/am-stettiner-haff\/wp-content\/uploads\/sites\/29\/Wisent267kein-670x447.jpg 670w, https:\/\/www.naturparkmagazin.de\/am-stettiner-haff\/wp-content\/uploads\/sites\/29\/Wisent267kein-200x133.jpg 200w, https:\/\/www.naturparkmagazin.de\/am-stettiner-haff\/wp-content\/uploads\/sites\/29\/Wisent267kein.jpg 1568w\" sizes=\"(max-width: 620px) 100vw, 620px\" \/><\/a><p id=\"caption-attachment-481\" class=\"wp-caption-text\">Wisente ganz nah &#8211; Foto: Kai Paulig<\/p><\/div>\n<p>&nbsp;<\/p>\n<div id=\"attachment_482\" style=\"width: 630px\" class=\"wp-caption aligncenter\"><a href=\"https:\/\/www.naturparkmagazin.de\/am-stettiner-haff\/wp-content\/uploads\/sites\/29\/Wisent269klein.jpg\"><img aria-describedby=\"caption-attachment-482\" decoding=\"async\" loading=\"lazy\" class=\"size-medium wp-image-482 \" title=\"Wisente hautnah - Foto: Kai Paulig\" alt=\"Wisente hautnah - Foto: Kai Paulig\" src=\"https:\/\/www.naturparkmagazin.de\/am-stettiner-haff\/wp-content\/uploads\/sites\/29\/Wisent269klein-620x413.jpg\" width=\"620\" height=\"413\" srcset=\"https:\/\/www.naturparkmagazin.de\/am-stettiner-haff\/wp-content\/uploads\/sites\/29\/Wisent269klein-620x413.jpg 620w, https:\/\/www.naturparkmagazin.de\/am-stettiner-haff\/wp-content\/uploads\/sites\/29\/Wisent269klein-300x200.jpg 300w, https:\/\/www.naturparkmagazin.de\/am-stettiner-haff\/wp-content\/uploads\/sites\/29\/Wisent269klein-940x626.jpg 940w, https:\/\/www.naturparkmagazin.de\/am-stettiner-haff\/wp-content\/uploads\/sites\/29\/Wisent269klein-670x446.jpg 670w, https:\/\/www.naturparkmagazin.de\/am-stettiner-haff\/wp-content\/uploads\/sites\/29\/Wisent269klein-200x133.jpg 200w, https:\/\/www.naturparkmagazin.de\/am-stettiner-haff\/wp-content\/uploads\/sites\/29\/Wisent269klein.jpg 1426w\" sizes=\"(max-width: 620px) 100vw, 620px\" \/><\/a><p id=\"caption-attachment-482\" class=\"wp-caption-text\">Wisente hautnah &#8211; Foto: Kai Paulig<\/p><\/div>\n<p>Fazit: \u00dcberraschung mehr als gelungen !!!<\/p>\n<div id=\"attachment_483\" style=\"width: 630px\" class=\"wp-caption aligncenter\"><a href=\"https:\/\/www.naturparkmagazin.de\/am-stettiner-haff\/wp-content\/uploads\/sites\/29\/Wisent310klein.jpg\"><img aria-describedby=\"caption-attachment-483\" decoding=\"async\" loading=\"lazy\" class=\"size-medium wp-image-483 \" title=\"neugierige Wisent - Kuh - Foto: Kai Paulig\" alt=\"neugierige Wisent - Kuh - Foto: Kai Paulig\" src=\"https:\/\/www.naturparkmagazin.de\/am-stettiner-haff\/wp-content\/uploads\/sites\/29\/Wisent310klein-620x413.jpg\" width=\"620\" height=\"413\" srcset=\"https:\/\/www.naturparkmagazin.de\/am-stettiner-haff\/wp-content\/uploads\/sites\/29\/Wisent310klein-620x413.jpg 620w, https:\/\/www.naturparkmagazin.de\/am-stettiner-haff\/wp-content\/uploads\/sites\/29\/Wisent310klein-300x200.jpg 300w, https:\/\/www.naturparkmagazin.de\/am-stettiner-haff\/wp-content\/uploads\/sites\/29\/Wisent310klein-940x626.jpg 940w, https:\/\/www.naturparkmagazin.de\/am-stettiner-haff\/wp-content\/uploads\/sites\/29\/Wisent310klein-670x446.jpg 670w, https:\/\/www.naturparkmagazin.de\/am-stettiner-haff\/wp-content\/uploads\/sites\/29\/Wisent310klein-200x133.jpg 200w, https:\/\/www.naturparkmagazin.de\/am-stettiner-haff\/wp-content\/uploads\/sites\/29\/Wisent310klein.jpg 1426w\" sizes=\"(max-width: 620px) 100vw, 620px\" \/><\/a><p id=\"caption-attachment-483\" class=\"wp-caption-text\">neugierige Wisent &#8211; Kuh &#8211; Foto: Kai Paulig<\/p><\/div>\n<p>&nbsp;<\/p>\n","protected":false},"excerpt":{"rendered":"<p>Tr\u00e4ume, ja Tr\u00e4ume sind es die unsere Handlungen und unsere Ziele bestimmen. Meist sind es kleinere Tr\u00e4ume auf deren Erf\u00fcllung wir hinarbeiten. Und die Realisierung solcher kleinen Tr\u00e4ume sind die H\u00f6hepunkte, welche jeder f\u00fcr sich selbst bestimmt&#8230;<\/p>\n","protected":false},"author":26,"featured_media":482,"comment_status":"open","ping_status":"open","sticky":false,"template":"","format":"standard","meta":[],"categories":[7],"tags":[],"yoast_head":"<!-- This site is optimized with the Yoast SEO plugin v19.10 - https:\/\/yoast.com\/wordpress\/plugins\/seo\/ -->\n<title>Zu Gast bei Freunden - Exkursion mit &quot;\u00dcberraschung&quot; - Naturpark Am Stettiner Haff<\/title>\n<meta name=\"robots\" content=\"index, follow, max-snippet:-1, max-image-preview:large, max-video-preview:-1\" \/>\n<link rel=\"canonical\" href=\"https:\/\/www.naturparkmagazin.de\/am-stettiner-haff\/zu-gast-bei-freunden-exkursion-mit-ueberaschung\/\" \/>\n<meta property=\"og:locale\" content=\"de_DE\" \/>\n<meta property=\"og:type\" content=\"article\" \/>\n<meta property=\"og:title\" content=\"Zu Gast bei Freunden - Exkursion mit &quot;\u00dcberraschung&quot; - Naturpark Am Stettiner Haff\" \/>\n<meta property=\"og:description\" content=\"Tr\u00e4ume, ja Tr\u00e4ume sind es die unsere Handlungen und unsere Ziele bestimmen. Meist sind es kleinere Tr\u00e4ume auf deren Erf\u00fcllung wir hinarbeiten. Und die Realisierung solcher kleinen Tr\u00e4ume sind die H\u00f6hepunkte, welche jeder f\u00fcr sich selbst bestimmt...\" \/>\n<meta property=\"og:url\" content=\"https:\/\/www.naturparkmagazin.de\/am-stettiner-haff\/zu-gast-bei-freunden-exkursion-mit-ueberaschung\/\" \/>\n<meta property=\"og:site_name\" content=\"Naturpark Am Stettiner Haff\" \/>\n<meta property=\"article:published_time\" content=\"2013-10-30T07:14:17+00:00\" \/>\n<meta property=\"article:modified_time\" content=\"2013-10-30T07:48:03+00:00\" \/>\n<meta property=\"og:image\" content=\"https:\/\/www.naturparkmagazin.de\/am-stettiner-haff\/wp-content\/uploads\/sites\/29\/Wisent269klein.jpg\" \/>\n\t<meta property=\"og:image:width\" content=\"1426\" \/>\n\t<meta property=\"og:image:height\" content=\"950\" \/>\n\t<meta property=\"og:image:type\" content=\"image\/jpeg\" \/>\n<meta name=\"author\" content=\"Jochen Elberskirch\" \/>\n<meta name=\"twitter:label1\" content=\"Verfasst von\" \/>\n\t<meta name=\"twitter:data1\" content=\"Jochen Elberskirch\" \/>\n\t<meta name=\"twitter:label2\" content=\"Gesch\u00e4tzte Lesezeit\" \/>\n\t<meta name=\"twitter:data2\" content=\"2\u00a0Minuten\" \/>\n<script type=\"application\/ld+json\" class=\"yoast-schema-graph\">{\"@context\":\"https:\/\/schema.org\",\"@graph\":[{\"@type\":\"WebPage\",\"@id\":\"https:\/\/www.naturparkmagazin.de\/am-stettiner-haff\/zu-gast-bei-freunden-exkursion-mit-ueberaschung\/\",\"url\":\"https:\/\/www.naturparkmagazin.de\/am-stettiner-haff\/zu-gast-bei-freunden-exkursion-mit-ueberaschung\/\",\"name\":\"Zu Gast bei Freunden - Exkursion mit \\\"\u00dcberraschung\\\" - Naturpark Am Stettiner Haff\",\"isPartOf\":{\"@id\":\"https:\/\/www.naturparkmagazin.de\/am-stettiner-haff\/#website\"},\"datePublished\":\"2013-10-30T07:14:17+00:00\",\"dateModified\":\"2013-10-30T07:48:03+00:00\",\"author\":{\"@id\":\"https:\/\/www.naturparkmagazin.de\/am-stettiner-haff\/#\/schema\/person\/4a7208080dbbfb024d81129b7960c725\"},\"breadcrumb\":{\"@id\":\"https:\/\/www.naturparkmagazin.de\/am-stettiner-haff\/zu-gast-bei-freunden-exkursion-mit-ueberaschung\/#breadcrumb\"},\"inLanguage\":\"de\",\"potentialAction\":[{\"@type\":\"ReadAction\",\"target\":[\"https:\/\/www.naturparkmagazin.de\/am-stettiner-haff\/zu-gast-bei-freunden-exkursion-mit-ueberaschung\/\"]}]},{\"@type\":\"BreadcrumbList\",\"@id\":\"https:\/\/www.naturparkmagazin.de\/am-stettiner-haff\/zu-gast-bei-freunden-exkursion-mit-ueberaschung\/#breadcrumb\",\"itemListElement\":[{\"@type\":\"ListItem\",\"position\":1,\"name\":\"Home\",\"item\":\"https:\/\/www.naturparkmagazin.de\/am-stettiner-haff\/\"},{\"@type\":\"ListItem\",\"position\":2,\"name\":\"Zu Gast bei Freunden &#8211; Exkursion mit &#8222;\u00dcberraschung&#8220;\"}]},{\"@type\":\"WebSite\",\"@id\":\"https:\/\/www.naturparkmagazin.de\/am-stettiner-haff\/#website\",\"url\":\"https:\/\/www.naturparkmagazin.de\/am-stettiner-haff\/\",\"name\":\"Naturpark Am Stettiner Haff\",\"description\":\"\",\"potentialAction\":[{\"@type\":\"SearchAction\",\"target\":{\"@type\":\"EntryPoint\",\"urlTemplate\":\"https:\/\/www.naturparkmagazin.de\/am-stettiner-haff\/?s={search_term_string}\"},\"query-input\":\"required name=search_term_string\"}],\"inLanguage\":\"de\"},{\"@type\":\"Person\",\"@id\":\"https:\/\/www.naturparkmagazin.de\/am-stettiner-haff\/#\/schema\/person\/4a7208080dbbfb024d81129b7960c725\",\"name\":\"Jochen Elberskirch\",\"sameAs\":[\"http:\/\/www.naturpark-am-stettiner-haff.de\"],\"url\":\"https:\/\/www.naturparkmagazin.de\/am-stettiner-haff\/author\/jochenelberskirch\/\"}]}<\/script>\n<!-- \/ Yoast SEO plugin. -->","yoast_head_json":{"title":"Zu Gast bei Freunden - Exkursion mit \"\u00dcberraschung\" - Naturpark Am Stettiner Haff","robots":{"index":"index","follow":"follow","max-snippet":"max-snippet:-1","max-image-preview":"max-image-preview:large","max-video-preview":"max-video-preview:-1"},"canonical":"https:\/\/www.naturparkmagazin.de\/am-stettiner-haff\/zu-gast-bei-freunden-exkursion-mit-ueberaschung\/","og_locale":"de_DE","og_type":"article","og_title":"Zu Gast bei Freunden - Exkursion mit \"\u00dcberraschung\" - Naturpark Am Stettiner Haff","og_description":"Tr\u00e4ume, ja Tr\u00e4ume sind es die unsere Handlungen und unsere Ziele bestimmen. Meist sind es kleinere Tr\u00e4ume auf deren Erf\u00fcllung wir hinarbeiten. Und die Realisierung solcher kleinen Tr\u00e4ume sind die H\u00f6hepunkte, welche jeder f\u00fcr sich selbst bestimmt...","og_url":"https:\/\/www.naturparkmagazin.de\/am-stettiner-haff\/zu-gast-bei-freunden-exkursion-mit-ueberaschung\/","og_site_name":"Naturpark Am Stettiner Haff","article_published_time":"2013-10-30T07:14:17+00:00","article_modified_time":"2013-10-30T07:48:03+00:00","og_image":[{"width":1426,"height":950,"url":"https:\/\/www.naturparkmagazin.de\/am-stettiner-haff\/wp-content\/uploads\/sites\/29\/Wisent269klein.jpg","type":"image\/jpeg"}],"author":"Jochen Elberskirch","twitter_misc":{"Verfasst von":"Jochen Elberskirch","Gesch\u00e4tzte Lesezeit":"2\u00a0Minuten"},"schema":{"@context":"https:\/\/schema.org","@graph":[{"@type":"WebPage","@id":"https:\/\/www.naturparkmagazin.de\/am-stettiner-haff\/zu-gast-bei-freunden-exkursion-mit-ueberaschung\/","url":"https:\/\/www.naturparkmagazin.de\/am-stettiner-haff\/zu-gast-bei-freunden-exkursion-mit-ueberaschung\/","name":"Zu Gast bei Freunden - Exkursion mit \"\u00dcberraschung\" - Naturpark Am Stettiner Haff","isPartOf":{"@id":"https:\/\/www.naturparkmagazin.de\/am-stettiner-haff\/#website"},"datePublished":"2013-10-30T07:14:17+00:00","dateModified":"2013-10-30T07:48:03+00:00","author":{"@id":"https:\/\/www.naturparkmagazin.de\/am-stettiner-haff\/#\/schema\/person\/4a7208080dbbfb024d81129b7960c725"},"breadcrumb":{"@id":"https:\/\/www.naturparkmagazin.de\/am-stettiner-haff\/zu-gast-bei-freunden-exkursion-mit-ueberaschung\/#breadcrumb"},"inLanguage":"de","potentialAction":[{"@type":"ReadAction","target":["https:\/\/www.naturparkmagazin.de\/am-stettiner-haff\/zu-gast-bei-freunden-exkursion-mit-ueberaschung\/"]}]},{"@type":"BreadcrumbList","@id":"https:\/\/www.naturparkmagazin.de\/am-stettiner-haff\/zu-gast-bei-freunden-exkursion-mit-ueberaschung\/#breadcrumb","itemListElement":[{"@type":"ListItem","position":1,"name":"Home","item":"https:\/\/www.naturparkmagazin.de\/am-stettiner-haff\/"},{"@type":"ListItem","position":2,"name":"Zu Gast bei Freunden &#8211; Exkursion mit &#8222;\u00dcberraschung&#8220;"}]},{"@type":"WebSite","@id":"https:\/\/www.naturparkmagazin.de\/am-stettiner-haff\/#website","url":"https:\/\/www.naturparkmagazin.de\/am-stettiner-haff\/","name":"Naturpark Am Stettiner Haff","description":"","potentialAction":[{"@type":"SearchAction","target":{"@type":"EntryPoint","urlTemplate":"https:\/\/www.naturparkmagazin.de\/am-stettiner-haff\/?s={search_term_string}"},"query-input":"required name=search_term_string"}],"inLanguage":"de"},{"@type":"Person","@id":"https:\/\/www.naturparkmagazin.de\/am-stettiner-haff\/#\/schema\/person\/4a7208080dbbfb024d81129b7960c725","name":"Jochen Elberskirch","sameAs":["http:\/\/www.naturpark-am-stettiner-haff.de"],"url":"https:\/\/www.naturparkmagazin.de\/am-stettiner-haff\/author\/jochenelberskirch\/"}]}},"_links":{"self":[{"href":"https:\/\/www.naturparkmagazin.de\/am-stettiner-haff\/wp-json\/wp\/v2\/posts\/476"}],"collection":[{"href":"https:\/\/www.naturparkmagazin.de\/am-stettiner-haff\/wp-json\/wp\/v2\/posts"}],"about":[{"href":"https:\/\/www.naturparkmagazin.de\/am-stettiner-haff\/wp-json\/wp\/v2\/types\/post"}],"author":[{"embeddable":true,"href":"https:\/\/www.naturparkmagazin.de\/am-stettiner-haff\/wp-json\/wp\/v2\/users\/26"}],"replies":[{"embeddable":true,"href":"https:\/\/www.naturparkmagazin.de\/am-stettiner-haff\/wp-json\/wp\/v2\/comments?post=476"}],"version-history":[{"count":12,"href":"https:\/\/www.naturparkmagazin.de\/am-stettiner-haff\/wp-json\/wp\/v2\/posts\/476\/revisions"}],"predecessor-version":[{"id":510,"href":"https:\/\/www.naturparkmagazin.de\/am-stettiner-haff\/wp-json\/wp\/v2\/posts\/476\/revisions\/510"}],"wp:featuredmedia":[{"embeddable":true,"href":"https:\/\/www.naturparkmagazin.de\/am-stettiner-haff\/wp-json\/wp\/v2\/media\/482"}],"wp:attachment":[{"href":"https:\/\/www.naturparkmagazin.de\/am-stettiner-haff\/wp-json\/wp\/v2\/media?parent=476"}],"wp:term":[{"taxonomy":"category","embeddable":true,"href":"https:\/\/www.naturparkmagazin.de\/am-stettiner-haff\/wp-json\/wp\/v2\/categories?post=476"},{"taxonomy":"post_tag","embeddable":true,"href":"https:\/\/www.naturparkmagazin.de\/am-stettiner-haff\/wp-json\/wp\/v2\/tags?post=476"}],"curies":[{"name":"wp","href":"https:\/\/api.w.org\/{rel}","templated":true}]}}