{"id":524,"date":"2013-11-27T13:59:43","date_gmt":"2013-11-27T11:59:43","guid":{"rendered":"http:\/\/www.naturparkmagazin.de\/am-stettiner-haff\/?p=524"},"modified":"2013-11-28T18:08:19","modified_gmt":"2013-11-28T16:08:19","slug":"sind-lachmoewen-interessant","status":"publish","type":"post","link":"https:\/\/www.naturparkmagazin.de\/am-stettiner-haff\/sind-lachmoewen-interessant\/","title":{"rendered":"Sind Lachm\u00f6wen interessant ?"},"content":{"rendered":"<div id=\"attachment_527\" style=\"width: 727px\" class=\"wp-caption aligncenter\"><a href=\"https:\/\/www.naturparkmagazin.de\/am-stettiner-haff\/wp-content\/uploads\/sites\/29\/Lachm\u00f6wen4.jpg\"><img aria-describedby=\"caption-attachment-527\" decoding=\"async\" loading=\"lazy\" class=\" wp-image-527  \" title=\"Lachm\u00f6we mit Jungen (Foto: Frank Joisten)\" alt=\"Lachm\u00f6we mit Jungen (Foto: Frank Joisten)\" src=\"https:\/\/www.naturparkmagazin.de\/am-stettiner-haff\/wp-content\/uploads\/sites\/29\/Lachm\u00f6wen4.jpg\" width=\"717\" height=\"538\" srcset=\"https:\/\/www.naturparkmagazin.de\/am-stettiner-haff\/wp-content\/uploads\/sites\/29\/Lachm\u00f6wen4.jpg 1024w, https:\/\/www.naturparkmagazin.de\/am-stettiner-haff\/wp-content\/uploads\/sites\/29\/Lachm\u00f6wen4-300x225.jpg 300w, https:\/\/www.naturparkmagazin.de\/am-stettiner-haff\/wp-content\/uploads\/sites\/29\/Lachm\u00f6wen4-620x465.jpg 620w, https:\/\/www.naturparkmagazin.de\/am-stettiner-haff\/wp-content\/uploads\/sites\/29\/Lachm\u00f6wen4-940x705.jpg 940w, https:\/\/www.naturparkmagazin.de\/am-stettiner-haff\/wp-content\/uploads\/sites\/29\/Lachm\u00f6wen4-580x435.jpg 580w, https:\/\/www.naturparkmagazin.de\/am-stettiner-haff\/wp-content\/uploads\/sites\/29\/Lachm\u00f6wen4-420x315.jpg 420w, https:\/\/www.naturparkmagazin.de\/am-stettiner-haff\/wp-content\/uploads\/sites\/29\/Lachm\u00f6wen4-180x135.jpg 180w, https:\/\/www.naturparkmagazin.de\/am-stettiner-haff\/wp-content\/uploads\/sites\/29\/Lachm\u00f6wen4-95x71.jpg 95w, https:\/\/www.naturparkmagazin.de\/am-stettiner-haff\/wp-content\/uploads\/sites\/29\/Lachm\u00f6wen4-670x503.jpg 670w, https:\/\/www.naturparkmagazin.de\/am-stettiner-haff\/wp-content\/uploads\/sites\/29\/Lachm\u00f6wen4-200x150.jpg 200w\" sizes=\"(max-width: 717px) 100vw, 717px\" \/><\/a><p id=\"caption-attachment-527\" class=\"wp-caption-text\">Lachm\u00f6we mit Jungen (Foto: Frank Joisten)<\/p><\/div>\n<p>von Frank Joisten<\/p>\n<p style=\"text-align: justify\">Der Naturpark\u201c Am Stettiner Haff\u201c beherbergt die zweitgr\u00f6\u00dfte Kolonie\u00a0 der Lachm\u00f6we in den K\u00fcstenvogelbrutgebieten Mecklenburg- Vorpommerns auf dem Riether Werder. Das war allerdings nicht immer so, denn in den 80er Jahren wurde die Kolonie mehrere Jahre durch anwesende Wildschweinrotten zur Brutzeit zerst\u00f6rt und dies f\u00fchrte zum Verschwinden der Art zur Brutzeit. Nachdem ab 2002 daf\u00fcr gesorgt wurde, dass die Insel zur Brutzeit frei von Wildschweinen und F\u00fcchsen war, dauerte es zwar ein paar Jahre, aber dann kehrten die Lachm\u00f6wen wieder zur\u00fcck um eine neue Kolonie zu bilden. Bis zum Fr\u00fchling 2013 hatte sich der Bestand, wie der Gebietsbetreuer sch\u00e4tzte, auf etwa 1500 Brutpaare entwickelt. Um jedoch genauere Zahlen zu erhalten, wurde die Kolonie Anfang Juni 2013 durch Mitarbeiter der Universit\u00e4t Rostock mit Hilfe einer Drohne aus der Luft fotografiert.<\/p>\n<div id=\"attachment_526\" style=\"width: 630px\" class=\"wp-caption aligncenter\"><a href=\"https:\/\/www.naturparkmagazin.de\/am-stettiner-haff\/wp-content\/uploads\/sites\/29\/Drohne7.jpg\"><img aria-describedby=\"caption-attachment-526\" decoding=\"async\" loading=\"lazy\" class=\"size-medium wp-image-526 \" title=\"Vorbereitung des &quot;Drohnen-Einsatzes&quot; auf dem Riether Werder (Foto: Frank Joisten)\" alt=\"Vorbereitung des &quot;Drohnen-Einsatzes&quot; auf dem Riether Werder (Foto: Frank Joisten) \" src=\"https:\/\/www.naturparkmagazin.de\/am-stettiner-haff\/wp-content\/uploads\/sites\/29\/Drohne7-620x412.jpg\" width=\"620\" height=\"412\" \/><\/a><p id=\"caption-attachment-526\" class=\"wp-caption-text\">Vorbereitung des &#8222;Drohnen-Einsatzes&#8220; auf dem Riether Werder (Foto: Frank Joisten)<\/p><\/div>\n<p>&nbsp;<\/p>\n<div id=\"attachment_525\" style=\"width: 630px\" class=\"wp-caption aligncenter\"><a href=\"https:\/\/www.naturparkmagazin.de\/am-stettiner-haff\/wp-content\/uploads\/sites\/29\/Drohne.jpg\"><img aria-describedby=\"caption-attachment-525\" decoding=\"async\" loading=\"lazy\" class=\"size-medium wp-image-525 \" title=\"Befliegung der Lachm\u00f6wen-Kolonie mit einer &quot;Drohne&quot; (Foto: Frank Joisten)\" alt=\"Befliegung der Lachm\u00f6wen-Kolonie mit einer &quot;Drohne&quot; (Foto: Frank Joisten)\" src=\"https:\/\/www.naturparkmagazin.de\/am-stettiner-haff\/wp-content\/uploads\/sites\/29\/Drohne-620x412.jpg\" width=\"620\" height=\"412\" \/><\/a><p id=\"caption-attachment-525\" class=\"wp-caption-text\">Befliegung der Lachm\u00f6wen-Kolonie mit einer &#8222;Drohne&#8220; (Foto: Frank Joisten)<\/p><\/div>\n<p>&nbsp;<\/p>\n<p style=\"text-align: justify\">Nach Auswertung der Fotos musste dann die Anzahl \u201eleicht\u201c nach oben korrigiert werden, denn es waren nicht nur 1500 Brutpaare sondern 4000. Hier sieht man deutlich wie schwierig es ist gro\u00dfe Vogelansammlung durch sch\u00e4tzen zu \u201ez\u00e4hlen\u201c.<\/p>\n<p style=\"text-align: justify\">Da auch die Vogelberingungszentrale Hiddensee interessiert an der Entwicklung der Kolonie ist, wurden Mitte Mai 2013 erstmalig auf der Insel 195 br\u00fctende Lachm\u00f6wen gefangen und mit schwarzen Farbringen gekennzeichnet. Diese Ringe sind alle mit verschiedenen vierstelligen Buchstaben\/Zahlenkombinationen versehen, die jeweils mit einem X anfangen. Die Ringe lassen sich mit einem Fernglas bis zu 50 m ablesen und es gibt in Europa an vielen H\u00e4fen und Str\u00e4nden Leute die dann nach farbberingten M\u00f6wen Ausschau halten. So kam die erste R\u00fcckmeldung einer unserer M\u00f6wen bereits nach 5 Wochen aus Nordfrankreich. Mittlerweile gab es Wiederfunde aus Polen, Holland, S\u00fcdengland und am 30. Oktober die erste aus dem Baskenland in Spanien. Die in der N\u00e4he von Bilbao gesichtete Lachm\u00f6we hat sich zur \u00dcberwinterung einen Platz ausgesucht, der 1690 km vom Beringungsort liegt.<\/p>\n<p style=\"text-align: justify\">Aber nicht alle Riether Werderm\u00f6wen sind vom Fernweh geplagt, ebenfalls am 30.Oktober sa\u00df X1C1 auf dem Anleger des Wasserwanderrastplatzes in Rieth, 600m von ihrem Beringungsort um dann im Fr\u00fchjahr auch rechtzeitig zur Brutsaison vor Ort zu sein.<\/p>\n<p style=\"text-align: justify\">Es bleibt spannend wie sich in Zukunft die Kolonie der Lachm\u00f6wen auf der \u00f6stlichsten K\u00fcstenvogelinsel Deutschlands,\u00a0 dem Riether Werder entwickelt und aus welchen L\u00e4ndern sich\u00a0 die farbberingten schwarzen X M\u00f6wen zur\u00fcckmelden.<\/p>\n<p>&nbsp;<\/p>\n","protected":false},"excerpt":{"rendered":"<p>Der Naturpark\u201c Am Stettiner Haff\u201c beherbergt die zweitgr\u00f6\u00dfte Kolonie  der Lachm\u00f6we in den in den K\u00fcstenvogelbrutgebieten Mecklenburg- Vorpommerns auf dem Riether Werder. Das war allerdings nicht immer so , denn in den 80er Jahren wurde die Kolonie mehrere Jahre durch anwesende Wildschweinrotten zur Brutzeit zerst\u00f6rt und dieses f\u00fchrte zum Verschwinden der Art zur Brutzeit. <\/p>\n","protected":false},"author":26,"featured_media":527,"comment_status":"open","ping_status":"open","sticky":false,"template":"","format":"standard","meta":[],"categories":[7],"tags":[],"yoast_head":"<!-- This site is optimized with the Yoast SEO plugin v19.10 - https:\/\/yoast.com\/wordpress\/plugins\/seo\/ -->\n<title>Sind Lachm\u00f6wen interessant ? - Naturpark Am Stettiner Haff<\/title>\n<meta name=\"robots\" content=\"index, follow, max-snippet:-1, max-image-preview:large, max-video-preview:-1\" \/>\n<link rel=\"canonical\" href=\"https:\/\/www.naturparkmagazin.de\/am-stettiner-haff\/sind-lachmoewen-interessant\/\" \/>\n<meta property=\"og:locale\" content=\"de_DE\" \/>\n<meta property=\"og:type\" content=\"article\" \/>\n<meta property=\"og:title\" content=\"Sind Lachm\u00f6wen interessant ? - Naturpark Am Stettiner Haff\" \/>\n<meta property=\"og:description\" content=\"Der Naturpark\u201c Am Stettiner Haff\u201c beherbergt die zweitgr\u00f6\u00dfte Kolonie der Lachm\u00f6we in den in den K\u00fcstenvogelbrutgebieten Mecklenburg- Vorpommerns auf dem Riether Werder. Das war allerdings nicht immer so , denn in den 80er Jahren wurde die Kolonie mehrere Jahre durch anwesende Wildschweinrotten zur Brutzeit zerst\u00f6rt und dieses f\u00fchrte zum Verschwinden der Art zur Brutzeit.\" \/>\n<meta property=\"og:url\" content=\"https:\/\/www.naturparkmagazin.de\/am-stettiner-haff\/sind-lachmoewen-interessant\/\" \/>\n<meta property=\"og:site_name\" content=\"Naturpark Am Stettiner Haff\" \/>\n<meta property=\"article:published_time\" content=\"2013-11-27T11:59:43+00:00\" \/>\n<meta property=\"article:modified_time\" content=\"2013-11-28T16:08:19+00:00\" \/>\n<meta property=\"og:image\" content=\"https:\/\/www.naturparkmagazin.de\/am-stettiner-haff\/wp-content\/uploads\/sites\/29\/Lachm\u00f6wen4.jpg\" \/>\n\t<meta property=\"og:image:width\" content=\"1024\" \/>\n\t<meta property=\"og:image:height\" content=\"768\" \/>\n\t<meta property=\"og:image:type\" content=\"image\/jpeg\" \/>\n<meta name=\"author\" content=\"Jochen Elberskirch\" \/>\n<meta name=\"twitter:label1\" content=\"Verfasst von\" \/>\n\t<meta name=\"twitter:data1\" content=\"Jochen Elberskirch\" \/>\n\t<meta name=\"twitter:label2\" content=\"Gesch\u00e4tzte Lesezeit\" \/>\n\t<meta name=\"twitter:data2\" content=\"2\u00a0Minuten\" \/>\n<script type=\"application\/ld+json\" class=\"yoast-schema-graph\">{\"@context\":\"https:\/\/schema.org\",\"@graph\":[{\"@type\":\"WebPage\",\"@id\":\"https:\/\/www.naturparkmagazin.de\/am-stettiner-haff\/sind-lachmoewen-interessant\/\",\"url\":\"https:\/\/www.naturparkmagazin.de\/am-stettiner-haff\/sind-lachmoewen-interessant\/\",\"name\":\"Sind Lachm\u00f6wen interessant ? - Naturpark Am Stettiner Haff\",\"isPartOf\":{\"@id\":\"https:\/\/www.naturparkmagazin.de\/am-stettiner-haff\/#website\"},\"datePublished\":\"2013-11-27T11:59:43+00:00\",\"dateModified\":\"2013-11-28T16:08:19+00:00\",\"author\":{\"@id\":\"https:\/\/www.naturparkmagazin.de\/am-stettiner-haff\/#\/schema\/person\/4a7208080dbbfb024d81129b7960c725\"},\"breadcrumb\":{\"@id\":\"https:\/\/www.naturparkmagazin.de\/am-stettiner-haff\/sind-lachmoewen-interessant\/#breadcrumb\"},\"inLanguage\":\"de\",\"potentialAction\":[{\"@type\":\"ReadAction\",\"target\":[\"https:\/\/www.naturparkmagazin.de\/am-stettiner-haff\/sind-lachmoewen-interessant\/\"]}]},{\"@type\":\"BreadcrumbList\",\"@id\":\"https:\/\/www.naturparkmagazin.de\/am-stettiner-haff\/sind-lachmoewen-interessant\/#breadcrumb\",\"itemListElement\":[{\"@type\":\"ListItem\",\"position\":1,\"name\":\"Home\",\"item\":\"https:\/\/www.naturparkmagazin.de\/am-stettiner-haff\/\"},{\"@type\":\"ListItem\",\"position\":2,\"name\":\"Sind Lachm\u00f6wen interessant ?\"}]},{\"@type\":\"WebSite\",\"@id\":\"https:\/\/www.naturparkmagazin.de\/am-stettiner-haff\/#website\",\"url\":\"https:\/\/www.naturparkmagazin.de\/am-stettiner-haff\/\",\"name\":\"Naturpark Am Stettiner Haff\",\"description\":\"\",\"potentialAction\":[{\"@type\":\"SearchAction\",\"target\":{\"@type\":\"EntryPoint\",\"urlTemplate\":\"https:\/\/www.naturparkmagazin.de\/am-stettiner-haff\/?s={search_term_string}\"},\"query-input\":\"required name=search_term_string\"}],\"inLanguage\":\"de\"},{\"@type\":\"Person\",\"@id\":\"https:\/\/www.naturparkmagazin.de\/am-stettiner-haff\/#\/schema\/person\/4a7208080dbbfb024d81129b7960c725\",\"name\":\"Jochen Elberskirch\",\"sameAs\":[\"http:\/\/www.naturpark-am-stettiner-haff.de\"],\"url\":\"https:\/\/www.naturparkmagazin.de\/am-stettiner-haff\/author\/jochenelberskirch\/\"}]}<\/script>\n<!-- \/ Yoast SEO plugin. -->","yoast_head_json":{"title":"Sind Lachm\u00f6wen interessant ? - Naturpark Am Stettiner Haff","robots":{"index":"index","follow":"follow","max-snippet":"max-snippet:-1","max-image-preview":"max-image-preview:large","max-video-preview":"max-video-preview:-1"},"canonical":"https:\/\/www.naturparkmagazin.de\/am-stettiner-haff\/sind-lachmoewen-interessant\/","og_locale":"de_DE","og_type":"article","og_title":"Sind Lachm\u00f6wen interessant ? - Naturpark Am Stettiner Haff","og_description":"Der Naturpark\u201c Am Stettiner Haff\u201c beherbergt die zweitgr\u00f6\u00dfte Kolonie der Lachm\u00f6we in den in den K\u00fcstenvogelbrutgebieten Mecklenburg- Vorpommerns auf dem Riether Werder. Das war allerdings nicht immer so , denn in den 80er Jahren wurde die Kolonie mehrere Jahre durch anwesende Wildschweinrotten zur Brutzeit zerst\u00f6rt und dieses f\u00fchrte zum Verschwinden der Art zur Brutzeit.","og_url":"https:\/\/www.naturparkmagazin.de\/am-stettiner-haff\/sind-lachmoewen-interessant\/","og_site_name":"Naturpark Am Stettiner Haff","article_published_time":"2013-11-27T11:59:43+00:00","article_modified_time":"2013-11-28T16:08:19+00:00","og_image":[{"width":1024,"height":768,"url":"https:\/\/www.naturparkmagazin.de\/am-stettiner-haff\/wp-content\/uploads\/sites\/29\/Lachm\u00f6wen4.jpg","type":"image\/jpeg"}],"author":"Jochen Elberskirch","twitter_misc":{"Verfasst von":"Jochen Elberskirch","Gesch\u00e4tzte Lesezeit":"2\u00a0Minuten"},"schema":{"@context":"https:\/\/schema.org","@graph":[{"@type":"WebPage","@id":"https:\/\/www.naturparkmagazin.de\/am-stettiner-haff\/sind-lachmoewen-interessant\/","url":"https:\/\/www.naturparkmagazin.de\/am-stettiner-haff\/sind-lachmoewen-interessant\/","name":"Sind Lachm\u00f6wen interessant ? - Naturpark Am Stettiner Haff","isPartOf":{"@id":"https:\/\/www.naturparkmagazin.de\/am-stettiner-haff\/#website"},"datePublished":"2013-11-27T11:59:43+00:00","dateModified":"2013-11-28T16:08:19+00:00","author":{"@id":"https:\/\/www.naturparkmagazin.de\/am-stettiner-haff\/#\/schema\/person\/4a7208080dbbfb024d81129b7960c725"},"breadcrumb":{"@id":"https:\/\/www.naturparkmagazin.de\/am-stettiner-haff\/sind-lachmoewen-interessant\/#breadcrumb"},"inLanguage":"de","potentialAction":[{"@type":"ReadAction","target":["https:\/\/www.naturparkmagazin.de\/am-stettiner-haff\/sind-lachmoewen-interessant\/"]}]},{"@type":"BreadcrumbList","@id":"https:\/\/www.naturparkmagazin.de\/am-stettiner-haff\/sind-lachmoewen-interessant\/#breadcrumb","itemListElement":[{"@type":"ListItem","position":1,"name":"Home","item":"https:\/\/www.naturparkmagazin.de\/am-stettiner-haff\/"},{"@type":"ListItem","position":2,"name":"Sind Lachm\u00f6wen interessant ?"}]},{"@type":"WebSite","@id":"https:\/\/www.naturparkmagazin.de\/am-stettiner-haff\/#website","url":"https:\/\/www.naturparkmagazin.de\/am-stettiner-haff\/","name":"Naturpark Am Stettiner Haff","description":"","potentialAction":[{"@type":"SearchAction","target":{"@type":"EntryPoint","urlTemplate":"https:\/\/www.naturparkmagazin.de\/am-stettiner-haff\/?s={search_term_string}"},"query-input":"required name=search_term_string"}],"inLanguage":"de"},{"@type":"Person","@id":"https:\/\/www.naturparkmagazin.de\/am-stettiner-haff\/#\/schema\/person\/4a7208080dbbfb024d81129b7960c725","name":"Jochen Elberskirch","sameAs":["http:\/\/www.naturpark-am-stettiner-haff.de"],"url":"https:\/\/www.naturparkmagazin.de\/am-stettiner-haff\/author\/jochenelberskirch\/"}]}},"_links":{"self":[{"href":"https:\/\/www.naturparkmagazin.de\/am-stettiner-haff\/wp-json\/wp\/v2\/posts\/524"}],"collection":[{"href":"https:\/\/www.naturparkmagazin.de\/am-stettiner-haff\/wp-json\/wp\/v2\/posts"}],"about":[{"href":"https:\/\/www.naturparkmagazin.de\/am-stettiner-haff\/wp-json\/wp\/v2\/types\/post"}],"author":[{"embeddable":true,"href":"https:\/\/www.naturparkmagazin.de\/am-stettiner-haff\/wp-json\/wp\/v2\/users\/26"}],"replies":[{"embeddable":true,"href":"https:\/\/www.naturparkmagazin.de\/am-stettiner-haff\/wp-json\/wp\/v2\/comments?post=524"}],"version-history":[{"count":12,"href":"https:\/\/www.naturparkmagazin.de\/am-stettiner-haff\/wp-json\/wp\/v2\/posts\/524\/revisions"}],"predecessor-version":[{"id":551,"href":"https:\/\/www.naturparkmagazin.de\/am-stettiner-haff\/wp-json\/wp\/v2\/posts\/524\/revisions\/551"}],"wp:featuredmedia":[{"embeddable":true,"href":"https:\/\/www.naturparkmagazin.de\/am-stettiner-haff\/wp-json\/wp\/v2\/media\/527"}],"wp:attachment":[{"href":"https:\/\/www.naturparkmagazin.de\/am-stettiner-haff\/wp-json\/wp\/v2\/media?parent=524"}],"wp:term":[{"taxonomy":"category","embeddable":true,"href":"https:\/\/www.naturparkmagazin.de\/am-stettiner-haff\/wp-json\/wp\/v2\/categories?post=524"},{"taxonomy":"post_tag","embeddable":true,"href":"https:\/\/www.naturparkmagazin.de\/am-stettiner-haff\/wp-json\/wp\/v2\/tags?post=524"}],"curies":[{"name":"wp","href":"https:\/\/api.w.org\/{rel}","templated":true}]}}