{"id":577,"date":"2013-12-16T12:43:59","date_gmt":"2013-12-16T11:43:59","guid":{"rendered":"http:\/\/www.naturparkmagazin.de\/am-stettiner-haff\/?p=577"},"modified":"2014-04-09T12:41:53","modified_gmt":"2014-04-09T10:41:53","slug":"neunaugen-in-den-gewaessern-des-naturparks-am-stettiner-haff","status":"publish","type":"post","link":"https:\/\/www.naturparkmagazin.de\/am-stettiner-haff\/neunaugen-in-den-gewaessern-des-naturparks-am-stettiner-haff\/","title":{"rendered":"Neunaugen in den Gew\u00e4ssern des Naturparks &#8222;Am Stettiner Haff\u201c"},"content":{"rendered":"<p><!--[if gte mso 9]&gt;--><\/p>\n<p>Wer nicht zuf\u00e4llig einen reusenfischenden Berufsfischer kennt, wird kaum die Bekanntschaft mit dem Flussneunauge, einem der seltsamsten Fische, welcher im Naturpark \u201e Am Stettiner Haff\u201c lebt, machen. Der Berufsfischer Horst D\u00f6ring aus Rieth, der Reusen im Neuwarper See stellt, findet besonders im Sp\u00e4therbst, den zu den Rundm\u00e4ulern z\u00e4hlenden Fisch, in seinen Fangger\u00e4ten.<\/p>\n<div id=\"attachment_579\" style=\"width: 630px\" class=\"wp-caption aligncenter\"><a href=\"https:\/\/www.naturparkmagazin.de\/am-stettiner-haff\/wp-content\/uploads\/sites\/29\/Neunauge.jpg\"><img aria-describedby=\"caption-attachment-579\" decoding=\"async\" loading=\"lazy\" class=\"size-medium wp-image-579 \" title=\"Flussneunauge (Foto: Frank Joisten)\" alt=\"Flussneunauge (Foto: Frank Joisten)\" src=\"https:\/\/www.naturparkmagazin.de\/am-stettiner-haff\/wp-content\/uploads\/sites\/29\/Neunauge-620x465.jpg\" width=\"620\" height=\"465\" srcset=\"https:\/\/www.naturparkmagazin.de\/am-stettiner-haff\/wp-content\/uploads\/sites\/29\/Neunauge-620x465.jpg 620w, https:\/\/www.naturparkmagazin.de\/am-stettiner-haff\/wp-content\/uploads\/sites\/29\/Neunauge-300x225.jpg 300w, https:\/\/www.naturparkmagazin.de\/am-stettiner-haff\/wp-content\/uploads\/sites\/29\/Neunauge-940x705.jpg 940w, https:\/\/www.naturparkmagazin.de\/am-stettiner-haff\/wp-content\/uploads\/sites\/29\/Neunauge-580x435.jpg 580w, https:\/\/www.naturparkmagazin.de\/am-stettiner-haff\/wp-content\/uploads\/sites\/29\/Neunauge-420x315.jpg 420w, https:\/\/www.naturparkmagazin.de\/am-stettiner-haff\/wp-content\/uploads\/sites\/29\/Neunauge-180x135.jpg 180w, https:\/\/www.naturparkmagazin.de\/am-stettiner-haff\/wp-content\/uploads\/sites\/29\/Neunauge-95x71.jpg 95w, https:\/\/www.naturparkmagazin.de\/am-stettiner-haff\/wp-content\/uploads\/sites\/29\/Neunauge-670x503.jpg 670w, https:\/\/www.naturparkmagazin.de\/am-stettiner-haff\/wp-content\/uploads\/sites\/29\/Neunauge-200x150.jpg 200w, https:\/\/www.naturparkmagazin.de\/am-stettiner-haff\/wp-content\/uploads\/sites\/29\/Neunauge.jpg 1000w\" sizes=\"(max-width: 620px) 100vw, 620px\" \/><\/a><p id=\"caption-attachment-579\" class=\"wp-caption-text\">Flussneunauge (Foto: Frank Joisten)<\/p><\/div>\n<p>Ab einer Gr\u00f6\u00dfe von 30-40 cm steigen Flussneunaugen, die dann \u00c4hnlichkeit mit dem Aal haben, von der Ostsee \u00fcbers Haff in die B\u00e4che und Fl\u00fcsse der Ueckerm\u00fcnde Heide auf, um zu laichen. Die aus dem Laich schl\u00fcpfenden Larven graben sich in den Gew\u00e4ssergrund und ern\u00e4hren sich f\u00fcr 3-4 Jahre von Plankton. Sobald sie etwa 15 cm erreicht haben, begeben sie sich stromabw\u00e4rts auf Wanderschaft in Richtung Ostsee. Hier ern\u00e4hren sie sich dann als Parasit bei anderen Fischen, in dem sie sich mit ihrem Saugmaul festsaugen und mit ihren vorhandenen Hornz\u00e4hnen dem Opfer Haut und Gewebe ab raspeln. Das aufgenommene Blut gerinnt dabei aufgrund spezieller <a title=\"Enzym\" href=\"http:\/\/de.wikipedia.org\/wiki\/Enzym\"><span style=\"color: windowtext;text-decoration: none\">Enzyme<\/span><\/a> im <a title=\"Speichel\" href=\"http:\/\/de.wikipedia.org\/wiki\/Speichel\"><span style=\"color: windowtext;text-decoration: none\">Speichel<\/span><\/a> der Neunaugen nicht. Gelegentlich dringen sie dabei bis in die Leibesh\u00f6hle ihrer Beutefische ein und t\u00f6ten diese dadurch. Fr\u00fcher wurden Flussneunaugen auch gegessen, jedoch sind sie geschmacklich, wie Horst D\u00f6ring best\u00e4tigte, kein kulinarischer Genuss und nicht mit dem Aal zu vergleichen. Heute werden Neunaugen, die im Vergleich zu fr\u00fcher in ihrem Bestand zur\u00fcck gegangen sind, aus den Reusen wieder freigelassen, da sie in der roten Liste gef\u00fchrt werden und entsprechend gesch\u00fctzt sind. (Tier- und Pflanzenarten die in ihrem Bestand gef\u00e4hrdet bzw. bereits ausgestorben sind, werden in der \u201eRoten Liste\u201c erfasst.)<\/p>\n<p>Neben dem Flussneunauge, kommen auch die fingerlangen Bachneunaugen in Uecker, Randow und Zarow vor. Eine besondere Seltenheit in den Gew\u00e4ssern des Naturparks \u201cAm Stettiner Haff\u201c ist das<span>\u00a0 <\/span>bis zu 1,20 m lange Meerneunauge, von dem Horst D\u00f6ring in seinem mehr als 50 j\u00e4hrigen Berufsleben nur ein Einziges gefangen hat. Alle Neunaugen haben ihren Namen durch die sieben Kiemen\u00f6ffnungen, die zusammen mit Auge und Nasen\u00f6ffnung \u201eNeun Augen \u201e bilden.<\/p>\n","protected":false},"excerpt":{"rendered":"<p>Wer nicht zuf\u00e4llig einen reusenfischenden Berufsfischer kennt, wird kaum die Bekanntschaft mit dem Flussneunauge, einem der seltsamsten Fische, welcher im Naturpark \u201e Am Stettiner Haff\u201c lebt, machen. Der Berufsfischer Horst D\u00f6ring aus Rieth, der Reusen im Neuwarper See stellt, findet besonders im Sp\u00e4therbst, den zu den Rundm\u00e4ulern z\u00e4hlenden Fisch, in seinen Fangger\u00e4ten.<\/p>\n","protected":false},"author":26,"featured_media":579,"comment_status":"open","ping_status":"open","sticky":false,"template":"","format":"standard","meta":[],"categories":[11],"tags":[],"yoast_head":"<!-- This site is optimized with the Yoast SEO plugin v19.10 - https:\/\/yoast.com\/wordpress\/plugins\/seo\/ -->\n<title>Neunaugen in den Gew\u00e4ssern des Naturparks &quot;Am Stettiner Haff\u201c - Naturpark Am Stettiner Haff<\/title>\n<meta name=\"robots\" content=\"index, follow, max-snippet:-1, max-image-preview:large, max-video-preview:-1\" \/>\n<link rel=\"canonical\" href=\"https:\/\/www.naturparkmagazin.de\/am-stettiner-haff\/neunaugen-in-den-gewaessern-des-naturparks-am-stettiner-haff\/\" \/>\n<meta property=\"og:locale\" content=\"de_DE\" \/>\n<meta property=\"og:type\" content=\"article\" \/>\n<meta property=\"og:title\" content=\"Neunaugen in den Gew\u00e4ssern des Naturparks &quot;Am Stettiner Haff\u201c - Naturpark Am Stettiner Haff\" \/>\n<meta property=\"og:description\" content=\"Wer nicht zuf\u00e4llig einen reusenfischenden Berufsfischer kennt, wird kaum die Bekanntschaft mit dem Flussneunauge, einem der seltsamsten Fische, welcher im Naturpark \u201e Am Stettiner Haff\u201c lebt, machen. Der Berufsfischer Horst D\u00f6ring aus Rieth, der Reusen im Neuwarper See stellt, findet besonders im Sp\u00e4therbst, den zu den Rundm\u00e4ulern z\u00e4hlenden Fisch, in seinen Fangger\u00e4ten.\" \/>\n<meta property=\"og:url\" content=\"https:\/\/www.naturparkmagazin.de\/am-stettiner-haff\/neunaugen-in-den-gewaessern-des-naturparks-am-stettiner-haff\/\" \/>\n<meta property=\"og:site_name\" content=\"Naturpark Am Stettiner Haff\" \/>\n<meta property=\"article:published_time\" content=\"2013-12-16T11:43:59+00:00\" \/>\n<meta property=\"article:modified_time\" content=\"2014-04-09T10:41:53+00:00\" \/>\n<meta property=\"og:image\" content=\"https:\/\/www.naturparkmagazin.de\/am-stettiner-haff\/wp-content\/uploads\/sites\/29\/Neunauge.jpg\" \/>\n\t<meta property=\"og:image:width\" content=\"1000\" \/>\n\t<meta property=\"og:image:height\" content=\"750\" \/>\n\t<meta property=\"og:image:type\" content=\"image\/jpeg\" \/>\n<meta name=\"author\" content=\"Jochen Elberskirch\" \/>\n<meta name=\"twitter:label1\" content=\"Verfasst von\" \/>\n\t<meta name=\"twitter:data1\" content=\"Jochen Elberskirch\" \/>\n\t<meta name=\"twitter:label2\" content=\"Gesch\u00e4tzte Lesezeit\" \/>\n\t<meta name=\"twitter:data2\" content=\"2\u00a0Minuten\" \/>\n<script type=\"application\/ld+json\" class=\"yoast-schema-graph\">{\"@context\":\"https:\/\/schema.org\",\"@graph\":[{\"@type\":\"WebPage\",\"@id\":\"https:\/\/www.naturparkmagazin.de\/am-stettiner-haff\/neunaugen-in-den-gewaessern-des-naturparks-am-stettiner-haff\/\",\"url\":\"https:\/\/www.naturparkmagazin.de\/am-stettiner-haff\/neunaugen-in-den-gewaessern-des-naturparks-am-stettiner-haff\/\",\"name\":\"Neunaugen in den Gew\u00e4ssern des Naturparks \\\"Am Stettiner Haff\u201c - Naturpark Am Stettiner Haff\",\"isPartOf\":{\"@id\":\"https:\/\/www.naturparkmagazin.de\/am-stettiner-haff\/#website\"},\"datePublished\":\"2013-12-16T11:43:59+00:00\",\"dateModified\":\"2014-04-09T10:41:53+00:00\",\"author\":{\"@id\":\"https:\/\/www.naturparkmagazin.de\/am-stettiner-haff\/#\/schema\/person\/4a7208080dbbfb024d81129b7960c725\"},\"breadcrumb\":{\"@id\":\"https:\/\/www.naturparkmagazin.de\/am-stettiner-haff\/neunaugen-in-den-gewaessern-des-naturparks-am-stettiner-haff\/#breadcrumb\"},\"inLanguage\":\"de\",\"potentialAction\":[{\"@type\":\"ReadAction\",\"target\":[\"https:\/\/www.naturparkmagazin.de\/am-stettiner-haff\/neunaugen-in-den-gewaessern-des-naturparks-am-stettiner-haff\/\"]}]},{\"@type\":\"BreadcrumbList\",\"@id\":\"https:\/\/www.naturparkmagazin.de\/am-stettiner-haff\/neunaugen-in-den-gewaessern-des-naturparks-am-stettiner-haff\/#breadcrumb\",\"itemListElement\":[{\"@type\":\"ListItem\",\"position\":1,\"name\":\"Home\",\"item\":\"https:\/\/www.naturparkmagazin.de\/am-stettiner-haff\/\"},{\"@type\":\"ListItem\",\"position\":2,\"name\":\"Neunaugen in den Gew\u00e4ssern des Naturparks &#8222;Am Stettiner Haff\u201c\"}]},{\"@type\":\"WebSite\",\"@id\":\"https:\/\/www.naturparkmagazin.de\/am-stettiner-haff\/#website\",\"url\":\"https:\/\/www.naturparkmagazin.de\/am-stettiner-haff\/\",\"name\":\"Naturpark Am Stettiner Haff\",\"description\":\"\",\"potentialAction\":[{\"@type\":\"SearchAction\",\"target\":{\"@type\":\"EntryPoint\",\"urlTemplate\":\"https:\/\/www.naturparkmagazin.de\/am-stettiner-haff\/?s={search_term_string}\"},\"query-input\":\"required name=search_term_string\"}],\"inLanguage\":\"de\"},{\"@type\":\"Person\",\"@id\":\"https:\/\/www.naturparkmagazin.de\/am-stettiner-haff\/#\/schema\/person\/4a7208080dbbfb024d81129b7960c725\",\"name\":\"Jochen Elberskirch\",\"sameAs\":[\"http:\/\/www.naturpark-am-stettiner-haff.de\"],\"url\":\"https:\/\/www.naturparkmagazin.de\/am-stettiner-haff\/author\/jochenelberskirch\/\"}]}<\/script>\n<!-- \/ Yoast SEO plugin. -->","yoast_head_json":{"title":"Neunaugen in den Gew\u00e4ssern des Naturparks \"Am Stettiner Haff\u201c - Naturpark Am Stettiner Haff","robots":{"index":"index","follow":"follow","max-snippet":"max-snippet:-1","max-image-preview":"max-image-preview:large","max-video-preview":"max-video-preview:-1"},"canonical":"https:\/\/www.naturparkmagazin.de\/am-stettiner-haff\/neunaugen-in-den-gewaessern-des-naturparks-am-stettiner-haff\/","og_locale":"de_DE","og_type":"article","og_title":"Neunaugen in den Gew\u00e4ssern des Naturparks \"Am Stettiner Haff\u201c - Naturpark Am Stettiner Haff","og_description":"Wer nicht zuf\u00e4llig einen reusenfischenden Berufsfischer kennt, wird kaum die Bekanntschaft mit dem Flussneunauge, einem der seltsamsten Fische, welcher im Naturpark \u201e Am Stettiner Haff\u201c lebt, machen. Der Berufsfischer Horst D\u00f6ring aus Rieth, der Reusen im Neuwarper See stellt, findet besonders im Sp\u00e4therbst, den zu den Rundm\u00e4ulern z\u00e4hlenden Fisch, in seinen Fangger\u00e4ten.","og_url":"https:\/\/www.naturparkmagazin.de\/am-stettiner-haff\/neunaugen-in-den-gewaessern-des-naturparks-am-stettiner-haff\/","og_site_name":"Naturpark Am Stettiner Haff","article_published_time":"2013-12-16T11:43:59+00:00","article_modified_time":"2014-04-09T10:41:53+00:00","og_image":[{"width":1000,"height":750,"url":"https:\/\/www.naturparkmagazin.de\/am-stettiner-haff\/wp-content\/uploads\/sites\/29\/Neunauge.jpg","type":"image\/jpeg"}],"author":"Jochen Elberskirch","twitter_misc":{"Verfasst von":"Jochen Elberskirch","Gesch\u00e4tzte Lesezeit":"2\u00a0Minuten"},"schema":{"@context":"https:\/\/schema.org","@graph":[{"@type":"WebPage","@id":"https:\/\/www.naturparkmagazin.de\/am-stettiner-haff\/neunaugen-in-den-gewaessern-des-naturparks-am-stettiner-haff\/","url":"https:\/\/www.naturparkmagazin.de\/am-stettiner-haff\/neunaugen-in-den-gewaessern-des-naturparks-am-stettiner-haff\/","name":"Neunaugen in den Gew\u00e4ssern des Naturparks \"Am Stettiner Haff\u201c - Naturpark Am Stettiner Haff","isPartOf":{"@id":"https:\/\/www.naturparkmagazin.de\/am-stettiner-haff\/#website"},"datePublished":"2013-12-16T11:43:59+00:00","dateModified":"2014-04-09T10:41:53+00:00","author":{"@id":"https:\/\/www.naturparkmagazin.de\/am-stettiner-haff\/#\/schema\/person\/4a7208080dbbfb024d81129b7960c725"},"breadcrumb":{"@id":"https:\/\/www.naturparkmagazin.de\/am-stettiner-haff\/neunaugen-in-den-gewaessern-des-naturparks-am-stettiner-haff\/#breadcrumb"},"inLanguage":"de","potentialAction":[{"@type":"ReadAction","target":["https:\/\/www.naturparkmagazin.de\/am-stettiner-haff\/neunaugen-in-den-gewaessern-des-naturparks-am-stettiner-haff\/"]}]},{"@type":"BreadcrumbList","@id":"https:\/\/www.naturparkmagazin.de\/am-stettiner-haff\/neunaugen-in-den-gewaessern-des-naturparks-am-stettiner-haff\/#breadcrumb","itemListElement":[{"@type":"ListItem","position":1,"name":"Home","item":"https:\/\/www.naturparkmagazin.de\/am-stettiner-haff\/"},{"@type":"ListItem","position":2,"name":"Neunaugen in den Gew\u00e4ssern des Naturparks &#8222;Am Stettiner Haff\u201c"}]},{"@type":"WebSite","@id":"https:\/\/www.naturparkmagazin.de\/am-stettiner-haff\/#website","url":"https:\/\/www.naturparkmagazin.de\/am-stettiner-haff\/","name":"Naturpark Am Stettiner Haff","description":"","potentialAction":[{"@type":"SearchAction","target":{"@type":"EntryPoint","urlTemplate":"https:\/\/www.naturparkmagazin.de\/am-stettiner-haff\/?s={search_term_string}"},"query-input":"required name=search_term_string"}],"inLanguage":"de"},{"@type":"Person","@id":"https:\/\/www.naturparkmagazin.de\/am-stettiner-haff\/#\/schema\/person\/4a7208080dbbfb024d81129b7960c725","name":"Jochen Elberskirch","sameAs":["http:\/\/www.naturpark-am-stettiner-haff.de"],"url":"https:\/\/www.naturparkmagazin.de\/am-stettiner-haff\/author\/jochenelberskirch\/"}]}},"_links":{"self":[{"href":"https:\/\/www.naturparkmagazin.de\/am-stettiner-haff\/wp-json\/wp\/v2\/posts\/577"}],"collection":[{"href":"https:\/\/www.naturparkmagazin.de\/am-stettiner-haff\/wp-json\/wp\/v2\/posts"}],"about":[{"href":"https:\/\/www.naturparkmagazin.de\/am-stettiner-haff\/wp-json\/wp\/v2\/types\/post"}],"author":[{"embeddable":true,"href":"https:\/\/www.naturparkmagazin.de\/am-stettiner-haff\/wp-json\/wp\/v2\/users\/26"}],"replies":[{"embeddable":true,"href":"https:\/\/www.naturparkmagazin.de\/am-stettiner-haff\/wp-json\/wp\/v2\/comments?post=577"}],"version-history":[{"count":4,"href":"https:\/\/www.naturparkmagazin.de\/am-stettiner-haff\/wp-json\/wp\/v2\/posts\/577\/revisions"}],"predecessor-version":[{"id":610,"href":"https:\/\/www.naturparkmagazin.de\/am-stettiner-haff\/wp-json\/wp\/v2\/posts\/577\/revisions\/610"}],"wp:featuredmedia":[{"embeddable":true,"href":"https:\/\/www.naturparkmagazin.de\/am-stettiner-haff\/wp-json\/wp\/v2\/media\/579"}],"wp:attachment":[{"href":"https:\/\/www.naturparkmagazin.de\/am-stettiner-haff\/wp-json\/wp\/v2\/media?parent=577"}],"wp:term":[{"taxonomy":"category","embeddable":true,"href":"https:\/\/www.naturparkmagazin.de\/am-stettiner-haff\/wp-json\/wp\/v2\/categories?post=577"},{"taxonomy":"post_tag","embeddable":true,"href":"https:\/\/www.naturparkmagazin.de\/am-stettiner-haff\/wp-json\/wp\/v2\/tags?post=577"}],"curies":[{"name":"wp","href":"https:\/\/api.w.org\/{rel}","templated":true}]}}