{"id":582,"date":"2013-12-16T14:39:15","date_gmt":"2013-12-16T12:39:15","guid":{"rendered":"http:\/\/www.naturparkmagazin.de\/am-stettiner-haff\/?p=582"},"modified":"2013-12-19T13:55:01","modified_gmt":"2013-12-19T11:55:01","slug":"kleine-grundschule-mewegen-wird-naturparkschule","status":"publish","type":"post","link":"https:\/\/www.naturparkmagazin.de\/am-stettiner-haff\/kleine-grundschule-mewegen-wird-naturparkschule\/","title":{"rendered":"Kleine Grundschule Mewegen soll Naturpark-Schule werden"},"content":{"rendered":"<p><a href=\"https:\/\/www.naturparkmagazin.de\/am-stettiner-haff\/wp-content\/uploads\/sites\/29\/Naturparkschule-2-zeilig.jpg\"><img decoding=\"async\" loading=\"lazy\" class=\"aligncenter size-medium wp-image-600\" alt=\"Naturparkschule 2-zeilig\" src=\"https:\/\/www.naturparkmagazin.de\/am-stettiner-haff\/wp-content\/uploads\/sites\/29\/Naturparkschule-2-zeilig-620x202.jpg\" width=\"620\" height=\"202\" \/><\/a><\/p>\n<p>Mit der Unterzeichnung einer\u00a0Kooperationsvereinbarung, kurz vor Weihnachten bekr\u00e4ftigten Schulleiter Jens Anker und Naturparkleiter Jochen Elberskirch, dass Schule und Naturpark gemeinsam daran arbeiten, aus der Kleinen Grundschule, die bereits als Umweltschule ausgezeichnet ist, eine Naturpark-Schule zu machen.\u00a0Damit bekommt die seit Jahren gelebte Zusammenarbeit noch einmal einen offiziellen Anstrich.<\/p>\n<p>Bereits seit Beginn 2013 beteiligen sich beide Einrichtungen an dem bundesweiten Projekt \u201eNetzwerk Naturpark-Schulen\u201c des Verbandes der deutschen Naturparke (VDN), welches durch die Deutsche Bundesstiftung Umwelt (DBU) gef\u00f6rdert wird.<\/p>\n<p>Ziel des Projektes ist der Aufbau einer festen, dauerhaften Kooperation zwischen den Naturparken und Schulen. Im Rahmen der Kooperationsvereinbarung verpflichtet\u00a0 sich die Grundschule Mewegen, Naturpark- und Umweltbildungsthemen regelm\u00e4\u00dfig im Unterricht zu verankern und damit auch einen Beitrag zur Bildung f\u00fcr nachhaltige Entwicklung (BNE) zu leisten. Aufgabe des Naturparks wird es sein, die Schule dabei aktiv zu unterst\u00fctzen. Hierzu werden die Mitarbeiter des Naturparks nicht nur Exkursionen und Projekttage vorbereiten und durchf\u00fchren, sondern sich in Absprache mit den Lehrern auch aktiv in\u00a0 den Unterricht einbringen. Wichtige Themen aus der Naturpark-Region wie Natur und Landschaft, Kultur und Handwerk sowie Land- und Forstwirtschaft, auch unter Einbeziehung au\u00dferschulischer Partner\u00a0wie F\u00f6rster, Natursch\u00fctzer und Landwirte sollen so regelm\u00e4\u00dfig behandelt werden.\u00a0 Die Sch\u00fclerinnen und Sch\u00fcler lernen auf diese Weise ihre Heimatregionen besser kennen und werden so f\u00fcr das Einzigartige ihrer Naturpark-Region begeistert.<\/p>\n<p>Ende des Schuljahres 2013\/14 sollen die Partnerschulen dann als \u201eNaturpark-Schule\u201c ausgezeichnet werden.<\/p>\n","protected":false},"excerpt":{"rendered":"<p>Mit der Unterzeichnung einer Kooperationsvereinbarung bekr\u00e4ftigten Schulleiter Jens Anker und Naturparkleiter Jochen Elberskirch, dass Schule und Naturpark gemeinsam daran arbeiten, aus der Kleinen Grundschule eine Naturpark-Schule zu machen. <\/p>\n","protected":false},"author":26,"featured_media":613,"comment_status":"open","ping_status":"open","sticky":false,"template":"","format":"standard","meta":[],"categories":[7],"tags":[],"yoast_head":"<!-- This site is optimized with the Yoast SEO plugin v19.10 - https:\/\/yoast.com\/wordpress\/plugins\/seo\/ -->\n<title>Kleine Grundschule Mewegen soll Naturpark-Schule werden - Naturpark Am Stettiner Haff<\/title>\n<meta name=\"robots\" content=\"index, follow, max-snippet:-1, max-image-preview:large, max-video-preview:-1\" \/>\n<link rel=\"canonical\" href=\"https:\/\/www.naturparkmagazin.de\/am-stettiner-haff\/kleine-grundschule-mewegen-wird-naturparkschule\/\" \/>\n<meta property=\"og:locale\" content=\"de_DE\" \/>\n<meta property=\"og:type\" content=\"article\" \/>\n<meta property=\"og:title\" content=\"Kleine Grundschule Mewegen soll Naturpark-Schule werden - Naturpark Am Stettiner Haff\" \/>\n<meta property=\"og:description\" content=\"Mit der Unterzeichnung einer Kooperationsvereinbarung bekr\u00e4ftigten Schulleiter Jens Anker und Naturparkleiter Jochen Elberskirch, dass Schule und Naturpark gemeinsam daran arbeiten, aus der Kleinen Grundschule eine Naturpark-Schule zu machen.\" \/>\n<meta property=\"og:url\" content=\"https:\/\/www.naturparkmagazin.de\/am-stettiner-haff\/kleine-grundschule-mewegen-wird-naturparkschule\/\" \/>\n<meta property=\"og:site_name\" content=\"Naturpark Am Stettiner Haff\" \/>\n<meta property=\"article:published_time\" content=\"2013-12-16T12:39:15+00:00\" \/>\n<meta property=\"article:modified_time\" content=\"2013-12-19T11:55:01+00:00\" \/>\n<meta property=\"og:image\" content=\"https:\/\/www.naturparkmagazin.de\/am-stettiner-haff\/wp-content\/uploads\/sites\/29\/naturpark-schule.jpg\" \/>\n\t<meta property=\"og:image:width\" content=\"180\" \/>\n\t<meta property=\"og:image:height\" content=\"135\" \/>\n\t<meta property=\"og:image:type\" content=\"image\/jpeg\" \/>\n<meta name=\"author\" content=\"Jochen Elberskirch\" \/>\n<meta name=\"twitter:label1\" content=\"Verfasst von\" \/>\n\t<meta name=\"twitter:data1\" content=\"Jochen Elberskirch\" \/>\n\t<meta name=\"twitter:label2\" content=\"Gesch\u00e4tzte Lesezeit\" \/>\n\t<meta name=\"twitter:data2\" content=\"1\u00a0Minute\" \/>\n<script type=\"application\/ld+json\" class=\"yoast-schema-graph\">{\"@context\":\"https:\/\/schema.org\",\"@graph\":[{\"@type\":\"WebPage\",\"@id\":\"https:\/\/www.naturparkmagazin.de\/am-stettiner-haff\/kleine-grundschule-mewegen-wird-naturparkschule\/\",\"url\":\"https:\/\/www.naturparkmagazin.de\/am-stettiner-haff\/kleine-grundschule-mewegen-wird-naturparkschule\/\",\"name\":\"Kleine Grundschule Mewegen soll Naturpark-Schule werden - Naturpark Am Stettiner Haff\",\"isPartOf\":{\"@id\":\"https:\/\/www.naturparkmagazin.de\/am-stettiner-haff\/#website\"},\"datePublished\":\"2013-12-16T12:39:15+00:00\",\"dateModified\":\"2013-12-19T11:55:01+00:00\",\"author\":{\"@id\":\"https:\/\/www.naturparkmagazin.de\/am-stettiner-haff\/#\/schema\/person\/4a7208080dbbfb024d81129b7960c725\"},\"breadcrumb\":{\"@id\":\"https:\/\/www.naturparkmagazin.de\/am-stettiner-haff\/kleine-grundschule-mewegen-wird-naturparkschule\/#breadcrumb\"},\"inLanguage\":\"de\",\"potentialAction\":[{\"@type\":\"ReadAction\",\"target\":[\"https:\/\/www.naturparkmagazin.de\/am-stettiner-haff\/kleine-grundschule-mewegen-wird-naturparkschule\/\"]}]},{\"@type\":\"BreadcrumbList\",\"@id\":\"https:\/\/www.naturparkmagazin.de\/am-stettiner-haff\/kleine-grundschule-mewegen-wird-naturparkschule\/#breadcrumb\",\"itemListElement\":[{\"@type\":\"ListItem\",\"position\":1,\"name\":\"Home\",\"item\":\"https:\/\/www.naturparkmagazin.de\/am-stettiner-haff\/\"},{\"@type\":\"ListItem\",\"position\":2,\"name\":\"Kleine Grundschule Mewegen soll Naturpark-Schule werden\"}]},{\"@type\":\"WebSite\",\"@id\":\"https:\/\/www.naturparkmagazin.de\/am-stettiner-haff\/#website\",\"url\":\"https:\/\/www.naturparkmagazin.de\/am-stettiner-haff\/\",\"name\":\"Naturpark Am Stettiner Haff\",\"description\":\"\",\"potentialAction\":[{\"@type\":\"SearchAction\",\"target\":{\"@type\":\"EntryPoint\",\"urlTemplate\":\"https:\/\/www.naturparkmagazin.de\/am-stettiner-haff\/?s={search_term_string}\"},\"query-input\":\"required name=search_term_string\"}],\"inLanguage\":\"de\"},{\"@type\":\"Person\",\"@id\":\"https:\/\/www.naturparkmagazin.de\/am-stettiner-haff\/#\/schema\/person\/4a7208080dbbfb024d81129b7960c725\",\"name\":\"Jochen Elberskirch\",\"sameAs\":[\"http:\/\/www.naturpark-am-stettiner-haff.de\"],\"url\":\"https:\/\/www.naturparkmagazin.de\/am-stettiner-haff\/author\/jochenelberskirch\/\"}]}<\/script>\n<!-- \/ Yoast SEO plugin. -->","yoast_head_json":{"title":"Kleine Grundschule Mewegen soll Naturpark-Schule werden - Naturpark Am Stettiner Haff","robots":{"index":"index","follow":"follow","max-snippet":"max-snippet:-1","max-image-preview":"max-image-preview:large","max-video-preview":"max-video-preview:-1"},"canonical":"https:\/\/www.naturparkmagazin.de\/am-stettiner-haff\/kleine-grundschule-mewegen-wird-naturparkschule\/","og_locale":"de_DE","og_type":"article","og_title":"Kleine Grundschule Mewegen soll Naturpark-Schule werden - Naturpark Am Stettiner Haff","og_description":"Mit der Unterzeichnung einer Kooperationsvereinbarung bekr\u00e4ftigten Schulleiter Jens Anker und Naturparkleiter Jochen Elberskirch, dass Schule und Naturpark gemeinsam daran arbeiten, aus der Kleinen Grundschule eine Naturpark-Schule zu machen.","og_url":"https:\/\/www.naturparkmagazin.de\/am-stettiner-haff\/kleine-grundschule-mewegen-wird-naturparkschule\/","og_site_name":"Naturpark Am Stettiner Haff","article_published_time":"2013-12-16T12:39:15+00:00","article_modified_time":"2013-12-19T11:55:01+00:00","og_image":[{"width":180,"height":135,"url":"https:\/\/www.naturparkmagazin.de\/am-stettiner-haff\/wp-content\/uploads\/sites\/29\/naturpark-schule.jpg","type":"image\/jpeg"}],"author":"Jochen Elberskirch","twitter_misc":{"Verfasst von":"Jochen Elberskirch","Gesch\u00e4tzte Lesezeit":"1\u00a0Minute"},"schema":{"@context":"https:\/\/schema.org","@graph":[{"@type":"WebPage","@id":"https:\/\/www.naturparkmagazin.de\/am-stettiner-haff\/kleine-grundschule-mewegen-wird-naturparkschule\/","url":"https:\/\/www.naturparkmagazin.de\/am-stettiner-haff\/kleine-grundschule-mewegen-wird-naturparkschule\/","name":"Kleine Grundschule Mewegen soll Naturpark-Schule werden - Naturpark Am Stettiner Haff","isPartOf":{"@id":"https:\/\/www.naturparkmagazin.de\/am-stettiner-haff\/#website"},"datePublished":"2013-12-16T12:39:15+00:00","dateModified":"2013-12-19T11:55:01+00:00","author":{"@id":"https:\/\/www.naturparkmagazin.de\/am-stettiner-haff\/#\/schema\/person\/4a7208080dbbfb024d81129b7960c725"},"breadcrumb":{"@id":"https:\/\/www.naturparkmagazin.de\/am-stettiner-haff\/kleine-grundschule-mewegen-wird-naturparkschule\/#breadcrumb"},"inLanguage":"de","potentialAction":[{"@type":"ReadAction","target":["https:\/\/www.naturparkmagazin.de\/am-stettiner-haff\/kleine-grundschule-mewegen-wird-naturparkschule\/"]}]},{"@type":"BreadcrumbList","@id":"https:\/\/www.naturparkmagazin.de\/am-stettiner-haff\/kleine-grundschule-mewegen-wird-naturparkschule\/#breadcrumb","itemListElement":[{"@type":"ListItem","position":1,"name":"Home","item":"https:\/\/www.naturparkmagazin.de\/am-stettiner-haff\/"},{"@type":"ListItem","position":2,"name":"Kleine Grundschule Mewegen soll Naturpark-Schule werden"}]},{"@type":"WebSite","@id":"https:\/\/www.naturparkmagazin.de\/am-stettiner-haff\/#website","url":"https:\/\/www.naturparkmagazin.de\/am-stettiner-haff\/","name":"Naturpark Am Stettiner Haff","description":"","potentialAction":[{"@type":"SearchAction","target":{"@type":"EntryPoint","urlTemplate":"https:\/\/www.naturparkmagazin.de\/am-stettiner-haff\/?s={search_term_string}"},"query-input":"required name=search_term_string"}],"inLanguage":"de"},{"@type":"Person","@id":"https:\/\/www.naturparkmagazin.de\/am-stettiner-haff\/#\/schema\/person\/4a7208080dbbfb024d81129b7960c725","name":"Jochen Elberskirch","sameAs":["http:\/\/www.naturpark-am-stettiner-haff.de"],"url":"https:\/\/www.naturparkmagazin.de\/am-stettiner-haff\/author\/jochenelberskirch\/"}]}},"_links":{"self":[{"href":"https:\/\/www.naturparkmagazin.de\/am-stettiner-haff\/wp-json\/wp\/v2\/posts\/582"}],"collection":[{"href":"https:\/\/www.naturparkmagazin.de\/am-stettiner-haff\/wp-json\/wp\/v2\/posts"}],"about":[{"href":"https:\/\/www.naturparkmagazin.de\/am-stettiner-haff\/wp-json\/wp\/v2\/types\/post"}],"author":[{"embeddable":true,"href":"https:\/\/www.naturparkmagazin.de\/am-stettiner-haff\/wp-json\/wp\/v2\/users\/26"}],"replies":[{"embeddable":true,"href":"https:\/\/www.naturparkmagazin.de\/am-stettiner-haff\/wp-json\/wp\/v2\/comments?post=582"}],"version-history":[{"count":11,"href":"https:\/\/www.naturparkmagazin.de\/am-stettiner-haff\/wp-json\/wp\/v2\/posts\/582\/revisions"}],"predecessor-version":[{"id":616,"href":"https:\/\/www.naturparkmagazin.de\/am-stettiner-haff\/wp-json\/wp\/v2\/posts\/582\/revisions\/616"}],"wp:featuredmedia":[{"embeddable":true,"href":"https:\/\/www.naturparkmagazin.de\/am-stettiner-haff\/wp-json\/wp\/v2\/media\/613"}],"wp:attachment":[{"href":"https:\/\/www.naturparkmagazin.de\/am-stettiner-haff\/wp-json\/wp\/v2\/media?parent=582"}],"wp:term":[{"taxonomy":"category","embeddable":true,"href":"https:\/\/www.naturparkmagazin.de\/am-stettiner-haff\/wp-json\/wp\/v2\/categories?post=582"},{"taxonomy":"post_tag","embeddable":true,"href":"https:\/\/www.naturparkmagazin.de\/am-stettiner-haff\/wp-json\/wp\/v2\/tags?post=582"}],"curies":[{"name":"wp","href":"https:\/\/api.w.org\/{rel}","templated":true}]}}