{"id":619,"date":"2014-01-22T14:00:46","date_gmt":"2014-01-22T12:00:46","guid":{"rendered":"http:\/\/www.naturparkmagazin.de\/am-stettiner-haff\/?p=619"},"modified":"2014-01-24T15:26:05","modified_gmt":"2014-01-24T13:26:05","slug":"619","status":"publish","type":"post","link":"https:\/\/www.naturparkmagazin.de\/am-stettiner-haff\/619\/","title":{"rendered":"Riether Werder bekommt neuen Anleger"},"content":{"rendered":"<p>Die nord\u00f6stlichste Vogelschutzinsel Deutschlands, der Riether Werder ist Heimat zahlreicher z.T. seltener Vogelarten. So br\u00fcten auf der Insel neben Kiebitzen und Rotschenkeln auch Uferschnepfen. Au\u00dferdem beherbergt die Insel eine der gr\u00f6\u00dften Brutkolonien der Lachm\u00f6we innerhalb Mecklenburg-Vorpommerns.<\/p>\n<p>&nbsp;<\/p>\n<div id=\"attachment_620\" style=\"width: 630px\" class=\"wp-caption alignleft\"><a href=\"https:\/\/www.naturparkmagazin.de\/am-stettiner-haff\/wp-content\/uploads\/sites\/29\/115.jpg\"><img aria-describedby=\"caption-attachment-620\" decoding=\"async\" loading=\"lazy\" class=\"size-medium wp-image-620 \" alt=\"Lachm\u00f6wenkolonie auf dem Riether Werder (Foto: A. Adamowicz)\" src=\"https:\/\/www.naturparkmagazin.de\/am-stettiner-haff\/wp-content\/uploads\/sites\/29\/115-620x465.jpg\" width=\"620\" height=\"465\" srcset=\"https:\/\/www.naturparkmagazin.de\/am-stettiner-haff\/wp-content\/uploads\/sites\/29\/115-620x465.jpg 620w, https:\/\/www.naturparkmagazin.de\/am-stettiner-haff\/wp-content\/uploads\/sites\/29\/115-300x225.jpg 300w, https:\/\/www.naturparkmagazin.de\/am-stettiner-haff\/wp-content\/uploads\/sites\/29\/115-940x705.jpg 940w, https:\/\/www.naturparkmagazin.de\/am-stettiner-haff\/wp-content\/uploads\/sites\/29\/115-580x435.jpg 580w, https:\/\/www.naturparkmagazin.de\/am-stettiner-haff\/wp-content\/uploads\/sites\/29\/115-420x315.jpg 420w, https:\/\/www.naturparkmagazin.de\/am-stettiner-haff\/wp-content\/uploads\/sites\/29\/115-180x135.jpg 180w, https:\/\/www.naturparkmagazin.de\/am-stettiner-haff\/wp-content\/uploads\/sites\/29\/115-95x71.jpg 95w, https:\/\/www.naturparkmagazin.de\/am-stettiner-haff\/wp-content\/uploads\/sites\/29\/115-670x503.jpg 670w, https:\/\/www.naturparkmagazin.de\/am-stettiner-haff\/wp-content\/uploads\/sites\/29\/115-200x150.jpg 200w, https:\/\/www.naturparkmagazin.de\/am-stettiner-haff\/wp-content\/uploads\/sites\/29\/115.jpg 1024w\" sizes=\"(max-width: 620px) 100vw, 620px\" \/><\/a><p id=\"caption-attachment-620\" class=\"wp-caption-text\">Lachm\u00f6wenkolonie auf dem Riether Werder (Foto: A. Adamowicz)<\/p><\/div>\n<p>Aber auch als Rast- und \u00dcberwinterungsgebiet hat der Riether Werder eine gro\u00dfe Bedeutung. Als Teil des Naturschutzgebietes \u201eAltwarper Binnend\u00fcnen, Neuwarper See und Riether Werder\u201c und als Bestandteil des gleichnamigen europ\u00e4ischen Flora-Fauna-Habitat Gebietes und des Europ\u00e4ischen Vogelschutzgebietes \u201cKleines Haff, Neuwarper See und Riether Werder\u201c steht die Insel unter besonderem Schutz und das Betreten der Insel ist nur mit spezieller Genehmigung der Unteren Naturschutzbeh\u00f6rde gestattet. Damit die Insel auch weiterhin gro\u00dfe naturschutzfachliche Bedeutung genie\u00dft und die Attraktivit\u00e4t f\u00fcr die Vogelwelt erhalten bzw. noch verbessert wird, k\u00fcmmern sich zahlreiche Akteure um das rund 80 ha gro\u00dfe Eiland.<\/p>\n<p>Seit nunmehr 15 Jahren betreut der F\u00f6rderverein f\u00fcr Naturschutzarbeit in der Uecker-Randow Region die Insel und stellt u.a. sicher, dass sich keine Beutegreifer an den Brutv\u00f6geln vergreifen k\u00f6nnen. Mit viel Engagement und Herzblut sorgt Vereinsmitglied und renomierter Bauj\u00e4ger und Ornithologe Frank Joisten daf\u00fcr, dass gelegentlich auf der Insel auftauchende F\u00fcchse, Minke und andere gefr\u00e4\u00dfige Raubs\u00e4uger, aber auch Wildschweine keine Zukunft auf der Insel haben. Neben der \u201eRaubs\u00e4uger -Freiheit\u201c ben\u00f6tigen die Brutv\u00f6gel jedoch auch geeignete Lebensr\u00e4ume um sich erfolgreich Fortpflanzen zu k\u00f6nnen. Hierzu werden die landeseigenen Fl\u00e4chen von einem erfahrenden Landwirt, der auch ein Herz f\u00fcr die V\u00f6gel hat, naturschutzgerecht beweidet. Trotz schwierigster Bedingungen hat Eike-Sch\u00f6n-Petersen mit seinem Haffwiesenhof die Fl\u00e4chen gepachtet. Und so \u201everschifft\u201c er mit seinen Mitarbeitern mehrfach im Jahr K\u00fche um mit ihnen den Riether Werder zu beweiden. Unterst\u00fctzt wird er dabei durch die Mitarbeiter der Naturwacht des Naturparks Am Stettiner Haff. Allen voran Ralf Fleck der bei noch so widrigen Wetterbedingungen stets das Steuer des Heuers fest in der Hand hat und den \u201eKuhtransport\u201c meist ohne gr\u00f6\u00dfere Probleme sicher meistert. Um das \u00dcbersetzen der K\u00fche k\u00fcnftig noch besser gew\u00e4hrleisten zu k\u00f6nnen, hat das Land M-V Geld \u201elocker gemacht\u201c, um den Anleger auf dem Riether Werder zu erneuern und die Kaikante im Hafen Rieth zu verbessern. Am 14. Januar 2014 fand die Baubanahme des neuen Anlegers statt, den die Tiefbau GmbH Jarmen als Auftragnehmer errichtet hat.<\/p>\n<div id=\"attachment_622\" style=\"width: 630px\" class=\"wp-caption aligncenter\"><a href=\"https:\/\/www.naturparkmagazin.de\/am-stettiner-haff\/wp-content\/uploads\/sites\/29\/DSC_0015.jpg\"><img aria-describedby=\"caption-attachment-622\" decoding=\"async\" loading=\"lazy\" class=\"size-medium wp-image-622\" alt=\"Bauabnahme des neuen Anlegers (Foto: Naturparkarchiv\" src=\"https:\/\/www.naturparkmagazin.de\/am-stettiner-haff\/wp-content\/uploads\/sites\/29\/DSC_0015-620x412.jpg\" width=\"620\" height=\"412\" srcset=\"https:\/\/www.naturparkmagazin.de\/am-stettiner-haff\/wp-content\/uploads\/sites\/29\/DSC_0015-620x412.jpg 620w, https:\/\/www.naturparkmagazin.de\/am-stettiner-haff\/wp-content\/uploads\/sites\/29\/DSC_0015-300x200.jpg 300w, https:\/\/www.naturparkmagazin.de\/am-stettiner-haff\/wp-content\/uploads\/sites\/29\/DSC_0015-940x625.jpg 940w, https:\/\/www.naturparkmagazin.de\/am-stettiner-haff\/wp-content\/uploads\/sites\/29\/DSC_0015-670x446.jpg 670w, https:\/\/www.naturparkmagazin.de\/am-stettiner-haff\/wp-content\/uploads\/sites\/29\/DSC_0015-200x133.jpg 200w, https:\/\/www.naturparkmagazin.de\/am-stettiner-haff\/wp-content\/uploads\/sites\/29\/DSC_0015.jpg 1024w\" sizes=\"(max-width: 620px) 100vw, 620px\" \/><\/a><p id=\"caption-attachment-622\" class=\"wp-caption-text\">Bauabnahme des neuen Anlegers (Foto: Naturparkarchiv)<\/p><\/div>\n<p>Der Auftraggeber, das Staatliche Amt f\u00fcr Landwirtschaft und Umwelt Vorpommern, konnte bis auf kleinere Korrekturen zufrieden die Ausf\u00fchrung der beauftragten Leistungen bescheinigen. Alle Anwesenden waren sich dar\u00fcber einig, dass sich mit der Neugestaltung des Anlegers der Transport der K\u00fche nun einfacher und vor allem f\u00fcr die Tiere auch ungef\u00e4hrlicher durchf\u00fchren lassen wird. Den Praxistest hierf\u00fcr gibt es jedoch erst in der kommenden Saison, also nach dem noch kommenden Winter. Nat\u00fcrlich wird auch an dieser Stelle davon zu lesen sein.<\/p>\n<div id=\"attachment_623\" style=\"width: 630px\" class=\"wp-caption aligncenter\"><a href=\"https:\/\/www.naturparkmagazin.de\/am-stettiner-haff\/wp-content\/uploads\/sites\/29\/DSC_0028.jpg\"><img aria-describedby=\"caption-attachment-623\" decoding=\"async\" loading=\"lazy\" class=\"size-medium wp-image-623\" alt=\"Riether Werder - Neuer Anleger (Foto: Naturparkarchiv)\" src=\"https:\/\/www.naturparkmagazin.de\/am-stettiner-haff\/wp-content\/uploads\/sites\/29\/DSC_0028-620x412.jpg\" width=\"620\" height=\"412\" srcset=\"https:\/\/www.naturparkmagazin.de\/am-stettiner-haff\/wp-content\/uploads\/sites\/29\/DSC_0028-620x412.jpg 620w, https:\/\/www.naturparkmagazin.de\/am-stettiner-haff\/wp-content\/uploads\/sites\/29\/DSC_0028-300x200.jpg 300w, https:\/\/www.naturparkmagazin.de\/am-stettiner-haff\/wp-content\/uploads\/sites\/29\/DSC_0028-940x625.jpg 940w, https:\/\/www.naturparkmagazin.de\/am-stettiner-haff\/wp-content\/uploads\/sites\/29\/DSC_0028-670x446.jpg 670w, https:\/\/www.naturparkmagazin.de\/am-stettiner-haff\/wp-content\/uploads\/sites\/29\/DSC_0028-200x133.jpg 200w, https:\/\/www.naturparkmagazin.de\/am-stettiner-haff\/wp-content\/uploads\/sites\/29\/DSC_0028.jpg 1024w\" sizes=\"(max-width: 620px) 100vw, 620px\" \/><\/a><p id=\"caption-attachment-623\" class=\"wp-caption-text\">Riether Werder &#8211; Neuer Anleger (Foto: Naturparkarchiv)<\/p><\/div>\n","protected":false},"excerpt":{"rendered":"<p>Die nord\u00f6stlichste Vogelschutzinsel Deutschlands, der Riether Werder ist Heimat zahlreicher z.T. seltener Vogelarten. So br\u00fcten auf der Insel neben Kiebitzen und Rotschenkeln auch Uferschnepfen. <\/p>\n","protected":false},"author":26,"featured_media":621,"comment_status":"open","ping_status":"open","sticky":false,"template":"","format":"standard","meta":[],"categories":[7],"tags":[],"yoast_head":"<!-- This site is optimized with the Yoast SEO plugin v19.10 - https:\/\/yoast.com\/wordpress\/plugins\/seo\/ -->\n<title>Riether Werder bekommt neuen Anleger - Naturpark Am Stettiner Haff<\/title>\n<meta name=\"robots\" content=\"index, follow, max-snippet:-1, max-image-preview:large, max-video-preview:-1\" \/>\n<link rel=\"canonical\" href=\"https:\/\/www.naturparkmagazin.de\/am-stettiner-haff\/619\/\" \/>\n<meta property=\"og:locale\" content=\"de_DE\" \/>\n<meta property=\"og:type\" content=\"article\" \/>\n<meta property=\"og:title\" content=\"Riether Werder bekommt neuen Anleger - Naturpark Am Stettiner Haff\" \/>\n<meta property=\"og:description\" content=\"Die nord\u00f6stlichste Vogelschutzinsel Deutschlands, der Riether Werder ist Heimat zahlreicher z.T. seltener Vogelarten. So br\u00fcten auf der Insel neben Kiebitzen und Rotschenkeln auch Uferschnepfen.\" \/>\n<meta property=\"og:url\" content=\"https:\/\/www.naturparkmagazin.de\/am-stettiner-haff\/619\/\" \/>\n<meta property=\"og:site_name\" content=\"Naturpark Am Stettiner Haff\" \/>\n<meta property=\"article:published_time\" content=\"2014-01-22T12:00:46+00:00\" \/>\n<meta property=\"article:modified_time\" content=\"2014-01-24T13:26:05+00:00\" \/>\n<meta property=\"og:image\" content=\"https:\/\/www.naturparkmagazin.de\/am-stettiner-haff\/wp-content\/uploads\/sites\/29\/DSC_0011.jpg\" \/>\n\t<meta property=\"og:image:width\" content=\"2878\" \/>\n\t<meta property=\"og:image:height\" content=\"1663\" \/>\n\t<meta property=\"og:image:type\" content=\"image\/jpeg\" \/>\n<meta name=\"author\" content=\"Jochen Elberskirch\" \/>\n<meta name=\"twitter:label1\" content=\"Verfasst von\" \/>\n\t<meta name=\"twitter:data1\" content=\"Jochen Elberskirch\" \/>\n\t<meta name=\"twitter:label2\" content=\"Gesch\u00e4tzte Lesezeit\" \/>\n\t<meta name=\"twitter:data2\" content=\"3\u00a0Minuten\" \/>\n<script type=\"application\/ld+json\" class=\"yoast-schema-graph\">{\"@context\":\"https:\/\/schema.org\",\"@graph\":[{\"@type\":\"WebPage\",\"@id\":\"https:\/\/www.naturparkmagazin.de\/am-stettiner-haff\/619\/\",\"url\":\"https:\/\/www.naturparkmagazin.de\/am-stettiner-haff\/619\/\",\"name\":\"Riether Werder bekommt neuen Anleger - Naturpark Am Stettiner Haff\",\"isPartOf\":{\"@id\":\"https:\/\/www.naturparkmagazin.de\/am-stettiner-haff\/#website\"},\"datePublished\":\"2014-01-22T12:00:46+00:00\",\"dateModified\":\"2014-01-24T13:26:05+00:00\",\"author\":{\"@id\":\"https:\/\/www.naturparkmagazin.de\/am-stettiner-haff\/#\/schema\/person\/4a7208080dbbfb024d81129b7960c725\"},\"breadcrumb\":{\"@id\":\"https:\/\/www.naturparkmagazin.de\/am-stettiner-haff\/619\/#breadcrumb\"},\"inLanguage\":\"de\",\"potentialAction\":[{\"@type\":\"ReadAction\",\"target\":[\"https:\/\/www.naturparkmagazin.de\/am-stettiner-haff\/619\/\"]}]},{\"@type\":\"BreadcrumbList\",\"@id\":\"https:\/\/www.naturparkmagazin.de\/am-stettiner-haff\/619\/#breadcrumb\",\"itemListElement\":[{\"@type\":\"ListItem\",\"position\":1,\"name\":\"Home\",\"item\":\"https:\/\/www.naturparkmagazin.de\/am-stettiner-haff\/\"},{\"@type\":\"ListItem\",\"position\":2,\"name\":\"Riether Werder bekommt neuen Anleger\"}]},{\"@type\":\"WebSite\",\"@id\":\"https:\/\/www.naturparkmagazin.de\/am-stettiner-haff\/#website\",\"url\":\"https:\/\/www.naturparkmagazin.de\/am-stettiner-haff\/\",\"name\":\"Naturpark Am Stettiner Haff\",\"description\":\"\",\"potentialAction\":[{\"@type\":\"SearchAction\",\"target\":{\"@type\":\"EntryPoint\",\"urlTemplate\":\"https:\/\/www.naturparkmagazin.de\/am-stettiner-haff\/?s={search_term_string}\"},\"query-input\":\"required name=search_term_string\"}],\"inLanguage\":\"de\"},{\"@type\":\"Person\",\"@id\":\"https:\/\/www.naturparkmagazin.de\/am-stettiner-haff\/#\/schema\/person\/4a7208080dbbfb024d81129b7960c725\",\"name\":\"Jochen Elberskirch\",\"sameAs\":[\"http:\/\/www.naturpark-am-stettiner-haff.de\"],\"url\":\"https:\/\/www.naturparkmagazin.de\/am-stettiner-haff\/author\/jochenelberskirch\/\"}]}<\/script>\n<!-- \/ Yoast SEO plugin. -->","yoast_head_json":{"title":"Riether Werder bekommt neuen Anleger - Naturpark Am Stettiner Haff","robots":{"index":"index","follow":"follow","max-snippet":"max-snippet:-1","max-image-preview":"max-image-preview:large","max-video-preview":"max-video-preview:-1"},"canonical":"https:\/\/www.naturparkmagazin.de\/am-stettiner-haff\/619\/","og_locale":"de_DE","og_type":"article","og_title":"Riether Werder bekommt neuen Anleger - Naturpark Am Stettiner Haff","og_description":"Die nord\u00f6stlichste Vogelschutzinsel Deutschlands, der Riether Werder ist Heimat zahlreicher z.T. seltener Vogelarten. So br\u00fcten auf der Insel neben Kiebitzen und Rotschenkeln auch Uferschnepfen.","og_url":"https:\/\/www.naturparkmagazin.de\/am-stettiner-haff\/619\/","og_site_name":"Naturpark Am Stettiner Haff","article_published_time":"2014-01-22T12:00:46+00:00","article_modified_time":"2014-01-24T13:26:05+00:00","og_image":[{"width":2878,"height":1663,"url":"https:\/\/www.naturparkmagazin.de\/am-stettiner-haff\/wp-content\/uploads\/sites\/29\/DSC_0011.jpg","type":"image\/jpeg"}],"author":"Jochen Elberskirch","twitter_misc":{"Verfasst von":"Jochen Elberskirch","Gesch\u00e4tzte Lesezeit":"3\u00a0Minuten"},"schema":{"@context":"https:\/\/schema.org","@graph":[{"@type":"WebPage","@id":"https:\/\/www.naturparkmagazin.de\/am-stettiner-haff\/619\/","url":"https:\/\/www.naturparkmagazin.de\/am-stettiner-haff\/619\/","name":"Riether Werder bekommt neuen Anleger - Naturpark Am Stettiner Haff","isPartOf":{"@id":"https:\/\/www.naturparkmagazin.de\/am-stettiner-haff\/#website"},"datePublished":"2014-01-22T12:00:46+00:00","dateModified":"2014-01-24T13:26:05+00:00","author":{"@id":"https:\/\/www.naturparkmagazin.de\/am-stettiner-haff\/#\/schema\/person\/4a7208080dbbfb024d81129b7960c725"},"breadcrumb":{"@id":"https:\/\/www.naturparkmagazin.de\/am-stettiner-haff\/619\/#breadcrumb"},"inLanguage":"de","potentialAction":[{"@type":"ReadAction","target":["https:\/\/www.naturparkmagazin.de\/am-stettiner-haff\/619\/"]}]},{"@type":"BreadcrumbList","@id":"https:\/\/www.naturparkmagazin.de\/am-stettiner-haff\/619\/#breadcrumb","itemListElement":[{"@type":"ListItem","position":1,"name":"Home","item":"https:\/\/www.naturparkmagazin.de\/am-stettiner-haff\/"},{"@type":"ListItem","position":2,"name":"Riether Werder bekommt neuen Anleger"}]},{"@type":"WebSite","@id":"https:\/\/www.naturparkmagazin.de\/am-stettiner-haff\/#website","url":"https:\/\/www.naturparkmagazin.de\/am-stettiner-haff\/","name":"Naturpark Am Stettiner Haff","description":"","potentialAction":[{"@type":"SearchAction","target":{"@type":"EntryPoint","urlTemplate":"https:\/\/www.naturparkmagazin.de\/am-stettiner-haff\/?s={search_term_string}"},"query-input":"required name=search_term_string"}],"inLanguage":"de"},{"@type":"Person","@id":"https:\/\/www.naturparkmagazin.de\/am-stettiner-haff\/#\/schema\/person\/4a7208080dbbfb024d81129b7960c725","name":"Jochen Elberskirch","sameAs":["http:\/\/www.naturpark-am-stettiner-haff.de"],"url":"https:\/\/www.naturparkmagazin.de\/am-stettiner-haff\/author\/jochenelberskirch\/"}]}},"_links":{"self":[{"href":"https:\/\/www.naturparkmagazin.de\/am-stettiner-haff\/wp-json\/wp\/v2\/posts\/619"}],"collection":[{"href":"https:\/\/www.naturparkmagazin.de\/am-stettiner-haff\/wp-json\/wp\/v2\/posts"}],"about":[{"href":"https:\/\/www.naturparkmagazin.de\/am-stettiner-haff\/wp-json\/wp\/v2\/types\/post"}],"author":[{"embeddable":true,"href":"https:\/\/www.naturparkmagazin.de\/am-stettiner-haff\/wp-json\/wp\/v2\/users\/26"}],"replies":[{"embeddable":true,"href":"https:\/\/www.naturparkmagazin.de\/am-stettiner-haff\/wp-json\/wp\/v2\/comments?post=619"}],"version-history":[{"count":10,"href":"https:\/\/www.naturparkmagazin.de\/am-stettiner-haff\/wp-json\/wp\/v2\/posts\/619\/revisions"}],"predecessor-version":[{"id":677,"href":"https:\/\/www.naturparkmagazin.de\/am-stettiner-haff\/wp-json\/wp\/v2\/posts\/619\/revisions\/677"}],"wp:featuredmedia":[{"embeddable":true,"href":"https:\/\/www.naturparkmagazin.de\/am-stettiner-haff\/wp-json\/wp\/v2\/media\/621"}],"wp:attachment":[{"href":"https:\/\/www.naturparkmagazin.de\/am-stettiner-haff\/wp-json\/wp\/v2\/media?parent=619"}],"wp:term":[{"taxonomy":"category","embeddable":true,"href":"https:\/\/www.naturparkmagazin.de\/am-stettiner-haff\/wp-json\/wp\/v2\/categories?post=619"},{"taxonomy":"post_tag","embeddable":true,"href":"https:\/\/www.naturparkmagazin.de\/am-stettiner-haff\/wp-json\/wp\/v2\/tags?post=619"}],"curies":[{"name":"wp","href":"https:\/\/api.w.org\/{rel}","templated":true}]}}