{"id":631,"date":"2014-02-19T11:05:46","date_gmt":"2014-02-19T10:05:46","guid":{"rendered":"http:\/\/www.naturparkmagazin.de\/am-stettiner-haff\/?p=631"},"modified":"2014-04-09T12:41:43","modified_gmt":"2014-04-09T10:41:43","slug":"fernreisende-in-naturpark-am-stettiner-haff","status":"publish","type":"post","link":"https:\/\/www.naturparkmagazin.de\/am-stettiner-haff\/fernreisende-in-naturpark-am-stettiner-haff\/","title":{"rendered":"Fernreisende im Naturpark am Stettiner Haff"},"content":{"rendered":"<p>von Frank Joisten<\/p>\n<p>Seit 110 Jahren werden V\u00f6gel im Rahmen der Forschung mit Metallringen gekennzeichnet. Dabei werden sowohl nichtfl\u00fcgge Jungv\u00f6gel oder als auch gefangene Altv\u00f6gel markiert. H\u00e4ufig\u00a0 erst nach ihrem Tod\u00a0 h\u00f6ren dann erst die Beringungszentralen erneut etwas von \u201eihrem&#8220; Vogel. Um mehr \u00fcber beringte V\u00f6gel zu erfahren werden seit etwa 30 Jahren vermehrt V\u00f6gel mit codierten Farbringen gekennzeichnet.<!--more--> Der Farbring scheint die V\u00f6gel auch nicht weiter zu st\u00f6ren und eine Mantelm\u00f6we die 2012\/2013\/2014 in Ueckerm\u00fcnde abgelesen wurde, tr\u00e4gt ihren bereits seit 25 Jahren. Diese Farbringe lassen sich sowohl mit einem Fernglas oder mit einem Foto aus einer Kamera, wie der preiswerten\u00a0 Canon\u00a0 SX 50 mit einen 50 fachen optischen Zoom, gut ablesen. Besonders das\u00a0 Ueckerm\u00fcnder Strandbad bietet gute Beobachtungsm\u00f6glichkeiten f\u00fcr markierte M\u00f6wen und Schw\u00e4ne. Mit Hilfe des Internets l\u00e4sst sich unproblematisch unter <span style=\"text-decoration: underline\">www.cr-birding.org<\/span> der Beringer des Vogels europaweit finden. Die Beringer senden einem dann, nach einer Beobachtungsmeldung, h\u00e4ufig den \u201e Lebenslauf\u201c des Vogels. Auch die Vogelberingungszentrale Hiddensee <a href=\"http:\/\/www.beringungszentrale-hiddensee.de\/\">www.beringungszentrale-hiddensee.de<\/a> nimmt solche Meldungen gerne entgegen. Hochinteressant ist vor allem die Vielzahl der \u201eHeimatl\u00e4nder\u201c der farbberingten V\u00f6gel\u00a0 am Haff die zum Teil nur wenige Tage bis mehrere Wochen rasten. Mantelm\u00f6wen aus Norwegen und D\u00e4nemark, Silberm\u00f6wen aus Wei\u00dfrussland und dem gesamten Baltikum, Lachm\u00f6wen aus Belgien, Holland und der Schweiz. Bei den Schw\u00e4nen wurden bisher D\u00e4nen , Polen und Wei\u00dfrussen beobachtet. Wer also an den Gew\u00e4ssern und auf Feldern in Zukunft vermehrt nach farbigen Fuss- und Halsringen Ausschau h\u00e4lt, kann damit aktiv zur Vogelforschung beitragen.<\/p>\n<p>&nbsp;<\/p>\n<div id=\"attachment_632\" style=\"width: 504px\" class=\"wp-caption aligncenter\"><a href=\"https:\/\/www.naturparkmagazin.de\/am-stettiner-haff\/wp-content\/uploads\/sites\/29\/01-1402.jpg\"><img aria-describedby=\"caption-attachment-632\" decoding=\"async\" loading=\"lazy\" class=\" wp-image-632       \" alt=\"Internationales M\u00f6wentreffen am Strand von Ueckerm\u00fcnde (Foto: F. Joisten)\" src=\"https:\/\/www.naturparkmagazin.de\/am-stettiner-haff\/wp-content\/uploads\/sites\/29\/01-1402.jpg\" width=\"494\" height=\"333\" srcset=\"https:\/\/www.naturparkmagazin.de\/am-stettiner-haff\/wp-content\/uploads\/sites\/29\/01-1402.jpg 601w, https:\/\/www.naturparkmagazin.de\/am-stettiner-haff\/wp-content\/uploads\/sites\/29\/01-1402-300x203.jpg 300w, https:\/\/www.naturparkmagazin.de\/am-stettiner-haff\/wp-content\/uploads\/sites\/29\/01-1402-200x135.jpg 200w\" sizes=\"(max-width: 494px) 100vw, 494px\" \/><\/a><p id=\"caption-attachment-632\" class=\"wp-caption-text\">Internationales M\u00f6wentreffen am Strand von Ueckerm\u00fcnde (Foto: F. Joisten)<\/p><\/div>\n<p>&nbsp;<\/p>\n<div id=\"attachment_633\" style=\"width: 506px\" class=\"wp-caption aligncenter\"><a href=\"https:\/\/www.naturparkmagazin.de\/am-stettiner-haff\/wp-content\/uploads\/sites\/29\/02-1402.jpg\"><img aria-describedby=\"caption-attachment-633\" decoding=\"async\" loading=\"lazy\" class=\" wp-image-633 \" alt=\"Beringte Mantelm\u00f6we (Foto: F. Joisten)\" src=\"https:\/\/www.naturparkmagazin.de\/am-stettiner-haff\/wp-content\/uploads\/sites\/29\/02-1402-620x465.jpg\" width=\"496\" height=\"372\" srcset=\"https:\/\/www.naturparkmagazin.de\/am-stettiner-haff\/wp-content\/uploads\/sites\/29\/02-1402-620x465.jpg 620w, https:\/\/www.naturparkmagazin.de\/am-stettiner-haff\/wp-content\/uploads\/sites\/29\/02-1402-300x225.jpg 300w, https:\/\/www.naturparkmagazin.de\/am-stettiner-haff\/wp-content\/uploads\/sites\/29\/02-1402-940x705.jpg 940w, https:\/\/www.naturparkmagazin.de\/am-stettiner-haff\/wp-content\/uploads\/sites\/29\/02-1402-580x435.jpg 580w, https:\/\/www.naturparkmagazin.de\/am-stettiner-haff\/wp-content\/uploads\/sites\/29\/02-1402-420x315.jpg 420w, https:\/\/www.naturparkmagazin.de\/am-stettiner-haff\/wp-content\/uploads\/sites\/29\/02-1402-180x135.jpg 180w, https:\/\/www.naturparkmagazin.de\/am-stettiner-haff\/wp-content\/uploads\/sites\/29\/02-1402-95x71.jpg 95w, https:\/\/www.naturparkmagazin.de\/am-stettiner-haff\/wp-content\/uploads\/sites\/29\/02-1402-670x503.jpg 670w, https:\/\/www.naturparkmagazin.de\/am-stettiner-haff\/wp-content\/uploads\/sites\/29\/02-1402-200x150.jpg 200w\" sizes=\"(max-width: 496px) 100vw, 496px\" \/><\/a><p id=\"caption-attachment-633\" class=\"wp-caption-text\">Beringte Mantelm\u00f6we (Foto: F. Joisten)<\/p><\/div>\n<p>Diese Mantelm\u00f6we wurde\u00a0nestjung am 25.05.1988 auf Lilla Karls\u00f6, Gotland, Schweden beringt. Seit 2011 konnte\u00a0sie\u00a0in jedem Winter am Strand von Ueckerm\u00fcnde , 472 km SW vom Beringungsort, entfernt beobachtet werden.<\/p>\n<div id=\"attachment_634\" style=\"width: 506px\" class=\"wp-caption aligncenter\"><a href=\"https:\/\/www.naturparkmagazin.de\/am-stettiner-haff\/wp-content\/uploads\/sites\/29\/03-1402.jpg\"><img aria-describedby=\"caption-attachment-634\" decoding=\"async\" loading=\"lazy\" class=\" wp-image-634 \" alt=\"beringte Steppenm\u00f6we (Foto: F. Joisten)\" src=\"https:\/\/www.naturparkmagazin.de\/am-stettiner-haff\/wp-content\/uploads\/sites\/29\/03-1402-620x465.jpg\" width=\"496\" height=\"372\" srcset=\"https:\/\/www.naturparkmagazin.de\/am-stettiner-haff\/wp-content\/uploads\/sites\/29\/03-1402-620x465.jpg 620w, https:\/\/www.naturparkmagazin.de\/am-stettiner-haff\/wp-content\/uploads\/sites\/29\/03-1402-300x225.jpg 300w, https:\/\/www.naturparkmagazin.de\/am-stettiner-haff\/wp-content\/uploads\/sites\/29\/03-1402-940x705.jpg 940w, https:\/\/www.naturparkmagazin.de\/am-stettiner-haff\/wp-content\/uploads\/sites\/29\/03-1402-580x435.jpg 580w, https:\/\/www.naturparkmagazin.de\/am-stettiner-haff\/wp-content\/uploads\/sites\/29\/03-1402-420x315.jpg 420w, https:\/\/www.naturparkmagazin.de\/am-stettiner-haff\/wp-content\/uploads\/sites\/29\/03-1402-180x135.jpg 180w, https:\/\/www.naturparkmagazin.de\/am-stettiner-haff\/wp-content\/uploads\/sites\/29\/03-1402-95x71.jpg 95w, https:\/\/www.naturparkmagazin.de\/am-stettiner-haff\/wp-content\/uploads\/sites\/29\/03-1402-670x503.jpg 670w, https:\/\/www.naturparkmagazin.de\/am-stettiner-haff\/wp-content\/uploads\/sites\/29\/03-1402-200x150.jpg 200w, https:\/\/www.naturparkmagazin.de\/am-stettiner-haff\/wp-content\/uploads\/sites\/29\/03-1402.jpg 1024w\" sizes=\"(max-width: 496px) 100vw, 496px\" \/><\/a><p id=\"caption-attachment-634\" class=\"wp-caption-text\">beringte Steppenm\u00f6we (Foto: F. Joisten)<\/p><\/div>\n<p>Nur 96 Tage nach ihrem Beringen am 10. Juni 2011\u00a0wurde diese Steppenm\u00f6we 1323 km\u00a0 vom Beringungsort am Wasserwanderrastplatz Rieth gesichtet.<\/p>\n<div id=\"attachment_635\" style=\"width: 506px\" class=\"wp-caption aligncenter\"><a href=\"https:\/\/www.naturparkmagazin.de\/am-stettiner-haff\/wp-content\/uploads\/sites\/29\/04-1402.jpg\"><img aria-describedby=\"caption-attachment-635\" decoding=\"async\" loading=\"lazy\" class=\" wp-image-635 \" alt=\"halsberingter weibl. Singschwan (Foto: F. Joisten)\" src=\"https:\/\/www.naturparkmagazin.de\/am-stettiner-haff\/wp-content\/uploads\/sites\/29\/04-1402-620x465.jpg\" width=\"496\" height=\"372\" srcset=\"https:\/\/www.naturparkmagazin.de\/am-stettiner-haff\/wp-content\/uploads\/sites\/29\/04-1402-620x465.jpg 620w, https:\/\/www.naturparkmagazin.de\/am-stettiner-haff\/wp-content\/uploads\/sites\/29\/04-1402-300x225.jpg 300w, https:\/\/www.naturparkmagazin.de\/am-stettiner-haff\/wp-content\/uploads\/sites\/29\/04-1402-940x705.jpg 940w, https:\/\/www.naturparkmagazin.de\/am-stettiner-haff\/wp-content\/uploads\/sites\/29\/04-1402-580x435.jpg 580w, https:\/\/www.naturparkmagazin.de\/am-stettiner-haff\/wp-content\/uploads\/sites\/29\/04-1402-420x315.jpg 420w, https:\/\/www.naturparkmagazin.de\/am-stettiner-haff\/wp-content\/uploads\/sites\/29\/04-1402-180x135.jpg 180w, https:\/\/www.naturparkmagazin.de\/am-stettiner-haff\/wp-content\/uploads\/sites\/29\/04-1402-95x71.jpg 95w, https:\/\/www.naturparkmagazin.de\/am-stettiner-haff\/wp-content\/uploads\/sites\/29\/04-1402-670x503.jpg 670w, https:\/\/www.naturparkmagazin.de\/am-stettiner-haff\/wp-content\/uploads\/sites\/29\/04-1402-200x150.jpg 200w, https:\/\/www.naturparkmagazin.de\/am-stettiner-haff\/wp-content\/uploads\/sites\/29\/04-1402.jpg 1000w\" sizes=\"(max-width: 496px) 100vw, 496px\" \/><\/a><p id=\"caption-attachment-635\" class=\"wp-caption-text\">halsberingter weibl. Singschwan (Foto: F. Joisten)<\/p><\/div>\n<p>Ein am\u00a0 30.Juli 2009 in Kunkuli, Lettlandin halsberingter weiblicher Singschwan, rastete\u00a0in den\u00a0letzten Winter unter anderem\u00a0 im Havelland, in der Ostprignitz, in Greifswald,\u00a0 in Heinrichsruh und im Dezember 2013 \u00fcber mehrere Tage in Kotelow, Mecklenburgische Seenplatte. Der Schwan wird auch regelm\u00e4\u00dfig an seinem Beringungsort im Brutrevier abgelesen.<\/p>\n<div id=\"attachment_636\" style=\"width: 506px\" class=\"wp-caption aligncenter\"><a href=\"https:\/\/www.naturparkmagazin.de\/am-stettiner-haff\/wp-content\/uploads\/sites\/29\/05-1402.jpg\"><img aria-describedby=\"caption-attachment-636\" decoding=\"async\" loading=\"lazy\" class=\" wp-image-636 \" alt=\"halsberingter H\u00f6ckerschwan (Foto: F. Joisten)\" src=\"https:\/\/www.naturparkmagazin.de\/am-stettiner-haff\/wp-content\/uploads\/sites\/29\/05-1402-620x465.jpg\" width=\"496\" height=\"372\" srcset=\"https:\/\/www.naturparkmagazin.de\/am-stettiner-haff\/wp-content\/uploads\/sites\/29\/05-1402-620x465.jpg 620w, https:\/\/www.naturparkmagazin.de\/am-stettiner-haff\/wp-content\/uploads\/sites\/29\/05-1402-300x225.jpg 300w, https:\/\/www.naturparkmagazin.de\/am-stettiner-haff\/wp-content\/uploads\/sites\/29\/05-1402-580x435.jpg 580w, https:\/\/www.naturparkmagazin.de\/am-stettiner-haff\/wp-content\/uploads\/sites\/29\/05-1402-420x315.jpg 420w, https:\/\/www.naturparkmagazin.de\/am-stettiner-haff\/wp-content\/uploads\/sites\/29\/05-1402-180x135.jpg 180w, https:\/\/www.naturparkmagazin.de\/am-stettiner-haff\/wp-content\/uploads\/sites\/29\/05-1402-95x71.jpg 95w, https:\/\/www.naturparkmagazin.de\/am-stettiner-haff\/wp-content\/uploads\/sites\/29\/05-1402-200x150.jpg 200w, https:\/\/www.naturparkmagazin.de\/am-stettiner-haff\/wp-content\/uploads\/sites\/29\/05-1402.jpg 640w\" sizes=\"(max-width: 496px) 100vw, 496px\" \/><\/a><p id=\"caption-attachment-636\" class=\"wp-caption-text\">halsberingter H\u00f6ckerschwan (Foto: F. Joisten)<\/p><\/div>\n<p>&nbsp;<\/p>\n<p>Am 14. April 2008 wurde dieser wei\u00dfrussische H\u00f6ckerschwan am Strand von Ueckerm\u00fcnde abgelesen.\u00a0 Im Winter darauf \u00fcberwinterte der Schwan an der Weichsel in Polen.<\/p>\n<p>&nbsp;<\/p>\n<p>&nbsp;<\/p>\n","protected":false},"excerpt":{"rendered":"<p>Seit 110 Jahren werden V\u00f6gel im Rahmen der Forschung mit Metallringen gekennzeichnet. Dabei werden sowohl nichtfl\u00fcgge Jungv\u00f6gel oder als auch gefangene Altv\u00f6gel markiert. H\u00e4ufig  erst nach ihrem Tod  h\u00f6ren dann erst die Beringungszentralen erneut etwas von \u201eihrem&#8220; Vogel. <\/p>\n","protected":false},"author":26,"featured_media":632,"comment_status":"open","ping_status":"open","sticky":false,"template":"","format":"standard","meta":[],"categories":[11],"tags":[],"yoast_head":"<!-- This site is optimized with the Yoast SEO plugin v19.10 - https:\/\/yoast.com\/wordpress\/plugins\/seo\/ -->\n<title>Fernreisende im Naturpark am Stettiner Haff - Naturpark Am Stettiner Haff<\/title>\n<meta name=\"robots\" content=\"index, follow, max-snippet:-1, max-image-preview:large, max-video-preview:-1\" \/>\n<link rel=\"canonical\" href=\"https:\/\/www.naturparkmagazin.de\/am-stettiner-haff\/fernreisende-in-naturpark-am-stettiner-haff\/\" \/>\n<meta property=\"og:locale\" content=\"de_DE\" \/>\n<meta property=\"og:type\" content=\"article\" \/>\n<meta property=\"og:title\" content=\"Fernreisende im Naturpark am Stettiner Haff - Naturpark Am Stettiner Haff\" \/>\n<meta property=\"og:description\" content=\"Seit 110 Jahren werden V\u00f6gel im Rahmen der Forschung mit Metallringen gekennzeichnet. Dabei werden sowohl nichtfl\u00fcgge Jungv\u00f6gel oder als auch gefangene Altv\u00f6gel markiert. H\u00e4ufig erst nach ihrem Tod h\u00f6ren dann erst die Beringungszentralen erneut etwas von \u201eihrem&quot; Vogel.\" \/>\n<meta property=\"og:url\" content=\"https:\/\/www.naturparkmagazin.de\/am-stettiner-haff\/fernreisende-in-naturpark-am-stettiner-haff\/\" \/>\n<meta property=\"og:site_name\" content=\"Naturpark Am Stettiner Haff\" \/>\n<meta property=\"article:published_time\" content=\"2014-02-19T10:05:46+00:00\" \/>\n<meta property=\"article:modified_time\" content=\"2014-04-09T10:41:43+00:00\" \/>\n<meta property=\"og:image\" content=\"https:\/\/www.naturparkmagazin.de\/am-stettiner-haff\/wp-content\/uploads\/sites\/29\/01-1402.jpg\" \/>\n\t<meta property=\"og:image:width\" content=\"601\" \/>\n\t<meta property=\"og:image:height\" content=\"406\" \/>\n\t<meta property=\"og:image:type\" content=\"image\/jpeg\" \/>\n<meta name=\"author\" content=\"Jochen Elberskirch\" \/>\n<meta name=\"twitter:label1\" content=\"Verfasst von\" \/>\n\t<meta name=\"twitter:data1\" content=\"Jochen Elberskirch\" \/>\n\t<meta name=\"twitter:label2\" content=\"Gesch\u00e4tzte Lesezeit\" \/>\n\t<meta name=\"twitter:data2\" content=\"2\u00a0Minuten\" \/>\n<script type=\"application\/ld+json\" class=\"yoast-schema-graph\">{\"@context\":\"https:\/\/schema.org\",\"@graph\":[{\"@type\":\"WebPage\",\"@id\":\"https:\/\/www.naturparkmagazin.de\/am-stettiner-haff\/fernreisende-in-naturpark-am-stettiner-haff\/\",\"url\":\"https:\/\/www.naturparkmagazin.de\/am-stettiner-haff\/fernreisende-in-naturpark-am-stettiner-haff\/\",\"name\":\"Fernreisende im Naturpark am Stettiner Haff - Naturpark Am Stettiner Haff\",\"isPartOf\":{\"@id\":\"https:\/\/www.naturparkmagazin.de\/am-stettiner-haff\/#website\"},\"datePublished\":\"2014-02-19T10:05:46+00:00\",\"dateModified\":\"2014-04-09T10:41:43+00:00\",\"author\":{\"@id\":\"https:\/\/www.naturparkmagazin.de\/am-stettiner-haff\/#\/schema\/person\/4a7208080dbbfb024d81129b7960c725\"},\"breadcrumb\":{\"@id\":\"https:\/\/www.naturparkmagazin.de\/am-stettiner-haff\/fernreisende-in-naturpark-am-stettiner-haff\/#breadcrumb\"},\"inLanguage\":\"de\",\"potentialAction\":[{\"@type\":\"ReadAction\",\"target\":[\"https:\/\/www.naturparkmagazin.de\/am-stettiner-haff\/fernreisende-in-naturpark-am-stettiner-haff\/\"]}]},{\"@type\":\"BreadcrumbList\",\"@id\":\"https:\/\/www.naturparkmagazin.de\/am-stettiner-haff\/fernreisende-in-naturpark-am-stettiner-haff\/#breadcrumb\",\"itemListElement\":[{\"@type\":\"ListItem\",\"position\":1,\"name\":\"Home\",\"item\":\"https:\/\/www.naturparkmagazin.de\/am-stettiner-haff\/\"},{\"@type\":\"ListItem\",\"position\":2,\"name\":\"Fernreisende im Naturpark am Stettiner Haff\"}]},{\"@type\":\"WebSite\",\"@id\":\"https:\/\/www.naturparkmagazin.de\/am-stettiner-haff\/#website\",\"url\":\"https:\/\/www.naturparkmagazin.de\/am-stettiner-haff\/\",\"name\":\"Naturpark Am Stettiner Haff\",\"description\":\"\",\"potentialAction\":[{\"@type\":\"SearchAction\",\"target\":{\"@type\":\"EntryPoint\",\"urlTemplate\":\"https:\/\/www.naturparkmagazin.de\/am-stettiner-haff\/?s={search_term_string}\"},\"query-input\":\"required name=search_term_string\"}],\"inLanguage\":\"de\"},{\"@type\":\"Person\",\"@id\":\"https:\/\/www.naturparkmagazin.de\/am-stettiner-haff\/#\/schema\/person\/4a7208080dbbfb024d81129b7960c725\",\"name\":\"Jochen Elberskirch\",\"sameAs\":[\"http:\/\/www.naturpark-am-stettiner-haff.de\"],\"url\":\"https:\/\/www.naturparkmagazin.de\/am-stettiner-haff\/author\/jochenelberskirch\/\"}]}<\/script>\n<!-- \/ Yoast SEO plugin. -->","yoast_head_json":{"title":"Fernreisende im Naturpark am Stettiner Haff - Naturpark Am Stettiner Haff","robots":{"index":"index","follow":"follow","max-snippet":"max-snippet:-1","max-image-preview":"max-image-preview:large","max-video-preview":"max-video-preview:-1"},"canonical":"https:\/\/www.naturparkmagazin.de\/am-stettiner-haff\/fernreisende-in-naturpark-am-stettiner-haff\/","og_locale":"de_DE","og_type":"article","og_title":"Fernreisende im Naturpark am Stettiner Haff - Naturpark Am Stettiner Haff","og_description":"Seit 110 Jahren werden V\u00f6gel im Rahmen der Forschung mit Metallringen gekennzeichnet. Dabei werden sowohl nichtfl\u00fcgge Jungv\u00f6gel oder als auch gefangene Altv\u00f6gel markiert. H\u00e4ufig erst nach ihrem Tod h\u00f6ren dann erst die Beringungszentralen erneut etwas von \u201eihrem\" Vogel.","og_url":"https:\/\/www.naturparkmagazin.de\/am-stettiner-haff\/fernreisende-in-naturpark-am-stettiner-haff\/","og_site_name":"Naturpark Am Stettiner Haff","article_published_time":"2014-02-19T10:05:46+00:00","article_modified_time":"2014-04-09T10:41:43+00:00","og_image":[{"width":601,"height":406,"url":"https:\/\/www.naturparkmagazin.de\/am-stettiner-haff\/wp-content\/uploads\/sites\/29\/01-1402.jpg","type":"image\/jpeg"}],"author":"Jochen Elberskirch","twitter_misc":{"Verfasst von":"Jochen Elberskirch","Gesch\u00e4tzte Lesezeit":"2\u00a0Minuten"},"schema":{"@context":"https:\/\/schema.org","@graph":[{"@type":"WebPage","@id":"https:\/\/www.naturparkmagazin.de\/am-stettiner-haff\/fernreisende-in-naturpark-am-stettiner-haff\/","url":"https:\/\/www.naturparkmagazin.de\/am-stettiner-haff\/fernreisende-in-naturpark-am-stettiner-haff\/","name":"Fernreisende im Naturpark am Stettiner Haff - Naturpark Am Stettiner Haff","isPartOf":{"@id":"https:\/\/www.naturparkmagazin.de\/am-stettiner-haff\/#website"},"datePublished":"2014-02-19T10:05:46+00:00","dateModified":"2014-04-09T10:41:43+00:00","author":{"@id":"https:\/\/www.naturparkmagazin.de\/am-stettiner-haff\/#\/schema\/person\/4a7208080dbbfb024d81129b7960c725"},"breadcrumb":{"@id":"https:\/\/www.naturparkmagazin.de\/am-stettiner-haff\/fernreisende-in-naturpark-am-stettiner-haff\/#breadcrumb"},"inLanguage":"de","potentialAction":[{"@type":"ReadAction","target":["https:\/\/www.naturparkmagazin.de\/am-stettiner-haff\/fernreisende-in-naturpark-am-stettiner-haff\/"]}]},{"@type":"BreadcrumbList","@id":"https:\/\/www.naturparkmagazin.de\/am-stettiner-haff\/fernreisende-in-naturpark-am-stettiner-haff\/#breadcrumb","itemListElement":[{"@type":"ListItem","position":1,"name":"Home","item":"https:\/\/www.naturparkmagazin.de\/am-stettiner-haff\/"},{"@type":"ListItem","position":2,"name":"Fernreisende im Naturpark am Stettiner Haff"}]},{"@type":"WebSite","@id":"https:\/\/www.naturparkmagazin.de\/am-stettiner-haff\/#website","url":"https:\/\/www.naturparkmagazin.de\/am-stettiner-haff\/","name":"Naturpark Am Stettiner Haff","description":"","potentialAction":[{"@type":"SearchAction","target":{"@type":"EntryPoint","urlTemplate":"https:\/\/www.naturparkmagazin.de\/am-stettiner-haff\/?s={search_term_string}"},"query-input":"required name=search_term_string"}],"inLanguage":"de"},{"@type":"Person","@id":"https:\/\/www.naturparkmagazin.de\/am-stettiner-haff\/#\/schema\/person\/4a7208080dbbfb024d81129b7960c725","name":"Jochen Elberskirch","sameAs":["http:\/\/www.naturpark-am-stettiner-haff.de"],"url":"https:\/\/www.naturparkmagazin.de\/am-stettiner-haff\/author\/jochenelberskirch\/"}]}},"_links":{"self":[{"href":"https:\/\/www.naturparkmagazin.de\/am-stettiner-haff\/wp-json\/wp\/v2\/posts\/631"}],"collection":[{"href":"https:\/\/www.naturparkmagazin.de\/am-stettiner-haff\/wp-json\/wp\/v2\/posts"}],"about":[{"href":"https:\/\/www.naturparkmagazin.de\/am-stettiner-haff\/wp-json\/wp\/v2\/types\/post"}],"author":[{"embeddable":true,"href":"https:\/\/www.naturparkmagazin.de\/am-stettiner-haff\/wp-json\/wp\/v2\/users\/26"}],"replies":[{"embeddable":true,"href":"https:\/\/www.naturparkmagazin.de\/am-stettiner-haff\/wp-json\/wp\/v2\/comments?post=631"}],"version-history":[{"count":10,"href":"https:\/\/www.naturparkmagazin.de\/am-stettiner-haff\/wp-json\/wp\/v2\/posts\/631\/revisions"}],"predecessor-version":[{"id":721,"href":"https:\/\/www.naturparkmagazin.de\/am-stettiner-haff\/wp-json\/wp\/v2\/posts\/631\/revisions\/721"}],"wp:featuredmedia":[{"embeddable":true,"href":"https:\/\/www.naturparkmagazin.de\/am-stettiner-haff\/wp-json\/wp\/v2\/media\/632"}],"wp:attachment":[{"href":"https:\/\/www.naturparkmagazin.de\/am-stettiner-haff\/wp-json\/wp\/v2\/media?parent=631"}],"wp:term":[{"taxonomy":"category","embeddable":true,"href":"https:\/\/www.naturparkmagazin.de\/am-stettiner-haff\/wp-json\/wp\/v2\/categories?post=631"},{"taxonomy":"post_tag","embeddable":true,"href":"https:\/\/www.naturparkmagazin.de\/am-stettiner-haff\/wp-json\/wp\/v2\/tags?post=631"}],"curies":[{"name":"wp","href":"https:\/\/api.w.org\/{rel}","templated":true}]}}