{"id":701,"date":"2014-02-19T12:12:46","date_gmt":"2014-02-19T10:12:46","guid":{"rendered":"http:\/\/www.naturparkmagazin.de\/am-stettiner-haff\/?p=701"},"modified":"2014-02-25T12:40:02","modified_gmt":"2014-02-25T11:40:02","slug":"liebe-leserinnen-liebe-leser","status":"publish","type":"post","link":"https:\/\/www.naturparkmagazin.de\/am-stettiner-haff\/liebe-leserinnen-liebe-leser\/","title":{"rendered":"Liebe Leserin, lieber Leser!"},"content":{"rendered":"<p>L\u00e4ngere Tage,\u00a0w\u00e4rmere Sonnenstrahlen und vielstimmiges Vogelgezwitscher sind\u00a0untr\u00fcgliche Hinweise darauf, dass der Fr\u00fchling schon vor der T\u00fcr steht.<\/p>\n<p>Zahlreiche Kraniche haben bereits ihre Brutreviere in unserem Naturpark bezogen und die ersten Kr\u00f6ten und Fr\u00f6sche haben sich bereits auf\u00a0Wanderschaft begeben. Zeit den anstehenden Fr\u00fchjahrsputz zu planen bzw. in Angriff zu nehmen. Auch f\u00fcr die Mitarbeiter der Naturwacht geht es nun wieder verst\u00e4rkt ins Gel\u00e4nde um vor Ort nach dem Rechten zu sehen und um Interessierten die Vielf\u00e4ltigkeit unseres Naturparks zu zeigen. Was die Naturw\u00e4chter in den letzten Wochen beobachtet haben und ob Farbringe Modeaccessoires sind erfahren\u00a0Sie, wenn\u00a0Sie weiterlesen.<\/p>\n<p>Viel Spa\u00df bei der\u00a0Lekt\u00fcre w\u00fcnscht Ihnen<\/p>\n<p>Jochen Elberskirch\nLeiter des Naturparks\u00a0&#8222;Am Stettiner\u00a0Haff&#8220;<\/p>\n","protected":false},"excerpt":{"rendered":"<p>L\u00e4ngere Tage,\u00a0w\u00e4rmere Sonnenstrahlen und vielstimmiges Vogelgezwitscher sind\u00a0untr\u00fcgliche Hinweise darauf, dass der Fr\u00fchling schon vor der T\u00fcr steht. Zahlreiche Kraniche haben bereits ihre Brutreviere in unserem Naturpark bezogen und die ersten Kr\u00f6ten und Fr\u00f6sche haben sich bereits auf\u00a0Wanderschaft begeben. Zeit den anstehenden Fr\u00fchjahrsputz zu planen bzw. in Angriff zu nehmen. Auch f\u00fcr die Mitarbeiter der Naturwacht<\/p>\n","protected":false},"author":26,"featured_media":0,"comment_status":"open","ping_status":"open","sticky":false,"template":"","format":"standard","meta":[],"categories":[52],"tags":[],"yoast_head":"<!-- This site is optimized with the Yoast SEO plugin v19.10 - https:\/\/yoast.com\/wordpress\/plugins\/seo\/ -->\n<title>Liebe Leserin, lieber Leser! - Naturpark Am Stettiner Haff<\/title>\n<meta name=\"robots\" content=\"index, follow, max-snippet:-1, max-image-preview:large, max-video-preview:-1\" \/>\n<link rel=\"canonical\" href=\"https:\/\/www.naturparkmagazin.de\/am-stettiner-haff\/liebe-leserinnen-liebe-leser\/\" \/>\n<meta property=\"og:locale\" content=\"de_DE\" \/>\n<meta property=\"og:type\" content=\"article\" \/>\n<meta property=\"og:title\" content=\"Liebe Leserin, lieber Leser! - Naturpark Am Stettiner Haff\" \/>\n<meta property=\"og:description\" content=\"L\u00e4ngere Tage,\u00a0w\u00e4rmere Sonnenstrahlen und vielstimmiges Vogelgezwitscher sind\u00a0untr\u00fcgliche Hinweise darauf, dass der Fr\u00fchling schon vor der T\u00fcr steht. Zahlreiche Kraniche haben bereits ihre Brutreviere in unserem Naturpark bezogen und die ersten Kr\u00f6ten und Fr\u00f6sche haben sich bereits auf\u00a0Wanderschaft begeben. Zeit den anstehenden Fr\u00fchjahrsputz zu planen bzw. in Angriff zu nehmen. Auch f\u00fcr die Mitarbeiter der Naturwacht\" \/>\n<meta property=\"og:url\" content=\"https:\/\/www.naturparkmagazin.de\/am-stettiner-haff\/liebe-leserinnen-liebe-leser\/\" \/>\n<meta property=\"og:site_name\" content=\"Naturpark Am Stettiner Haff\" \/>\n<meta property=\"article:published_time\" content=\"2014-02-19T10:12:46+00:00\" \/>\n<meta property=\"article:modified_time\" content=\"2014-02-25T11:40:02+00:00\" \/>\n<meta name=\"author\" content=\"Jochen Elberskirch\" \/>\n<meta name=\"twitter:label1\" content=\"Verfasst von\" \/>\n\t<meta name=\"twitter:data1\" content=\"Jochen Elberskirch\" \/>\n\t<meta name=\"twitter:label2\" content=\"Gesch\u00e4tzte Lesezeit\" \/>\n\t<meta name=\"twitter:data2\" content=\"1\u00a0Minute\" \/>\n<script type=\"application\/ld+json\" class=\"yoast-schema-graph\">{\"@context\":\"https:\/\/schema.org\",\"@graph\":[{\"@type\":\"WebPage\",\"@id\":\"https:\/\/www.naturparkmagazin.de\/am-stettiner-haff\/liebe-leserinnen-liebe-leser\/\",\"url\":\"https:\/\/www.naturparkmagazin.de\/am-stettiner-haff\/liebe-leserinnen-liebe-leser\/\",\"name\":\"Liebe Leserin, lieber Leser! - Naturpark Am Stettiner Haff\",\"isPartOf\":{\"@id\":\"https:\/\/www.naturparkmagazin.de\/am-stettiner-haff\/#website\"},\"datePublished\":\"2014-02-19T10:12:46+00:00\",\"dateModified\":\"2014-02-25T11:40:02+00:00\",\"author\":{\"@id\":\"https:\/\/www.naturparkmagazin.de\/am-stettiner-haff\/#\/schema\/person\/4a7208080dbbfb024d81129b7960c725\"},\"breadcrumb\":{\"@id\":\"https:\/\/www.naturparkmagazin.de\/am-stettiner-haff\/liebe-leserinnen-liebe-leser\/#breadcrumb\"},\"inLanguage\":\"de\",\"potentialAction\":[{\"@type\":\"ReadAction\",\"target\":[\"https:\/\/www.naturparkmagazin.de\/am-stettiner-haff\/liebe-leserinnen-liebe-leser\/\"]}]},{\"@type\":\"BreadcrumbList\",\"@id\":\"https:\/\/www.naturparkmagazin.de\/am-stettiner-haff\/liebe-leserinnen-liebe-leser\/#breadcrumb\",\"itemListElement\":[{\"@type\":\"ListItem\",\"position\":1,\"name\":\"Home\",\"item\":\"https:\/\/www.naturparkmagazin.de\/am-stettiner-haff\/\"},{\"@type\":\"ListItem\",\"position\":2,\"name\":\"Liebe Leserin, lieber Leser!\"}]},{\"@type\":\"WebSite\",\"@id\":\"https:\/\/www.naturparkmagazin.de\/am-stettiner-haff\/#website\",\"url\":\"https:\/\/www.naturparkmagazin.de\/am-stettiner-haff\/\",\"name\":\"Naturpark Am Stettiner Haff\",\"description\":\"\",\"potentialAction\":[{\"@type\":\"SearchAction\",\"target\":{\"@type\":\"EntryPoint\",\"urlTemplate\":\"https:\/\/www.naturparkmagazin.de\/am-stettiner-haff\/?s={search_term_string}\"},\"query-input\":\"required name=search_term_string\"}],\"inLanguage\":\"de\"},{\"@type\":\"Person\",\"@id\":\"https:\/\/www.naturparkmagazin.de\/am-stettiner-haff\/#\/schema\/person\/4a7208080dbbfb024d81129b7960c725\",\"name\":\"Jochen Elberskirch\",\"sameAs\":[\"http:\/\/www.naturpark-am-stettiner-haff.de\"],\"url\":\"https:\/\/www.naturparkmagazin.de\/am-stettiner-haff\/author\/jochenelberskirch\/\"}]}<\/script>\n<!-- \/ Yoast SEO plugin. -->","yoast_head_json":{"title":"Liebe Leserin, lieber Leser! - Naturpark Am Stettiner Haff","robots":{"index":"index","follow":"follow","max-snippet":"max-snippet:-1","max-image-preview":"max-image-preview:large","max-video-preview":"max-video-preview:-1"},"canonical":"https:\/\/www.naturparkmagazin.de\/am-stettiner-haff\/liebe-leserinnen-liebe-leser\/","og_locale":"de_DE","og_type":"article","og_title":"Liebe Leserin, lieber Leser! - Naturpark Am Stettiner Haff","og_description":"L\u00e4ngere Tage,\u00a0w\u00e4rmere Sonnenstrahlen und vielstimmiges Vogelgezwitscher sind\u00a0untr\u00fcgliche Hinweise darauf, dass der Fr\u00fchling schon vor der T\u00fcr steht. Zahlreiche Kraniche haben bereits ihre Brutreviere in unserem Naturpark bezogen und die ersten Kr\u00f6ten und Fr\u00f6sche haben sich bereits auf\u00a0Wanderschaft begeben. Zeit den anstehenden Fr\u00fchjahrsputz zu planen bzw. in Angriff zu nehmen. Auch f\u00fcr die Mitarbeiter der Naturwacht","og_url":"https:\/\/www.naturparkmagazin.de\/am-stettiner-haff\/liebe-leserinnen-liebe-leser\/","og_site_name":"Naturpark Am Stettiner Haff","article_published_time":"2014-02-19T10:12:46+00:00","article_modified_time":"2014-02-25T11:40:02+00:00","author":"Jochen Elberskirch","twitter_misc":{"Verfasst von":"Jochen Elberskirch","Gesch\u00e4tzte Lesezeit":"1\u00a0Minute"},"schema":{"@context":"https:\/\/schema.org","@graph":[{"@type":"WebPage","@id":"https:\/\/www.naturparkmagazin.de\/am-stettiner-haff\/liebe-leserinnen-liebe-leser\/","url":"https:\/\/www.naturparkmagazin.de\/am-stettiner-haff\/liebe-leserinnen-liebe-leser\/","name":"Liebe Leserin, lieber Leser! - Naturpark Am Stettiner Haff","isPartOf":{"@id":"https:\/\/www.naturparkmagazin.de\/am-stettiner-haff\/#website"},"datePublished":"2014-02-19T10:12:46+00:00","dateModified":"2014-02-25T11:40:02+00:00","author":{"@id":"https:\/\/www.naturparkmagazin.de\/am-stettiner-haff\/#\/schema\/person\/4a7208080dbbfb024d81129b7960c725"},"breadcrumb":{"@id":"https:\/\/www.naturparkmagazin.de\/am-stettiner-haff\/liebe-leserinnen-liebe-leser\/#breadcrumb"},"inLanguage":"de","potentialAction":[{"@type":"ReadAction","target":["https:\/\/www.naturparkmagazin.de\/am-stettiner-haff\/liebe-leserinnen-liebe-leser\/"]}]},{"@type":"BreadcrumbList","@id":"https:\/\/www.naturparkmagazin.de\/am-stettiner-haff\/liebe-leserinnen-liebe-leser\/#breadcrumb","itemListElement":[{"@type":"ListItem","position":1,"name":"Home","item":"https:\/\/www.naturparkmagazin.de\/am-stettiner-haff\/"},{"@type":"ListItem","position":2,"name":"Liebe Leserin, lieber Leser!"}]},{"@type":"WebSite","@id":"https:\/\/www.naturparkmagazin.de\/am-stettiner-haff\/#website","url":"https:\/\/www.naturparkmagazin.de\/am-stettiner-haff\/","name":"Naturpark Am Stettiner Haff","description":"","potentialAction":[{"@type":"SearchAction","target":{"@type":"EntryPoint","urlTemplate":"https:\/\/www.naturparkmagazin.de\/am-stettiner-haff\/?s={search_term_string}"},"query-input":"required name=search_term_string"}],"inLanguage":"de"},{"@type":"Person","@id":"https:\/\/www.naturparkmagazin.de\/am-stettiner-haff\/#\/schema\/person\/4a7208080dbbfb024d81129b7960c725","name":"Jochen Elberskirch","sameAs":["http:\/\/www.naturpark-am-stettiner-haff.de"],"url":"https:\/\/www.naturparkmagazin.de\/am-stettiner-haff\/author\/jochenelberskirch\/"}]}},"_links":{"self":[{"href":"https:\/\/www.naturparkmagazin.de\/am-stettiner-haff\/wp-json\/wp\/v2\/posts\/701"}],"collection":[{"href":"https:\/\/www.naturparkmagazin.de\/am-stettiner-haff\/wp-json\/wp\/v2\/posts"}],"about":[{"href":"https:\/\/www.naturparkmagazin.de\/am-stettiner-haff\/wp-json\/wp\/v2\/types\/post"}],"author":[{"embeddable":true,"href":"https:\/\/www.naturparkmagazin.de\/am-stettiner-haff\/wp-json\/wp\/v2\/users\/26"}],"replies":[{"embeddable":true,"href":"https:\/\/www.naturparkmagazin.de\/am-stettiner-haff\/wp-json\/wp\/v2\/comments?post=701"}],"version-history":[{"count":5,"href":"https:\/\/www.naturparkmagazin.de\/am-stettiner-haff\/wp-json\/wp\/v2\/posts\/701\/revisions"}],"predecessor-version":[{"id":743,"href":"https:\/\/www.naturparkmagazin.de\/am-stettiner-haff\/wp-json\/wp\/v2\/posts\/701\/revisions\/743"}],"wp:attachment":[{"href":"https:\/\/www.naturparkmagazin.de\/am-stettiner-haff\/wp-json\/wp\/v2\/media?parent=701"}],"wp:term":[{"taxonomy":"category","embeddable":true,"href":"https:\/\/www.naturparkmagazin.de\/am-stettiner-haff\/wp-json\/wp\/v2\/categories?post=701"},{"taxonomy":"post_tag","embeddable":true,"href":"https:\/\/www.naturparkmagazin.de\/am-stettiner-haff\/wp-json\/wp\/v2\/tags?post=701"}],"curies":[{"name":"wp","href":"https:\/\/api.w.org\/{rel}","templated":true}]}}