{"id":706,"date":"2014-02-19T11:24:16","date_gmt":"2014-02-19T09:24:16","guid":{"rendered":"http:\/\/www.naturparkmagazin.de\/am-stettiner-haff\/?p=706"},"modified":"2014-03-12T11:05:18","modified_gmt":"2014-03-12T10:05:18","slug":"den-bibern-auf-den-bau-geschaut-biber-inventur-2014","status":"publish","type":"post","link":"https:\/\/www.naturparkmagazin.de\/am-stettiner-haff\/den-bibern-auf-den-bau-geschaut-biber-inventur-2014\/","title":{"rendered":"Den Bibern auf den Bau geschaut &#8211; Biber-Inventur 2014"},"content":{"rendered":"<p>Wie in jedem Winter stand auch in diesem Jahr die j\u00e4hrliche Inventur der Biberreviere im Naturpark an. Unter der Leitung von Klaus-Dieter Schuld machten sich die Naturw\u00e4chter auf, um die bereits bekannten Biberreviere zu kontrollieren\u00a0und um vielleicht die eine oder andere neue Ansiedlung des emsigen Baumeisters zu entdecken.<\/p>\n<div id=\"attachment_711\" style=\"width: 1510px\" class=\"wp-caption aligncenter\"><a href=\"https:\/\/www.naturparkmagazin.de\/am-stettiner-haff\/wp-content\/uploads\/sites\/29\/IMG_0373.jpg\"><img aria-describedby=\"caption-attachment-711\" decoding=\"async\" loading=\"lazy\" class=\"size-full wp-image-711 \" title=\"Biberburg - Copyright: Naturpark Am Stettiner Haff\" alt=\"Biberburg - Copyright: Naturpark Am Stettiner Haff\" src=\"https:\/\/www.naturparkmagazin.de\/am-stettiner-haff\/wp-content\/uploads\/sites\/29\/IMG_0373.jpg\" width=\"1500\" height=\"843\" srcset=\"https:\/\/www.naturparkmagazin.de\/am-stettiner-haff\/wp-content\/uploads\/sites\/29\/IMG_0373.jpg 1500w, https:\/\/www.naturparkmagazin.de\/am-stettiner-haff\/wp-content\/uploads\/sites\/29\/IMG_0373-300x169.jpg 300w, https:\/\/www.naturparkmagazin.de\/am-stettiner-haff\/wp-content\/uploads\/sites\/29\/IMG_0373-620x348.jpg 620w, https:\/\/www.naturparkmagazin.de\/am-stettiner-haff\/wp-content\/uploads\/sites\/29\/IMG_0373-940x528.jpg 940w, https:\/\/www.naturparkmagazin.de\/am-stettiner-haff\/wp-content\/uploads\/sites\/29\/IMG_0373-670x377.jpg 670w, https:\/\/www.naturparkmagazin.de\/am-stettiner-haff\/wp-content\/uploads\/sites\/29\/IMG_0373-200x112.jpg 200w\" sizes=\"(max-width: 1500px) 100vw, 1500px\" \/><\/a><p id=\"caption-attachment-711\" class=\"wp-caption-text\">Biberburg &#8211; Copyright: Naturpark Am Stettiner Haff<\/p><\/div>\n<dl class=\"wp-caption aligncenter\" id=\"attachment_711\" style=\"width: 1510px;\">\n<dd class=\"wp-caption-dd\">Biberburg (Foto: Naturpark)<\/dd>\n<\/dl>\n<p>Bei diesem Bibermonitoring, wie es in der Fachwelt genannt wird, stellten die Naturw\u00e4chter fest, dass von den 75 bekannten Biberrevieren derzeit 71 Reviere besetzt sind. Der \u00fcberwiegende Teil wird von Familienverb\u00e4nden bewohnt. Au\u00dferdem entdeckten die Naturw\u00e4chter insgesamt 15 neue Biberansiedlungen. Damit gibt es nach der aktuellen Erfassung 91 besetzte und bekannte Biberreviere. Dabei werden ca. 10 Reviere von Einzeltieren bewohnt. Wie lange diese 10 Reviere von Singles bewohnt werden, ist mit Sicherheit nur eine Frage der Zeit, erl\u00e4utert schmunzelnd der zust\u00e4ndige Naturwachtleiter Klaus-Dieter Schuld.<\/p>\n<div id=\"attachment_713\" style=\"width: 1642px\" class=\"wp-caption aligncenter\"><a href=\"https:\/\/www.naturparkmagazin.de\/am-stettiner-haff\/wp-content\/uploads\/sites\/29\/P8080031.jpg\"><img aria-describedby=\"caption-attachment-713\" decoding=\"async\" loading=\"lazy\" class=\"size-full wp-image-713\" alt=\"Fra\u00dfspuren des Bibers (Foto: Naturpark)\" src=\"https:\/\/www.naturparkmagazin.de\/am-stettiner-haff\/wp-content\/uploads\/sites\/29\/P8080031.jpg\" width=\"1632\" height=\"1224\" srcset=\"https:\/\/www.naturparkmagazin.de\/am-stettiner-haff\/wp-content\/uploads\/sites\/29\/P8080031.jpg 1632w, https:\/\/www.naturparkmagazin.de\/am-stettiner-haff\/wp-content\/uploads\/sites\/29\/P8080031-300x225.jpg 300w, https:\/\/www.naturparkmagazin.de\/am-stettiner-haff\/wp-content\/uploads\/sites\/29\/P8080031-620x465.jpg 620w, https:\/\/www.naturparkmagazin.de\/am-stettiner-haff\/wp-content\/uploads\/sites\/29\/P8080031-940x705.jpg 940w, https:\/\/www.naturparkmagazin.de\/am-stettiner-haff\/wp-content\/uploads\/sites\/29\/P8080031-580x435.jpg 580w, https:\/\/www.naturparkmagazin.de\/am-stettiner-haff\/wp-content\/uploads\/sites\/29\/P8080031-420x315.jpg 420w, https:\/\/www.naturparkmagazin.de\/am-stettiner-haff\/wp-content\/uploads\/sites\/29\/P8080031-180x135.jpg 180w, https:\/\/www.naturparkmagazin.de\/am-stettiner-haff\/wp-content\/uploads\/sites\/29\/P8080031-95x71.jpg 95w, https:\/\/www.naturparkmagazin.de\/am-stettiner-haff\/wp-content\/uploads\/sites\/29\/P8080031-670x503.jpg 670w, https:\/\/www.naturparkmagazin.de\/am-stettiner-haff\/wp-content\/uploads\/sites\/29\/P8080031-200x150.jpg 200w\" sizes=\"(max-width: 1632px) 100vw, 1632px\" \/><\/a><p id=\"caption-attachment-713\" class=\"wp-caption-text\">Fra\u00dfspuren des Bibers (Foto: Naturpark)<\/p><\/div>\n","protected":false},"excerpt":{"rendered":"<p>Wie in jedem Winter stand auch in diesm Jahr die j\u00e4hrliche Inventur der Biberreviere im Naturpark an.  <\/p>\n","protected":false},"author":26,"featured_media":712,"comment_status":"open","ping_status":"open","sticky":false,"template":"","format":"standard","meta":[],"categories":[7],"tags":[],"yoast_head":"<!-- This site is optimized with the Yoast SEO plugin v19.10 - https:\/\/yoast.com\/wordpress\/plugins\/seo\/ -->\n<title>Den Bibern auf den Bau geschaut - Biber-Inventur 2014 - Naturpark Am Stettiner Haff<\/title>\n<meta name=\"robots\" content=\"index, follow, max-snippet:-1, max-image-preview:large, max-video-preview:-1\" \/>\n<link rel=\"canonical\" href=\"https:\/\/www.naturparkmagazin.de\/am-stettiner-haff\/den-bibern-auf-den-bau-geschaut-biber-inventur-2014\/\" \/>\n<meta property=\"og:locale\" content=\"de_DE\" \/>\n<meta property=\"og:type\" content=\"article\" \/>\n<meta property=\"og:title\" content=\"Den Bibern auf den Bau geschaut - Biber-Inventur 2014 - Naturpark Am Stettiner Haff\" \/>\n<meta property=\"og:description\" content=\"Wie in jedem Winter stand auch in diesm Jahr die j\u00e4hrliche Inventur der Biberreviere im Naturpark an.\" \/>\n<meta property=\"og:url\" content=\"https:\/\/www.naturparkmagazin.de\/am-stettiner-haff\/den-bibern-auf-den-bau-geschaut-biber-inventur-2014\/\" \/>\n<meta property=\"og:site_name\" content=\"Naturpark Am Stettiner Haff\" \/>\n<meta property=\"article:published_time\" content=\"2014-02-19T09:24:16+00:00\" \/>\n<meta property=\"article:modified_time\" content=\"2014-03-12T10:05:18+00:00\" \/>\n<meta property=\"og:image\" content=\"https:\/\/www.naturparkmagazin.de\/am-stettiner-haff\/wp-content\/uploads\/sites\/29\/P7020067.jpg\" \/>\n\t<meta property=\"og:image:width\" content=\"1024\" \/>\n\t<meta property=\"og:image:height\" content=\"768\" \/>\n\t<meta property=\"og:image:type\" content=\"image\/jpeg\" \/>\n<meta name=\"author\" content=\"Jochen Elberskirch\" \/>\n<meta name=\"twitter:label1\" content=\"Verfasst von\" \/>\n\t<meta name=\"twitter:data1\" content=\"Jochen Elberskirch\" \/>\n\t<meta name=\"twitter:label2\" content=\"Gesch\u00e4tzte Lesezeit\" \/>\n\t<meta name=\"twitter:data2\" content=\"1\u00a0Minute\" \/>\n<script type=\"application\/ld+json\" class=\"yoast-schema-graph\">{\"@context\":\"https:\/\/schema.org\",\"@graph\":[{\"@type\":\"WebPage\",\"@id\":\"https:\/\/www.naturparkmagazin.de\/am-stettiner-haff\/den-bibern-auf-den-bau-geschaut-biber-inventur-2014\/\",\"url\":\"https:\/\/www.naturparkmagazin.de\/am-stettiner-haff\/den-bibern-auf-den-bau-geschaut-biber-inventur-2014\/\",\"name\":\"Den Bibern auf den Bau geschaut - Biber-Inventur 2014 - Naturpark Am Stettiner Haff\",\"isPartOf\":{\"@id\":\"https:\/\/www.naturparkmagazin.de\/am-stettiner-haff\/#website\"},\"datePublished\":\"2014-02-19T09:24:16+00:00\",\"dateModified\":\"2014-03-12T10:05:18+00:00\",\"author\":{\"@id\":\"https:\/\/www.naturparkmagazin.de\/am-stettiner-haff\/#\/schema\/person\/4a7208080dbbfb024d81129b7960c725\"},\"breadcrumb\":{\"@id\":\"https:\/\/www.naturparkmagazin.de\/am-stettiner-haff\/den-bibern-auf-den-bau-geschaut-biber-inventur-2014\/#breadcrumb\"},\"inLanguage\":\"de\",\"potentialAction\":[{\"@type\":\"ReadAction\",\"target\":[\"https:\/\/www.naturparkmagazin.de\/am-stettiner-haff\/den-bibern-auf-den-bau-geschaut-biber-inventur-2014\/\"]}]},{\"@type\":\"BreadcrumbList\",\"@id\":\"https:\/\/www.naturparkmagazin.de\/am-stettiner-haff\/den-bibern-auf-den-bau-geschaut-biber-inventur-2014\/#breadcrumb\",\"itemListElement\":[{\"@type\":\"ListItem\",\"position\":1,\"name\":\"Home\",\"item\":\"https:\/\/www.naturparkmagazin.de\/am-stettiner-haff\/\"},{\"@type\":\"ListItem\",\"position\":2,\"name\":\"Den Bibern auf den Bau geschaut &#8211; Biber-Inventur 2014\"}]},{\"@type\":\"WebSite\",\"@id\":\"https:\/\/www.naturparkmagazin.de\/am-stettiner-haff\/#website\",\"url\":\"https:\/\/www.naturparkmagazin.de\/am-stettiner-haff\/\",\"name\":\"Naturpark Am Stettiner Haff\",\"description\":\"\",\"potentialAction\":[{\"@type\":\"SearchAction\",\"target\":{\"@type\":\"EntryPoint\",\"urlTemplate\":\"https:\/\/www.naturparkmagazin.de\/am-stettiner-haff\/?s={search_term_string}\"},\"query-input\":\"required name=search_term_string\"}],\"inLanguage\":\"de\"},{\"@type\":\"Person\",\"@id\":\"https:\/\/www.naturparkmagazin.de\/am-stettiner-haff\/#\/schema\/person\/4a7208080dbbfb024d81129b7960c725\",\"name\":\"Jochen Elberskirch\",\"sameAs\":[\"http:\/\/www.naturpark-am-stettiner-haff.de\"],\"url\":\"https:\/\/www.naturparkmagazin.de\/am-stettiner-haff\/author\/jochenelberskirch\/\"}]}<\/script>\n<!-- \/ Yoast SEO plugin. -->","yoast_head_json":{"title":"Den Bibern auf den Bau geschaut - Biber-Inventur 2014 - Naturpark Am Stettiner Haff","robots":{"index":"index","follow":"follow","max-snippet":"max-snippet:-1","max-image-preview":"max-image-preview:large","max-video-preview":"max-video-preview:-1"},"canonical":"https:\/\/www.naturparkmagazin.de\/am-stettiner-haff\/den-bibern-auf-den-bau-geschaut-biber-inventur-2014\/","og_locale":"de_DE","og_type":"article","og_title":"Den Bibern auf den Bau geschaut - Biber-Inventur 2014 - Naturpark Am Stettiner Haff","og_description":"Wie in jedem Winter stand auch in diesm Jahr die j\u00e4hrliche Inventur der Biberreviere im Naturpark an.","og_url":"https:\/\/www.naturparkmagazin.de\/am-stettiner-haff\/den-bibern-auf-den-bau-geschaut-biber-inventur-2014\/","og_site_name":"Naturpark Am Stettiner Haff","article_published_time":"2014-02-19T09:24:16+00:00","article_modified_time":"2014-03-12T10:05:18+00:00","og_image":[{"width":1024,"height":768,"url":"https:\/\/www.naturparkmagazin.de\/am-stettiner-haff\/wp-content\/uploads\/sites\/29\/P7020067.jpg","type":"image\/jpeg"}],"author":"Jochen Elberskirch","twitter_misc":{"Verfasst von":"Jochen Elberskirch","Gesch\u00e4tzte Lesezeit":"1\u00a0Minute"},"schema":{"@context":"https:\/\/schema.org","@graph":[{"@type":"WebPage","@id":"https:\/\/www.naturparkmagazin.de\/am-stettiner-haff\/den-bibern-auf-den-bau-geschaut-biber-inventur-2014\/","url":"https:\/\/www.naturparkmagazin.de\/am-stettiner-haff\/den-bibern-auf-den-bau-geschaut-biber-inventur-2014\/","name":"Den Bibern auf den Bau geschaut - Biber-Inventur 2014 - Naturpark Am Stettiner Haff","isPartOf":{"@id":"https:\/\/www.naturparkmagazin.de\/am-stettiner-haff\/#website"},"datePublished":"2014-02-19T09:24:16+00:00","dateModified":"2014-03-12T10:05:18+00:00","author":{"@id":"https:\/\/www.naturparkmagazin.de\/am-stettiner-haff\/#\/schema\/person\/4a7208080dbbfb024d81129b7960c725"},"breadcrumb":{"@id":"https:\/\/www.naturparkmagazin.de\/am-stettiner-haff\/den-bibern-auf-den-bau-geschaut-biber-inventur-2014\/#breadcrumb"},"inLanguage":"de","potentialAction":[{"@type":"ReadAction","target":["https:\/\/www.naturparkmagazin.de\/am-stettiner-haff\/den-bibern-auf-den-bau-geschaut-biber-inventur-2014\/"]}]},{"@type":"BreadcrumbList","@id":"https:\/\/www.naturparkmagazin.de\/am-stettiner-haff\/den-bibern-auf-den-bau-geschaut-biber-inventur-2014\/#breadcrumb","itemListElement":[{"@type":"ListItem","position":1,"name":"Home","item":"https:\/\/www.naturparkmagazin.de\/am-stettiner-haff\/"},{"@type":"ListItem","position":2,"name":"Den Bibern auf den Bau geschaut &#8211; Biber-Inventur 2014"}]},{"@type":"WebSite","@id":"https:\/\/www.naturparkmagazin.de\/am-stettiner-haff\/#website","url":"https:\/\/www.naturparkmagazin.de\/am-stettiner-haff\/","name":"Naturpark Am Stettiner Haff","description":"","potentialAction":[{"@type":"SearchAction","target":{"@type":"EntryPoint","urlTemplate":"https:\/\/www.naturparkmagazin.de\/am-stettiner-haff\/?s={search_term_string}"},"query-input":"required name=search_term_string"}],"inLanguage":"de"},{"@type":"Person","@id":"https:\/\/www.naturparkmagazin.de\/am-stettiner-haff\/#\/schema\/person\/4a7208080dbbfb024d81129b7960c725","name":"Jochen Elberskirch","sameAs":["http:\/\/www.naturpark-am-stettiner-haff.de"],"url":"https:\/\/www.naturparkmagazin.de\/am-stettiner-haff\/author\/jochenelberskirch\/"}]}},"_links":{"self":[{"href":"https:\/\/www.naturparkmagazin.de\/am-stettiner-haff\/wp-json\/wp\/v2\/posts\/706"}],"collection":[{"href":"https:\/\/www.naturparkmagazin.de\/am-stettiner-haff\/wp-json\/wp\/v2\/posts"}],"about":[{"href":"https:\/\/www.naturparkmagazin.de\/am-stettiner-haff\/wp-json\/wp\/v2\/types\/post"}],"author":[{"embeddable":true,"href":"https:\/\/www.naturparkmagazin.de\/am-stettiner-haff\/wp-json\/wp\/v2\/users\/26"}],"replies":[{"embeddable":true,"href":"https:\/\/www.naturparkmagazin.de\/am-stettiner-haff\/wp-json\/wp\/v2\/comments?post=706"}],"version-history":[{"count":10,"href":"https:\/\/www.naturparkmagazin.de\/am-stettiner-haff\/wp-json\/wp\/v2\/posts\/706\/revisions"}],"predecessor-version":[{"id":750,"href":"https:\/\/www.naturparkmagazin.de\/am-stettiner-haff\/wp-json\/wp\/v2\/posts\/706\/revisions\/750"}],"wp:featuredmedia":[{"embeddable":true,"href":"https:\/\/www.naturparkmagazin.de\/am-stettiner-haff\/wp-json\/wp\/v2\/media\/712"}],"wp:attachment":[{"href":"https:\/\/www.naturparkmagazin.de\/am-stettiner-haff\/wp-json\/wp\/v2\/media?parent=706"}],"wp:term":[{"taxonomy":"category","embeddable":true,"href":"https:\/\/www.naturparkmagazin.de\/am-stettiner-haff\/wp-json\/wp\/v2\/categories?post=706"},{"taxonomy":"post_tag","embeddable":true,"href":"https:\/\/www.naturparkmagazin.de\/am-stettiner-haff\/wp-json\/wp\/v2\/tags?post=706"}],"curies":[{"name":"wp","href":"https:\/\/api.w.org\/{rel}","templated":true}]}}