{"id":723,"date":"2014-02-19T13:01:11","date_gmt":"2014-02-19T11:01:11","guid":{"rendered":"http:\/\/www.naturparkmagazin.de\/am-stettiner-haff\/?p=723"},"modified":"2014-02-19T13:07:44","modified_gmt":"2014-02-19T11:07:44","slug":"kurzfilm-ueber-den-naturpark-am-stettiner-haff-im-netz-verfuegbar","status":"publish","type":"post","link":"https:\/\/www.naturparkmagazin.de\/am-stettiner-haff\/kurzfilm-ueber-den-naturpark-am-stettiner-haff-im-netz-verfuegbar\/","title":{"rendered":"Kurzfilm \u00fcber den Naturpark &#8220; Am Stettiner Haff&#8220; im Netz verf\u00fcgbar"},"content":{"rendered":"<p>Dank des Urlaubers Hans Baumgarthuber ist auf youtube ein Kurzfilm \u00fcber den Naturpark &#8222;Am Stettiner Haff&#8220; abrufbar. Herr Baumgarthuber war im Oktober 2013 zu Gast bei uns. In Begleitung der\u00a0Naturw\u00e4chter erkundete er unseren Naturpark und hielt\u00a0seine Erlebnisse\u00a0in eindrucksvoller Weise mit der Kamera fest. Entstanden ist unter anderem ein knapp sechsmin\u00fctiger Film, der die Vielfalt und die Sch\u00f6nheit unserer Naturparkregion wiederspiegelt.<\/p>\n<p>Aber sehen Sie selbst:<\/p>\n<div id=\"attachment_724\" style=\"width: 639px\" class=\"wp-caption aligncenter\"><a href=\"https:\/\/www.naturparkmagazin.de\/am-stettiner-haff\/wp-content\/uploads\/sites\/29\/Trailerbild.jpg\"><img aria-describedby=\"caption-attachment-724\" decoding=\"async\" loading=\"lazy\" class=\"size-full wp-image-724\" alt=\"Titelbild des Kurzfilms (Foto: H. Baumgarthuber)\" src=\"https:\/\/www.naturparkmagazin.de\/am-stettiner-haff\/wp-content\/uploads\/sites\/29\/Trailerbild.jpg\" width=\"629\" height=\"353\" srcset=\"https:\/\/www.naturparkmagazin.de\/am-stettiner-haff\/wp-content\/uploads\/sites\/29\/Trailerbild.jpg 629w, https:\/\/www.naturparkmagazin.de\/am-stettiner-haff\/wp-content\/uploads\/sites\/29\/Trailerbild-300x168.jpg 300w, https:\/\/www.naturparkmagazin.de\/am-stettiner-haff\/wp-content\/uploads\/sites\/29\/Trailerbild-620x348.jpg 620w, https:\/\/www.naturparkmagazin.de\/am-stettiner-haff\/wp-content\/uploads\/sites\/29\/Trailerbild-200x112.jpg 200w\" sizes=\"(max-width: 629px) 100vw, 629px\" \/><\/a><p id=\"caption-attachment-724\" class=\"wp-caption-text\">Titelbild des Kurzfilms (Foto: H. Baumgarthuber)<\/p><\/div>\n<p><a href=\"http:\/\/www.youtube.com\/watch?v=dZs4egh9VI8\">http:\/\/www.youtube.com\/watch?v=dZs4egh9VI8<\/a><\/p>\n","protected":false},"excerpt":{"rendered":"<p>Dank des Urlaubers Hans Baumgarthuber ist auf youtube ein Kurzfilm \u00fcber den Naturpark &#8222;Am Stettiner Haff&#8220; abrufbar. <\/p>\n","protected":false},"author":26,"featured_media":724,"comment_status":"open","ping_status":"open","sticky":false,"template":"","format":"standard","meta":[],"categories":[7],"tags":[],"yoast_head":"<!-- This site is optimized with the Yoast SEO plugin v19.10 - https:\/\/yoast.com\/wordpress\/plugins\/seo\/ -->\n<title>Kurzfilm \u00fcber den Naturpark &quot; Am Stettiner Haff&quot; im Netz verf\u00fcgbar - Naturpark Am Stettiner Haff<\/title>\n<meta name=\"robots\" content=\"index, follow, max-snippet:-1, max-image-preview:large, max-video-preview:-1\" \/>\n<link rel=\"canonical\" href=\"https:\/\/www.naturparkmagazin.de\/am-stettiner-haff\/kurzfilm-ueber-den-naturpark-am-stettiner-haff-im-netz-verfuegbar\/\" \/>\n<meta property=\"og:locale\" content=\"de_DE\" \/>\n<meta property=\"og:type\" content=\"article\" \/>\n<meta property=\"og:title\" content=\"Kurzfilm \u00fcber den Naturpark &quot; Am Stettiner Haff&quot; im Netz verf\u00fcgbar - Naturpark Am Stettiner Haff\" \/>\n<meta property=\"og:description\" content=\"Dank des Urlaubers Hans Baumgarthuber ist auf youtube ein Kurzfilm \u00fcber den Naturpark &quot;Am Stettiner Haff&quot; abrufbar.\" \/>\n<meta property=\"og:url\" content=\"https:\/\/www.naturparkmagazin.de\/am-stettiner-haff\/kurzfilm-ueber-den-naturpark-am-stettiner-haff-im-netz-verfuegbar\/\" \/>\n<meta property=\"og:site_name\" content=\"Naturpark Am Stettiner Haff\" \/>\n<meta property=\"article:published_time\" content=\"2014-02-19T11:01:11+00:00\" \/>\n<meta property=\"article:modified_time\" content=\"2014-02-19T11:07:44+00:00\" \/>\n<meta property=\"og:image\" content=\"https:\/\/www.naturparkmagazin.de\/am-stettiner-haff\/wp-content\/uploads\/sites\/29\/Trailerbild.jpg\" \/>\n\t<meta property=\"og:image:width\" content=\"629\" \/>\n\t<meta property=\"og:image:height\" content=\"353\" \/>\n\t<meta property=\"og:image:type\" content=\"image\/jpeg\" \/>\n<meta name=\"author\" content=\"Jochen Elberskirch\" \/>\n<meta name=\"twitter:label1\" content=\"Verfasst von\" \/>\n\t<meta name=\"twitter:data1\" content=\"Jochen Elberskirch\" \/>\n<script type=\"application\/ld+json\" class=\"yoast-schema-graph\">{\"@context\":\"https:\/\/schema.org\",\"@graph\":[{\"@type\":\"WebPage\",\"@id\":\"https:\/\/www.naturparkmagazin.de\/am-stettiner-haff\/kurzfilm-ueber-den-naturpark-am-stettiner-haff-im-netz-verfuegbar\/\",\"url\":\"https:\/\/www.naturparkmagazin.de\/am-stettiner-haff\/kurzfilm-ueber-den-naturpark-am-stettiner-haff-im-netz-verfuegbar\/\",\"name\":\"Kurzfilm \u00fcber den Naturpark \\\" Am Stettiner Haff\\\" im Netz verf\u00fcgbar - Naturpark Am Stettiner Haff\",\"isPartOf\":{\"@id\":\"https:\/\/www.naturparkmagazin.de\/am-stettiner-haff\/#website\"},\"datePublished\":\"2014-02-19T11:01:11+00:00\",\"dateModified\":\"2014-02-19T11:07:44+00:00\",\"author\":{\"@id\":\"https:\/\/www.naturparkmagazin.de\/am-stettiner-haff\/#\/schema\/person\/4a7208080dbbfb024d81129b7960c725\"},\"breadcrumb\":{\"@id\":\"https:\/\/www.naturparkmagazin.de\/am-stettiner-haff\/kurzfilm-ueber-den-naturpark-am-stettiner-haff-im-netz-verfuegbar\/#breadcrumb\"},\"inLanguage\":\"de\",\"potentialAction\":[{\"@type\":\"ReadAction\",\"target\":[\"https:\/\/www.naturparkmagazin.de\/am-stettiner-haff\/kurzfilm-ueber-den-naturpark-am-stettiner-haff-im-netz-verfuegbar\/\"]}]},{\"@type\":\"BreadcrumbList\",\"@id\":\"https:\/\/www.naturparkmagazin.de\/am-stettiner-haff\/kurzfilm-ueber-den-naturpark-am-stettiner-haff-im-netz-verfuegbar\/#breadcrumb\",\"itemListElement\":[{\"@type\":\"ListItem\",\"position\":1,\"name\":\"Home\",\"item\":\"https:\/\/www.naturparkmagazin.de\/am-stettiner-haff\/\"},{\"@type\":\"ListItem\",\"position\":2,\"name\":\"Kurzfilm \u00fcber den Naturpark &#8220; Am Stettiner Haff&#8220; im Netz verf\u00fcgbar\"}]},{\"@type\":\"WebSite\",\"@id\":\"https:\/\/www.naturparkmagazin.de\/am-stettiner-haff\/#website\",\"url\":\"https:\/\/www.naturparkmagazin.de\/am-stettiner-haff\/\",\"name\":\"Naturpark Am Stettiner Haff\",\"description\":\"\",\"potentialAction\":[{\"@type\":\"SearchAction\",\"target\":{\"@type\":\"EntryPoint\",\"urlTemplate\":\"https:\/\/www.naturparkmagazin.de\/am-stettiner-haff\/?s={search_term_string}\"},\"query-input\":\"required name=search_term_string\"}],\"inLanguage\":\"de\"},{\"@type\":\"Person\",\"@id\":\"https:\/\/www.naturparkmagazin.de\/am-stettiner-haff\/#\/schema\/person\/4a7208080dbbfb024d81129b7960c725\",\"name\":\"Jochen Elberskirch\",\"sameAs\":[\"http:\/\/www.naturpark-am-stettiner-haff.de\"],\"url\":\"https:\/\/www.naturparkmagazin.de\/am-stettiner-haff\/author\/jochenelberskirch\/\"}]}<\/script>\n<!-- \/ Yoast SEO plugin. -->","yoast_head_json":{"title":"Kurzfilm \u00fcber den Naturpark \" Am Stettiner Haff\" im Netz verf\u00fcgbar - Naturpark Am Stettiner Haff","robots":{"index":"index","follow":"follow","max-snippet":"max-snippet:-1","max-image-preview":"max-image-preview:large","max-video-preview":"max-video-preview:-1"},"canonical":"https:\/\/www.naturparkmagazin.de\/am-stettiner-haff\/kurzfilm-ueber-den-naturpark-am-stettiner-haff-im-netz-verfuegbar\/","og_locale":"de_DE","og_type":"article","og_title":"Kurzfilm \u00fcber den Naturpark \" Am Stettiner Haff\" im Netz verf\u00fcgbar - Naturpark Am Stettiner Haff","og_description":"Dank des Urlaubers Hans Baumgarthuber ist auf youtube ein Kurzfilm \u00fcber den Naturpark \"Am Stettiner Haff\" abrufbar.","og_url":"https:\/\/www.naturparkmagazin.de\/am-stettiner-haff\/kurzfilm-ueber-den-naturpark-am-stettiner-haff-im-netz-verfuegbar\/","og_site_name":"Naturpark Am Stettiner Haff","article_published_time":"2014-02-19T11:01:11+00:00","article_modified_time":"2014-02-19T11:07:44+00:00","og_image":[{"width":629,"height":353,"url":"https:\/\/www.naturparkmagazin.de\/am-stettiner-haff\/wp-content\/uploads\/sites\/29\/Trailerbild.jpg","type":"image\/jpeg"}],"author":"Jochen Elberskirch","twitter_misc":{"Verfasst von":"Jochen Elberskirch"},"schema":{"@context":"https:\/\/schema.org","@graph":[{"@type":"WebPage","@id":"https:\/\/www.naturparkmagazin.de\/am-stettiner-haff\/kurzfilm-ueber-den-naturpark-am-stettiner-haff-im-netz-verfuegbar\/","url":"https:\/\/www.naturparkmagazin.de\/am-stettiner-haff\/kurzfilm-ueber-den-naturpark-am-stettiner-haff-im-netz-verfuegbar\/","name":"Kurzfilm \u00fcber den Naturpark \" Am Stettiner Haff\" im Netz verf\u00fcgbar - Naturpark Am Stettiner Haff","isPartOf":{"@id":"https:\/\/www.naturparkmagazin.de\/am-stettiner-haff\/#website"},"datePublished":"2014-02-19T11:01:11+00:00","dateModified":"2014-02-19T11:07:44+00:00","author":{"@id":"https:\/\/www.naturparkmagazin.de\/am-stettiner-haff\/#\/schema\/person\/4a7208080dbbfb024d81129b7960c725"},"breadcrumb":{"@id":"https:\/\/www.naturparkmagazin.de\/am-stettiner-haff\/kurzfilm-ueber-den-naturpark-am-stettiner-haff-im-netz-verfuegbar\/#breadcrumb"},"inLanguage":"de","potentialAction":[{"@type":"ReadAction","target":["https:\/\/www.naturparkmagazin.de\/am-stettiner-haff\/kurzfilm-ueber-den-naturpark-am-stettiner-haff-im-netz-verfuegbar\/"]}]},{"@type":"BreadcrumbList","@id":"https:\/\/www.naturparkmagazin.de\/am-stettiner-haff\/kurzfilm-ueber-den-naturpark-am-stettiner-haff-im-netz-verfuegbar\/#breadcrumb","itemListElement":[{"@type":"ListItem","position":1,"name":"Home","item":"https:\/\/www.naturparkmagazin.de\/am-stettiner-haff\/"},{"@type":"ListItem","position":2,"name":"Kurzfilm \u00fcber den Naturpark &#8220; Am Stettiner Haff&#8220; im Netz verf\u00fcgbar"}]},{"@type":"WebSite","@id":"https:\/\/www.naturparkmagazin.de\/am-stettiner-haff\/#website","url":"https:\/\/www.naturparkmagazin.de\/am-stettiner-haff\/","name":"Naturpark Am Stettiner Haff","description":"","potentialAction":[{"@type":"SearchAction","target":{"@type":"EntryPoint","urlTemplate":"https:\/\/www.naturparkmagazin.de\/am-stettiner-haff\/?s={search_term_string}"},"query-input":"required name=search_term_string"}],"inLanguage":"de"},{"@type":"Person","@id":"https:\/\/www.naturparkmagazin.de\/am-stettiner-haff\/#\/schema\/person\/4a7208080dbbfb024d81129b7960c725","name":"Jochen Elberskirch","sameAs":["http:\/\/www.naturpark-am-stettiner-haff.de"],"url":"https:\/\/www.naturparkmagazin.de\/am-stettiner-haff\/author\/jochenelberskirch\/"}]}},"_links":{"self":[{"href":"https:\/\/www.naturparkmagazin.de\/am-stettiner-haff\/wp-json\/wp\/v2\/posts\/723"}],"collection":[{"href":"https:\/\/www.naturparkmagazin.de\/am-stettiner-haff\/wp-json\/wp\/v2\/posts"}],"about":[{"href":"https:\/\/www.naturparkmagazin.de\/am-stettiner-haff\/wp-json\/wp\/v2\/types\/post"}],"author":[{"embeddable":true,"href":"https:\/\/www.naturparkmagazin.de\/am-stettiner-haff\/wp-json\/wp\/v2\/users\/26"}],"replies":[{"embeddable":true,"href":"https:\/\/www.naturparkmagazin.de\/am-stettiner-haff\/wp-json\/wp\/v2\/comments?post=723"}],"version-history":[{"count":7,"href":"https:\/\/www.naturparkmagazin.de\/am-stettiner-haff\/wp-json\/wp\/v2\/posts\/723\/revisions"}],"predecessor-version":[{"id":731,"href":"https:\/\/www.naturparkmagazin.de\/am-stettiner-haff\/wp-json\/wp\/v2\/posts\/723\/revisions\/731"}],"wp:featuredmedia":[{"embeddable":true,"href":"https:\/\/www.naturparkmagazin.de\/am-stettiner-haff\/wp-json\/wp\/v2\/media\/724"}],"wp:attachment":[{"href":"https:\/\/www.naturparkmagazin.de\/am-stettiner-haff\/wp-json\/wp\/v2\/media?parent=723"}],"wp:term":[{"taxonomy":"category","embeddable":true,"href":"https:\/\/www.naturparkmagazin.de\/am-stettiner-haff\/wp-json\/wp\/v2\/categories?post=723"},{"taxonomy":"post_tag","embeddable":true,"href":"https:\/\/www.naturparkmagazin.de\/am-stettiner-haff\/wp-json\/wp\/v2\/tags?post=723"}],"curies":[{"name":"wp","href":"https:\/\/api.w.org\/{rel}","templated":true}]}}