{"id":754,"date":"2014-03-19T15:00:22","date_gmt":"2014-03-19T14:00:22","guid":{"rendered":"http:\/\/www.naturparkmagazin.de\/am-stettiner-haff\/?p=754"},"modified":"2014-03-25T14:07:10","modified_gmt":"2014-03-25T13:07:10","slug":"wiedehopf-uebung-auf-dem-standortuebungsplatz-jaegerbrueck","status":"publish","type":"post","link":"https:\/\/www.naturparkmagazin.de\/am-stettiner-haff\/wiedehopf-uebung-auf-dem-standortuebungsplatz-jaegerbrueck\/","title":{"rendered":"Wiedehopf &#8222;\u00dcbung&#8220; auf dem Standort\u00fcbungsplatz J\u00e4gerbr\u00fcck"},"content":{"rendered":"<p>Eine \u00dcbung der etwas anderen Art fand am 7. M\u00e4rz 2014 auf dem Standorts\u00fcbungsplatz J\u00e4gerbr\u00fcck statt. Unter der gemeinsamen Leitung des Ornitologen und ehrenamtlichen Natursch\u00fctzers Frank Joisten und dem f\u00fcr Naturschutz\u00a0 verantwortlichen F\u00f6rster des Bundesforstbetriebes Vorpommern-Strelitz, \u00a0Dario Hans versammelten sich weitere Naturschutzakteure der Naturpark-Region an der Zufahrtsstra\u00dfe zum Standorts\u00fcbungsplatz. Allenfalls bewaffnet mit Werkzeugen und Fotoaparaten ging es nicht um eine milit\u00e4rische oder anderwertig geartetet \u00dcbung, sondern um die Verbesserung der Lebensbedingungen des Wiedehopfs auf dem Platz. So wurden alte Wiedhopfnistk\u00e4sten ges\u00e4ubert und an\u00a0neuen Standorten\u00a0weitere Nisthilfen ausgebracht.<\/p>\n<div id=\"attachment_755\" style=\"width: 610px\" class=\"wp-caption aligncenter\"><a href=\"https:\/\/www.naturparkmagazin.de\/am-stettiner-haff\/wp-content\/uploads\/sites\/29\/Basis-Panzerschie\u00dfplatz-Dr\u00f6geheide-links-1.jpg\"><img aria-describedby=\"caption-attachment-755\" decoding=\"async\" loading=\"lazy\" class=\"size-full wp-image-755\" alt=\"Bundesf\u00f6rster Dario Hans und Jens Kr\u00fcger beim Anbringen eines Nistkastens (Foto: F. Joisten)\" src=\"https:\/\/www.naturparkmagazin.de\/am-stettiner-haff\/wp-content\/uploads\/sites\/29\/Basis-Panzerschie\u00dfplatz-Dr\u00f6geheide-links-1.jpg\" width=\"600\" height=\"450\" srcset=\"https:\/\/www.naturparkmagazin.de\/am-stettiner-haff\/wp-content\/uploads\/sites\/29\/Basis-Panzerschie\u00dfplatz-Dr\u00f6geheide-links-1.jpg 600w, https:\/\/www.naturparkmagazin.de\/am-stettiner-haff\/wp-content\/uploads\/sites\/29\/Basis-Panzerschie\u00dfplatz-Dr\u00f6geheide-links-1-300x225.jpg 300w, https:\/\/www.naturparkmagazin.de\/am-stettiner-haff\/wp-content\/uploads\/sites\/29\/Basis-Panzerschie\u00dfplatz-Dr\u00f6geheide-links-1-580x435.jpg 580w, https:\/\/www.naturparkmagazin.de\/am-stettiner-haff\/wp-content\/uploads\/sites\/29\/Basis-Panzerschie\u00dfplatz-Dr\u00f6geheide-links-1-420x315.jpg 420w, https:\/\/www.naturparkmagazin.de\/am-stettiner-haff\/wp-content\/uploads\/sites\/29\/Basis-Panzerschie\u00dfplatz-Dr\u00f6geheide-links-1-180x135.jpg 180w, https:\/\/www.naturparkmagazin.de\/am-stettiner-haff\/wp-content\/uploads\/sites\/29\/Basis-Panzerschie\u00dfplatz-Dr\u00f6geheide-links-1-95x71.jpg 95w, https:\/\/www.naturparkmagazin.de\/am-stettiner-haff\/wp-content\/uploads\/sites\/29\/Basis-Panzerschie\u00dfplatz-Dr\u00f6geheide-links-1-200x150.jpg 200w\" sizes=\"(max-width: 600px) 100vw, 600px\" \/><\/a><p id=\"caption-attachment-755\" class=\"wp-caption-text\">Bundesf\u00f6rster Hans und Jens Kr\u00fcger beim Anbringen eines Nistkastens (Foto: F. Joisten)<\/p><\/div>\n<p>Dabei wurden nicht nur klassische Varianten als Unterlage f\u00fcr die Nistk\u00e4sten gew\u00e4hlt, auch ausgefallene Dinge wurden mit\u00a0Nistk\u00e4sten ausgestattet.<\/p>\n<div id=\"attachment_757\" style=\"width: 610px\" class=\"wp-caption aligncenter\"><a href=\"https:\/\/www.naturparkmagazin.de\/am-stettiner-haff\/wp-content\/uploads\/sites\/29\/Panzer.jpg\"><img aria-describedby=\"caption-attachment-757\" decoding=\"async\" loading=\"lazy\" class=\"size-full wp-image-757 \" alt=\"Jens Kr\u00fcger vom Storchenhof Papendorf befestigt einen Nistkasten auf einem ausgedienten Panzer (Foto: F. Joisten)\" src=\"https:\/\/www.naturparkmagazin.de\/am-stettiner-haff\/wp-content\/uploads\/sites\/29\/Panzer.jpg\" width=\"600\" height=\"450\" srcset=\"https:\/\/www.naturparkmagazin.de\/am-stettiner-haff\/wp-content\/uploads\/sites\/29\/Panzer.jpg 600w, https:\/\/www.naturparkmagazin.de\/am-stettiner-haff\/wp-content\/uploads\/sites\/29\/Panzer-300x225.jpg 300w, https:\/\/www.naturparkmagazin.de\/am-stettiner-haff\/wp-content\/uploads\/sites\/29\/Panzer-580x435.jpg 580w, https:\/\/www.naturparkmagazin.de\/am-stettiner-haff\/wp-content\/uploads\/sites\/29\/Panzer-420x315.jpg 420w, https:\/\/www.naturparkmagazin.de\/am-stettiner-haff\/wp-content\/uploads\/sites\/29\/Panzer-180x135.jpg 180w, https:\/\/www.naturparkmagazin.de\/am-stettiner-haff\/wp-content\/uploads\/sites\/29\/Panzer-95x71.jpg 95w, https:\/\/www.naturparkmagazin.de\/am-stettiner-haff\/wp-content\/uploads\/sites\/29\/Panzer-200x150.jpg 200w\" sizes=\"(max-width: 600px) 100vw, 600px\" \/><\/a><p id=\"caption-attachment-757\" class=\"wp-caption-text\">Jens Kr\u00fcger vom Storchenhof Papendorf befestigt einen Nistkasten auf einem ausgedienten Panzer (Foto: F. Joisten)<\/p><\/div>\n<p>Um diese auch k\u00fcnftig schnelll wiederzufinden, wurden alle K\u00e4sten\u00a0mit einem GPS-Handger\u00e4t eingemessen. Was jetzt nur fehlt sind die k\u00fcnftigen Mieter der Nistk\u00e4sten &#8211; die Wiedhopfe.<\/p>\n<p>Ob die Wiedehopfe die alten und neuen Nisthilfen annehmen werden, wird sich erst in den kommenden Wochen herausstellen. Im Rahmen des Monitorings werden die K\u00e4sten regelm\u00e4\u00dfig aus der Ferne beobachtet um deren Mieter zweifelsfrei identifizieren zu k\u00f6nnen. Im besten Falle werden dann die Nachkommen mit einem schmucken Beinring versehen um deren Entwicklung besser verfolgen zu k\u00f6nnen.\u00a0 Zu gegebener Zeit wird an dieser Stelle dar\u00fcber berichtet werden.<\/p>\n","protected":false},"excerpt":{"rendered":"<p>Eine \u00dcbung der etwas anderen Art fand am 7. M\u00e4rz 2014 auf dem Standorts\u00fcbungsplatz J\u00e4gerbr\u00fcck statt. Allenfalls bewaffnet mit Werkzeugen und Fotoaparaten ging es nicht um eine milit\u00e4rische \u00dcbung, sondern um die Verbesserung der Lebensbedingungen des Wiedehopfs auf dem Platz.<\/p>\n","protected":false},"author":26,"featured_media":757,"comment_status":"open","ping_status":"open","sticky":false,"template":"","format":"standard","meta":[],"categories":[7],"tags":[],"yoast_head":"<!-- This site is optimized with the Yoast SEO plugin v19.10 - https:\/\/yoast.com\/wordpress\/plugins\/seo\/ -->\n<title>Wiedehopf &quot;\u00dcbung&quot; auf dem Standort\u00fcbungsplatz J\u00e4gerbr\u00fcck - Naturpark Am Stettiner Haff<\/title>\n<meta name=\"robots\" content=\"index, follow, max-snippet:-1, max-image-preview:large, max-video-preview:-1\" \/>\n<link rel=\"canonical\" href=\"https:\/\/www.naturparkmagazin.de\/am-stettiner-haff\/wiedehopf-uebung-auf-dem-standortuebungsplatz-jaegerbrueck\/\" \/>\n<meta property=\"og:locale\" content=\"de_DE\" \/>\n<meta property=\"og:type\" content=\"article\" \/>\n<meta property=\"og:title\" content=\"Wiedehopf &quot;\u00dcbung&quot; auf dem Standort\u00fcbungsplatz J\u00e4gerbr\u00fcck - Naturpark Am Stettiner Haff\" \/>\n<meta property=\"og:description\" content=\"Eine \u00dcbung der etwas anderen Art fand am 7. M\u00e4rz 2014 auf dem Standorts\u00fcbungsplatz J\u00e4gerbr\u00fcck statt. Allenfalls bewaffnet mit Werkzeugen und Fotoaparaten ging es nicht um eine milit\u00e4rische \u00dcbung, sondern um die Verbesserung der Lebensbedingungen des Wiedehopfs auf dem Platz.\" \/>\n<meta property=\"og:url\" content=\"https:\/\/www.naturparkmagazin.de\/am-stettiner-haff\/wiedehopf-uebung-auf-dem-standortuebungsplatz-jaegerbrueck\/\" \/>\n<meta property=\"og:site_name\" content=\"Naturpark Am Stettiner Haff\" \/>\n<meta property=\"article:published_time\" content=\"2014-03-19T14:00:22+00:00\" \/>\n<meta property=\"article:modified_time\" content=\"2014-03-25T13:07:10+00:00\" \/>\n<meta property=\"og:image\" content=\"https:\/\/www.naturparkmagazin.de\/am-stettiner-haff\/wp-content\/uploads\/sites\/29\/Panzer.jpg\" \/>\n\t<meta property=\"og:image:width\" content=\"600\" \/>\n\t<meta property=\"og:image:height\" content=\"450\" \/>\n\t<meta property=\"og:image:type\" content=\"image\/jpeg\" \/>\n<meta name=\"author\" content=\"Jochen Elberskirch\" \/>\n<meta name=\"twitter:label1\" content=\"Verfasst von\" \/>\n\t<meta name=\"twitter:data1\" content=\"Jochen Elberskirch\" \/>\n\t<meta name=\"twitter:label2\" content=\"Gesch\u00e4tzte Lesezeit\" \/>\n\t<meta name=\"twitter:data2\" content=\"1\u00a0Minute\" \/>\n<script type=\"application\/ld+json\" class=\"yoast-schema-graph\">{\"@context\":\"https:\/\/schema.org\",\"@graph\":[{\"@type\":\"WebPage\",\"@id\":\"https:\/\/www.naturparkmagazin.de\/am-stettiner-haff\/wiedehopf-uebung-auf-dem-standortuebungsplatz-jaegerbrueck\/\",\"url\":\"https:\/\/www.naturparkmagazin.de\/am-stettiner-haff\/wiedehopf-uebung-auf-dem-standortuebungsplatz-jaegerbrueck\/\",\"name\":\"Wiedehopf \\\"\u00dcbung\\\" auf dem Standort\u00fcbungsplatz J\u00e4gerbr\u00fcck - Naturpark Am Stettiner Haff\",\"isPartOf\":{\"@id\":\"https:\/\/www.naturparkmagazin.de\/am-stettiner-haff\/#website\"},\"datePublished\":\"2014-03-19T14:00:22+00:00\",\"dateModified\":\"2014-03-25T13:07:10+00:00\",\"author\":{\"@id\":\"https:\/\/www.naturparkmagazin.de\/am-stettiner-haff\/#\/schema\/person\/4a7208080dbbfb024d81129b7960c725\"},\"breadcrumb\":{\"@id\":\"https:\/\/www.naturparkmagazin.de\/am-stettiner-haff\/wiedehopf-uebung-auf-dem-standortuebungsplatz-jaegerbrueck\/#breadcrumb\"},\"inLanguage\":\"de\",\"potentialAction\":[{\"@type\":\"ReadAction\",\"target\":[\"https:\/\/www.naturparkmagazin.de\/am-stettiner-haff\/wiedehopf-uebung-auf-dem-standortuebungsplatz-jaegerbrueck\/\"]}]},{\"@type\":\"BreadcrumbList\",\"@id\":\"https:\/\/www.naturparkmagazin.de\/am-stettiner-haff\/wiedehopf-uebung-auf-dem-standortuebungsplatz-jaegerbrueck\/#breadcrumb\",\"itemListElement\":[{\"@type\":\"ListItem\",\"position\":1,\"name\":\"Home\",\"item\":\"https:\/\/www.naturparkmagazin.de\/am-stettiner-haff\/\"},{\"@type\":\"ListItem\",\"position\":2,\"name\":\"Wiedehopf &#8222;\u00dcbung&#8220; auf dem Standort\u00fcbungsplatz J\u00e4gerbr\u00fcck\"}]},{\"@type\":\"WebSite\",\"@id\":\"https:\/\/www.naturparkmagazin.de\/am-stettiner-haff\/#website\",\"url\":\"https:\/\/www.naturparkmagazin.de\/am-stettiner-haff\/\",\"name\":\"Naturpark Am Stettiner Haff\",\"description\":\"\",\"potentialAction\":[{\"@type\":\"SearchAction\",\"target\":{\"@type\":\"EntryPoint\",\"urlTemplate\":\"https:\/\/www.naturparkmagazin.de\/am-stettiner-haff\/?s={search_term_string}\"},\"query-input\":\"required name=search_term_string\"}],\"inLanguage\":\"de\"},{\"@type\":\"Person\",\"@id\":\"https:\/\/www.naturparkmagazin.de\/am-stettiner-haff\/#\/schema\/person\/4a7208080dbbfb024d81129b7960c725\",\"name\":\"Jochen Elberskirch\",\"sameAs\":[\"http:\/\/www.naturpark-am-stettiner-haff.de\"],\"url\":\"https:\/\/www.naturparkmagazin.de\/am-stettiner-haff\/author\/jochenelberskirch\/\"}]}<\/script>\n<!-- \/ Yoast SEO plugin. -->","yoast_head_json":{"title":"Wiedehopf \"\u00dcbung\" auf dem Standort\u00fcbungsplatz J\u00e4gerbr\u00fcck - Naturpark Am Stettiner Haff","robots":{"index":"index","follow":"follow","max-snippet":"max-snippet:-1","max-image-preview":"max-image-preview:large","max-video-preview":"max-video-preview:-1"},"canonical":"https:\/\/www.naturparkmagazin.de\/am-stettiner-haff\/wiedehopf-uebung-auf-dem-standortuebungsplatz-jaegerbrueck\/","og_locale":"de_DE","og_type":"article","og_title":"Wiedehopf \"\u00dcbung\" auf dem Standort\u00fcbungsplatz J\u00e4gerbr\u00fcck - Naturpark Am Stettiner Haff","og_description":"Eine \u00dcbung der etwas anderen Art fand am 7. M\u00e4rz 2014 auf dem Standorts\u00fcbungsplatz J\u00e4gerbr\u00fcck statt. Allenfalls bewaffnet mit Werkzeugen und Fotoaparaten ging es nicht um eine milit\u00e4rische \u00dcbung, sondern um die Verbesserung der Lebensbedingungen des Wiedehopfs auf dem Platz.","og_url":"https:\/\/www.naturparkmagazin.de\/am-stettiner-haff\/wiedehopf-uebung-auf-dem-standortuebungsplatz-jaegerbrueck\/","og_site_name":"Naturpark Am Stettiner Haff","article_published_time":"2014-03-19T14:00:22+00:00","article_modified_time":"2014-03-25T13:07:10+00:00","og_image":[{"width":600,"height":450,"url":"https:\/\/www.naturparkmagazin.de\/am-stettiner-haff\/wp-content\/uploads\/sites\/29\/Panzer.jpg","type":"image\/jpeg"}],"author":"Jochen Elberskirch","twitter_misc":{"Verfasst von":"Jochen Elberskirch","Gesch\u00e4tzte Lesezeit":"1\u00a0Minute"},"schema":{"@context":"https:\/\/schema.org","@graph":[{"@type":"WebPage","@id":"https:\/\/www.naturparkmagazin.de\/am-stettiner-haff\/wiedehopf-uebung-auf-dem-standortuebungsplatz-jaegerbrueck\/","url":"https:\/\/www.naturparkmagazin.de\/am-stettiner-haff\/wiedehopf-uebung-auf-dem-standortuebungsplatz-jaegerbrueck\/","name":"Wiedehopf \"\u00dcbung\" auf dem Standort\u00fcbungsplatz J\u00e4gerbr\u00fcck - Naturpark Am Stettiner Haff","isPartOf":{"@id":"https:\/\/www.naturparkmagazin.de\/am-stettiner-haff\/#website"},"datePublished":"2014-03-19T14:00:22+00:00","dateModified":"2014-03-25T13:07:10+00:00","author":{"@id":"https:\/\/www.naturparkmagazin.de\/am-stettiner-haff\/#\/schema\/person\/4a7208080dbbfb024d81129b7960c725"},"breadcrumb":{"@id":"https:\/\/www.naturparkmagazin.de\/am-stettiner-haff\/wiedehopf-uebung-auf-dem-standortuebungsplatz-jaegerbrueck\/#breadcrumb"},"inLanguage":"de","potentialAction":[{"@type":"ReadAction","target":["https:\/\/www.naturparkmagazin.de\/am-stettiner-haff\/wiedehopf-uebung-auf-dem-standortuebungsplatz-jaegerbrueck\/"]}]},{"@type":"BreadcrumbList","@id":"https:\/\/www.naturparkmagazin.de\/am-stettiner-haff\/wiedehopf-uebung-auf-dem-standortuebungsplatz-jaegerbrueck\/#breadcrumb","itemListElement":[{"@type":"ListItem","position":1,"name":"Home","item":"https:\/\/www.naturparkmagazin.de\/am-stettiner-haff\/"},{"@type":"ListItem","position":2,"name":"Wiedehopf &#8222;\u00dcbung&#8220; auf dem Standort\u00fcbungsplatz J\u00e4gerbr\u00fcck"}]},{"@type":"WebSite","@id":"https:\/\/www.naturparkmagazin.de\/am-stettiner-haff\/#website","url":"https:\/\/www.naturparkmagazin.de\/am-stettiner-haff\/","name":"Naturpark Am Stettiner Haff","description":"","potentialAction":[{"@type":"SearchAction","target":{"@type":"EntryPoint","urlTemplate":"https:\/\/www.naturparkmagazin.de\/am-stettiner-haff\/?s={search_term_string}"},"query-input":"required name=search_term_string"}],"inLanguage":"de"},{"@type":"Person","@id":"https:\/\/www.naturparkmagazin.de\/am-stettiner-haff\/#\/schema\/person\/4a7208080dbbfb024d81129b7960c725","name":"Jochen Elberskirch","sameAs":["http:\/\/www.naturpark-am-stettiner-haff.de"],"url":"https:\/\/www.naturparkmagazin.de\/am-stettiner-haff\/author\/jochenelberskirch\/"}]}},"_links":{"self":[{"href":"https:\/\/www.naturparkmagazin.de\/am-stettiner-haff\/wp-json\/wp\/v2\/posts\/754"}],"collection":[{"href":"https:\/\/www.naturparkmagazin.de\/am-stettiner-haff\/wp-json\/wp\/v2\/posts"}],"about":[{"href":"https:\/\/www.naturparkmagazin.de\/am-stettiner-haff\/wp-json\/wp\/v2\/types\/post"}],"author":[{"embeddable":true,"href":"https:\/\/www.naturparkmagazin.de\/am-stettiner-haff\/wp-json\/wp\/v2\/users\/26"}],"replies":[{"embeddable":true,"href":"https:\/\/www.naturparkmagazin.de\/am-stettiner-haff\/wp-json\/wp\/v2\/comments?post=754"}],"version-history":[{"count":7,"href":"https:\/\/www.naturparkmagazin.de\/am-stettiner-haff\/wp-json\/wp\/v2\/posts\/754\/revisions"}],"predecessor-version":[{"id":785,"href":"https:\/\/www.naturparkmagazin.de\/am-stettiner-haff\/wp-json\/wp\/v2\/posts\/754\/revisions\/785"}],"wp:featuredmedia":[{"embeddable":true,"href":"https:\/\/www.naturparkmagazin.de\/am-stettiner-haff\/wp-json\/wp\/v2\/media\/757"}],"wp:attachment":[{"href":"https:\/\/www.naturparkmagazin.de\/am-stettiner-haff\/wp-json\/wp\/v2\/media?parent=754"}],"wp:term":[{"taxonomy":"category","embeddable":true,"href":"https:\/\/www.naturparkmagazin.de\/am-stettiner-haff\/wp-json\/wp\/v2\/categories?post=754"},{"taxonomy":"post_tag","embeddable":true,"href":"https:\/\/www.naturparkmagazin.de\/am-stettiner-haff\/wp-json\/wp\/v2\/tags?post=754"}],"curies":[{"name":"wp","href":"https:\/\/api.w.org\/{rel}","templated":true}]}}