{"id":765,"date":"2014-03-19T15:15:08","date_gmt":"2014-03-19T14:15:08","guid":{"rendered":"http:\/\/www.naturparkmagazin.de\/am-stettiner-haff\/?p=765"},"modified":"2014-04-17T07:31:06","modified_gmt":"2014-04-17T05:31:06","slug":"naturpark-foerderverein-tagt-und-laedt-zum-stammtsich-ein","status":"publish","type":"post","link":"https:\/\/www.naturparkmagazin.de\/am-stettiner-haff\/naturpark-foerderverein-tagt-und-laedt-zum-stammtsich-ein\/","title":{"rendered":"Naturpark-F\u00f6rderverein tagt &#8211; und l\u00e4dt zum Stammtsich ein"},"content":{"rendered":"<p>Im April wird in Sachen Naturpark-Stammtisch wieder alles anders&#8230;<\/p>\n<p>Der\u00a0Naturpark-Stammtisch muss\u00a0im April leider ganz ausfallen. Aufgrund zahlreicher Termin\u00fcberschneidungen und anstehender Osterfeierlichkeiten haben, sich der Vorsitzende des Naturpark-F\u00f6rdervereins, J\u00fcrgen Barth und der Leiter des Naturparks, Jochen Elberskirch darauf verst\u00e4ndigt, auf einen Naturpark-Stammtisch im April zu verzichten.\u00a0Der n\u00e4chste regul\u00e4re Naturpark-Stammtisch findet daher erst am 7. Mai 2014 gemeinsam mit der Mitgliederversammlung des Naturpark-F\u00f6rdervereins statt. Der F\u00f6rderverein und auch die Naturparkverwaltung sind aber dennoch w\u00e4hrend der \u00d6ffnungszeiten der Naturparkausstellung\u00a0montags &#8211; freitags 10:00 &#8211; 15:00 Uhr erreichbar und stehen f\u00fcr Ausk\u00fcnfte, Hinweise und Kritiken zur Verf\u00fcngung.<\/p>\n<div id=\"attachment_766\" style=\"width: 630px\" class=\"wp-caption aligncenter\"><a href=\"https:\/\/www.naturparkmagazin.de\/am-stettiner-haff\/wp-content\/uploads\/sites\/29\/NP-Station.jpg\"><img aria-describedby=\"caption-attachment-766\" decoding=\"async\" loading=\"lazy\" class=\"size-medium wp-image-766\" alt=\"Besucherinformationszentrum des Naturparks in Eggesin (Foto: Naturparkarchiv)\" src=\"https:\/\/www.naturparkmagazin.de\/am-stettiner-haff\/wp-content\/uploads\/sites\/29\/NP-Station-620x386.jpg\" width=\"620\" height=\"386\" \/><\/a><p id=\"caption-attachment-766\" class=\"wp-caption-text\">Besucherinformationszentrum des Naturparks in Eggesin (Foto: Naturparkarchiv)<\/p><\/div>\n","protected":false},"excerpt":{"rendered":"<p>Aufgrund zahlreicher Termin\u00fcberschneidungen und anstehender Osterfeierlichkeiten muss der Naturpark-Stammtisch im April leider ganz ausfallen. Der n\u00e4chste regul\u00e4re Naturpark-Stammtisch findet daher erst am 8. Mai 2014 gemeinsam mit der Mitgliederversammlung des Naturpark-F\u00f6rdervereins statt.  <\/p>\n","protected":false},"author":26,"featured_media":453,"comment_status":"open","ping_status":"open","sticky":false,"template":"","format":"standard","meta":[],"categories":[11],"tags":[],"yoast_head":"<!-- This site is optimized with the Yoast SEO plugin v19.10 - https:\/\/yoast.com\/wordpress\/plugins\/seo\/ -->\n<title>Naturpark-F\u00f6rderverein tagt - und l\u00e4dt zum Stammtsich ein - Naturpark Am Stettiner Haff<\/title>\n<meta name=\"robots\" content=\"index, follow, max-snippet:-1, max-image-preview:large, max-video-preview:-1\" \/>\n<link rel=\"canonical\" href=\"https:\/\/www.naturparkmagazin.de\/am-stettiner-haff\/naturpark-foerderverein-tagt-und-laedt-zum-stammtsich-ein\/\" \/>\n<meta property=\"og:locale\" content=\"de_DE\" \/>\n<meta property=\"og:type\" content=\"article\" \/>\n<meta property=\"og:title\" content=\"Naturpark-F\u00f6rderverein tagt - und l\u00e4dt zum Stammtsich ein - Naturpark Am Stettiner Haff\" \/>\n<meta property=\"og:description\" content=\"Aufgrund zahlreicher Termin\u00fcberschneidungen und anstehender Osterfeierlichkeiten muss der Naturpark-Stammtisch im April leider ganz ausfallen. Der n\u00e4chste regul\u00e4re Naturpark-Stammtisch findet daher erst am 8. Mai 2014 gemeinsam mit der Mitgliederversammlung des Naturpark-F\u00f6rdervereins statt.\" \/>\n<meta property=\"og:url\" content=\"https:\/\/www.naturparkmagazin.de\/am-stettiner-haff\/naturpark-foerderverein-tagt-und-laedt-zum-stammtsich-ein\/\" \/>\n<meta property=\"og:site_name\" content=\"Naturpark Am Stettiner Haff\" \/>\n<meta property=\"article:published_time\" content=\"2014-03-19T14:15:08+00:00\" \/>\n<meta property=\"article:modified_time\" content=\"2014-04-17T05:31:06+00:00\" \/>\n<meta property=\"og:image\" content=\"https:\/\/www.naturparkmagazin.de\/am-stettiner-haff\/wp-content\/uploads\/sites\/29\/Naturpark-Stammtisch.jpg\" \/>\n\t<meta property=\"og:image:width\" content=\"1504\" \/>\n\t<meta property=\"og:image:height\" content=\"1000\" \/>\n\t<meta property=\"og:image:type\" content=\"image\/jpeg\" \/>\n<meta name=\"author\" content=\"Jochen Elberskirch\" \/>\n<meta name=\"twitter:label1\" content=\"Verfasst von\" \/>\n\t<meta name=\"twitter:data1\" content=\"Jochen Elberskirch\" \/>\n\t<meta name=\"twitter:label2\" content=\"Gesch\u00e4tzte Lesezeit\" \/>\n\t<meta name=\"twitter:data2\" content=\"1\u00a0Minute\" \/>\n<script type=\"application\/ld+json\" class=\"yoast-schema-graph\">{\"@context\":\"https:\/\/schema.org\",\"@graph\":[{\"@type\":\"WebPage\",\"@id\":\"https:\/\/www.naturparkmagazin.de\/am-stettiner-haff\/naturpark-foerderverein-tagt-und-laedt-zum-stammtsich-ein\/\",\"url\":\"https:\/\/www.naturparkmagazin.de\/am-stettiner-haff\/naturpark-foerderverein-tagt-und-laedt-zum-stammtsich-ein\/\",\"name\":\"Naturpark-F\u00f6rderverein tagt - und l\u00e4dt zum Stammtsich ein - Naturpark Am Stettiner Haff\",\"isPartOf\":{\"@id\":\"https:\/\/www.naturparkmagazin.de\/am-stettiner-haff\/#website\"},\"datePublished\":\"2014-03-19T14:15:08+00:00\",\"dateModified\":\"2014-04-17T05:31:06+00:00\",\"author\":{\"@id\":\"https:\/\/www.naturparkmagazin.de\/am-stettiner-haff\/#\/schema\/person\/4a7208080dbbfb024d81129b7960c725\"},\"breadcrumb\":{\"@id\":\"https:\/\/www.naturparkmagazin.de\/am-stettiner-haff\/naturpark-foerderverein-tagt-und-laedt-zum-stammtsich-ein\/#breadcrumb\"},\"inLanguage\":\"de\",\"potentialAction\":[{\"@type\":\"ReadAction\",\"target\":[\"https:\/\/www.naturparkmagazin.de\/am-stettiner-haff\/naturpark-foerderverein-tagt-und-laedt-zum-stammtsich-ein\/\"]}]},{\"@type\":\"BreadcrumbList\",\"@id\":\"https:\/\/www.naturparkmagazin.de\/am-stettiner-haff\/naturpark-foerderverein-tagt-und-laedt-zum-stammtsich-ein\/#breadcrumb\",\"itemListElement\":[{\"@type\":\"ListItem\",\"position\":1,\"name\":\"Home\",\"item\":\"https:\/\/www.naturparkmagazin.de\/am-stettiner-haff\/\"},{\"@type\":\"ListItem\",\"position\":2,\"name\":\"Naturpark-F\u00f6rderverein tagt &#8211; und l\u00e4dt zum Stammtsich ein\"}]},{\"@type\":\"WebSite\",\"@id\":\"https:\/\/www.naturparkmagazin.de\/am-stettiner-haff\/#website\",\"url\":\"https:\/\/www.naturparkmagazin.de\/am-stettiner-haff\/\",\"name\":\"Naturpark Am Stettiner Haff\",\"description\":\"\",\"potentialAction\":[{\"@type\":\"SearchAction\",\"target\":{\"@type\":\"EntryPoint\",\"urlTemplate\":\"https:\/\/www.naturparkmagazin.de\/am-stettiner-haff\/?s={search_term_string}\"},\"query-input\":\"required name=search_term_string\"}],\"inLanguage\":\"de\"},{\"@type\":\"Person\",\"@id\":\"https:\/\/www.naturparkmagazin.de\/am-stettiner-haff\/#\/schema\/person\/4a7208080dbbfb024d81129b7960c725\",\"name\":\"Jochen Elberskirch\",\"sameAs\":[\"http:\/\/www.naturpark-am-stettiner-haff.de\"],\"url\":\"https:\/\/www.naturparkmagazin.de\/am-stettiner-haff\/author\/jochenelberskirch\/\"}]}<\/script>\n<!-- \/ Yoast SEO plugin. -->","yoast_head_json":{"title":"Naturpark-F\u00f6rderverein tagt - und l\u00e4dt zum Stammtsich ein - Naturpark Am Stettiner Haff","robots":{"index":"index","follow":"follow","max-snippet":"max-snippet:-1","max-image-preview":"max-image-preview:large","max-video-preview":"max-video-preview:-1"},"canonical":"https:\/\/www.naturparkmagazin.de\/am-stettiner-haff\/naturpark-foerderverein-tagt-und-laedt-zum-stammtsich-ein\/","og_locale":"de_DE","og_type":"article","og_title":"Naturpark-F\u00f6rderverein tagt - und l\u00e4dt zum Stammtsich ein - Naturpark Am Stettiner Haff","og_description":"Aufgrund zahlreicher Termin\u00fcberschneidungen und anstehender Osterfeierlichkeiten muss der Naturpark-Stammtisch im April leider ganz ausfallen. Der n\u00e4chste regul\u00e4re Naturpark-Stammtisch findet daher erst am 8. Mai 2014 gemeinsam mit der Mitgliederversammlung des Naturpark-F\u00f6rdervereins statt.","og_url":"https:\/\/www.naturparkmagazin.de\/am-stettiner-haff\/naturpark-foerderverein-tagt-und-laedt-zum-stammtsich-ein\/","og_site_name":"Naturpark Am Stettiner Haff","article_published_time":"2014-03-19T14:15:08+00:00","article_modified_time":"2014-04-17T05:31:06+00:00","og_image":[{"width":1504,"height":1000,"url":"https:\/\/www.naturparkmagazin.de\/am-stettiner-haff\/wp-content\/uploads\/sites\/29\/Naturpark-Stammtisch.jpg","type":"image\/jpeg"}],"author":"Jochen Elberskirch","twitter_misc":{"Verfasst von":"Jochen Elberskirch","Gesch\u00e4tzte Lesezeit":"1\u00a0Minute"},"schema":{"@context":"https:\/\/schema.org","@graph":[{"@type":"WebPage","@id":"https:\/\/www.naturparkmagazin.de\/am-stettiner-haff\/naturpark-foerderverein-tagt-und-laedt-zum-stammtsich-ein\/","url":"https:\/\/www.naturparkmagazin.de\/am-stettiner-haff\/naturpark-foerderverein-tagt-und-laedt-zum-stammtsich-ein\/","name":"Naturpark-F\u00f6rderverein tagt - und l\u00e4dt zum Stammtsich ein - Naturpark Am Stettiner Haff","isPartOf":{"@id":"https:\/\/www.naturparkmagazin.de\/am-stettiner-haff\/#website"},"datePublished":"2014-03-19T14:15:08+00:00","dateModified":"2014-04-17T05:31:06+00:00","author":{"@id":"https:\/\/www.naturparkmagazin.de\/am-stettiner-haff\/#\/schema\/person\/4a7208080dbbfb024d81129b7960c725"},"breadcrumb":{"@id":"https:\/\/www.naturparkmagazin.de\/am-stettiner-haff\/naturpark-foerderverein-tagt-und-laedt-zum-stammtsich-ein\/#breadcrumb"},"inLanguage":"de","potentialAction":[{"@type":"ReadAction","target":["https:\/\/www.naturparkmagazin.de\/am-stettiner-haff\/naturpark-foerderverein-tagt-und-laedt-zum-stammtsich-ein\/"]}]},{"@type":"BreadcrumbList","@id":"https:\/\/www.naturparkmagazin.de\/am-stettiner-haff\/naturpark-foerderverein-tagt-und-laedt-zum-stammtsich-ein\/#breadcrumb","itemListElement":[{"@type":"ListItem","position":1,"name":"Home","item":"https:\/\/www.naturparkmagazin.de\/am-stettiner-haff\/"},{"@type":"ListItem","position":2,"name":"Naturpark-F\u00f6rderverein tagt &#8211; und l\u00e4dt zum Stammtsich ein"}]},{"@type":"WebSite","@id":"https:\/\/www.naturparkmagazin.de\/am-stettiner-haff\/#website","url":"https:\/\/www.naturparkmagazin.de\/am-stettiner-haff\/","name":"Naturpark Am Stettiner Haff","description":"","potentialAction":[{"@type":"SearchAction","target":{"@type":"EntryPoint","urlTemplate":"https:\/\/www.naturparkmagazin.de\/am-stettiner-haff\/?s={search_term_string}"},"query-input":"required name=search_term_string"}],"inLanguage":"de"},{"@type":"Person","@id":"https:\/\/www.naturparkmagazin.de\/am-stettiner-haff\/#\/schema\/person\/4a7208080dbbfb024d81129b7960c725","name":"Jochen Elberskirch","sameAs":["http:\/\/www.naturpark-am-stettiner-haff.de"],"url":"https:\/\/www.naturparkmagazin.de\/am-stettiner-haff\/author\/jochenelberskirch\/"}]}},"_links":{"self":[{"href":"https:\/\/www.naturparkmagazin.de\/am-stettiner-haff\/wp-json\/wp\/v2\/posts\/765"}],"collection":[{"href":"https:\/\/www.naturparkmagazin.de\/am-stettiner-haff\/wp-json\/wp\/v2\/posts"}],"about":[{"href":"https:\/\/www.naturparkmagazin.de\/am-stettiner-haff\/wp-json\/wp\/v2\/types\/post"}],"author":[{"embeddable":true,"href":"https:\/\/www.naturparkmagazin.de\/am-stettiner-haff\/wp-json\/wp\/v2\/users\/26"}],"replies":[{"embeddable":true,"href":"https:\/\/www.naturparkmagazin.de\/am-stettiner-haff\/wp-json\/wp\/v2\/comments?post=765"}],"version-history":[{"count":5,"href":"https:\/\/www.naturparkmagazin.de\/am-stettiner-haff\/wp-json\/wp\/v2\/posts\/765\/revisions"}],"predecessor-version":[{"id":817,"href":"https:\/\/www.naturparkmagazin.de\/am-stettiner-haff\/wp-json\/wp\/v2\/posts\/765\/revisions\/817"}],"wp:featuredmedia":[{"embeddable":true,"href":"https:\/\/www.naturparkmagazin.de\/am-stettiner-haff\/wp-json\/wp\/v2\/media\/453"}],"wp:attachment":[{"href":"https:\/\/www.naturparkmagazin.de\/am-stettiner-haff\/wp-json\/wp\/v2\/media?parent=765"}],"wp:term":[{"taxonomy":"category","embeddable":true,"href":"https:\/\/www.naturparkmagazin.de\/am-stettiner-haff\/wp-json\/wp\/v2\/categories?post=765"},{"taxonomy":"post_tag","embeddable":true,"href":"https:\/\/www.naturparkmagazin.de\/am-stettiner-haff\/wp-json\/wp\/v2\/tags?post=765"}],"curies":[{"name":"wp","href":"https:\/\/api.w.org\/{rel}","templated":true}]}}