{"id":770,"date":"2014-03-19T15:24:50","date_gmt":"2014-03-19T14:24:50","guid":{"rendered":"http:\/\/www.naturparkmagazin.de\/am-stettiner-haff\/?p=770"},"modified":"2014-03-25T14:12:20","modified_gmt":"2014-03-25T13:12:20","slug":"hinweis-in-eigener-sache","status":"publish","type":"post","link":"https:\/\/www.naturparkmagazin.de\/am-stettiner-haff\/hinweis-in-eigener-sache\/","title":{"rendered":"Hinweis in eigener Sache"},"content":{"rendered":"<div id=\"attachment_766\" style=\"width: 630px\" class=\"wp-caption aligncenter\"><a href=\"https:\/\/www.naturparkmagazin.de\/am-stettiner-haff\/wp-content\/uploads\/sites\/29\/NP-Station.jpg\"><img aria-describedby=\"caption-attachment-766\" decoding=\"async\" loading=\"lazy\" class=\"size-medium wp-image-766 \" title=\"Besucherinformationszentrum des Naturparks in Eggesin (Foto: Naturparkarchiv)\" alt=\"Besucherinformationszentrum des Naturparks in Eggesin (Foto: Naturparkarchiv)\" src=\"https:\/\/www.naturparkmagazin.de\/am-stettiner-haff\/wp-content\/uploads\/sites\/29\/NP-Station-620x386.jpg\" width=\"620\" height=\"386\" \/><\/a><p id=\"caption-attachment-766\" class=\"wp-caption-text\">Besucherinformationszentrum des Naturparks in Eggesin (Foto: Naturparkarchiv)<\/p><\/div>\n<p>Vom 31. M\u00e4rz 2014 bis 2. April 2014 findet die j\u00e4hrliche Weiterbildungsveranstaltung aller Naturparke Mecklenburg-Vorpommerns am Plauer See statt. Daher bleibt das Besucherinformationszentrum des Naturparks &#8222;Am Stettiner Haff&#8220; in diesem Zeitraum geschlossen. In dringenden F\u00e4llen erreichen Sie den Naturparkleiter \u00fcber sein Diensthandy unter 0173 6007471. Wir bitten um Ihr Verst\u00e4ndnis.<\/p>\n","protected":false},"excerpt":{"rendered":"<p>Vom 31. M\u00e4rz 2014 bis 2. April 2014 findet die j\u00e4hrliche Weiterbildungsveranstaltung aller Naturparke Mecklenburg-Vorpommerns am Plauer See statt. Daher bleibt das Besucherinformationszentrum des Naturparks &#8222;Am Stettiner Haff&#8220; in diesem Zeitraum geschlossen.<\/p>\n","protected":false},"author":26,"featured_media":766,"comment_status":"open","ping_status":"open","sticky":false,"template":"","format":"standard","meta":[],"categories":[7],"tags":[],"yoast_head":"<!-- This site is optimized with the Yoast SEO plugin v19.10 - https:\/\/yoast.com\/wordpress\/plugins\/seo\/ -->\n<title>Hinweis in eigener Sache - Naturpark Am Stettiner Haff<\/title>\n<meta name=\"robots\" content=\"index, follow, max-snippet:-1, max-image-preview:large, max-video-preview:-1\" \/>\n<link rel=\"canonical\" href=\"https:\/\/www.naturparkmagazin.de\/am-stettiner-haff\/hinweis-in-eigener-sache\/\" \/>\n<meta property=\"og:locale\" content=\"de_DE\" \/>\n<meta property=\"og:type\" content=\"article\" \/>\n<meta property=\"og:title\" content=\"Hinweis in eigener Sache - Naturpark Am Stettiner Haff\" \/>\n<meta property=\"og:description\" content=\"Vom 31. M\u00e4rz 2014 bis 2. April 2014 findet die j\u00e4hrliche Weiterbildungsveranstaltung aller Naturparke Mecklenburg-Vorpommerns am Plauer See statt. Daher bleibt das Besucherinformationszentrum des Naturparks &quot;Am Stettiner Haff&quot; in diesem Zeitraum geschlossen.\" \/>\n<meta property=\"og:url\" content=\"https:\/\/www.naturparkmagazin.de\/am-stettiner-haff\/hinweis-in-eigener-sache\/\" \/>\n<meta property=\"og:site_name\" content=\"Naturpark Am Stettiner Haff\" \/>\n<meta property=\"article:published_time\" content=\"2014-03-19T14:24:50+00:00\" \/>\n<meta property=\"article:modified_time\" content=\"2014-03-25T13:12:20+00:00\" \/>\n<meta property=\"og:image\" content=\"https:\/\/www.naturparkmagazin.de\/am-stettiner-haff\/wp-content\/uploads\/sites\/29\/NP-Station.jpg\" \/>\n\t<meta property=\"og:image:width\" content=\"640\" \/>\n\t<meta property=\"og:image:height\" content=\"399\" \/>\n\t<meta property=\"og:image:type\" content=\"image\/jpeg\" \/>\n<meta name=\"author\" content=\"Jochen Elberskirch\" \/>\n<meta name=\"twitter:label1\" content=\"Verfasst von\" \/>\n\t<meta name=\"twitter:data1\" content=\"Jochen Elberskirch\" \/>\n<script type=\"application\/ld+json\" class=\"yoast-schema-graph\">{\"@context\":\"https:\/\/schema.org\",\"@graph\":[{\"@type\":\"WebPage\",\"@id\":\"https:\/\/www.naturparkmagazin.de\/am-stettiner-haff\/hinweis-in-eigener-sache\/\",\"url\":\"https:\/\/www.naturparkmagazin.de\/am-stettiner-haff\/hinweis-in-eigener-sache\/\",\"name\":\"Hinweis in eigener Sache - Naturpark Am Stettiner Haff\",\"isPartOf\":{\"@id\":\"https:\/\/www.naturparkmagazin.de\/am-stettiner-haff\/#website\"},\"datePublished\":\"2014-03-19T14:24:50+00:00\",\"dateModified\":\"2014-03-25T13:12:20+00:00\",\"author\":{\"@id\":\"https:\/\/www.naturparkmagazin.de\/am-stettiner-haff\/#\/schema\/person\/4a7208080dbbfb024d81129b7960c725\"},\"breadcrumb\":{\"@id\":\"https:\/\/www.naturparkmagazin.de\/am-stettiner-haff\/hinweis-in-eigener-sache\/#breadcrumb\"},\"inLanguage\":\"de\",\"potentialAction\":[{\"@type\":\"ReadAction\",\"target\":[\"https:\/\/www.naturparkmagazin.de\/am-stettiner-haff\/hinweis-in-eigener-sache\/\"]}]},{\"@type\":\"BreadcrumbList\",\"@id\":\"https:\/\/www.naturparkmagazin.de\/am-stettiner-haff\/hinweis-in-eigener-sache\/#breadcrumb\",\"itemListElement\":[{\"@type\":\"ListItem\",\"position\":1,\"name\":\"Home\",\"item\":\"https:\/\/www.naturparkmagazin.de\/am-stettiner-haff\/\"},{\"@type\":\"ListItem\",\"position\":2,\"name\":\"Hinweis in eigener Sache\"}]},{\"@type\":\"WebSite\",\"@id\":\"https:\/\/www.naturparkmagazin.de\/am-stettiner-haff\/#website\",\"url\":\"https:\/\/www.naturparkmagazin.de\/am-stettiner-haff\/\",\"name\":\"Naturpark Am Stettiner Haff\",\"description\":\"\",\"potentialAction\":[{\"@type\":\"SearchAction\",\"target\":{\"@type\":\"EntryPoint\",\"urlTemplate\":\"https:\/\/www.naturparkmagazin.de\/am-stettiner-haff\/?s={search_term_string}\"},\"query-input\":\"required name=search_term_string\"}],\"inLanguage\":\"de\"},{\"@type\":\"Person\",\"@id\":\"https:\/\/www.naturparkmagazin.de\/am-stettiner-haff\/#\/schema\/person\/4a7208080dbbfb024d81129b7960c725\",\"name\":\"Jochen Elberskirch\",\"sameAs\":[\"http:\/\/www.naturpark-am-stettiner-haff.de\"],\"url\":\"https:\/\/www.naturparkmagazin.de\/am-stettiner-haff\/author\/jochenelberskirch\/\"}]}<\/script>\n<!-- \/ Yoast SEO plugin. -->","yoast_head_json":{"title":"Hinweis in eigener Sache - Naturpark Am Stettiner Haff","robots":{"index":"index","follow":"follow","max-snippet":"max-snippet:-1","max-image-preview":"max-image-preview:large","max-video-preview":"max-video-preview:-1"},"canonical":"https:\/\/www.naturparkmagazin.de\/am-stettiner-haff\/hinweis-in-eigener-sache\/","og_locale":"de_DE","og_type":"article","og_title":"Hinweis in eigener Sache - Naturpark Am Stettiner Haff","og_description":"Vom 31. M\u00e4rz 2014 bis 2. April 2014 findet die j\u00e4hrliche Weiterbildungsveranstaltung aller Naturparke Mecklenburg-Vorpommerns am Plauer See statt. Daher bleibt das Besucherinformationszentrum des Naturparks \"Am Stettiner Haff\" in diesem Zeitraum geschlossen.","og_url":"https:\/\/www.naturparkmagazin.de\/am-stettiner-haff\/hinweis-in-eigener-sache\/","og_site_name":"Naturpark Am Stettiner Haff","article_published_time":"2014-03-19T14:24:50+00:00","article_modified_time":"2014-03-25T13:12:20+00:00","og_image":[{"width":640,"height":399,"url":"https:\/\/www.naturparkmagazin.de\/am-stettiner-haff\/wp-content\/uploads\/sites\/29\/NP-Station.jpg","type":"image\/jpeg"}],"author":"Jochen Elberskirch","twitter_misc":{"Verfasst von":"Jochen Elberskirch"},"schema":{"@context":"https:\/\/schema.org","@graph":[{"@type":"WebPage","@id":"https:\/\/www.naturparkmagazin.de\/am-stettiner-haff\/hinweis-in-eigener-sache\/","url":"https:\/\/www.naturparkmagazin.de\/am-stettiner-haff\/hinweis-in-eigener-sache\/","name":"Hinweis in eigener Sache - Naturpark Am Stettiner Haff","isPartOf":{"@id":"https:\/\/www.naturparkmagazin.de\/am-stettiner-haff\/#website"},"datePublished":"2014-03-19T14:24:50+00:00","dateModified":"2014-03-25T13:12:20+00:00","author":{"@id":"https:\/\/www.naturparkmagazin.de\/am-stettiner-haff\/#\/schema\/person\/4a7208080dbbfb024d81129b7960c725"},"breadcrumb":{"@id":"https:\/\/www.naturparkmagazin.de\/am-stettiner-haff\/hinweis-in-eigener-sache\/#breadcrumb"},"inLanguage":"de","potentialAction":[{"@type":"ReadAction","target":["https:\/\/www.naturparkmagazin.de\/am-stettiner-haff\/hinweis-in-eigener-sache\/"]}]},{"@type":"BreadcrumbList","@id":"https:\/\/www.naturparkmagazin.de\/am-stettiner-haff\/hinweis-in-eigener-sache\/#breadcrumb","itemListElement":[{"@type":"ListItem","position":1,"name":"Home","item":"https:\/\/www.naturparkmagazin.de\/am-stettiner-haff\/"},{"@type":"ListItem","position":2,"name":"Hinweis in eigener Sache"}]},{"@type":"WebSite","@id":"https:\/\/www.naturparkmagazin.de\/am-stettiner-haff\/#website","url":"https:\/\/www.naturparkmagazin.de\/am-stettiner-haff\/","name":"Naturpark Am Stettiner Haff","description":"","potentialAction":[{"@type":"SearchAction","target":{"@type":"EntryPoint","urlTemplate":"https:\/\/www.naturparkmagazin.de\/am-stettiner-haff\/?s={search_term_string}"},"query-input":"required name=search_term_string"}],"inLanguage":"de"},{"@type":"Person","@id":"https:\/\/www.naturparkmagazin.de\/am-stettiner-haff\/#\/schema\/person\/4a7208080dbbfb024d81129b7960c725","name":"Jochen Elberskirch","sameAs":["http:\/\/www.naturpark-am-stettiner-haff.de"],"url":"https:\/\/www.naturparkmagazin.de\/am-stettiner-haff\/author\/jochenelberskirch\/"}]}},"_links":{"self":[{"href":"https:\/\/www.naturparkmagazin.de\/am-stettiner-haff\/wp-json\/wp\/v2\/posts\/770"}],"collection":[{"href":"https:\/\/www.naturparkmagazin.de\/am-stettiner-haff\/wp-json\/wp\/v2\/posts"}],"about":[{"href":"https:\/\/www.naturparkmagazin.de\/am-stettiner-haff\/wp-json\/wp\/v2\/types\/post"}],"author":[{"embeddable":true,"href":"https:\/\/www.naturparkmagazin.de\/am-stettiner-haff\/wp-json\/wp\/v2\/users\/26"}],"replies":[{"embeddable":true,"href":"https:\/\/www.naturparkmagazin.de\/am-stettiner-haff\/wp-json\/wp\/v2\/comments?post=770"}],"version-history":[{"count":4,"href":"https:\/\/www.naturparkmagazin.de\/am-stettiner-haff\/wp-json\/wp\/v2\/posts\/770\/revisions"}],"predecessor-version":[{"id":788,"href":"https:\/\/www.naturparkmagazin.de\/am-stettiner-haff\/wp-json\/wp\/v2\/posts\/770\/revisions\/788"}],"wp:featuredmedia":[{"embeddable":true,"href":"https:\/\/www.naturparkmagazin.de\/am-stettiner-haff\/wp-json\/wp\/v2\/media\/766"}],"wp:attachment":[{"href":"https:\/\/www.naturparkmagazin.de\/am-stettiner-haff\/wp-json\/wp\/v2\/media?parent=770"}],"wp:term":[{"taxonomy":"category","embeddable":true,"href":"https:\/\/www.naturparkmagazin.de\/am-stettiner-haff\/wp-json\/wp\/v2\/categories?post=770"},{"taxonomy":"post_tag","embeddable":true,"href":"https:\/\/www.naturparkmagazin.de\/am-stettiner-haff\/wp-json\/wp\/v2\/tags?post=770"}],"curies":[{"name":"wp","href":"https:\/\/api.w.org\/{rel}","templated":true}]}}