{"id":776,"date":"2014-03-19T15:40:54","date_gmt":"2014-03-19T14:40:54","guid":{"rendered":"http:\/\/www.naturparkmagazin.de\/am-stettiner-haff\/?p=776"},"modified":"2014-03-25T13:59:31","modified_gmt":"2014-03-25T12:59:31","slug":"liebe-leserin-lieber-leser","status":"publish","type":"post","link":"https:\/\/www.naturparkmagazin.de\/am-stettiner-haff\/liebe-leserin-lieber-leser\/","title":{"rendered":"Liebe Leserin, lieber Leser,"},"content":{"rendered":"<p>wie es scheint ist der Osterhase\u00a0bereits ziemlich in Eile um alle Vorbereitungen f\u00fcr das Osterfest rechtzeitig fertig zu bekommen. Ich hoffe, Sie lassen sich von dieser Hektik nicht anstecken und finden die eine oder andere Gelegenheit, den Fr\u00fchling zu genie\u00dfen.\u00a0Die noch sp\u00e4rlich belaubten B\u00e4ume und Str\u00e4ucher lassen\u00a0einmalige Blicke auf unsere gefiederten Gesangsmeister zu. Probieren Sie es einfach mal aus, ob Sie einen der Gesangsk\u00fcnstler bei seinem Solovortrag entdecken k\u00f6nnen.<\/p>\n<p>Viel Spa\u00df bei\u00a0Ihren Entdeckungen und ein sch\u00f6nes\u00a0Osterfest w\u00fcnscht Ihnen<\/p>\n<p>Jochen Elberskirch<\/p>\n<p>Leiter des Naturparks &#8222;Am Stettiner Haff&#8220;<\/p>\n","protected":false},"excerpt":{"rendered":"<p>wie es scheint ist der Osterhase\u00a0bereits ziemlich in Eile um alle Vorbereitungen f\u00fcr das Osterfest rechtzeitig fertig zu bekommen. Ich hoffe, Sie lassen sich von dieser Hektik nicht anstecken und finden die eine oder andere Gelegenheit, den Fr\u00fchling zu genie\u00dfen.\u00a0Die noch sp\u00e4rlich belaubten B\u00e4ume und Str\u00e4ucher lassen\u00a0einmalige Blicke auf unsere gefiederten Gesangsmeister zu. Probieren Sie<\/p>\n","protected":false},"author":26,"featured_media":0,"comment_status":"open","ping_status":"open","sticky":false,"template":"","format":"standard","meta":[],"categories":[52],"tags":[],"yoast_head":"<!-- This site is optimized with the Yoast SEO plugin v19.10 - https:\/\/yoast.com\/wordpress\/plugins\/seo\/ -->\n<title>Liebe Leserin, lieber Leser, - Naturpark Am Stettiner Haff<\/title>\n<meta name=\"robots\" content=\"index, follow, max-snippet:-1, max-image-preview:large, max-video-preview:-1\" \/>\n<link rel=\"canonical\" href=\"https:\/\/www.naturparkmagazin.de\/am-stettiner-haff\/liebe-leserin-lieber-leser\/\" \/>\n<meta property=\"og:locale\" content=\"de_DE\" \/>\n<meta property=\"og:type\" content=\"article\" \/>\n<meta property=\"og:title\" content=\"Liebe Leserin, lieber Leser, - Naturpark Am Stettiner Haff\" \/>\n<meta property=\"og:description\" content=\"wie es scheint ist der Osterhase\u00a0bereits ziemlich in Eile um alle Vorbereitungen f\u00fcr das Osterfest rechtzeitig fertig zu bekommen. Ich hoffe, Sie lassen sich von dieser Hektik nicht anstecken und finden die eine oder andere Gelegenheit, den Fr\u00fchling zu genie\u00dfen.\u00a0Die noch sp\u00e4rlich belaubten B\u00e4ume und Str\u00e4ucher lassen\u00a0einmalige Blicke auf unsere gefiederten Gesangsmeister zu. Probieren Sie\" \/>\n<meta property=\"og:url\" content=\"https:\/\/www.naturparkmagazin.de\/am-stettiner-haff\/liebe-leserin-lieber-leser\/\" \/>\n<meta property=\"og:site_name\" content=\"Naturpark Am Stettiner Haff\" \/>\n<meta property=\"article:published_time\" content=\"2014-03-19T14:40:54+00:00\" \/>\n<meta property=\"article:modified_time\" content=\"2014-03-25T12:59:31+00:00\" \/>\n<meta name=\"author\" content=\"Jochen Elberskirch\" \/>\n<meta name=\"twitter:label1\" content=\"Verfasst von\" \/>\n\t<meta name=\"twitter:data1\" content=\"Jochen Elberskirch\" \/>\n\t<meta name=\"twitter:label2\" content=\"Gesch\u00e4tzte Lesezeit\" \/>\n\t<meta name=\"twitter:data2\" content=\"1\u00a0Minute\" \/>\n<script type=\"application\/ld+json\" class=\"yoast-schema-graph\">{\"@context\":\"https:\/\/schema.org\",\"@graph\":[{\"@type\":\"WebPage\",\"@id\":\"https:\/\/www.naturparkmagazin.de\/am-stettiner-haff\/liebe-leserin-lieber-leser\/\",\"url\":\"https:\/\/www.naturparkmagazin.de\/am-stettiner-haff\/liebe-leserin-lieber-leser\/\",\"name\":\"Liebe Leserin, lieber Leser, - Naturpark Am Stettiner Haff\",\"isPartOf\":{\"@id\":\"https:\/\/www.naturparkmagazin.de\/am-stettiner-haff\/#website\"},\"datePublished\":\"2014-03-19T14:40:54+00:00\",\"dateModified\":\"2014-03-25T12:59:31+00:00\",\"author\":{\"@id\":\"https:\/\/www.naturparkmagazin.de\/am-stettiner-haff\/#\/schema\/person\/4a7208080dbbfb024d81129b7960c725\"},\"breadcrumb\":{\"@id\":\"https:\/\/www.naturparkmagazin.de\/am-stettiner-haff\/liebe-leserin-lieber-leser\/#breadcrumb\"},\"inLanguage\":\"de\",\"potentialAction\":[{\"@type\":\"ReadAction\",\"target\":[\"https:\/\/www.naturparkmagazin.de\/am-stettiner-haff\/liebe-leserin-lieber-leser\/\"]}]},{\"@type\":\"BreadcrumbList\",\"@id\":\"https:\/\/www.naturparkmagazin.de\/am-stettiner-haff\/liebe-leserin-lieber-leser\/#breadcrumb\",\"itemListElement\":[{\"@type\":\"ListItem\",\"position\":1,\"name\":\"Home\",\"item\":\"https:\/\/www.naturparkmagazin.de\/am-stettiner-haff\/\"},{\"@type\":\"ListItem\",\"position\":2,\"name\":\"Liebe Leserin, lieber Leser,\"}]},{\"@type\":\"WebSite\",\"@id\":\"https:\/\/www.naturparkmagazin.de\/am-stettiner-haff\/#website\",\"url\":\"https:\/\/www.naturparkmagazin.de\/am-stettiner-haff\/\",\"name\":\"Naturpark Am Stettiner Haff\",\"description\":\"\",\"potentialAction\":[{\"@type\":\"SearchAction\",\"target\":{\"@type\":\"EntryPoint\",\"urlTemplate\":\"https:\/\/www.naturparkmagazin.de\/am-stettiner-haff\/?s={search_term_string}\"},\"query-input\":\"required name=search_term_string\"}],\"inLanguage\":\"de\"},{\"@type\":\"Person\",\"@id\":\"https:\/\/www.naturparkmagazin.de\/am-stettiner-haff\/#\/schema\/person\/4a7208080dbbfb024d81129b7960c725\",\"name\":\"Jochen Elberskirch\",\"sameAs\":[\"http:\/\/www.naturpark-am-stettiner-haff.de\"],\"url\":\"https:\/\/www.naturparkmagazin.de\/am-stettiner-haff\/author\/jochenelberskirch\/\"}]}<\/script>\n<!-- \/ Yoast SEO plugin. -->","yoast_head_json":{"title":"Liebe Leserin, lieber Leser, - Naturpark Am Stettiner Haff","robots":{"index":"index","follow":"follow","max-snippet":"max-snippet:-1","max-image-preview":"max-image-preview:large","max-video-preview":"max-video-preview:-1"},"canonical":"https:\/\/www.naturparkmagazin.de\/am-stettiner-haff\/liebe-leserin-lieber-leser\/","og_locale":"de_DE","og_type":"article","og_title":"Liebe Leserin, lieber Leser, - Naturpark Am Stettiner Haff","og_description":"wie es scheint ist der Osterhase\u00a0bereits ziemlich in Eile um alle Vorbereitungen f\u00fcr das Osterfest rechtzeitig fertig zu bekommen. Ich hoffe, Sie lassen sich von dieser Hektik nicht anstecken und finden die eine oder andere Gelegenheit, den Fr\u00fchling zu genie\u00dfen.\u00a0Die noch sp\u00e4rlich belaubten B\u00e4ume und Str\u00e4ucher lassen\u00a0einmalige Blicke auf unsere gefiederten Gesangsmeister zu. Probieren Sie","og_url":"https:\/\/www.naturparkmagazin.de\/am-stettiner-haff\/liebe-leserin-lieber-leser\/","og_site_name":"Naturpark Am Stettiner Haff","article_published_time":"2014-03-19T14:40:54+00:00","article_modified_time":"2014-03-25T12:59:31+00:00","author":"Jochen Elberskirch","twitter_misc":{"Verfasst von":"Jochen Elberskirch","Gesch\u00e4tzte Lesezeit":"1\u00a0Minute"},"schema":{"@context":"https:\/\/schema.org","@graph":[{"@type":"WebPage","@id":"https:\/\/www.naturparkmagazin.de\/am-stettiner-haff\/liebe-leserin-lieber-leser\/","url":"https:\/\/www.naturparkmagazin.de\/am-stettiner-haff\/liebe-leserin-lieber-leser\/","name":"Liebe Leserin, lieber Leser, - Naturpark Am Stettiner Haff","isPartOf":{"@id":"https:\/\/www.naturparkmagazin.de\/am-stettiner-haff\/#website"},"datePublished":"2014-03-19T14:40:54+00:00","dateModified":"2014-03-25T12:59:31+00:00","author":{"@id":"https:\/\/www.naturparkmagazin.de\/am-stettiner-haff\/#\/schema\/person\/4a7208080dbbfb024d81129b7960c725"},"breadcrumb":{"@id":"https:\/\/www.naturparkmagazin.de\/am-stettiner-haff\/liebe-leserin-lieber-leser\/#breadcrumb"},"inLanguage":"de","potentialAction":[{"@type":"ReadAction","target":["https:\/\/www.naturparkmagazin.de\/am-stettiner-haff\/liebe-leserin-lieber-leser\/"]}]},{"@type":"BreadcrumbList","@id":"https:\/\/www.naturparkmagazin.de\/am-stettiner-haff\/liebe-leserin-lieber-leser\/#breadcrumb","itemListElement":[{"@type":"ListItem","position":1,"name":"Home","item":"https:\/\/www.naturparkmagazin.de\/am-stettiner-haff\/"},{"@type":"ListItem","position":2,"name":"Liebe Leserin, lieber Leser,"}]},{"@type":"WebSite","@id":"https:\/\/www.naturparkmagazin.de\/am-stettiner-haff\/#website","url":"https:\/\/www.naturparkmagazin.de\/am-stettiner-haff\/","name":"Naturpark Am Stettiner Haff","description":"","potentialAction":[{"@type":"SearchAction","target":{"@type":"EntryPoint","urlTemplate":"https:\/\/www.naturparkmagazin.de\/am-stettiner-haff\/?s={search_term_string}"},"query-input":"required name=search_term_string"}],"inLanguage":"de"},{"@type":"Person","@id":"https:\/\/www.naturparkmagazin.de\/am-stettiner-haff\/#\/schema\/person\/4a7208080dbbfb024d81129b7960c725","name":"Jochen Elberskirch","sameAs":["http:\/\/www.naturpark-am-stettiner-haff.de"],"url":"https:\/\/www.naturparkmagazin.de\/am-stettiner-haff\/author\/jochenelberskirch\/"}]}},"_links":{"self":[{"href":"https:\/\/www.naturparkmagazin.de\/am-stettiner-haff\/wp-json\/wp\/v2\/posts\/776"}],"collection":[{"href":"https:\/\/www.naturparkmagazin.de\/am-stettiner-haff\/wp-json\/wp\/v2\/posts"}],"about":[{"href":"https:\/\/www.naturparkmagazin.de\/am-stettiner-haff\/wp-json\/wp\/v2\/types\/post"}],"author":[{"embeddable":true,"href":"https:\/\/www.naturparkmagazin.de\/am-stettiner-haff\/wp-json\/wp\/v2\/users\/26"}],"replies":[{"embeddable":true,"href":"https:\/\/www.naturparkmagazin.de\/am-stettiner-haff\/wp-json\/wp\/v2\/comments?post=776"}],"version-history":[{"count":3,"href":"https:\/\/www.naturparkmagazin.de\/am-stettiner-haff\/wp-json\/wp\/v2\/posts\/776\/revisions"}],"predecessor-version":[{"id":783,"href":"https:\/\/www.naturparkmagazin.de\/am-stettiner-haff\/wp-json\/wp\/v2\/posts\/776\/revisions\/783"}],"wp:attachment":[{"href":"https:\/\/www.naturparkmagazin.de\/am-stettiner-haff\/wp-json\/wp\/v2\/media?parent=776"}],"wp:term":[{"taxonomy":"category","embeddable":true,"href":"https:\/\/www.naturparkmagazin.de\/am-stettiner-haff\/wp-json\/wp\/v2\/categories?post=776"},{"taxonomy":"post_tag","embeddable":true,"href":"https:\/\/www.naturparkmagazin.de\/am-stettiner-haff\/wp-json\/wp\/v2\/tags?post=776"}],"curies":[{"name":"wp","href":"https:\/\/api.w.org\/{rel}","templated":true}]}}