{"id":799,"date":"2014-04-16T11:07:10","date_gmt":"2014-04-16T09:07:10","guid":{"rendered":"http:\/\/www.naturparkmagazin.de\/am-stettiner-haff\/?p=799"},"modified":"2014-04-23T18:30:50","modified_gmt":"2014-04-23T16:30:50","slug":"generalprobe-tagestourangebot-fuert-vom-zerum-zum-naturparkzentrum","status":"publish","type":"post","link":"https:\/\/www.naturparkmagazin.de\/am-stettiner-haff\/generalprobe-tagestourangebot-fuert-vom-zerum-zum-naturparkzentrum\/","title":{"rendered":"Generalprobe &#8211; Tagestourangebot f\u00fchrt vom ZERUM Ueckerm\u00fcnde nach Eggesin zur Naturparkstation"},"content":{"rendered":"<div id=\"attachment_807\" style=\"width: 650px\" class=\"wp-caption aligncenter\"><a href=\"https:\/\/www.naturparkmagazin.de\/am-stettiner-haff\/wp-content\/uploads\/sites\/29\/Bootstour.jpg\"><img aria-describedby=\"caption-attachment-807\" decoding=\"async\" loading=\"lazy\" class=\"size-full wp-image-807\" alt=\"Ankunft im Hafen Eggesin (Foto: T. Dinse)\" src=\"https:\/\/www.naturparkmagazin.de\/am-stettiner-haff\/wp-content\/uploads\/sites\/29\/Bootstour.jpg\" width=\"640\" height=\"426\" srcset=\"https:\/\/www.naturparkmagazin.de\/am-stettiner-haff\/wp-content\/uploads\/sites\/29\/Bootstour.jpg 640w, https:\/\/www.naturparkmagazin.de\/am-stettiner-haff\/wp-content\/uploads\/sites\/29\/Bootstour-300x200.jpg 300w, https:\/\/www.naturparkmagazin.de\/am-stettiner-haff\/wp-content\/uploads\/sites\/29\/Bootstour-620x413.jpg 620w, https:\/\/www.naturparkmagazin.de\/am-stettiner-haff\/wp-content\/uploads\/sites\/29\/Bootstour-200x133.jpg 200w\" sizes=\"(max-width: 640px) 100vw, 640px\" \/><\/a><p id=\"caption-attachment-807\" class=\"wp-caption-text\">Ankunft im Hafen Eggesin (Foto: T. Dinse)<\/p><\/div>\n<p>&nbsp;<\/p>\n<p><span style=\"color: #000000;font-family: Calibri;font-size: medium\">Am Anfang stand die urspr\u00fcngliche Idee, die Zusammenarbeit zwischen dem Zentrum f\u00fcr Erlebnis- und Umweltp\u00e4dagogik Ueckerm\u00fcnde und der Naturparkverwaltung des Naturparks Am Stettiner Haff zu vertiefen. Ein direkte Verbindung beider Einrichtungen stellt der Wasserweg dar. Was lag da n\u00e4her, als diesen in den Mittelpunkt der Projektidee zustellen. Nur wer sollte diese Idee aufgreifen und in ein handlungsf\u00e4higes Konzept umwandeln. Schnell waren sich der stellv. Leiter des ZERUMs Sebastian Preuss und der Naturparkleiter Jochen Elberskirch einig, dass dies eine spannende Aufgabe f\u00fcr die \u201eF\u00f6Jler\u201c sein k\u00f6nnte. Daher beauftragten beide ihre in den jeweiligen Einsatzstellen besch\u00e4ftigten Freiwilligen sich gemeinsam der Sache anzunehmen. Die grunds\u00e4tzliche Idee, die bereits von Anna und Paulina im letzten Jahr angearbeitet wurde, griffen Melanie und Matthes vom ZERUM gemeinsam mit Simon vom Naturpark auf und entwickelten ein Tagesangebot f\u00fcr Gruppen, die sich mit Hilfe einer Schnitzeljagd auf dem Wasser von Ueckerm\u00fcnde nach Eggesin durchschlagen m\u00fcssen. Dabei\u00a0 gilt es allerlei R\u00e4tsel zu l\u00f6sen um den richtigen Weg zu finden. Aber nicht nur auf dem Wasser geht es rund, erl\u00e4utert Melanie, denn zun\u00e4chst muss sich die Gruppe in m\u00f6glichst zwei gleich starke Teams aufteilen. W\u00e4hrende sich ein Team auf dem Wasserweg bew\u00e4hren muss, muss sich das zweite\u00a0Team mit Fahrr\u00e4dern auf den Weg machen. Und wenn alle\u00a0Stationen gefunden und die entsprechenden Aufgaben richtig beantwortet werden, sollten sich beide\u00a0Teams in Eggesin wiedertreffen. Von dort geht es dann in umgekehrter Besetzung nach einem ausf\u00fchrlichen Besuch des Besucherinformationszentrums des Naturparks retour nach Ueckerm\u00fcnde.<\/span><\/p>\n<p><span style=\"color: #000000;font-family: Calibri;font-size: medium\"> Diese Tagestour\u00a0galt es nun zu Testen. So machten sich die F\u00f6Jler gemeinsam mit \u00a0Mitarbeitern des ZERUMS und des\u00a0Naturparks auf den Weg. <\/span><span style=\"color: #000000;font-family: Calibri;font-size: medium\">Alle Beteiligten kamen wohlbehalten in Eggesin an und erreichten nach dem Wechsel in Eggesin in deutlich k\u00fcrzerer Zeit den Ausgangspunkt der Tour. Beim gemeinsamen Grillen fand dann die Man\u00f6verkritik statt. Alle waren einhellig der Meinung, dass das Konzept grundweg gelungen ist und die Angebotspallette des ZERUMs in jedem Fall bereichern wird. Lediglich die Anzahl der Punkte und die damit verbundene Zeit auf der Hintour und die Wahl der Verstecke sollen noch einmal \u00fcberdacht werden. <\/span><\/p>\n<p>N\u00e4here Informationen und die Buchungsmodalit\u00e4ten finden Sie unter: <a href=\"http:\/\/www.zerum-ueckermuende.de\">www.zerum-ueckermuende.de<\/a><\/p>\n<p>&nbsp;<\/p>\n","protected":false},"excerpt":{"rendered":"<p>Am Anfang stand die urspr\u00fcngliche Idee, die Zusammenarbeit zwischen dem Zentrum f\u00fcr Erlebnis- und Umweltp\u00e4dagogik Ueckerm\u00fcnde und der Naturparkverwaltung des Naturparks Am Stettiner Haff zu vertiefen. Ein direkte Verbindung beider Einrichtungen stellt der Wasserweg dar. <\/p>\n","protected":false},"author":26,"featured_media":807,"comment_status":"open","ping_status":"open","sticky":false,"template":"","format":"standard","meta":[],"categories":[7],"tags":[],"yoast_head":"<!-- This site is optimized with the Yoast SEO plugin v19.10 - https:\/\/yoast.com\/wordpress\/plugins\/seo\/ -->\n<title>Generalprobe - Tagestourangebot f\u00fchrt vom ZERUM Ueckerm\u00fcnde nach Eggesin zur Naturparkstation  - Naturpark Am Stettiner Haff<\/title>\n<meta name=\"robots\" content=\"index, follow, max-snippet:-1, max-image-preview:large, max-video-preview:-1\" \/>\n<link rel=\"canonical\" href=\"https:\/\/www.naturparkmagazin.de\/am-stettiner-haff\/generalprobe-tagestourangebot-fuert-vom-zerum-zum-naturparkzentrum\/\" \/>\n<meta property=\"og:locale\" content=\"de_DE\" \/>\n<meta property=\"og:type\" content=\"article\" \/>\n<meta property=\"og:title\" content=\"Generalprobe - Tagestourangebot f\u00fchrt vom ZERUM Ueckerm\u00fcnde nach Eggesin zur Naturparkstation  - Naturpark Am Stettiner Haff\" \/>\n<meta property=\"og:description\" content=\"Am Anfang stand die urspr\u00fcngliche Idee, die Zusammenarbeit zwischen dem Zentrum f\u00fcr Erlebnis- und Umweltp\u00e4dagogik Ueckerm\u00fcnde und der Naturparkverwaltung des Naturparks Am Stettiner Haff zu vertiefen. Ein direkte Verbindung beider Einrichtungen stellt der Wasserweg dar.\" \/>\n<meta property=\"og:url\" content=\"https:\/\/www.naturparkmagazin.de\/am-stettiner-haff\/generalprobe-tagestourangebot-fuert-vom-zerum-zum-naturparkzentrum\/\" \/>\n<meta property=\"og:site_name\" content=\"Naturpark Am Stettiner Haff\" \/>\n<meta property=\"article:published_time\" content=\"2014-04-16T09:07:10+00:00\" \/>\n<meta property=\"article:modified_time\" content=\"2014-04-23T16:30:50+00:00\" \/>\n<meta property=\"og:image\" content=\"https:\/\/www.naturparkmagazin.de\/am-stettiner-haff\/wp-content\/uploads\/sites\/29\/Bootstour.jpg\" \/>\n\t<meta property=\"og:image:width\" content=\"640\" \/>\n\t<meta property=\"og:image:height\" content=\"426\" \/>\n\t<meta property=\"og:image:type\" content=\"image\/jpeg\" \/>\n<meta name=\"author\" content=\"Jochen Elberskirch\" \/>\n<meta name=\"twitter:label1\" content=\"Verfasst von\" \/>\n\t<meta name=\"twitter:data1\" content=\"Jochen Elberskirch\" \/>\n\t<meta name=\"twitter:label2\" content=\"Gesch\u00e4tzte Lesezeit\" \/>\n\t<meta name=\"twitter:data2\" content=\"2\u00a0Minuten\" \/>\n<script type=\"application\/ld+json\" class=\"yoast-schema-graph\">{\"@context\":\"https:\/\/schema.org\",\"@graph\":[{\"@type\":\"WebPage\",\"@id\":\"https:\/\/www.naturparkmagazin.de\/am-stettiner-haff\/generalprobe-tagestourangebot-fuert-vom-zerum-zum-naturparkzentrum\/\",\"url\":\"https:\/\/www.naturparkmagazin.de\/am-stettiner-haff\/generalprobe-tagestourangebot-fuert-vom-zerum-zum-naturparkzentrum\/\",\"name\":\"Generalprobe - Tagestourangebot f\u00fchrt vom ZERUM Ueckerm\u00fcnde nach Eggesin zur Naturparkstation - Naturpark Am Stettiner Haff\",\"isPartOf\":{\"@id\":\"https:\/\/www.naturparkmagazin.de\/am-stettiner-haff\/#website\"},\"datePublished\":\"2014-04-16T09:07:10+00:00\",\"dateModified\":\"2014-04-23T16:30:50+00:00\",\"author\":{\"@id\":\"https:\/\/www.naturparkmagazin.de\/am-stettiner-haff\/#\/schema\/person\/4a7208080dbbfb024d81129b7960c725\"},\"breadcrumb\":{\"@id\":\"https:\/\/www.naturparkmagazin.de\/am-stettiner-haff\/generalprobe-tagestourangebot-fuert-vom-zerum-zum-naturparkzentrum\/#breadcrumb\"},\"inLanguage\":\"de\",\"potentialAction\":[{\"@type\":\"ReadAction\",\"target\":[\"https:\/\/www.naturparkmagazin.de\/am-stettiner-haff\/generalprobe-tagestourangebot-fuert-vom-zerum-zum-naturparkzentrum\/\"]}]},{\"@type\":\"BreadcrumbList\",\"@id\":\"https:\/\/www.naturparkmagazin.de\/am-stettiner-haff\/generalprobe-tagestourangebot-fuert-vom-zerum-zum-naturparkzentrum\/#breadcrumb\",\"itemListElement\":[{\"@type\":\"ListItem\",\"position\":1,\"name\":\"Home\",\"item\":\"https:\/\/www.naturparkmagazin.de\/am-stettiner-haff\/\"},{\"@type\":\"ListItem\",\"position\":2,\"name\":\"Generalprobe &#8211; Tagestourangebot f\u00fchrt vom ZERUM Ueckerm\u00fcnde nach Eggesin zur Naturparkstation\"}]},{\"@type\":\"WebSite\",\"@id\":\"https:\/\/www.naturparkmagazin.de\/am-stettiner-haff\/#website\",\"url\":\"https:\/\/www.naturparkmagazin.de\/am-stettiner-haff\/\",\"name\":\"Naturpark Am Stettiner Haff\",\"description\":\"\",\"potentialAction\":[{\"@type\":\"SearchAction\",\"target\":{\"@type\":\"EntryPoint\",\"urlTemplate\":\"https:\/\/www.naturparkmagazin.de\/am-stettiner-haff\/?s={search_term_string}\"},\"query-input\":\"required name=search_term_string\"}],\"inLanguage\":\"de\"},{\"@type\":\"Person\",\"@id\":\"https:\/\/www.naturparkmagazin.de\/am-stettiner-haff\/#\/schema\/person\/4a7208080dbbfb024d81129b7960c725\",\"name\":\"Jochen Elberskirch\",\"sameAs\":[\"http:\/\/www.naturpark-am-stettiner-haff.de\"],\"url\":\"https:\/\/www.naturparkmagazin.de\/am-stettiner-haff\/author\/jochenelberskirch\/\"}]}<\/script>\n<!-- \/ Yoast SEO plugin. -->","yoast_head_json":{"title":"Generalprobe - Tagestourangebot f\u00fchrt vom ZERUM Ueckerm\u00fcnde nach Eggesin zur Naturparkstation  - Naturpark Am Stettiner Haff","robots":{"index":"index","follow":"follow","max-snippet":"max-snippet:-1","max-image-preview":"max-image-preview:large","max-video-preview":"max-video-preview:-1"},"canonical":"https:\/\/www.naturparkmagazin.de\/am-stettiner-haff\/generalprobe-tagestourangebot-fuert-vom-zerum-zum-naturparkzentrum\/","og_locale":"de_DE","og_type":"article","og_title":"Generalprobe - Tagestourangebot f\u00fchrt vom ZERUM Ueckerm\u00fcnde nach Eggesin zur Naturparkstation  - Naturpark Am Stettiner Haff","og_description":"Am Anfang stand die urspr\u00fcngliche Idee, die Zusammenarbeit zwischen dem Zentrum f\u00fcr Erlebnis- und Umweltp\u00e4dagogik Ueckerm\u00fcnde und der Naturparkverwaltung des Naturparks Am Stettiner Haff zu vertiefen. Ein direkte Verbindung beider Einrichtungen stellt der Wasserweg dar.","og_url":"https:\/\/www.naturparkmagazin.de\/am-stettiner-haff\/generalprobe-tagestourangebot-fuert-vom-zerum-zum-naturparkzentrum\/","og_site_name":"Naturpark Am Stettiner Haff","article_published_time":"2014-04-16T09:07:10+00:00","article_modified_time":"2014-04-23T16:30:50+00:00","og_image":[{"width":640,"height":426,"url":"https:\/\/www.naturparkmagazin.de\/am-stettiner-haff\/wp-content\/uploads\/sites\/29\/Bootstour.jpg","type":"image\/jpeg"}],"author":"Jochen Elberskirch","twitter_misc":{"Verfasst von":"Jochen Elberskirch","Gesch\u00e4tzte Lesezeit":"2\u00a0Minuten"},"schema":{"@context":"https:\/\/schema.org","@graph":[{"@type":"WebPage","@id":"https:\/\/www.naturparkmagazin.de\/am-stettiner-haff\/generalprobe-tagestourangebot-fuert-vom-zerum-zum-naturparkzentrum\/","url":"https:\/\/www.naturparkmagazin.de\/am-stettiner-haff\/generalprobe-tagestourangebot-fuert-vom-zerum-zum-naturparkzentrum\/","name":"Generalprobe - Tagestourangebot f\u00fchrt vom ZERUM Ueckerm\u00fcnde nach Eggesin zur Naturparkstation - Naturpark Am Stettiner Haff","isPartOf":{"@id":"https:\/\/www.naturparkmagazin.de\/am-stettiner-haff\/#website"},"datePublished":"2014-04-16T09:07:10+00:00","dateModified":"2014-04-23T16:30:50+00:00","author":{"@id":"https:\/\/www.naturparkmagazin.de\/am-stettiner-haff\/#\/schema\/person\/4a7208080dbbfb024d81129b7960c725"},"breadcrumb":{"@id":"https:\/\/www.naturparkmagazin.de\/am-stettiner-haff\/generalprobe-tagestourangebot-fuert-vom-zerum-zum-naturparkzentrum\/#breadcrumb"},"inLanguage":"de","potentialAction":[{"@type":"ReadAction","target":["https:\/\/www.naturparkmagazin.de\/am-stettiner-haff\/generalprobe-tagestourangebot-fuert-vom-zerum-zum-naturparkzentrum\/"]}]},{"@type":"BreadcrumbList","@id":"https:\/\/www.naturparkmagazin.de\/am-stettiner-haff\/generalprobe-tagestourangebot-fuert-vom-zerum-zum-naturparkzentrum\/#breadcrumb","itemListElement":[{"@type":"ListItem","position":1,"name":"Home","item":"https:\/\/www.naturparkmagazin.de\/am-stettiner-haff\/"},{"@type":"ListItem","position":2,"name":"Generalprobe &#8211; Tagestourangebot f\u00fchrt vom ZERUM Ueckerm\u00fcnde nach Eggesin zur Naturparkstation"}]},{"@type":"WebSite","@id":"https:\/\/www.naturparkmagazin.de\/am-stettiner-haff\/#website","url":"https:\/\/www.naturparkmagazin.de\/am-stettiner-haff\/","name":"Naturpark Am Stettiner Haff","description":"","potentialAction":[{"@type":"SearchAction","target":{"@type":"EntryPoint","urlTemplate":"https:\/\/www.naturparkmagazin.de\/am-stettiner-haff\/?s={search_term_string}"},"query-input":"required name=search_term_string"}],"inLanguage":"de"},{"@type":"Person","@id":"https:\/\/www.naturparkmagazin.de\/am-stettiner-haff\/#\/schema\/person\/4a7208080dbbfb024d81129b7960c725","name":"Jochen Elberskirch","sameAs":["http:\/\/www.naturpark-am-stettiner-haff.de"],"url":"https:\/\/www.naturparkmagazin.de\/am-stettiner-haff\/author\/jochenelberskirch\/"}]}},"_links":{"self":[{"href":"https:\/\/www.naturparkmagazin.de\/am-stettiner-haff\/wp-json\/wp\/v2\/posts\/799"}],"collection":[{"href":"https:\/\/www.naturparkmagazin.de\/am-stettiner-haff\/wp-json\/wp\/v2\/posts"}],"about":[{"href":"https:\/\/www.naturparkmagazin.de\/am-stettiner-haff\/wp-json\/wp\/v2\/types\/post"}],"author":[{"embeddable":true,"href":"https:\/\/www.naturparkmagazin.de\/am-stettiner-haff\/wp-json\/wp\/v2\/users\/26"}],"replies":[{"embeddable":true,"href":"https:\/\/www.naturparkmagazin.de\/am-stettiner-haff\/wp-json\/wp\/v2\/comments?post=799"}],"version-history":[{"count":17,"href":"https:\/\/www.naturparkmagazin.de\/am-stettiner-haff\/wp-json\/wp\/v2\/posts\/799\/revisions"}],"predecessor-version":[{"id":862,"href":"https:\/\/www.naturparkmagazin.de\/am-stettiner-haff\/wp-json\/wp\/v2\/posts\/799\/revisions\/862"}],"wp:featuredmedia":[{"embeddable":true,"href":"https:\/\/www.naturparkmagazin.de\/am-stettiner-haff\/wp-json\/wp\/v2\/media\/807"}],"wp:attachment":[{"href":"https:\/\/www.naturparkmagazin.de\/am-stettiner-haff\/wp-json\/wp\/v2\/media?parent=799"}],"wp:term":[{"taxonomy":"category","embeddable":true,"href":"https:\/\/www.naturparkmagazin.de\/am-stettiner-haff\/wp-json\/wp\/v2\/categories?post=799"},{"taxonomy":"post_tag","embeddable":true,"href":"https:\/\/www.naturparkmagazin.de\/am-stettiner-haff\/wp-json\/wp\/v2\/tags?post=799"}],"curies":[{"name":"wp","href":"https:\/\/api.w.org\/{rel}","templated":true}]}}