{"id":804,"date":"2014-04-17T08:15:07","date_gmt":"2014-04-17T06:15:07","guid":{"rendered":"http:\/\/www.naturparkmagazin.de\/am-stettiner-haff\/?p=804"},"modified":"2014-04-23T18:29:15","modified_gmt":"2014-04-23T16:29:15","slug":"liebe-leserinnen-liebe-leser-2","status":"publish","type":"post","link":"https:\/\/www.naturparkmagazin.de\/am-stettiner-haff\/liebe-leserinnen-liebe-leser-2\/","title":{"rendered":"Liebe Leserinnen, Liebe Leser,"},"content":{"rendered":"<p>mit den ersten richtig sonnigen Tagen hat sich der Fr\u00fchling bereits von seiner besten Seite gezeigt. Licht und W\u00e4rme locken nicht nur Pflanzen und Tiere ins Freie. Auch die Vertreter der Spezies Mensch sind nun wieder verst\u00e4rkt bei Aktivit\u00e4ten im Freien zu beobachten. Und um Einheimischen und G\u00e4sten mit Rat und Tat bei der Planung dieser Aktivit\u00e4ten zur Seite stehen zu k\u00f6nnen, beginnt auch im Besucherinformationszentrum (BIZ) des Naturparks die Hauptsaison. Wir freuen uns, dass wir ab 17. Mai unsere G\u00e4ste wieder in der gesamten Woche im BIZ begr\u00fc\u00dfen k\u00f6nnen. Die aktuellen \u00d6ffnungszeiten sowie andere spannende Informationen finden Sie in dieser Ausgabe.<\/p>\n<p>Viel Spa\u00df beim Lesen w\u00fcnscht Ihnen<\/p>\n<p>Jochen Elberskirch\nLeiter des Naturparks Am Stettiner Haff<\/p>\n","protected":false},"excerpt":{"rendered":"<p>mit den ersten richtig sonnigen Tagen hat sich der Fr\u00fchling bereits von seiner besten Seite gezeigt. Licht und W\u00e4rme locken nicht nur Pflanzen und Tiere ins Freie. Auch die Vertreter der Spezies Mensch sind nun wieder verst\u00e4rkt bei Aktivit\u00e4ten im Freien zu beobachten. Und um Einheimischen und G\u00e4sten mit Rat und Tat bei der Planung<\/p>\n","protected":false},"author":26,"featured_media":0,"comment_status":"open","ping_status":"open","sticky":false,"template":"","format":"standard","meta":[],"categories":[52],"tags":[],"yoast_head":"<!-- This site is optimized with the Yoast SEO plugin v19.10 - https:\/\/yoast.com\/wordpress\/plugins\/seo\/ -->\n<title>Liebe Leserinnen, Liebe Leser, - Naturpark Am Stettiner Haff<\/title>\n<meta name=\"robots\" content=\"index, follow, max-snippet:-1, max-image-preview:large, max-video-preview:-1\" \/>\n<link rel=\"canonical\" href=\"https:\/\/www.naturparkmagazin.de\/am-stettiner-haff\/liebe-leserinnen-liebe-leser-2\/\" \/>\n<meta property=\"og:locale\" content=\"de_DE\" \/>\n<meta property=\"og:type\" content=\"article\" \/>\n<meta property=\"og:title\" content=\"Liebe Leserinnen, Liebe Leser, - Naturpark Am Stettiner Haff\" \/>\n<meta property=\"og:description\" content=\"mit den ersten richtig sonnigen Tagen hat sich der Fr\u00fchling bereits von seiner besten Seite gezeigt. Licht und W\u00e4rme locken nicht nur Pflanzen und Tiere ins Freie. Auch die Vertreter der Spezies Mensch sind nun wieder verst\u00e4rkt bei Aktivit\u00e4ten im Freien zu beobachten. Und um Einheimischen und G\u00e4sten mit Rat und Tat bei der Planung\" \/>\n<meta property=\"og:url\" content=\"https:\/\/www.naturparkmagazin.de\/am-stettiner-haff\/liebe-leserinnen-liebe-leser-2\/\" \/>\n<meta property=\"og:site_name\" content=\"Naturpark Am Stettiner Haff\" \/>\n<meta property=\"article:published_time\" content=\"2014-04-17T06:15:07+00:00\" \/>\n<meta property=\"article:modified_time\" content=\"2014-04-23T16:29:15+00:00\" \/>\n<meta name=\"author\" content=\"Jochen Elberskirch\" \/>\n<meta name=\"twitter:label1\" content=\"Verfasst von\" \/>\n\t<meta name=\"twitter:data1\" content=\"Jochen Elberskirch\" \/>\n\t<meta name=\"twitter:label2\" content=\"Gesch\u00e4tzte Lesezeit\" \/>\n\t<meta name=\"twitter:data2\" content=\"1\u00a0Minute\" \/>\n<script type=\"application\/ld+json\" class=\"yoast-schema-graph\">{\"@context\":\"https:\/\/schema.org\",\"@graph\":[{\"@type\":\"WebPage\",\"@id\":\"https:\/\/www.naturparkmagazin.de\/am-stettiner-haff\/liebe-leserinnen-liebe-leser-2\/\",\"url\":\"https:\/\/www.naturparkmagazin.de\/am-stettiner-haff\/liebe-leserinnen-liebe-leser-2\/\",\"name\":\"Liebe Leserinnen, Liebe Leser, - Naturpark Am Stettiner Haff\",\"isPartOf\":{\"@id\":\"https:\/\/www.naturparkmagazin.de\/am-stettiner-haff\/#website\"},\"datePublished\":\"2014-04-17T06:15:07+00:00\",\"dateModified\":\"2014-04-23T16:29:15+00:00\",\"author\":{\"@id\":\"https:\/\/www.naturparkmagazin.de\/am-stettiner-haff\/#\/schema\/person\/4a7208080dbbfb024d81129b7960c725\"},\"breadcrumb\":{\"@id\":\"https:\/\/www.naturparkmagazin.de\/am-stettiner-haff\/liebe-leserinnen-liebe-leser-2\/#breadcrumb\"},\"inLanguage\":\"de\",\"potentialAction\":[{\"@type\":\"ReadAction\",\"target\":[\"https:\/\/www.naturparkmagazin.de\/am-stettiner-haff\/liebe-leserinnen-liebe-leser-2\/\"]}]},{\"@type\":\"BreadcrumbList\",\"@id\":\"https:\/\/www.naturparkmagazin.de\/am-stettiner-haff\/liebe-leserinnen-liebe-leser-2\/#breadcrumb\",\"itemListElement\":[{\"@type\":\"ListItem\",\"position\":1,\"name\":\"Home\",\"item\":\"https:\/\/www.naturparkmagazin.de\/am-stettiner-haff\/\"},{\"@type\":\"ListItem\",\"position\":2,\"name\":\"Liebe Leserinnen, Liebe Leser,\"}]},{\"@type\":\"WebSite\",\"@id\":\"https:\/\/www.naturparkmagazin.de\/am-stettiner-haff\/#website\",\"url\":\"https:\/\/www.naturparkmagazin.de\/am-stettiner-haff\/\",\"name\":\"Naturpark Am Stettiner Haff\",\"description\":\"\",\"potentialAction\":[{\"@type\":\"SearchAction\",\"target\":{\"@type\":\"EntryPoint\",\"urlTemplate\":\"https:\/\/www.naturparkmagazin.de\/am-stettiner-haff\/?s={search_term_string}\"},\"query-input\":\"required name=search_term_string\"}],\"inLanguage\":\"de\"},{\"@type\":\"Person\",\"@id\":\"https:\/\/www.naturparkmagazin.de\/am-stettiner-haff\/#\/schema\/person\/4a7208080dbbfb024d81129b7960c725\",\"name\":\"Jochen Elberskirch\",\"sameAs\":[\"http:\/\/www.naturpark-am-stettiner-haff.de\"],\"url\":\"https:\/\/www.naturparkmagazin.de\/am-stettiner-haff\/author\/jochenelberskirch\/\"}]}<\/script>\n<!-- \/ Yoast SEO plugin. -->","yoast_head_json":{"title":"Liebe Leserinnen, Liebe Leser, - Naturpark Am Stettiner Haff","robots":{"index":"index","follow":"follow","max-snippet":"max-snippet:-1","max-image-preview":"max-image-preview:large","max-video-preview":"max-video-preview:-1"},"canonical":"https:\/\/www.naturparkmagazin.de\/am-stettiner-haff\/liebe-leserinnen-liebe-leser-2\/","og_locale":"de_DE","og_type":"article","og_title":"Liebe Leserinnen, Liebe Leser, - Naturpark Am Stettiner Haff","og_description":"mit den ersten richtig sonnigen Tagen hat sich der Fr\u00fchling bereits von seiner besten Seite gezeigt. Licht und W\u00e4rme locken nicht nur Pflanzen und Tiere ins Freie. Auch die Vertreter der Spezies Mensch sind nun wieder verst\u00e4rkt bei Aktivit\u00e4ten im Freien zu beobachten. Und um Einheimischen und G\u00e4sten mit Rat und Tat bei der Planung","og_url":"https:\/\/www.naturparkmagazin.de\/am-stettiner-haff\/liebe-leserinnen-liebe-leser-2\/","og_site_name":"Naturpark Am Stettiner Haff","article_published_time":"2014-04-17T06:15:07+00:00","article_modified_time":"2014-04-23T16:29:15+00:00","author":"Jochen Elberskirch","twitter_misc":{"Verfasst von":"Jochen Elberskirch","Gesch\u00e4tzte Lesezeit":"1\u00a0Minute"},"schema":{"@context":"https:\/\/schema.org","@graph":[{"@type":"WebPage","@id":"https:\/\/www.naturparkmagazin.de\/am-stettiner-haff\/liebe-leserinnen-liebe-leser-2\/","url":"https:\/\/www.naturparkmagazin.de\/am-stettiner-haff\/liebe-leserinnen-liebe-leser-2\/","name":"Liebe Leserinnen, Liebe Leser, - Naturpark Am Stettiner Haff","isPartOf":{"@id":"https:\/\/www.naturparkmagazin.de\/am-stettiner-haff\/#website"},"datePublished":"2014-04-17T06:15:07+00:00","dateModified":"2014-04-23T16:29:15+00:00","author":{"@id":"https:\/\/www.naturparkmagazin.de\/am-stettiner-haff\/#\/schema\/person\/4a7208080dbbfb024d81129b7960c725"},"breadcrumb":{"@id":"https:\/\/www.naturparkmagazin.de\/am-stettiner-haff\/liebe-leserinnen-liebe-leser-2\/#breadcrumb"},"inLanguage":"de","potentialAction":[{"@type":"ReadAction","target":["https:\/\/www.naturparkmagazin.de\/am-stettiner-haff\/liebe-leserinnen-liebe-leser-2\/"]}]},{"@type":"BreadcrumbList","@id":"https:\/\/www.naturparkmagazin.de\/am-stettiner-haff\/liebe-leserinnen-liebe-leser-2\/#breadcrumb","itemListElement":[{"@type":"ListItem","position":1,"name":"Home","item":"https:\/\/www.naturparkmagazin.de\/am-stettiner-haff\/"},{"@type":"ListItem","position":2,"name":"Liebe Leserinnen, Liebe Leser,"}]},{"@type":"WebSite","@id":"https:\/\/www.naturparkmagazin.de\/am-stettiner-haff\/#website","url":"https:\/\/www.naturparkmagazin.de\/am-stettiner-haff\/","name":"Naturpark Am Stettiner Haff","description":"","potentialAction":[{"@type":"SearchAction","target":{"@type":"EntryPoint","urlTemplate":"https:\/\/www.naturparkmagazin.de\/am-stettiner-haff\/?s={search_term_string}"},"query-input":"required name=search_term_string"}],"inLanguage":"de"},{"@type":"Person","@id":"https:\/\/www.naturparkmagazin.de\/am-stettiner-haff\/#\/schema\/person\/4a7208080dbbfb024d81129b7960c725","name":"Jochen Elberskirch","sameAs":["http:\/\/www.naturpark-am-stettiner-haff.de"],"url":"https:\/\/www.naturparkmagazin.de\/am-stettiner-haff\/author\/jochenelberskirch\/"}]}},"_links":{"self":[{"href":"https:\/\/www.naturparkmagazin.de\/am-stettiner-haff\/wp-json\/wp\/v2\/posts\/804"}],"collection":[{"href":"https:\/\/www.naturparkmagazin.de\/am-stettiner-haff\/wp-json\/wp\/v2\/posts"}],"about":[{"href":"https:\/\/www.naturparkmagazin.de\/am-stettiner-haff\/wp-json\/wp\/v2\/types\/post"}],"author":[{"embeddable":true,"href":"https:\/\/www.naturparkmagazin.de\/am-stettiner-haff\/wp-json\/wp\/v2\/users\/26"}],"replies":[{"embeddable":true,"href":"https:\/\/www.naturparkmagazin.de\/am-stettiner-haff\/wp-json\/wp\/v2\/comments?post=804"}],"version-history":[{"count":7,"href":"https:\/\/www.naturparkmagazin.de\/am-stettiner-haff\/wp-json\/wp\/v2\/posts\/804\/revisions"}],"predecessor-version":[{"id":861,"href":"https:\/\/www.naturparkmagazin.de\/am-stettiner-haff\/wp-json\/wp\/v2\/posts\/804\/revisions\/861"}],"wp:attachment":[{"href":"https:\/\/www.naturparkmagazin.de\/am-stettiner-haff\/wp-json\/wp\/v2\/media?parent=804"}],"wp:term":[{"taxonomy":"category","embeddable":true,"href":"https:\/\/www.naturparkmagazin.de\/am-stettiner-haff\/wp-json\/wp\/v2\/categories?post=804"},{"taxonomy":"post_tag","embeddable":true,"href":"https:\/\/www.naturparkmagazin.de\/am-stettiner-haff\/wp-json\/wp\/v2\/tags?post=804"}],"curies":[{"name":"wp","href":"https:\/\/api.w.org\/{rel}","templated":true}]}}