{"id":866,"date":"2014-05-20T09:38:28","date_gmt":"2014-05-20T07:38:28","guid":{"rendered":"http:\/\/www.naturparkmagazin.de\/am-stettiner-haff\/?p=866"},"modified":"2014-05-21T16:51:44","modified_gmt":"2014-05-21T14:51:44","slug":"4-juni-2014-naturpark-stammtisch-diesmal-im-gruenen","status":"publish","type":"post","link":"https:\/\/www.naturparkmagazin.de\/am-stettiner-haff\/4-juni-2014-naturpark-stammtisch-diesmal-im-gruenen\/","title":{"rendered":"4. Juni 2014 &#8211; Naturpark-Stammtisch \u2013 diesmal im Gr\u00fcnen"},"content":{"rendered":"<p><span style=\"color: #000000;font-family: Arial;font-size: medium\">Am ersten Mittwoch im Juni (4.6.2014) findet der letzte Naturpark-Stammtisch vor der Sommerpause statt. Stammg\u00e4ste wissen, das an diesem Stammtisch traditionell gegrillt wird. Was sie aber nicht wissen ist, dass der Stammtisch diesmal nicht in Eggesin sattfindet. <\/span><span style=\"color: #000000;font-family: Arial;font-size: medium\">Auf Vorschlag des noch jungen Vereins \u201eKulturlandschaft Pampow-Blankensee\u201c wird der Stammtisch diesmal ins Gr\u00fcne verlagert. <\/span><\/p>\n<div id=\"attachment_867\" style=\"width: 630px\" class=\"wp-caption aligncenter\"><a href=\"https:\/\/www.naturparkmagazin.de\/am-stettiner-haff\/wp-content\/uploads\/sites\/29\/Zaubermondhof.jpg\"><img aria-describedby=\"caption-attachment-867\" decoding=\"async\" loading=\"lazy\" class=\"size-medium wp-image-867\" alt=\"Zaubermondhof Blankensee (Foto:Jens Kalanke)\" src=\"https:\/\/www.naturparkmagazin.de\/am-stettiner-haff\/wp-content\/uploads\/sites\/29\/Zaubermondhof-620x465.jpg\" width=\"620\" height=\"465\" srcset=\"https:\/\/www.naturparkmagazin.de\/am-stettiner-haff\/wp-content\/uploads\/sites\/29\/Zaubermondhof-620x465.jpg 620w, https:\/\/www.naturparkmagazin.de\/am-stettiner-haff\/wp-content\/uploads\/sites\/29\/Zaubermondhof-300x225.jpg 300w, https:\/\/www.naturparkmagazin.de\/am-stettiner-haff\/wp-content\/uploads\/sites\/29\/Zaubermondhof-940x705.jpg 940w, https:\/\/www.naturparkmagazin.de\/am-stettiner-haff\/wp-content\/uploads\/sites\/29\/Zaubermondhof-580x435.jpg 580w, https:\/\/www.naturparkmagazin.de\/am-stettiner-haff\/wp-content\/uploads\/sites\/29\/Zaubermondhof-420x315.jpg 420w, https:\/\/www.naturparkmagazin.de\/am-stettiner-haff\/wp-content\/uploads\/sites\/29\/Zaubermondhof-180x135.jpg 180w, https:\/\/www.naturparkmagazin.de\/am-stettiner-haff\/wp-content\/uploads\/sites\/29\/Zaubermondhof-95x71.jpg 95w, https:\/\/www.naturparkmagazin.de\/am-stettiner-haff\/wp-content\/uploads\/sites\/29\/Zaubermondhof-670x503.jpg 670w, https:\/\/www.naturparkmagazin.de\/am-stettiner-haff\/wp-content\/uploads\/sites\/29\/Zaubermondhof-200x150.jpg 200w, https:\/\/www.naturparkmagazin.de\/am-stettiner-haff\/wp-content\/uploads\/sites\/29\/Zaubermondhof.jpg 1280w\" sizes=\"(max-width: 620px) 100vw, 620px\" \/><\/a><p id=\"caption-attachment-867\" class=\"wp-caption-text\">Zaubermondhof Blankensee (Foto:Jens Kalanke)<\/p><\/div>\n<div id=\"attachment_868\" style=\"width: 778px\" class=\"wp-caption aligncenter\"><a href=\"https:\/\/www.naturparkmagazin.de\/am-stettiner-haff\/wp-content\/uploads\/sites\/29\/Zaubermondhof1.jpg\"><img aria-describedby=\"caption-attachment-868\" decoding=\"async\" loading=\"lazy\" class=\" wp-image-868\" title=\"Zaubermondhof (Foto: Jens Kalanke)\" alt=\"Zaubermondhof (Foto: Jens Kalanke)\" src=\"https:\/\/www.naturparkmagazin.de\/am-stettiner-haff\/wp-content\/uploads\/sites\/29\/Zaubermondhof1.jpg\" width=\"768\" height=\"576\" srcset=\"https:\/\/www.naturparkmagazin.de\/am-stettiner-haff\/wp-content\/uploads\/sites\/29\/Zaubermondhof1.jpg 1280w, https:\/\/www.naturparkmagazin.de\/am-stettiner-haff\/wp-content\/uploads\/sites\/29\/Zaubermondhof1-300x225.jpg 300w, https:\/\/www.naturparkmagazin.de\/am-stettiner-haff\/wp-content\/uploads\/sites\/29\/Zaubermondhof1-620x465.jpg 620w, https:\/\/www.naturparkmagazin.de\/am-stettiner-haff\/wp-content\/uploads\/sites\/29\/Zaubermondhof1-940x705.jpg 940w, https:\/\/www.naturparkmagazin.de\/am-stettiner-haff\/wp-content\/uploads\/sites\/29\/Zaubermondhof1-580x435.jpg 580w, https:\/\/www.naturparkmagazin.de\/am-stettiner-haff\/wp-content\/uploads\/sites\/29\/Zaubermondhof1-420x315.jpg 420w, https:\/\/www.naturparkmagazin.de\/am-stettiner-haff\/wp-content\/uploads\/sites\/29\/Zaubermondhof1-180x135.jpg 180w, https:\/\/www.naturparkmagazin.de\/am-stettiner-haff\/wp-content\/uploads\/sites\/29\/Zaubermondhof1-95x71.jpg 95w, https:\/\/www.naturparkmagazin.de\/am-stettiner-haff\/wp-content\/uploads\/sites\/29\/Zaubermondhof1-670x503.jpg 670w, https:\/\/www.naturparkmagazin.de\/am-stettiner-haff\/wp-content\/uploads\/sites\/29\/Zaubermondhof1-200x150.jpg 200w\" sizes=\"(max-width: 768px) 100vw, 768px\" \/><\/a><p id=\"caption-attachment-868\" class=\"wp-caption-text\">Zaubermondhof (Foto: Jens Kalanke)<\/p><\/div>\n<p><span style=\"color: #000000;font-family: Arial;font-size: medium\">Vereinsmitglied Jens Kalanke hat alle Naturparkfreunde und alle Interessierten zu sich auf den Zaubermondhof in Blankensee eingeladen.Nat\u00fcrlich werden auch dort Grills zur Verf\u00fcgung stehen, auf denen jeder sein mitgebrachtes Grillgut garen kann.\u00a0Bei gutem Essen und Trinken freuen sich die Mitglieder des gastgebenden Vereins, die Mitstreiter des Naturparkf\u00f6rdervereins und der Naturparkverwaltung auf anregende Gespr\u00e4che. Jochen Elberskirch, Leiter des Naturparks \u201eAm Stettiner Haff\u201c ist zuversichtlich, dass sich im Verlauf der Gespr\u00e4che auch noch die einen oder anderen Vorbehalte bzw. Missverst\u00e4ndisse hinsichtlich der Inhalte und Aufgeben des Naturparks ausr\u00e4umen lassen. Los geht es ab 18:00 Uhr.<\/span><\/p>\n","protected":false},"excerpt":{"rendered":"<p>Am ersten Mittwoch im Juni, dem 4.06.2014 findet der letzte Naturpark-Stammtisch vor der Sommerpause statt. Stammg\u00e4ste wissen, das an diesem Stammtisch traditionell gegrillt wird. Was sie aber nicht wissen ist, dass der Stammtisch diesmal nicht in Eggesin stattfindet.<\/p>\n","protected":false},"author":26,"featured_media":867,"comment_status":"open","ping_status":"open","sticky":false,"template":"","format":"standard","meta":[],"categories":[11],"tags":[],"yoast_head":"<!-- This site is optimized with the Yoast SEO plugin v19.10 - https:\/\/yoast.com\/wordpress\/plugins\/seo\/ -->\n<title>4. Juni 2014 - Naturpark-Stammtisch \u2013 diesmal im Gr\u00fcnen - Naturpark Am Stettiner Haff<\/title>\n<meta name=\"robots\" content=\"index, follow, max-snippet:-1, max-image-preview:large, max-video-preview:-1\" \/>\n<link rel=\"canonical\" href=\"https:\/\/www.naturparkmagazin.de\/am-stettiner-haff\/4-juni-2014-naturpark-stammtisch-diesmal-im-gruenen\/\" \/>\n<meta property=\"og:locale\" content=\"de_DE\" \/>\n<meta property=\"og:type\" content=\"article\" \/>\n<meta property=\"og:title\" content=\"4. Juni 2014 - Naturpark-Stammtisch \u2013 diesmal im Gr\u00fcnen - Naturpark Am Stettiner Haff\" \/>\n<meta property=\"og:description\" content=\"Am ersten Mittwoch im Juni, dem 4.06.2014 findet der letzte Naturpark-Stammtisch vor der Sommerpause statt. Stammg\u00e4ste wissen, das an diesem Stammtisch traditionell gegrillt wird. Was sie aber nicht wissen ist, dass der Stammtisch diesmal nicht in Eggesin stattfindet.\" \/>\n<meta property=\"og:url\" content=\"https:\/\/www.naturparkmagazin.de\/am-stettiner-haff\/4-juni-2014-naturpark-stammtisch-diesmal-im-gruenen\/\" \/>\n<meta property=\"og:site_name\" content=\"Naturpark Am Stettiner Haff\" \/>\n<meta property=\"article:published_time\" content=\"2014-05-20T07:38:28+00:00\" \/>\n<meta property=\"article:modified_time\" content=\"2014-05-21T14:51:44+00:00\" \/>\n<meta property=\"og:image\" content=\"https:\/\/www.naturparkmagazin.de\/am-stettiner-haff\/wp-content\/uploads\/sites\/29\/Zaubermondhof.jpg\" \/>\n\t<meta property=\"og:image:width\" content=\"1280\" \/>\n\t<meta property=\"og:image:height\" content=\"960\" \/>\n\t<meta property=\"og:image:type\" content=\"image\/jpeg\" \/>\n<meta name=\"author\" content=\"Jochen Elberskirch\" \/>\n<meta name=\"twitter:label1\" content=\"Verfasst von\" \/>\n\t<meta name=\"twitter:data1\" content=\"Jochen Elberskirch\" \/>\n\t<meta name=\"twitter:label2\" content=\"Gesch\u00e4tzte Lesezeit\" \/>\n\t<meta name=\"twitter:data2\" content=\"1\u00a0Minute\" \/>\n<script type=\"application\/ld+json\" class=\"yoast-schema-graph\">{\"@context\":\"https:\/\/schema.org\",\"@graph\":[{\"@type\":\"WebPage\",\"@id\":\"https:\/\/www.naturparkmagazin.de\/am-stettiner-haff\/4-juni-2014-naturpark-stammtisch-diesmal-im-gruenen\/\",\"url\":\"https:\/\/www.naturparkmagazin.de\/am-stettiner-haff\/4-juni-2014-naturpark-stammtisch-diesmal-im-gruenen\/\",\"name\":\"4. Juni 2014 - Naturpark-Stammtisch \u2013 diesmal im Gr\u00fcnen - Naturpark Am Stettiner Haff\",\"isPartOf\":{\"@id\":\"https:\/\/www.naturparkmagazin.de\/am-stettiner-haff\/#website\"},\"datePublished\":\"2014-05-20T07:38:28+00:00\",\"dateModified\":\"2014-05-21T14:51:44+00:00\",\"author\":{\"@id\":\"https:\/\/www.naturparkmagazin.de\/am-stettiner-haff\/#\/schema\/person\/4a7208080dbbfb024d81129b7960c725\"},\"breadcrumb\":{\"@id\":\"https:\/\/www.naturparkmagazin.de\/am-stettiner-haff\/4-juni-2014-naturpark-stammtisch-diesmal-im-gruenen\/#breadcrumb\"},\"inLanguage\":\"de\",\"potentialAction\":[{\"@type\":\"ReadAction\",\"target\":[\"https:\/\/www.naturparkmagazin.de\/am-stettiner-haff\/4-juni-2014-naturpark-stammtisch-diesmal-im-gruenen\/\"]}]},{\"@type\":\"BreadcrumbList\",\"@id\":\"https:\/\/www.naturparkmagazin.de\/am-stettiner-haff\/4-juni-2014-naturpark-stammtisch-diesmal-im-gruenen\/#breadcrumb\",\"itemListElement\":[{\"@type\":\"ListItem\",\"position\":1,\"name\":\"Home\",\"item\":\"https:\/\/www.naturparkmagazin.de\/am-stettiner-haff\/\"},{\"@type\":\"ListItem\",\"position\":2,\"name\":\"4. Juni 2014 &#8211; Naturpark-Stammtisch \u2013 diesmal im Gr\u00fcnen\"}]},{\"@type\":\"WebSite\",\"@id\":\"https:\/\/www.naturparkmagazin.de\/am-stettiner-haff\/#website\",\"url\":\"https:\/\/www.naturparkmagazin.de\/am-stettiner-haff\/\",\"name\":\"Naturpark Am Stettiner Haff\",\"description\":\"\",\"potentialAction\":[{\"@type\":\"SearchAction\",\"target\":{\"@type\":\"EntryPoint\",\"urlTemplate\":\"https:\/\/www.naturparkmagazin.de\/am-stettiner-haff\/?s={search_term_string}\"},\"query-input\":\"required name=search_term_string\"}],\"inLanguage\":\"de\"},{\"@type\":\"Person\",\"@id\":\"https:\/\/www.naturparkmagazin.de\/am-stettiner-haff\/#\/schema\/person\/4a7208080dbbfb024d81129b7960c725\",\"name\":\"Jochen Elberskirch\",\"sameAs\":[\"http:\/\/www.naturpark-am-stettiner-haff.de\"],\"url\":\"https:\/\/www.naturparkmagazin.de\/am-stettiner-haff\/author\/jochenelberskirch\/\"}]}<\/script>\n<!-- \/ Yoast SEO plugin. -->","yoast_head_json":{"title":"4. Juni 2014 - Naturpark-Stammtisch \u2013 diesmal im Gr\u00fcnen - Naturpark Am Stettiner Haff","robots":{"index":"index","follow":"follow","max-snippet":"max-snippet:-1","max-image-preview":"max-image-preview:large","max-video-preview":"max-video-preview:-1"},"canonical":"https:\/\/www.naturparkmagazin.de\/am-stettiner-haff\/4-juni-2014-naturpark-stammtisch-diesmal-im-gruenen\/","og_locale":"de_DE","og_type":"article","og_title":"4. Juni 2014 - Naturpark-Stammtisch \u2013 diesmal im Gr\u00fcnen - Naturpark Am Stettiner Haff","og_description":"Am ersten Mittwoch im Juni, dem 4.06.2014 findet der letzte Naturpark-Stammtisch vor der Sommerpause statt. Stammg\u00e4ste wissen, das an diesem Stammtisch traditionell gegrillt wird. Was sie aber nicht wissen ist, dass der Stammtisch diesmal nicht in Eggesin stattfindet.","og_url":"https:\/\/www.naturparkmagazin.de\/am-stettiner-haff\/4-juni-2014-naturpark-stammtisch-diesmal-im-gruenen\/","og_site_name":"Naturpark Am Stettiner Haff","article_published_time":"2014-05-20T07:38:28+00:00","article_modified_time":"2014-05-21T14:51:44+00:00","og_image":[{"width":1280,"height":960,"url":"https:\/\/www.naturparkmagazin.de\/am-stettiner-haff\/wp-content\/uploads\/sites\/29\/Zaubermondhof.jpg","type":"image\/jpeg"}],"author":"Jochen Elberskirch","twitter_misc":{"Verfasst von":"Jochen Elberskirch","Gesch\u00e4tzte Lesezeit":"1\u00a0Minute"},"schema":{"@context":"https:\/\/schema.org","@graph":[{"@type":"WebPage","@id":"https:\/\/www.naturparkmagazin.de\/am-stettiner-haff\/4-juni-2014-naturpark-stammtisch-diesmal-im-gruenen\/","url":"https:\/\/www.naturparkmagazin.de\/am-stettiner-haff\/4-juni-2014-naturpark-stammtisch-diesmal-im-gruenen\/","name":"4. Juni 2014 - Naturpark-Stammtisch \u2013 diesmal im Gr\u00fcnen - Naturpark Am Stettiner Haff","isPartOf":{"@id":"https:\/\/www.naturparkmagazin.de\/am-stettiner-haff\/#website"},"datePublished":"2014-05-20T07:38:28+00:00","dateModified":"2014-05-21T14:51:44+00:00","author":{"@id":"https:\/\/www.naturparkmagazin.de\/am-stettiner-haff\/#\/schema\/person\/4a7208080dbbfb024d81129b7960c725"},"breadcrumb":{"@id":"https:\/\/www.naturparkmagazin.de\/am-stettiner-haff\/4-juni-2014-naturpark-stammtisch-diesmal-im-gruenen\/#breadcrumb"},"inLanguage":"de","potentialAction":[{"@type":"ReadAction","target":["https:\/\/www.naturparkmagazin.de\/am-stettiner-haff\/4-juni-2014-naturpark-stammtisch-diesmal-im-gruenen\/"]}]},{"@type":"BreadcrumbList","@id":"https:\/\/www.naturparkmagazin.de\/am-stettiner-haff\/4-juni-2014-naturpark-stammtisch-diesmal-im-gruenen\/#breadcrumb","itemListElement":[{"@type":"ListItem","position":1,"name":"Home","item":"https:\/\/www.naturparkmagazin.de\/am-stettiner-haff\/"},{"@type":"ListItem","position":2,"name":"4. Juni 2014 &#8211; Naturpark-Stammtisch \u2013 diesmal im Gr\u00fcnen"}]},{"@type":"WebSite","@id":"https:\/\/www.naturparkmagazin.de\/am-stettiner-haff\/#website","url":"https:\/\/www.naturparkmagazin.de\/am-stettiner-haff\/","name":"Naturpark Am Stettiner Haff","description":"","potentialAction":[{"@type":"SearchAction","target":{"@type":"EntryPoint","urlTemplate":"https:\/\/www.naturparkmagazin.de\/am-stettiner-haff\/?s={search_term_string}"},"query-input":"required name=search_term_string"}],"inLanguage":"de"},{"@type":"Person","@id":"https:\/\/www.naturparkmagazin.de\/am-stettiner-haff\/#\/schema\/person\/4a7208080dbbfb024d81129b7960c725","name":"Jochen Elberskirch","sameAs":["http:\/\/www.naturpark-am-stettiner-haff.de"],"url":"https:\/\/www.naturparkmagazin.de\/am-stettiner-haff\/author\/jochenelberskirch\/"}]}},"_links":{"self":[{"href":"https:\/\/www.naturparkmagazin.de\/am-stettiner-haff\/wp-json\/wp\/v2\/posts\/866"}],"collection":[{"href":"https:\/\/www.naturparkmagazin.de\/am-stettiner-haff\/wp-json\/wp\/v2\/posts"}],"about":[{"href":"https:\/\/www.naturparkmagazin.de\/am-stettiner-haff\/wp-json\/wp\/v2\/types\/post"}],"author":[{"embeddable":true,"href":"https:\/\/www.naturparkmagazin.de\/am-stettiner-haff\/wp-json\/wp\/v2\/users\/26"}],"replies":[{"embeddable":true,"href":"https:\/\/www.naturparkmagazin.de\/am-stettiner-haff\/wp-json\/wp\/v2\/comments?post=866"}],"version-history":[{"count":4,"href":"https:\/\/www.naturparkmagazin.de\/am-stettiner-haff\/wp-json\/wp\/v2\/posts\/866\/revisions"}],"predecessor-version":[{"id":891,"href":"https:\/\/www.naturparkmagazin.de\/am-stettiner-haff\/wp-json\/wp\/v2\/posts\/866\/revisions\/891"}],"wp:featuredmedia":[{"embeddable":true,"href":"https:\/\/www.naturparkmagazin.de\/am-stettiner-haff\/wp-json\/wp\/v2\/media\/867"}],"wp:attachment":[{"href":"https:\/\/www.naturparkmagazin.de\/am-stettiner-haff\/wp-json\/wp\/v2\/media?parent=866"}],"wp:term":[{"taxonomy":"category","embeddable":true,"href":"https:\/\/www.naturparkmagazin.de\/am-stettiner-haff\/wp-json\/wp\/v2\/categories?post=866"},{"taxonomy":"post_tag","embeddable":true,"href":"https:\/\/www.naturparkmagazin.de\/am-stettiner-haff\/wp-json\/wp\/v2\/tags?post=866"}],"curies":[{"name":"wp","href":"https:\/\/api.w.org\/{rel}","templated":true}]}}