{"id":896,"date":"2014-06-17T10:21:57","date_gmt":"2014-06-17T08:21:57","guid":{"rendered":"http:\/\/www.naturparkmagazin.de\/am-stettiner-haff\/?p=896"},"modified":"2014-06-25T11:03:33","modified_gmt":"2014-06-25T09:03:33","slug":"geo-tag-der-artenvielfalt-mit-der-kleinen-grundschule-mewegen","status":"publish","type":"post","link":"https:\/\/www.naturparkmagazin.de\/am-stettiner-haff\/geo-tag-der-artenvielfalt-mit-der-kleinen-grundschule-mewegen\/","title":{"rendered":"GEO-Tag der Artenvielfalt mit der kleinen Grundschule Mewegen"},"content":{"rendered":"<p style=\"text-align: justify\"><span style=\"color: #000000;font-family: Arial;font-size: medium\">Die Sch\u00fclerinnen und Sch\u00fcler der kleinen Grundschule Mewegen, machten sich am 13. Juni 2014 mit dem Team des Naturparks auf den Weg, um die Artenvielfalt vor der eigenen Haust\u00fcr unter die Lupe zunehmen. Nach einem kurzen Fu\u00dfmarsch ins Gel\u00e4nde galt es klassenweise verschiedene Lebensr\u00e4ume zu untersuchen. So erforschten die Kinder u. a. den Lebensraum Gew\u00e4sser. Mit Keschern fingen sie zahlreiche Lebewesen, die sie im Nachgang mit Hilfe von Lupen aller Art genauer betrachteten. Mit den vorhandenen Bestimmungshilfen gelang es den Kindern, f\u00fcr fast alle gefangenen Tiere einen entsprechenden Artennamen zu ermitteln.\u00a0Selbstverst\u00e4ndlich\u00a0wurden alle Individuen nach ihrer Bestimmung wieder in die Freiheit entlassen.\u00a0<\/span><\/p>\n<p style=\"text-align: justify\"><span style=\"color: #000000;font-family: Arial;font-size: medium\">An einer Waldwiese galt das Hauptaugenmerk der M\u00e4dchen und Jungen den Bl\u00fctenpflanzen und tierischen Lebewesen. Der ungebremste Forscherdrang der 3. Klasse brachte selbst f\u00fcr den Leiter des Naturparks noch \u00dcberraschungen mit sich. So fanden die kleinen Forscher eine Art des Hohlzahns, die auch dieser bislang nur aus B\u00fcchern kannte \u2013 den bunten Hohlzahn (Galeopsis speciosa). <\/span><\/p>\n<div id=\"attachment_899\" style=\"width: 435px\" class=\"wp-caption aligncenter\"><a href=\"https:\/\/www.naturparkmagazin.de\/am-stettiner-haff\/wp-content\/uploads\/sites\/29\/GaleopsisSpeciosa_Web.jpg\"><img aria-describedby=\"caption-attachment-899\" decoding=\"async\" loading=\"lazy\" class=\"size-full wp-image-899 \" title=\"Bunter Hohlzahn - Galeopsis speciosa_\" alt=\"Web\" src=\"https:\/\/www.naturparkmagazin.de\/am-stettiner-haff\/wp-content\/uploads\/sites\/29\/GaleopsisSpeciosa_Web.jpg\" width=\"425\" height=\"640\" srcset=\"https:\/\/www.naturparkmagazin.de\/am-stettiner-haff\/wp-content\/uploads\/sites\/29\/GaleopsisSpeciosa_Web.jpg 425w, https:\/\/www.naturparkmagazin.de\/am-stettiner-haff\/wp-content\/uploads\/sites\/29\/GaleopsisSpeciosa_Web-300x452.jpg 300w, https:\/\/www.naturparkmagazin.de\/am-stettiner-haff\/wp-content\/uploads\/sites\/29\/GaleopsisSpeciosa_Web-200x301.jpg 200w\" sizes=\"(max-width: 425px) 100vw, 425px\" \/><\/a><p id=\"caption-attachment-899\" class=\"wp-caption-text\">Bunter Hohlzahn (Foto: Christian Fischer)<\/p><\/div>\n<p style=\"text-align: justify\"><span style=\"color: #000000;font-family: Arial;font-size: medium\">Zugebener Ma\u00dfen w\u00e4chst dieser nicht auf einer Waldwiese, aber die M\u00e4dchen und Jungen lie\u00dfen es sich nicht nehmen auch in den angrenzenden Waldr\u00e4ndern nach bl\u00fchenden Pflanzen Ausschau zu halten.<\/span><\/p>\n<div id=\"attachment_900\" style=\"width: 630px\" class=\"wp-caption aligncenter\"><a href=\"https:\/\/www.naturparkmagazin.de\/am-stettiner-haff\/wp-content\/uploads\/sites\/29\/Garten_Laubkaefer.jpg\"><img aria-describedby=\"caption-attachment-900\" decoding=\"async\" loading=\"lazy\" class=\"size-medium wp-image-900\" alt=\"Garten Laubk\u00e4fer (Foto: Naturpark)\" src=\"https:\/\/www.naturparkmagazin.de\/am-stettiner-haff\/wp-content\/uploads\/sites\/29\/Garten_Laubkaefer-620x380.jpg\" width=\"620\" height=\"380\" \/><\/a><p id=\"caption-attachment-900\" class=\"wp-caption-text\">Garten Laubk\u00e4fer (Foto: Naturpark)<\/p><\/div>\n<p>&nbsp;<\/p>\n<div id=\"attachment_898\" style=\"width: 630px\" class=\"wp-caption aligncenter\"><a href=\"https:\/\/www.naturparkmagazin.de\/am-stettiner-haff\/wp-content\/uploads\/sites\/29\/Brauner_B\u00e4r.jpg\"><img aria-describedby=\"caption-attachment-898\" decoding=\"async\" loading=\"lazy\" class=\"size-medium wp-image-898\" alt=\"Raupe des Braunen B\u00e4r (Foto: Naturpark)\" src=\"https:\/\/www.naturparkmagazin.de\/am-stettiner-haff\/wp-content\/uploads\/sites\/29\/Brauner_B\u00e4r-620x348.jpg\" width=\"620\" height=\"348\" \/><\/a><p id=\"caption-attachment-898\" class=\"wp-caption-text\">Raupe des Braunen B\u00e4r (Foto: Naturpark)<\/p><\/div>\n<p>&nbsp;<\/p>\n<div id=\"attachment_897\" style=\"width: 630px\" class=\"wp-caption aligncenter\"><a href=\"https:\/\/www.naturparkmagazin.de\/am-stettiner-haff\/wp-content\/uploads\/sites\/29\/Bernsteinschnecke.jpg\"><img aria-describedby=\"caption-attachment-897\" decoding=\"async\" loading=\"lazy\" class=\"size-medium wp-image-897\" alt=\"Bernsteinschnecke (Foto: Naturpark)\" src=\"https:\/\/www.naturparkmagazin.de\/am-stettiner-haff\/wp-content\/uploads\/sites\/29\/Bernsteinschnecke-620x348.jpg\" width=\"620\" height=\"348\" \/><\/a><p id=\"caption-attachment-897\" class=\"wp-caption-text\">Bernsteinschnecke (Foto: Naturpark)<\/p><\/div>\n<p style=\"text-align: justify\"><span style=\"color: #000000;font-family: Arial;font-size: medium\">Dar\u00fcber hinaus besch\u00e4ftigten sich die Sch\u00fcler im Wald mit den dort lebenden Tieren und Pflanzen. An der vierten Station ging es schlie\u00dflich darum eines der letzten landschaftspr\u00e4genden Ereignisse\u00a0 \u2013 die Eiszeit &#8211; spielerisch kennenzulernen. <\/span><\/p>\n<p style=\"text-align: justify\"><span style=\"color: #000000;font-family: Arial;font-size: medium\">Alle Klassen hatten sichtlich Spa\u00df beim Erforschen ihrer Heimat und wollen sich auch im n\u00e4chsten Jahr wieder am GEO-Tag der Artenvielfalt beteiligen. Aber bis dahin wird es mit Sicherheit noch den einen oder anderen Projekttag mit dem Team des Naturparks geben, sind sich der Schulleiter Jens Anker und der Leiter des Naturparks, Jochen Elberskirch, einig.<\/span><\/p>\n<p style=\"text-align: justify\">\n<p style=\"text-align: justify\">\n","protected":false},"excerpt":{"rendered":"<p>Alle Sch\u00fcler der kleinen Grundschule Mewegen machten sich anl\u00e4sslich des GEO-Tages der Artenvielfalt auf Weg um die Tier- und Pflanzenwelt vor der eigenen Haust\u00fcr zu erforschen.<\/p>\n","protected":false},"author":26,"featured_media":900,"comment_status":"open","ping_status":"open","sticky":false,"template":"","format":"standard","meta":[],"categories":[7],"tags":[],"yoast_head":"<!-- This site is optimized with the Yoast SEO plugin v19.10 - https:\/\/yoast.com\/wordpress\/plugins\/seo\/ -->\n<title>GEO-Tag der Artenvielfalt mit der kleinen Grundschule Mewegen - Naturpark Am Stettiner Haff<\/title>\n<meta name=\"robots\" content=\"index, follow, max-snippet:-1, max-image-preview:large, max-video-preview:-1\" \/>\n<link rel=\"canonical\" href=\"https:\/\/www.naturparkmagazin.de\/am-stettiner-haff\/geo-tag-der-artenvielfalt-mit-der-kleinen-grundschule-mewegen\/\" \/>\n<meta property=\"og:locale\" content=\"de_DE\" \/>\n<meta property=\"og:type\" content=\"article\" \/>\n<meta property=\"og:title\" content=\"GEO-Tag der Artenvielfalt mit der kleinen Grundschule Mewegen - Naturpark Am Stettiner Haff\" \/>\n<meta property=\"og:description\" content=\"Alle Sch\u00fcler der kleinen Grundschule Mewegen machten sich anl\u00e4sslich des GEO-Tages der Artenvielfalt auf Weg um die Tier- und Pflanzenwelt vor der eigenen Haust\u00fcr zu erforschen.\" \/>\n<meta property=\"og:url\" content=\"https:\/\/www.naturparkmagazin.de\/am-stettiner-haff\/geo-tag-der-artenvielfalt-mit-der-kleinen-grundschule-mewegen\/\" \/>\n<meta property=\"og:site_name\" content=\"Naturpark Am Stettiner Haff\" \/>\n<meta property=\"article:published_time\" content=\"2014-06-17T08:21:57+00:00\" \/>\n<meta property=\"article:modified_time\" content=\"2014-06-25T09:03:33+00:00\" \/>\n<meta property=\"og:image\" content=\"https:\/\/www.naturparkmagazin.de\/am-stettiner-haff\/wp-content\/uploads\/sites\/29\/Garten_Laubkaefer.jpg\" \/>\n\t<meta property=\"og:image:width\" content=\"640\" \/>\n\t<meta property=\"og:image:height\" content=\"393\" \/>\n\t<meta property=\"og:image:type\" content=\"image\/jpeg\" \/>\n<meta name=\"author\" content=\"Jochen Elberskirch\" \/>\n<meta name=\"twitter:label1\" content=\"Verfasst von\" \/>\n\t<meta name=\"twitter:data1\" content=\"Jochen Elberskirch\" \/>\n\t<meta name=\"twitter:label2\" content=\"Gesch\u00e4tzte Lesezeit\" \/>\n\t<meta name=\"twitter:data2\" content=\"2\u00a0Minuten\" \/>\n<script type=\"application\/ld+json\" class=\"yoast-schema-graph\">{\"@context\":\"https:\/\/schema.org\",\"@graph\":[{\"@type\":\"WebPage\",\"@id\":\"https:\/\/www.naturparkmagazin.de\/am-stettiner-haff\/geo-tag-der-artenvielfalt-mit-der-kleinen-grundschule-mewegen\/\",\"url\":\"https:\/\/www.naturparkmagazin.de\/am-stettiner-haff\/geo-tag-der-artenvielfalt-mit-der-kleinen-grundschule-mewegen\/\",\"name\":\"GEO-Tag der Artenvielfalt mit der kleinen Grundschule Mewegen - Naturpark Am Stettiner Haff\",\"isPartOf\":{\"@id\":\"https:\/\/www.naturparkmagazin.de\/am-stettiner-haff\/#website\"},\"datePublished\":\"2014-06-17T08:21:57+00:00\",\"dateModified\":\"2014-06-25T09:03:33+00:00\",\"author\":{\"@id\":\"https:\/\/www.naturparkmagazin.de\/am-stettiner-haff\/#\/schema\/person\/4a7208080dbbfb024d81129b7960c725\"},\"breadcrumb\":{\"@id\":\"https:\/\/www.naturparkmagazin.de\/am-stettiner-haff\/geo-tag-der-artenvielfalt-mit-der-kleinen-grundschule-mewegen\/#breadcrumb\"},\"inLanguage\":\"de\",\"potentialAction\":[{\"@type\":\"ReadAction\",\"target\":[\"https:\/\/www.naturparkmagazin.de\/am-stettiner-haff\/geo-tag-der-artenvielfalt-mit-der-kleinen-grundschule-mewegen\/\"]}]},{\"@type\":\"BreadcrumbList\",\"@id\":\"https:\/\/www.naturparkmagazin.de\/am-stettiner-haff\/geo-tag-der-artenvielfalt-mit-der-kleinen-grundschule-mewegen\/#breadcrumb\",\"itemListElement\":[{\"@type\":\"ListItem\",\"position\":1,\"name\":\"Home\",\"item\":\"https:\/\/www.naturparkmagazin.de\/am-stettiner-haff\/\"},{\"@type\":\"ListItem\",\"position\":2,\"name\":\"GEO-Tag der Artenvielfalt mit der kleinen Grundschule Mewegen\"}]},{\"@type\":\"WebSite\",\"@id\":\"https:\/\/www.naturparkmagazin.de\/am-stettiner-haff\/#website\",\"url\":\"https:\/\/www.naturparkmagazin.de\/am-stettiner-haff\/\",\"name\":\"Naturpark Am Stettiner Haff\",\"description\":\"\",\"potentialAction\":[{\"@type\":\"SearchAction\",\"target\":{\"@type\":\"EntryPoint\",\"urlTemplate\":\"https:\/\/www.naturparkmagazin.de\/am-stettiner-haff\/?s={search_term_string}\"},\"query-input\":\"required name=search_term_string\"}],\"inLanguage\":\"de\"},{\"@type\":\"Person\",\"@id\":\"https:\/\/www.naturparkmagazin.de\/am-stettiner-haff\/#\/schema\/person\/4a7208080dbbfb024d81129b7960c725\",\"name\":\"Jochen Elberskirch\",\"sameAs\":[\"http:\/\/www.naturpark-am-stettiner-haff.de\"],\"url\":\"https:\/\/www.naturparkmagazin.de\/am-stettiner-haff\/author\/jochenelberskirch\/\"}]}<\/script>\n<!-- \/ Yoast SEO plugin. -->","yoast_head_json":{"title":"GEO-Tag der Artenvielfalt mit der kleinen Grundschule Mewegen - Naturpark Am Stettiner Haff","robots":{"index":"index","follow":"follow","max-snippet":"max-snippet:-1","max-image-preview":"max-image-preview:large","max-video-preview":"max-video-preview:-1"},"canonical":"https:\/\/www.naturparkmagazin.de\/am-stettiner-haff\/geo-tag-der-artenvielfalt-mit-der-kleinen-grundschule-mewegen\/","og_locale":"de_DE","og_type":"article","og_title":"GEO-Tag der Artenvielfalt mit der kleinen Grundschule Mewegen - Naturpark Am Stettiner Haff","og_description":"Alle Sch\u00fcler der kleinen Grundschule Mewegen machten sich anl\u00e4sslich des GEO-Tages der Artenvielfalt auf Weg um die Tier- und Pflanzenwelt vor der eigenen Haust\u00fcr zu erforschen.","og_url":"https:\/\/www.naturparkmagazin.de\/am-stettiner-haff\/geo-tag-der-artenvielfalt-mit-der-kleinen-grundschule-mewegen\/","og_site_name":"Naturpark Am Stettiner Haff","article_published_time":"2014-06-17T08:21:57+00:00","article_modified_time":"2014-06-25T09:03:33+00:00","og_image":[{"width":640,"height":393,"url":"https:\/\/www.naturparkmagazin.de\/am-stettiner-haff\/wp-content\/uploads\/sites\/29\/Garten_Laubkaefer.jpg","type":"image\/jpeg"}],"author":"Jochen Elberskirch","twitter_misc":{"Verfasst von":"Jochen Elberskirch","Gesch\u00e4tzte Lesezeit":"2\u00a0Minuten"},"schema":{"@context":"https:\/\/schema.org","@graph":[{"@type":"WebPage","@id":"https:\/\/www.naturparkmagazin.de\/am-stettiner-haff\/geo-tag-der-artenvielfalt-mit-der-kleinen-grundschule-mewegen\/","url":"https:\/\/www.naturparkmagazin.de\/am-stettiner-haff\/geo-tag-der-artenvielfalt-mit-der-kleinen-grundschule-mewegen\/","name":"GEO-Tag der Artenvielfalt mit der kleinen Grundschule Mewegen - Naturpark Am Stettiner Haff","isPartOf":{"@id":"https:\/\/www.naturparkmagazin.de\/am-stettiner-haff\/#website"},"datePublished":"2014-06-17T08:21:57+00:00","dateModified":"2014-06-25T09:03:33+00:00","author":{"@id":"https:\/\/www.naturparkmagazin.de\/am-stettiner-haff\/#\/schema\/person\/4a7208080dbbfb024d81129b7960c725"},"breadcrumb":{"@id":"https:\/\/www.naturparkmagazin.de\/am-stettiner-haff\/geo-tag-der-artenvielfalt-mit-der-kleinen-grundschule-mewegen\/#breadcrumb"},"inLanguage":"de","potentialAction":[{"@type":"ReadAction","target":["https:\/\/www.naturparkmagazin.de\/am-stettiner-haff\/geo-tag-der-artenvielfalt-mit-der-kleinen-grundschule-mewegen\/"]}]},{"@type":"BreadcrumbList","@id":"https:\/\/www.naturparkmagazin.de\/am-stettiner-haff\/geo-tag-der-artenvielfalt-mit-der-kleinen-grundschule-mewegen\/#breadcrumb","itemListElement":[{"@type":"ListItem","position":1,"name":"Home","item":"https:\/\/www.naturparkmagazin.de\/am-stettiner-haff\/"},{"@type":"ListItem","position":2,"name":"GEO-Tag der Artenvielfalt mit der kleinen Grundschule Mewegen"}]},{"@type":"WebSite","@id":"https:\/\/www.naturparkmagazin.de\/am-stettiner-haff\/#website","url":"https:\/\/www.naturparkmagazin.de\/am-stettiner-haff\/","name":"Naturpark Am Stettiner Haff","description":"","potentialAction":[{"@type":"SearchAction","target":{"@type":"EntryPoint","urlTemplate":"https:\/\/www.naturparkmagazin.de\/am-stettiner-haff\/?s={search_term_string}"},"query-input":"required name=search_term_string"}],"inLanguage":"de"},{"@type":"Person","@id":"https:\/\/www.naturparkmagazin.de\/am-stettiner-haff\/#\/schema\/person\/4a7208080dbbfb024d81129b7960c725","name":"Jochen Elberskirch","sameAs":["http:\/\/www.naturpark-am-stettiner-haff.de"],"url":"https:\/\/www.naturparkmagazin.de\/am-stettiner-haff\/author\/jochenelberskirch\/"}]}},"_links":{"self":[{"href":"https:\/\/www.naturparkmagazin.de\/am-stettiner-haff\/wp-json\/wp\/v2\/posts\/896"}],"collection":[{"href":"https:\/\/www.naturparkmagazin.de\/am-stettiner-haff\/wp-json\/wp\/v2\/posts"}],"about":[{"href":"https:\/\/www.naturparkmagazin.de\/am-stettiner-haff\/wp-json\/wp\/v2\/types\/post"}],"author":[{"embeddable":true,"href":"https:\/\/www.naturparkmagazin.de\/am-stettiner-haff\/wp-json\/wp\/v2\/users\/26"}],"replies":[{"embeddable":true,"href":"https:\/\/www.naturparkmagazin.de\/am-stettiner-haff\/wp-json\/wp\/v2\/comments?post=896"}],"version-history":[{"count":9,"href":"https:\/\/www.naturparkmagazin.de\/am-stettiner-haff\/wp-json\/wp\/v2\/posts\/896\/revisions"}],"predecessor-version":[{"id":955,"href":"https:\/\/www.naturparkmagazin.de\/am-stettiner-haff\/wp-json\/wp\/v2\/posts\/896\/revisions\/955"}],"wp:featuredmedia":[{"embeddable":true,"href":"https:\/\/www.naturparkmagazin.de\/am-stettiner-haff\/wp-json\/wp\/v2\/media\/900"}],"wp:attachment":[{"href":"https:\/\/www.naturparkmagazin.de\/am-stettiner-haff\/wp-json\/wp\/v2\/media?parent=896"}],"wp:term":[{"taxonomy":"category","embeddable":true,"href":"https:\/\/www.naturparkmagazin.de\/am-stettiner-haff\/wp-json\/wp\/v2\/categories?post=896"},{"taxonomy":"post_tag","embeddable":true,"href":"https:\/\/www.naturparkmagazin.de\/am-stettiner-haff\/wp-json\/wp\/v2\/tags?post=896"}],"curies":[{"name":"wp","href":"https:\/\/api.w.org\/{rel}","templated":true}]}}