{"id":905,"date":"2014-06-17T14:31:55","date_gmt":"2014-06-17T12:31:55","guid":{"rendered":"http:\/\/www.naturparkmagazin.de\/am-stettiner-haff\/?p=905"},"modified":"2014-06-25T11:01:48","modified_gmt":"2014-06-25T09:01:48","slug":"projekttag-mit-auszeichnung-kleine-grundschule-mewegen-wird-erste-naturpark-schule-in-m-v","status":"publish","type":"post","link":"https:\/\/www.naturparkmagazin.de\/am-stettiner-haff\/projekttag-mit-auszeichnung-kleine-grundschule-mewegen-wird-erste-naturpark-schule-in-m-v\/","title":{"rendered":"Projekttag mit Auszeichnung &#8211; kleine Grundschule Mewegen wird erste Naturpark-Schule in M-V"},"content":{"rendered":"<p><a href=\"https:\/\/www.naturparkmagazin.de\/am-stettiner-haff\/wp-content\/uploads\/sites\/29\/LOG.png\"><img decoding=\"async\" loading=\"lazy\" class=\"aligncenter size-medium wp-image-912\" alt=\"LOG\" src=\"https:\/\/www.naturparkmagazin.de\/am-stettiner-haff\/wp-content\/uploads\/sites\/29\/LOG-620x692.png\" width=\"620\" height=\"692\" srcset=\"https:\/\/www.naturparkmagazin.de\/am-stettiner-haff\/wp-content\/uploads\/sites\/29\/LOG-620x692.png 620w, https:\/\/www.naturparkmagazin.de\/am-stettiner-haff\/wp-content\/uploads\/sites\/29\/LOG-300x335.png 300w, https:\/\/www.naturparkmagazin.de\/am-stettiner-haff\/wp-content\/uploads\/sites\/29\/LOG-940x1050.png 940w, https:\/\/www.naturparkmagazin.de\/am-stettiner-haff\/wp-content\/uploads\/sites\/29\/LOG-670x748.png 670w, https:\/\/www.naturparkmagazin.de\/am-stettiner-haff\/wp-content\/uploads\/sites\/29\/LOG-200x223.png 200w\" sizes=\"(max-width: 620px) 100vw, 620px\" \/><\/a><\/p>\n<p style=\"text-align: justify\">Mit Ende des Schuljahres steht auch in der kleinen Grundschule Mewegen wieder eine Projektwoche auf dem Stundenplan. Das gesamte Schuljahr haben die M\u00e4dchen und Jungen flei\u00dfig gelernt und fiebern nun den Sommerferien entgegen. Damit die letzte Schulwoche nicht zu lang wird, wird den\u00a0Kindern die M\u00f6glichkeit geboten fern der Klassenr\u00e4ume Spannendes, Lustiges und Interessantes zu entdecken und zu erleben. Mit\u00a0von der Partie ist nun schon seit mehreren Jahren auch das Team des Naturparks &#8222;Am Stettiner Haff&#8220;. Sei es auf kleinen Exkursionen, mit tierischen Wettk\u00e4mpfen oder mit interessanten Naturparcours. Auch in diesem Jahr haben sich das Team um Jochen Elberskirch und Torsten Dinse wieder etwas einfallen lassen. Schlie\u00dflich sollen die \u00c4ltesten, die die Schule verlassen werden, um nach den Ferien in L\u00f6cknitz die f\u00fcnfte Klasse zu besuchen, z\u00fcnftig verabschiedet werden. Am 9 Juli 2014 sind in jedem Falle alle Naturparkw\u00e4chter\u00a0vor Ort &#8211;\u00a0Langeweile wird es mit Sicherheit nicht geben.\u00a0Ein besonderer H\u00f6hepunkt an diesem Tag wird auch die Auszeichnung der kleinen Grundschule sein. Sie wird als erste Schule im Land Mecklenburg-Vorpommern als Naturpark-Schule ausgezeichnet.\u00a0Mit diesem bundesweitem Siegel machen die Schule und der Naturpark &#8222;Am Stettiner Haff&#8220; nach Au\u00dfen ganz deutlich klar &#8211; Wir ziehen gemeinsam an einem Strang!\u00a0Lehrer und Naturparkmitarbeiter arbeiten\u00a0Hand in Hand um die M\u00e4dchen und Jungen f\u00fcr\u00a0ihre\u00a0Heimat zu\u00a0sensibilisieren und zu begeistern.\u00a0Mit der Auszeichnung wird nicht der Beginn der Zusammenarbeit symbolisiert, sondern sie steht f\u00fcr eine bereits existierende gute Zusammenarbeit beider Einrichtungen. Alle Sch\u00fcler sollen mindestens einmal im Jahr mit den Naturparkw\u00e4chtern &#8222;zu tun gehabt haben&#8220;. \u00dcber die Aktionen und Projekttage hinaus wird aber auch im laufenden Unterricht k\u00fcnftig das Thema Naturpark verst\u00e4rkt mit eingebunden sein.\u00a0Als st\u00e4ndiges Angebot\u00a0wird sich der Naturpark ab dem kommenden Schuljahr auch regelm\u00e4\u00dfig in die Halbtagsschule mit einbringen. Und dass man im Fach &#8222;Naturpark&#8220; nicht nur die Schulbank dr\u00fccken, sondern auch mal um Gel\u00e4nde kr\u00e4ftig mit anpacken muss, versteht\u00a0 sich nat\u00fcrlich von selbst.<\/p>\n","protected":false},"excerpt":{"rendered":"<p>Mit Ende des Schuljahres steht auch in der kleinen Grundschule Mewegen wieder eine Projektwoche auf dem Stundenplan. <\/p>\n","protected":false},"author":26,"featured_media":613,"comment_status":"open","ping_status":"open","sticky":false,"template":"","format":"standard","meta":[],"categories":[7],"tags":[],"yoast_head":"<!-- This site is optimized with the Yoast SEO plugin v19.10 - https:\/\/yoast.com\/wordpress\/plugins\/seo\/ -->\n<title>Projekttag mit Auszeichnung - kleine Grundschule Mewegen wird erste Naturpark-Schule in M-V - Naturpark Am Stettiner Haff<\/title>\n<meta name=\"robots\" content=\"index, follow, max-snippet:-1, max-image-preview:large, max-video-preview:-1\" \/>\n<link rel=\"canonical\" href=\"https:\/\/www.naturparkmagazin.de\/am-stettiner-haff\/projekttag-mit-auszeichnung-kleine-grundschule-mewegen-wird-erste-naturpark-schule-in-m-v\/\" \/>\n<meta property=\"og:locale\" content=\"de_DE\" \/>\n<meta property=\"og:type\" content=\"article\" \/>\n<meta property=\"og:title\" content=\"Projekttag mit Auszeichnung - kleine Grundschule Mewegen wird erste Naturpark-Schule in M-V - Naturpark Am Stettiner Haff\" \/>\n<meta property=\"og:description\" content=\"Mit Ende des Schuljahres steht auch in der kleinen Grundschule Mewegen wieder eine Projektwoche auf dem Stundenplan.\" \/>\n<meta property=\"og:url\" content=\"https:\/\/www.naturparkmagazin.de\/am-stettiner-haff\/projekttag-mit-auszeichnung-kleine-grundschule-mewegen-wird-erste-naturpark-schule-in-m-v\/\" \/>\n<meta property=\"og:site_name\" content=\"Naturpark Am Stettiner Haff\" \/>\n<meta property=\"article:published_time\" content=\"2014-06-17T12:31:55+00:00\" \/>\n<meta property=\"article:modified_time\" content=\"2014-06-25T09:01:48+00:00\" \/>\n<meta property=\"og:image\" content=\"https:\/\/www.naturparkmagazin.de\/am-stettiner-haff\/wp-content\/uploads\/sites\/29\/naturpark-schule.jpg\" \/>\n\t<meta property=\"og:image:width\" content=\"180\" \/>\n\t<meta property=\"og:image:height\" content=\"135\" \/>\n\t<meta property=\"og:image:type\" content=\"image\/jpeg\" \/>\n<meta name=\"author\" content=\"Jochen Elberskirch\" \/>\n<meta name=\"twitter:label1\" content=\"Verfasst von\" \/>\n\t<meta name=\"twitter:data1\" content=\"Jochen Elberskirch\" \/>\n\t<meta name=\"twitter:label2\" content=\"Gesch\u00e4tzte Lesezeit\" \/>\n\t<meta name=\"twitter:data2\" content=\"2\u00a0Minuten\" \/>\n<script type=\"application\/ld+json\" class=\"yoast-schema-graph\">{\"@context\":\"https:\/\/schema.org\",\"@graph\":[{\"@type\":\"WebPage\",\"@id\":\"https:\/\/www.naturparkmagazin.de\/am-stettiner-haff\/projekttag-mit-auszeichnung-kleine-grundschule-mewegen-wird-erste-naturpark-schule-in-m-v\/\",\"url\":\"https:\/\/www.naturparkmagazin.de\/am-stettiner-haff\/projekttag-mit-auszeichnung-kleine-grundschule-mewegen-wird-erste-naturpark-schule-in-m-v\/\",\"name\":\"Projekttag mit Auszeichnung - kleine Grundschule Mewegen wird erste Naturpark-Schule in M-V - Naturpark Am Stettiner Haff\",\"isPartOf\":{\"@id\":\"https:\/\/www.naturparkmagazin.de\/am-stettiner-haff\/#website\"},\"datePublished\":\"2014-06-17T12:31:55+00:00\",\"dateModified\":\"2014-06-25T09:01:48+00:00\",\"author\":{\"@id\":\"https:\/\/www.naturparkmagazin.de\/am-stettiner-haff\/#\/schema\/person\/4a7208080dbbfb024d81129b7960c725\"},\"breadcrumb\":{\"@id\":\"https:\/\/www.naturparkmagazin.de\/am-stettiner-haff\/projekttag-mit-auszeichnung-kleine-grundschule-mewegen-wird-erste-naturpark-schule-in-m-v\/#breadcrumb\"},\"inLanguage\":\"de\",\"potentialAction\":[{\"@type\":\"ReadAction\",\"target\":[\"https:\/\/www.naturparkmagazin.de\/am-stettiner-haff\/projekttag-mit-auszeichnung-kleine-grundschule-mewegen-wird-erste-naturpark-schule-in-m-v\/\"]}]},{\"@type\":\"BreadcrumbList\",\"@id\":\"https:\/\/www.naturparkmagazin.de\/am-stettiner-haff\/projekttag-mit-auszeichnung-kleine-grundschule-mewegen-wird-erste-naturpark-schule-in-m-v\/#breadcrumb\",\"itemListElement\":[{\"@type\":\"ListItem\",\"position\":1,\"name\":\"Home\",\"item\":\"https:\/\/www.naturparkmagazin.de\/am-stettiner-haff\/\"},{\"@type\":\"ListItem\",\"position\":2,\"name\":\"Projekttag mit Auszeichnung &#8211; kleine Grundschule Mewegen wird erste Naturpark-Schule in M-V\"}]},{\"@type\":\"WebSite\",\"@id\":\"https:\/\/www.naturparkmagazin.de\/am-stettiner-haff\/#website\",\"url\":\"https:\/\/www.naturparkmagazin.de\/am-stettiner-haff\/\",\"name\":\"Naturpark Am Stettiner Haff\",\"description\":\"\",\"potentialAction\":[{\"@type\":\"SearchAction\",\"target\":{\"@type\":\"EntryPoint\",\"urlTemplate\":\"https:\/\/www.naturparkmagazin.de\/am-stettiner-haff\/?s={search_term_string}\"},\"query-input\":\"required name=search_term_string\"}],\"inLanguage\":\"de\"},{\"@type\":\"Person\",\"@id\":\"https:\/\/www.naturparkmagazin.de\/am-stettiner-haff\/#\/schema\/person\/4a7208080dbbfb024d81129b7960c725\",\"name\":\"Jochen Elberskirch\",\"sameAs\":[\"http:\/\/www.naturpark-am-stettiner-haff.de\"],\"url\":\"https:\/\/www.naturparkmagazin.de\/am-stettiner-haff\/author\/jochenelberskirch\/\"}]}<\/script>\n<!-- \/ Yoast SEO plugin. -->","yoast_head_json":{"title":"Projekttag mit Auszeichnung - kleine Grundschule Mewegen wird erste Naturpark-Schule in M-V - Naturpark Am Stettiner Haff","robots":{"index":"index","follow":"follow","max-snippet":"max-snippet:-1","max-image-preview":"max-image-preview:large","max-video-preview":"max-video-preview:-1"},"canonical":"https:\/\/www.naturparkmagazin.de\/am-stettiner-haff\/projekttag-mit-auszeichnung-kleine-grundschule-mewegen-wird-erste-naturpark-schule-in-m-v\/","og_locale":"de_DE","og_type":"article","og_title":"Projekttag mit Auszeichnung - kleine Grundschule Mewegen wird erste Naturpark-Schule in M-V - Naturpark Am Stettiner Haff","og_description":"Mit Ende des Schuljahres steht auch in der kleinen Grundschule Mewegen wieder eine Projektwoche auf dem Stundenplan.","og_url":"https:\/\/www.naturparkmagazin.de\/am-stettiner-haff\/projekttag-mit-auszeichnung-kleine-grundschule-mewegen-wird-erste-naturpark-schule-in-m-v\/","og_site_name":"Naturpark Am Stettiner Haff","article_published_time":"2014-06-17T12:31:55+00:00","article_modified_time":"2014-06-25T09:01:48+00:00","og_image":[{"width":180,"height":135,"url":"https:\/\/www.naturparkmagazin.de\/am-stettiner-haff\/wp-content\/uploads\/sites\/29\/naturpark-schule.jpg","type":"image\/jpeg"}],"author":"Jochen Elberskirch","twitter_misc":{"Verfasst von":"Jochen Elberskirch","Gesch\u00e4tzte Lesezeit":"2\u00a0Minuten"},"schema":{"@context":"https:\/\/schema.org","@graph":[{"@type":"WebPage","@id":"https:\/\/www.naturparkmagazin.de\/am-stettiner-haff\/projekttag-mit-auszeichnung-kleine-grundschule-mewegen-wird-erste-naturpark-schule-in-m-v\/","url":"https:\/\/www.naturparkmagazin.de\/am-stettiner-haff\/projekttag-mit-auszeichnung-kleine-grundschule-mewegen-wird-erste-naturpark-schule-in-m-v\/","name":"Projekttag mit Auszeichnung - kleine Grundschule Mewegen wird erste Naturpark-Schule in M-V - Naturpark Am Stettiner Haff","isPartOf":{"@id":"https:\/\/www.naturparkmagazin.de\/am-stettiner-haff\/#website"},"datePublished":"2014-06-17T12:31:55+00:00","dateModified":"2014-06-25T09:01:48+00:00","author":{"@id":"https:\/\/www.naturparkmagazin.de\/am-stettiner-haff\/#\/schema\/person\/4a7208080dbbfb024d81129b7960c725"},"breadcrumb":{"@id":"https:\/\/www.naturparkmagazin.de\/am-stettiner-haff\/projekttag-mit-auszeichnung-kleine-grundschule-mewegen-wird-erste-naturpark-schule-in-m-v\/#breadcrumb"},"inLanguage":"de","potentialAction":[{"@type":"ReadAction","target":["https:\/\/www.naturparkmagazin.de\/am-stettiner-haff\/projekttag-mit-auszeichnung-kleine-grundschule-mewegen-wird-erste-naturpark-schule-in-m-v\/"]}]},{"@type":"BreadcrumbList","@id":"https:\/\/www.naturparkmagazin.de\/am-stettiner-haff\/projekttag-mit-auszeichnung-kleine-grundschule-mewegen-wird-erste-naturpark-schule-in-m-v\/#breadcrumb","itemListElement":[{"@type":"ListItem","position":1,"name":"Home","item":"https:\/\/www.naturparkmagazin.de\/am-stettiner-haff\/"},{"@type":"ListItem","position":2,"name":"Projekttag mit Auszeichnung &#8211; kleine Grundschule Mewegen wird erste Naturpark-Schule in M-V"}]},{"@type":"WebSite","@id":"https:\/\/www.naturparkmagazin.de\/am-stettiner-haff\/#website","url":"https:\/\/www.naturparkmagazin.de\/am-stettiner-haff\/","name":"Naturpark Am Stettiner Haff","description":"","potentialAction":[{"@type":"SearchAction","target":{"@type":"EntryPoint","urlTemplate":"https:\/\/www.naturparkmagazin.de\/am-stettiner-haff\/?s={search_term_string}"},"query-input":"required name=search_term_string"}],"inLanguage":"de"},{"@type":"Person","@id":"https:\/\/www.naturparkmagazin.de\/am-stettiner-haff\/#\/schema\/person\/4a7208080dbbfb024d81129b7960c725","name":"Jochen Elberskirch","sameAs":["http:\/\/www.naturpark-am-stettiner-haff.de"],"url":"https:\/\/www.naturparkmagazin.de\/am-stettiner-haff\/author\/jochenelberskirch\/"}]}},"_links":{"self":[{"href":"https:\/\/www.naturparkmagazin.de\/am-stettiner-haff\/wp-json\/wp\/v2\/posts\/905"}],"collection":[{"href":"https:\/\/www.naturparkmagazin.de\/am-stettiner-haff\/wp-json\/wp\/v2\/posts"}],"about":[{"href":"https:\/\/www.naturparkmagazin.de\/am-stettiner-haff\/wp-json\/wp\/v2\/types\/post"}],"author":[{"embeddable":true,"href":"https:\/\/www.naturparkmagazin.de\/am-stettiner-haff\/wp-json\/wp\/v2\/users\/26"}],"replies":[{"embeddable":true,"href":"https:\/\/www.naturparkmagazin.de\/am-stettiner-haff\/wp-json\/wp\/v2\/comments?post=905"}],"version-history":[{"count":11,"href":"https:\/\/www.naturparkmagazin.de\/am-stettiner-haff\/wp-json\/wp\/v2\/posts\/905\/revisions"}],"predecessor-version":[{"id":949,"href":"https:\/\/www.naturparkmagazin.de\/am-stettiner-haff\/wp-json\/wp\/v2\/posts\/905\/revisions\/949"}],"wp:featuredmedia":[{"embeddable":true,"href":"https:\/\/www.naturparkmagazin.de\/am-stettiner-haff\/wp-json\/wp\/v2\/media\/613"}],"wp:attachment":[{"href":"https:\/\/www.naturparkmagazin.de\/am-stettiner-haff\/wp-json\/wp\/v2\/media?parent=905"}],"wp:term":[{"taxonomy":"category","embeddable":true,"href":"https:\/\/www.naturparkmagazin.de\/am-stettiner-haff\/wp-json\/wp\/v2\/categories?post=905"},{"taxonomy":"post_tag","embeddable":true,"href":"https:\/\/www.naturparkmagazin.de\/am-stettiner-haff\/wp-json\/wp\/v2\/tags?post=905"}],"curies":[{"name":"wp","href":"https:\/\/api.w.org\/{rel}","templated":true}]}}