{"id":923,"date":"2014-06-17T15:11:02","date_gmt":"2014-06-17T13:11:02","guid":{"rendered":"http:\/\/www.naturparkmagazin.de\/am-stettiner-haff\/?p=923"},"modified":"2014-06-26T12:02:51","modified_gmt":"2014-06-26T10:02:51","slug":"liebe-leserinen-liebe-leser-2","status":"publish","type":"post","link":"https:\/\/www.naturparkmagazin.de\/am-stettiner-haff\/liebe-leserinen-liebe-leser-2\/","title":{"rendered":"Liebe Leserinen, liebe Leser,"},"content":{"rendered":"<p>geheimnisvolle Moore durchziehen auch die Landschaft unseres Naturparks. Auch wenn manches Moor mittels Moorleiche Ber\u00fchmtheit erlangt hat, sind es doch mehr die Lebewesen, die den Mooren seine Bedeutung geben. Viele Pflanzenarten sind auf die feuchten bis nassen Lebensr\u00e4ume angewiesen. Auf einem Teil der extensiv bewirtschafteten Feuchtwiesen wachsen Kleinode der Pflanzenwelt \u2013\u00a0 heimische Orchideen-Arten. Auch wenn ein gro\u00dfer Teil dieser grazilen Arten bereits die diesj\u00e4hrige Hochbl\u00fcte \u00fcberschritten hat, lassen sich\u00a0manche Exemplare noch auf den feuchten Moorwiesen entdecken. Einiges entdeckt haben auch die M\u00e4dchen und Jungen der \u00a0Naturpark-Schule anl\u00e4sslich des GEO-Tages der Artenvielfalt. Was genau und womit die kleine Grundschule Mewegen am Ende des Schuljahres ausgezeichnet werden soll, erfahren Sie in der aktuellen Ausgabe Ihres Naturparkmagazins.<\/p>\n<p>Viel Spa\u00df beim Lesen w\u00fcnscht Ihnen<\/p>\n<p>Jochen Elberskirch\nLeiter des Naturparks &#8222;Am Stettiner Haff&#8220;<\/p>\n<p>&nbsp;<\/p>\n<p>&nbsp;<\/p>\n","protected":false},"excerpt":{"rendered":"<p>geheimnisvolle Moore durchziehen auch die Landschaft unseres Naturparks. Auch wenn manches Moor mittels Moorleiche Ber\u00fchmtheit erlangt hat, sind es doch mehr die Lebewesen, die den Mooren seine Bedeutung geben. Viele Pflanzenarten sind auf die feuchten bis nassen Lebensr\u00e4ume angewiesen. Auf einem Teil der extensiv bewirtschafteten Feuchtwiesen wachsen Kleinode der Pflanzenwelt \u2013\u00a0 heimische Orchideen-Arten. Auch wenn<\/p>\n","protected":false},"author":26,"featured_media":0,"comment_status":"open","ping_status":"open","sticky":false,"template":"","format":"standard","meta":[],"categories":[52],"tags":[],"yoast_head":"<!-- This site is optimized with the Yoast SEO plugin v19.10 - https:\/\/yoast.com\/wordpress\/plugins\/seo\/ -->\n<title>Liebe Leserinen, liebe Leser, - Naturpark Am Stettiner Haff<\/title>\n<meta name=\"robots\" content=\"index, follow, max-snippet:-1, max-image-preview:large, max-video-preview:-1\" \/>\n<link rel=\"canonical\" href=\"https:\/\/www.naturparkmagazin.de\/am-stettiner-haff\/liebe-leserinen-liebe-leser-2\/\" \/>\n<meta property=\"og:locale\" content=\"de_DE\" \/>\n<meta property=\"og:type\" content=\"article\" \/>\n<meta property=\"og:title\" content=\"Liebe Leserinen, liebe Leser, - Naturpark Am Stettiner Haff\" \/>\n<meta property=\"og:description\" content=\"geheimnisvolle Moore durchziehen auch die Landschaft unseres Naturparks. Auch wenn manches Moor mittels Moorleiche Ber\u00fchmtheit erlangt hat, sind es doch mehr die Lebewesen, die den Mooren seine Bedeutung geben. Viele Pflanzenarten sind auf die feuchten bis nassen Lebensr\u00e4ume angewiesen. Auf einem Teil der extensiv bewirtschafteten Feuchtwiesen wachsen Kleinode der Pflanzenwelt \u2013\u00a0 heimische Orchideen-Arten. Auch wenn\" \/>\n<meta property=\"og:url\" content=\"https:\/\/www.naturparkmagazin.de\/am-stettiner-haff\/liebe-leserinen-liebe-leser-2\/\" \/>\n<meta property=\"og:site_name\" content=\"Naturpark Am Stettiner Haff\" \/>\n<meta property=\"article:published_time\" content=\"2014-06-17T13:11:02+00:00\" \/>\n<meta property=\"article:modified_time\" content=\"2014-06-26T10:02:51+00:00\" \/>\n<meta name=\"author\" content=\"Jochen Elberskirch\" \/>\n<meta name=\"twitter:label1\" content=\"Verfasst von\" \/>\n\t<meta name=\"twitter:data1\" content=\"Jochen Elberskirch\" \/>\n\t<meta name=\"twitter:label2\" content=\"Gesch\u00e4tzte Lesezeit\" \/>\n\t<meta name=\"twitter:data2\" content=\"1\u00a0Minute\" \/>\n<script type=\"application\/ld+json\" class=\"yoast-schema-graph\">{\"@context\":\"https:\/\/schema.org\",\"@graph\":[{\"@type\":\"WebPage\",\"@id\":\"https:\/\/www.naturparkmagazin.de\/am-stettiner-haff\/liebe-leserinen-liebe-leser-2\/\",\"url\":\"https:\/\/www.naturparkmagazin.de\/am-stettiner-haff\/liebe-leserinen-liebe-leser-2\/\",\"name\":\"Liebe Leserinen, liebe Leser, - Naturpark Am Stettiner Haff\",\"isPartOf\":{\"@id\":\"https:\/\/www.naturparkmagazin.de\/am-stettiner-haff\/#website\"},\"datePublished\":\"2014-06-17T13:11:02+00:00\",\"dateModified\":\"2014-06-26T10:02:51+00:00\",\"author\":{\"@id\":\"https:\/\/www.naturparkmagazin.de\/am-stettiner-haff\/#\/schema\/person\/4a7208080dbbfb024d81129b7960c725\"},\"breadcrumb\":{\"@id\":\"https:\/\/www.naturparkmagazin.de\/am-stettiner-haff\/liebe-leserinen-liebe-leser-2\/#breadcrumb\"},\"inLanguage\":\"de\",\"potentialAction\":[{\"@type\":\"ReadAction\",\"target\":[\"https:\/\/www.naturparkmagazin.de\/am-stettiner-haff\/liebe-leserinen-liebe-leser-2\/\"]}]},{\"@type\":\"BreadcrumbList\",\"@id\":\"https:\/\/www.naturparkmagazin.de\/am-stettiner-haff\/liebe-leserinen-liebe-leser-2\/#breadcrumb\",\"itemListElement\":[{\"@type\":\"ListItem\",\"position\":1,\"name\":\"Home\",\"item\":\"https:\/\/www.naturparkmagazin.de\/am-stettiner-haff\/\"},{\"@type\":\"ListItem\",\"position\":2,\"name\":\"Liebe Leserinen, liebe Leser,\"}]},{\"@type\":\"WebSite\",\"@id\":\"https:\/\/www.naturparkmagazin.de\/am-stettiner-haff\/#website\",\"url\":\"https:\/\/www.naturparkmagazin.de\/am-stettiner-haff\/\",\"name\":\"Naturpark Am Stettiner Haff\",\"description\":\"\",\"potentialAction\":[{\"@type\":\"SearchAction\",\"target\":{\"@type\":\"EntryPoint\",\"urlTemplate\":\"https:\/\/www.naturparkmagazin.de\/am-stettiner-haff\/?s={search_term_string}\"},\"query-input\":\"required name=search_term_string\"}],\"inLanguage\":\"de\"},{\"@type\":\"Person\",\"@id\":\"https:\/\/www.naturparkmagazin.de\/am-stettiner-haff\/#\/schema\/person\/4a7208080dbbfb024d81129b7960c725\",\"name\":\"Jochen Elberskirch\",\"sameAs\":[\"http:\/\/www.naturpark-am-stettiner-haff.de\"],\"url\":\"https:\/\/www.naturparkmagazin.de\/am-stettiner-haff\/author\/jochenelberskirch\/\"}]}<\/script>\n<!-- \/ Yoast SEO plugin. -->","yoast_head_json":{"title":"Liebe Leserinen, liebe Leser, - Naturpark Am Stettiner Haff","robots":{"index":"index","follow":"follow","max-snippet":"max-snippet:-1","max-image-preview":"max-image-preview:large","max-video-preview":"max-video-preview:-1"},"canonical":"https:\/\/www.naturparkmagazin.de\/am-stettiner-haff\/liebe-leserinen-liebe-leser-2\/","og_locale":"de_DE","og_type":"article","og_title":"Liebe Leserinen, liebe Leser, - Naturpark Am Stettiner Haff","og_description":"geheimnisvolle Moore durchziehen auch die Landschaft unseres Naturparks. Auch wenn manches Moor mittels Moorleiche Ber\u00fchmtheit erlangt hat, sind es doch mehr die Lebewesen, die den Mooren seine Bedeutung geben. Viele Pflanzenarten sind auf die feuchten bis nassen Lebensr\u00e4ume angewiesen. Auf einem Teil der extensiv bewirtschafteten Feuchtwiesen wachsen Kleinode der Pflanzenwelt \u2013\u00a0 heimische Orchideen-Arten. Auch wenn","og_url":"https:\/\/www.naturparkmagazin.de\/am-stettiner-haff\/liebe-leserinen-liebe-leser-2\/","og_site_name":"Naturpark Am Stettiner Haff","article_published_time":"2014-06-17T13:11:02+00:00","article_modified_time":"2014-06-26T10:02:51+00:00","author":"Jochen Elberskirch","twitter_misc":{"Verfasst von":"Jochen Elberskirch","Gesch\u00e4tzte Lesezeit":"1\u00a0Minute"},"schema":{"@context":"https:\/\/schema.org","@graph":[{"@type":"WebPage","@id":"https:\/\/www.naturparkmagazin.de\/am-stettiner-haff\/liebe-leserinen-liebe-leser-2\/","url":"https:\/\/www.naturparkmagazin.de\/am-stettiner-haff\/liebe-leserinen-liebe-leser-2\/","name":"Liebe Leserinen, liebe Leser, - Naturpark Am Stettiner Haff","isPartOf":{"@id":"https:\/\/www.naturparkmagazin.de\/am-stettiner-haff\/#website"},"datePublished":"2014-06-17T13:11:02+00:00","dateModified":"2014-06-26T10:02:51+00:00","author":{"@id":"https:\/\/www.naturparkmagazin.de\/am-stettiner-haff\/#\/schema\/person\/4a7208080dbbfb024d81129b7960c725"},"breadcrumb":{"@id":"https:\/\/www.naturparkmagazin.de\/am-stettiner-haff\/liebe-leserinen-liebe-leser-2\/#breadcrumb"},"inLanguage":"de","potentialAction":[{"@type":"ReadAction","target":["https:\/\/www.naturparkmagazin.de\/am-stettiner-haff\/liebe-leserinen-liebe-leser-2\/"]}]},{"@type":"BreadcrumbList","@id":"https:\/\/www.naturparkmagazin.de\/am-stettiner-haff\/liebe-leserinen-liebe-leser-2\/#breadcrumb","itemListElement":[{"@type":"ListItem","position":1,"name":"Home","item":"https:\/\/www.naturparkmagazin.de\/am-stettiner-haff\/"},{"@type":"ListItem","position":2,"name":"Liebe Leserinen, liebe Leser,"}]},{"@type":"WebSite","@id":"https:\/\/www.naturparkmagazin.de\/am-stettiner-haff\/#website","url":"https:\/\/www.naturparkmagazin.de\/am-stettiner-haff\/","name":"Naturpark Am Stettiner Haff","description":"","potentialAction":[{"@type":"SearchAction","target":{"@type":"EntryPoint","urlTemplate":"https:\/\/www.naturparkmagazin.de\/am-stettiner-haff\/?s={search_term_string}"},"query-input":"required name=search_term_string"}],"inLanguage":"de"},{"@type":"Person","@id":"https:\/\/www.naturparkmagazin.de\/am-stettiner-haff\/#\/schema\/person\/4a7208080dbbfb024d81129b7960c725","name":"Jochen Elberskirch","sameAs":["http:\/\/www.naturpark-am-stettiner-haff.de"],"url":"https:\/\/www.naturparkmagazin.de\/am-stettiner-haff\/author\/jochenelberskirch\/"}]}},"_links":{"self":[{"href":"https:\/\/www.naturparkmagazin.de\/am-stettiner-haff\/wp-json\/wp\/v2\/posts\/923"}],"collection":[{"href":"https:\/\/www.naturparkmagazin.de\/am-stettiner-haff\/wp-json\/wp\/v2\/posts"}],"about":[{"href":"https:\/\/www.naturparkmagazin.de\/am-stettiner-haff\/wp-json\/wp\/v2\/types\/post"}],"author":[{"embeddable":true,"href":"https:\/\/www.naturparkmagazin.de\/am-stettiner-haff\/wp-json\/wp\/v2\/users\/26"}],"replies":[{"embeddable":true,"href":"https:\/\/www.naturparkmagazin.de\/am-stettiner-haff\/wp-json\/wp\/v2\/comments?post=923"}],"version-history":[{"count":8,"href":"https:\/\/www.naturparkmagazin.de\/am-stettiner-haff\/wp-json\/wp\/v2\/posts\/923\/revisions"}],"predecessor-version":[{"id":951,"href":"https:\/\/www.naturparkmagazin.de\/am-stettiner-haff\/wp-json\/wp\/v2\/posts\/923\/revisions\/951"}],"wp:attachment":[{"href":"https:\/\/www.naturparkmagazin.de\/am-stettiner-haff\/wp-json\/wp\/v2\/media?parent=923"}],"wp:term":[{"taxonomy":"category","embeddable":true,"href":"https:\/\/www.naturparkmagazin.de\/am-stettiner-haff\/wp-json\/wp\/v2\/categories?post=923"},{"taxonomy":"post_tag","embeddable":true,"href":"https:\/\/www.naturparkmagazin.de\/am-stettiner-haff\/wp-json\/wp\/v2\/tags?post=923"}],"curies":[{"name":"wp","href":"https:\/\/api.w.org\/{rel}","templated":true}]}}