{"id":937,"date":"2014-06-18T10:03:03","date_gmt":"2014-06-18T08:03:03","guid":{"rendered":"http:\/\/www.naturparkmagazin.de\/am-stettiner-haff\/?p=937"},"modified":"2014-06-25T10:58:40","modified_gmt":"2014-06-25T08:58:40","slug":"19-juli-2014-12-blaubeerfest-in-eggesin","status":"publish","type":"post","link":"https:\/\/www.naturparkmagazin.de\/am-stettiner-haff\/19-juli-2014-12-blaubeerfest-in-eggesin\/","title":{"rendered":"19. Juli 2014 -12. Blaubeerfest in Eggesin"},"content":{"rendered":"<p><a href=\"https:\/\/www.naturparkmagazin.de\/am-stettiner-haff\/wp-content\/uploads\/sites\/29\/Blauberfest.jpg\"><img decoding=\"async\" loading=\"lazy\" class=\"aligncenter size-full wp-image-938\" alt=\"Blauberfest\" src=\"https:\/\/www.naturparkmagazin.de\/am-stettiner-haff\/wp-content\/uploads\/sites\/29\/Blauberfest.jpg\" width=\"508\" height=\"170\" srcset=\"https:\/\/www.naturparkmagazin.de\/am-stettiner-haff\/wp-content\/uploads\/sites\/29\/Blauberfest.jpg 508w, https:\/\/www.naturparkmagazin.de\/am-stettiner-haff\/wp-content\/uploads\/sites\/29\/Blauberfest-300x100.jpg 300w, https:\/\/www.naturparkmagazin.de\/am-stettiner-haff\/wp-content\/uploads\/sites\/29\/Blauberfest-200x67.jpg 200w\" sizes=\"(max-width: 508px) 100vw, 508px\" \/><\/a>Es wird wieder gefeiert in Eggesin. Traditionell dreht sich am dritten Juli Wochenende alles um die kleine leckere und vor allem gesunde Frucht &#8211; die Blaubeere. Die amtierende Blaubeerk\u00f6nigin l\u00e4dt alle &#8222;Untertanen&#8220; und G\u00e4ste herzlich ein gemeinsam mit ihr zu feiern. Wie immer wird es einen BlaubeerMarkt mit pommerschen Spezialit\u00e4ten und Kunsthandwerk geben, die von den regionalen Erzeugern selbst pr\u00e4sentiert werden. Selbstverst\u00e4ndlich wird auch f\u00fcr das leibliche Wohl gesorgt sein. Entweder l\u00e4sst man sich an der Blaubeertafel nieder oder man genie\u00dft Deftiges vom Grill. Was nat\u00fcrlich nicht fehlen\u00a0darf &#8211; der selbstgebackene Blaubeerkuchen. Und den kann man so richtig genie\u00dfen, wenn Livemusik\u00a0erklingt. Kommen sie und lassen sie sich auf den Zauber der kleinen blauen Beere ein .<\/p>\n<p>&nbsp;<\/p>\n<p>&nbsp;<\/p>\n","protected":false},"excerpt":{"rendered":"<p>Es wird wieder gefeiert in Eggesin. Traditionell dreht sich am dritten Juli Wochenende alles um die kleine leckere und vor allem gesunde Frucht &#8211; die Blaubeere. Die amtierende Blaubeerk\u00f6nigin l\u00e4dt alle &#8222;Untertanen&#8220; und G\u00e4ste herzlich ein gemeinsam mit ihr zu feiern.<\/p>\n","protected":false},"author":26,"featured_media":938,"comment_status":"open","ping_status":"open","sticky":false,"template":"","format":"standard","meta":[],"categories":[11],"tags":[],"yoast_head":"<!-- This site is optimized with the Yoast SEO plugin v19.10 - https:\/\/yoast.com\/wordpress\/plugins\/seo\/ -->\n<title>19. Juli 2014 -12. Blaubeerfest in Eggesin - Naturpark Am Stettiner Haff<\/title>\n<meta name=\"robots\" content=\"index, follow, max-snippet:-1, max-image-preview:large, max-video-preview:-1\" \/>\n<link rel=\"canonical\" href=\"https:\/\/www.naturparkmagazin.de\/am-stettiner-haff\/19-juli-2014-12-blaubeerfest-in-eggesin\/\" \/>\n<meta property=\"og:locale\" content=\"de_DE\" \/>\n<meta property=\"og:type\" content=\"article\" \/>\n<meta property=\"og:title\" content=\"19. Juli 2014 -12. Blaubeerfest in Eggesin - Naturpark Am Stettiner Haff\" \/>\n<meta property=\"og:description\" content=\"Es wird wieder gefeiert in Eggesin. Traditionell dreht sich am dritten Juli Wochenende alles um die kleine leckere und vor allem gesunde Frucht - die Blaubeere. Die amtierende Blaubeerk\u00f6nigin l\u00e4dt alle &quot;Untertanen&quot; und G\u00e4ste herzlich ein gemeinsam mit ihr zu feiern.\" \/>\n<meta property=\"og:url\" content=\"https:\/\/www.naturparkmagazin.de\/am-stettiner-haff\/19-juli-2014-12-blaubeerfest-in-eggesin\/\" \/>\n<meta property=\"og:site_name\" content=\"Naturpark Am Stettiner Haff\" \/>\n<meta property=\"article:published_time\" content=\"2014-06-18T08:03:03+00:00\" \/>\n<meta property=\"article:modified_time\" content=\"2014-06-25T08:58:40+00:00\" \/>\n<meta property=\"og:image\" content=\"https:\/\/www.naturparkmagazin.de\/am-stettiner-haff\/wp-content\/uploads\/sites\/29\/Blauberfest.jpg\" \/>\n\t<meta property=\"og:image:width\" content=\"508\" \/>\n\t<meta property=\"og:image:height\" content=\"170\" \/>\n\t<meta property=\"og:image:type\" content=\"image\/jpeg\" \/>\n<meta name=\"author\" content=\"Jochen Elberskirch\" \/>\n<meta name=\"twitter:label1\" content=\"Verfasst von\" \/>\n\t<meta name=\"twitter:data1\" content=\"Jochen Elberskirch\" \/>\n\t<meta name=\"twitter:label2\" content=\"Gesch\u00e4tzte Lesezeit\" \/>\n\t<meta name=\"twitter:data2\" content=\"1\u00a0Minute\" \/>\n<script type=\"application\/ld+json\" class=\"yoast-schema-graph\">{\"@context\":\"https:\/\/schema.org\",\"@graph\":[{\"@type\":\"WebPage\",\"@id\":\"https:\/\/www.naturparkmagazin.de\/am-stettiner-haff\/19-juli-2014-12-blaubeerfest-in-eggesin\/\",\"url\":\"https:\/\/www.naturparkmagazin.de\/am-stettiner-haff\/19-juli-2014-12-blaubeerfest-in-eggesin\/\",\"name\":\"19. Juli 2014 -12. Blaubeerfest in Eggesin - Naturpark Am Stettiner Haff\",\"isPartOf\":{\"@id\":\"https:\/\/www.naturparkmagazin.de\/am-stettiner-haff\/#website\"},\"datePublished\":\"2014-06-18T08:03:03+00:00\",\"dateModified\":\"2014-06-25T08:58:40+00:00\",\"author\":{\"@id\":\"https:\/\/www.naturparkmagazin.de\/am-stettiner-haff\/#\/schema\/person\/4a7208080dbbfb024d81129b7960c725\"},\"breadcrumb\":{\"@id\":\"https:\/\/www.naturparkmagazin.de\/am-stettiner-haff\/19-juli-2014-12-blaubeerfest-in-eggesin\/#breadcrumb\"},\"inLanguage\":\"de\",\"potentialAction\":[{\"@type\":\"ReadAction\",\"target\":[\"https:\/\/www.naturparkmagazin.de\/am-stettiner-haff\/19-juli-2014-12-blaubeerfest-in-eggesin\/\"]}]},{\"@type\":\"BreadcrumbList\",\"@id\":\"https:\/\/www.naturparkmagazin.de\/am-stettiner-haff\/19-juli-2014-12-blaubeerfest-in-eggesin\/#breadcrumb\",\"itemListElement\":[{\"@type\":\"ListItem\",\"position\":1,\"name\":\"Home\",\"item\":\"https:\/\/www.naturparkmagazin.de\/am-stettiner-haff\/\"},{\"@type\":\"ListItem\",\"position\":2,\"name\":\"19. Juli 2014 -12. Blaubeerfest in Eggesin\"}]},{\"@type\":\"WebSite\",\"@id\":\"https:\/\/www.naturparkmagazin.de\/am-stettiner-haff\/#website\",\"url\":\"https:\/\/www.naturparkmagazin.de\/am-stettiner-haff\/\",\"name\":\"Naturpark Am Stettiner Haff\",\"description\":\"\",\"potentialAction\":[{\"@type\":\"SearchAction\",\"target\":{\"@type\":\"EntryPoint\",\"urlTemplate\":\"https:\/\/www.naturparkmagazin.de\/am-stettiner-haff\/?s={search_term_string}\"},\"query-input\":\"required name=search_term_string\"}],\"inLanguage\":\"de\"},{\"@type\":\"Person\",\"@id\":\"https:\/\/www.naturparkmagazin.de\/am-stettiner-haff\/#\/schema\/person\/4a7208080dbbfb024d81129b7960c725\",\"name\":\"Jochen Elberskirch\",\"sameAs\":[\"http:\/\/www.naturpark-am-stettiner-haff.de\"],\"url\":\"https:\/\/www.naturparkmagazin.de\/am-stettiner-haff\/author\/jochenelberskirch\/\"}]}<\/script>\n<!-- \/ Yoast SEO plugin. -->","yoast_head_json":{"title":"19. Juli 2014 -12. Blaubeerfest in Eggesin - Naturpark Am Stettiner Haff","robots":{"index":"index","follow":"follow","max-snippet":"max-snippet:-1","max-image-preview":"max-image-preview:large","max-video-preview":"max-video-preview:-1"},"canonical":"https:\/\/www.naturparkmagazin.de\/am-stettiner-haff\/19-juli-2014-12-blaubeerfest-in-eggesin\/","og_locale":"de_DE","og_type":"article","og_title":"19. Juli 2014 -12. Blaubeerfest in Eggesin - Naturpark Am Stettiner Haff","og_description":"Es wird wieder gefeiert in Eggesin. Traditionell dreht sich am dritten Juli Wochenende alles um die kleine leckere und vor allem gesunde Frucht - die Blaubeere. Die amtierende Blaubeerk\u00f6nigin l\u00e4dt alle \"Untertanen\" und G\u00e4ste herzlich ein gemeinsam mit ihr zu feiern.","og_url":"https:\/\/www.naturparkmagazin.de\/am-stettiner-haff\/19-juli-2014-12-blaubeerfest-in-eggesin\/","og_site_name":"Naturpark Am Stettiner Haff","article_published_time":"2014-06-18T08:03:03+00:00","article_modified_time":"2014-06-25T08:58:40+00:00","og_image":[{"width":508,"height":170,"url":"https:\/\/www.naturparkmagazin.de\/am-stettiner-haff\/wp-content\/uploads\/sites\/29\/Blauberfest.jpg","type":"image\/jpeg"}],"author":"Jochen Elberskirch","twitter_misc":{"Verfasst von":"Jochen Elberskirch","Gesch\u00e4tzte Lesezeit":"1\u00a0Minute"},"schema":{"@context":"https:\/\/schema.org","@graph":[{"@type":"WebPage","@id":"https:\/\/www.naturparkmagazin.de\/am-stettiner-haff\/19-juli-2014-12-blaubeerfest-in-eggesin\/","url":"https:\/\/www.naturparkmagazin.de\/am-stettiner-haff\/19-juli-2014-12-blaubeerfest-in-eggesin\/","name":"19. Juli 2014 -12. Blaubeerfest in Eggesin - Naturpark Am Stettiner Haff","isPartOf":{"@id":"https:\/\/www.naturparkmagazin.de\/am-stettiner-haff\/#website"},"datePublished":"2014-06-18T08:03:03+00:00","dateModified":"2014-06-25T08:58:40+00:00","author":{"@id":"https:\/\/www.naturparkmagazin.de\/am-stettiner-haff\/#\/schema\/person\/4a7208080dbbfb024d81129b7960c725"},"breadcrumb":{"@id":"https:\/\/www.naturparkmagazin.de\/am-stettiner-haff\/19-juli-2014-12-blaubeerfest-in-eggesin\/#breadcrumb"},"inLanguage":"de","potentialAction":[{"@type":"ReadAction","target":["https:\/\/www.naturparkmagazin.de\/am-stettiner-haff\/19-juli-2014-12-blaubeerfest-in-eggesin\/"]}]},{"@type":"BreadcrumbList","@id":"https:\/\/www.naturparkmagazin.de\/am-stettiner-haff\/19-juli-2014-12-blaubeerfest-in-eggesin\/#breadcrumb","itemListElement":[{"@type":"ListItem","position":1,"name":"Home","item":"https:\/\/www.naturparkmagazin.de\/am-stettiner-haff\/"},{"@type":"ListItem","position":2,"name":"19. Juli 2014 -12. Blaubeerfest in Eggesin"}]},{"@type":"WebSite","@id":"https:\/\/www.naturparkmagazin.de\/am-stettiner-haff\/#website","url":"https:\/\/www.naturparkmagazin.de\/am-stettiner-haff\/","name":"Naturpark Am Stettiner Haff","description":"","potentialAction":[{"@type":"SearchAction","target":{"@type":"EntryPoint","urlTemplate":"https:\/\/www.naturparkmagazin.de\/am-stettiner-haff\/?s={search_term_string}"},"query-input":"required name=search_term_string"}],"inLanguage":"de"},{"@type":"Person","@id":"https:\/\/www.naturparkmagazin.de\/am-stettiner-haff\/#\/schema\/person\/4a7208080dbbfb024d81129b7960c725","name":"Jochen Elberskirch","sameAs":["http:\/\/www.naturpark-am-stettiner-haff.de"],"url":"https:\/\/www.naturparkmagazin.de\/am-stettiner-haff\/author\/jochenelberskirch\/"}]}},"_links":{"self":[{"href":"https:\/\/www.naturparkmagazin.de\/am-stettiner-haff\/wp-json\/wp\/v2\/posts\/937"}],"collection":[{"href":"https:\/\/www.naturparkmagazin.de\/am-stettiner-haff\/wp-json\/wp\/v2\/posts"}],"about":[{"href":"https:\/\/www.naturparkmagazin.de\/am-stettiner-haff\/wp-json\/wp\/v2\/types\/post"}],"author":[{"embeddable":true,"href":"https:\/\/www.naturparkmagazin.de\/am-stettiner-haff\/wp-json\/wp\/v2\/users\/26"}],"replies":[{"embeddable":true,"href":"https:\/\/www.naturparkmagazin.de\/am-stettiner-haff\/wp-json\/wp\/v2\/comments?post=937"}],"version-history":[{"count":5,"href":"https:\/\/www.naturparkmagazin.de\/am-stettiner-haff\/wp-json\/wp\/v2\/posts\/937\/revisions"}],"predecessor-version":[{"id":953,"href":"https:\/\/www.naturparkmagazin.de\/am-stettiner-haff\/wp-json\/wp\/v2\/posts\/937\/revisions\/953"}],"wp:featuredmedia":[{"embeddable":true,"href":"https:\/\/www.naturparkmagazin.de\/am-stettiner-haff\/wp-json\/wp\/v2\/media\/938"}],"wp:attachment":[{"href":"https:\/\/www.naturparkmagazin.de\/am-stettiner-haff\/wp-json\/wp\/v2\/media?parent=937"}],"wp:term":[{"taxonomy":"category","embeddable":true,"href":"https:\/\/www.naturparkmagazin.de\/am-stettiner-haff\/wp-json\/wp\/v2\/categories?post=937"},{"taxonomy":"post_tag","embeddable":true,"href":"https:\/\/www.naturparkmagazin.de\/am-stettiner-haff\/wp-json\/wp\/v2\/tags?post=937"}],"curies":[{"name":"wp","href":"https:\/\/api.w.org\/{rel}","templated":true}]}}