{"id":957,"date":"2014-07-23T09:27:44","date_gmt":"2014-07-23T07:27:44","guid":{"rendered":"http:\/\/www.naturparkmagazin.de\/am-stettiner-haff\/?p=957"},"modified":"2014-07-29T15:26:25","modified_gmt":"2014-07-29T13:26:25","slug":"aufstieg-zum-burgwall-nun-wieder-sicher","status":"publish","type":"post","link":"https:\/\/www.naturparkmagazin.de\/am-stettiner-haff\/aufstieg-zum-burgwall-nun-wieder-sicher\/","title":{"rendered":"Aufstieg zum Burgwall nun wieder sicher"},"content":{"rendered":"<div id=\"attachment_961\" style=\"width: 434px\" class=\"wp-caption aligncenter\"><a href=\"https:\/\/www.naturparkmagazin.de\/am-stettiner-haff\/wp-content\/uploads\/sites\/29\/Burgwall-Treppe.jpg\"><img aria-describedby=\"caption-attachment-961\" decoding=\"async\" loading=\"lazy\" class=\"size-full wp-image-961\" alt=\"Neu Treppe am Aussichtspunkt Burgwall Rothem\u00fchl (Foto: Naturparkarchiv)\" src=\"https:\/\/www.naturparkmagazin.de\/am-stettiner-haff\/wp-content\/uploads\/sites\/29\/Burgwall-Treppe.jpg\" width=\"424\" height=\"640\" srcset=\"https:\/\/www.naturparkmagazin.de\/am-stettiner-haff\/wp-content\/uploads\/sites\/29\/Burgwall-Treppe.jpg 424w, https:\/\/www.naturparkmagazin.de\/am-stettiner-haff\/wp-content\/uploads\/sites\/29\/Burgwall-Treppe-300x453.jpg 300w, https:\/\/www.naturparkmagazin.de\/am-stettiner-haff\/wp-content\/uploads\/sites\/29\/Burgwall-Treppe-200x302.jpg 200w\" sizes=\"(max-width: 424px) 100vw, 424px\" \/><\/a><p id=\"caption-attachment-961\" class=\"wp-caption-text\">Neue Treppe am Aussichtspunkt Burgwall Rothem\u00fchl (Foto: Naturparkarchiv)<\/p><\/div>\n<p>Der Aussichtspunkt am Burgwall bei Rothem\u00fchl ist nicht nur bei Einheimischen beliebt. Gerade Urlauber auf der Durchreise und G\u00e4ste der gleichnamigen Gastst\u00e4tte \u201eBurgwall\u201c nutzen gerne die Anh\u00f6he, um bis zum Helpter Berg zu schauen. Als Klaus Kr\u00fcger vom Staatlichen Amt f\u00fcr Landwirtschaft und Umwelt Vorpommern (StALU VP) und der Naturw\u00e4chter J\u00fcrgen Henke auf die maroden Treppenzust\u00e4nde hinwiesen, war f\u00fcr den Naturparkleiter Jochen Elberskirch klar, dass hier dringender Handlungsbedarf besteht. So machte er sich selbst mit seinem Naturw\u00e4chter auf den Weg, um den Materialbedarf zu ermitteln. Die Bauamtsleiterin der Stadt Strasburg, Frau Heinrich, beg\u00fc\u00dfte die Idee des Naturparks die Treppe zu erneuern, so mal dieser sich bereit erkl\u00e4rte die notwendigen Materialien auf Naturparkkosten zu beschaffen. Und dass die st\u00e4dtischen Mitarbeiter beim Einbau mit anpacken war f\u00fcr sie selbstverst\u00e4ndlich.<\/p>\n<p>Damit sich die mit der Erneuerung verbunden Kosten und M\u00fchen auch lohnen und die neue Treppe\u00a0m\u00f6glichst lange\u00a0h\u00e4lt, fiel die Materialwahl auf Recycling-Kunststoff. Dieses, im Gegensatz zu Holz fast g\u00e4nzlich witterungsunabh\u00e4ngige Material zeichnet sich durch eine hohe Nutzungsdauer aus. Wenn die Treppe nicht durch Vandalismus besch\u00e4digt wird, d\u00fcrften in den n\u00e4chsten Jahren keine Reparaturen anfallen.<\/p>\n<p>Anfang Juni machten sich der Naturparkw\u00e4chter J\u00fcrgen Henke und der st\u00e4dtische Mitarbeiter Toni Nagel ans Werk, um den Ausfstieg zu sanieren. Unterst\u00fctzt wurden sie dabei von Florian Kittel der z. Z. sein Sch\u00fclerpraktikum im Naturpark absolviert. Auch der Wirt des \u201eBurgwall\u201c unterst\u00fctzte die Bauma\u00dfnahmen, so konnten die Materialien auf seinem Gel\u00e4nde sicher zwischen gelagert werden und brauchten nicht aufwendig hin und her transportiert werden.<\/p>\n<div id=\"attachment_958\" style=\"width: 650px\" class=\"wp-caption aligncenter\"><a href=\"https:\/\/www.naturparkmagazin.de\/am-stettiner-haff\/wp-content\/uploads\/sites\/29\/Am-Burgwall.jpg\"><img aria-describedby=\"caption-attachment-958\" decoding=\"async\" loading=\"lazy\" class=\"size-full wp-image-958\" alt=\"J\u00fcrgen Henke, Florian Kittel und Toni Nagel (v.l.) bei den letzten Handgriffen an der neuen Treppe (Foto: Natur-park)\" src=\"https:\/\/www.naturparkmagazin.de\/am-stettiner-haff\/wp-content\/uploads\/sites\/29\/Am-Burgwall.jpg\" width=\"640\" height=\"424\" srcset=\"https:\/\/www.naturparkmagazin.de\/am-stettiner-haff\/wp-content\/uploads\/sites\/29\/Am-Burgwall.jpg 640w, https:\/\/www.naturparkmagazin.de\/am-stettiner-haff\/wp-content\/uploads\/sites\/29\/Am-Burgwall-300x199.jpg 300w, https:\/\/www.naturparkmagazin.de\/am-stettiner-haff\/wp-content\/uploads\/sites\/29\/Am-Burgwall-620x411.jpg 620w, https:\/\/www.naturparkmagazin.de\/am-stettiner-haff\/wp-content\/uploads\/sites\/29\/Am-Burgwall-200x133.jpg 200w\" sizes=\"(max-width: 640px) 100vw, 640px\" \/><\/a><p id=\"caption-attachment-958\" class=\"wp-caption-text\">J\u00fcrgen Henke, Florian Kittel und Toni Nagel (v.l.) bei den letzten Handgriffen an der neuen Treppe (Foto: Naturpark)<\/p><\/div>\n<p>Der Aufstieg zum Aussichtpunkt verl\u00e4uft \u00fcber einen Halbtrockenrasen, der oberhalb in einen Trockenrassen \u00fcbergeht. Der Zustand dieser Fl\u00e4chen konnte durch den beharlichen Einsatz von Klaus Kr\u00fcger (StALU) und dem Naturwachtmitarbeitern, allen voran J\u00fcrgen Henke in den letzten zwei Jahren durch Pflegema\u00dfnahmen deutlich verbessert werden. So wurde die vormals der Verbuschung anheimgefallene Fl\u00e4che in Abstimmung mit der Unteren Naturschutzbeh\u00f6rde und dem Eigent\u00fcmer, welcher sich mit den Pflegema\u00dfnahmen und der touristischen Nutzung seiner Fl\u00e4che einverstanden erkl\u00e4rte, von Geh\u00f6lzaufwuchs befreit. Damit wurde die Nutzung der Wiese durch einen Landwirt wieder erm\u00f6glicht. Besucher k\u00f6nnen nun k\u00fcnftig ihre Blicke nicht nur in die Ferne schweifen lassen, sondern sich auch an der bunten Wiesenpracht entlang des Aufstieges und unterhalb des Aussichtspunktes erfreuen.<\/p>\n","protected":false},"excerpt":{"rendered":"<p>Der Aussichtspunkt am Burgwall bei Rothem\u00fchl ist nicht nur bei Einheimischen beliebt. Als Klaus Kr\u00fcger vom Staatlichen Amt f\u00fcr Landwirtschaft und Umwelt Vorpommern (StALU VP) und der Naturw\u00e4chter J\u00fcrgen Henke auf die maroden Treppenzust\u00e4nde hinwiesen, war f\u00fcr den Naturparkleiter Jochen Elberskirch klar, dass hier dringender Handlungsbedarf besteht.<\/p>\n","protected":false},"author":26,"featured_media":961,"comment_status":"open","ping_status":"open","sticky":false,"template":"","format":"standard","meta":[],"categories":[7],"tags":[],"yoast_head":"<!-- This site is optimized with the Yoast SEO plugin v19.10 - https:\/\/yoast.com\/wordpress\/plugins\/seo\/ -->\n<title>Aufstieg zum Burgwall nun wieder sicher - Naturpark Am Stettiner Haff<\/title>\n<meta name=\"robots\" content=\"index, follow, max-snippet:-1, max-image-preview:large, max-video-preview:-1\" \/>\n<link rel=\"canonical\" href=\"https:\/\/www.naturparkmagazin.de\/am-stettiner-haff\/aufstieg-zum-burgwall-nun-wieder-sicher\/\" \/>\n<meta property=\"og:locale\" content=\"de_DE\" \/>\n<meta property=\"og:type\" content=\"article\" \/>\n<meta property=\"og:title\" content=\"Aufstieg zum Burgwall nun wieder sicher - Naturpark Am Stettiner Haff\" \/>\n<meta property=\"og:description\" content=\"Der Aussichtspunkt am Burgwall bei Rothem\u00fchl ist nicht nur bei Einheimischen beliebt. Als Klaus Kr\u00fcger vom Staatlichen Amt f\u00fcr Landwirtschaft und Umwelt Vorpommern (StALU VP) und der Naturw\u00e4chter J\u00fcrgen Henke auf die maroden Treppenzust\u00e4nde hinwiesen, war f\u00fcr den Naturparkleiter Jochen Elberskirch klar, dass hier dringender Handlungsbedarf besteht.\" \/>\n<meta property=\"og:url\" content=\"https:\/\/www.naturparkmagazin.de\/am-stettiner-haff\/aufstieg-zum-burgwall-nun-wieder-sicher\/\" \/>\n<meta property=\"og:site_name\" content=\"Naturpark Am Stettiner Haff\" \/>\n<meta property=\"article:published_time\" content=\"2014-07-23T07:27:44+00:00\" \/>\n<meta property=\"article:modified_time\" content=\"2014-07-29T13:26:25+00:00\" \/>\n<meta property=\"og:image\" content=\"https:\/\/www.naturparkmagazin.de\/am-stettiner-haff\/wp-content\/uploads\/sites\/29\/Burgwall-Treppe.jpg\" \/>\n\t<meta property=\"og:image:width\" content=\"424\" \/>\n\t<meta property=\"og:image:height\" content=\"640\" \/>\n\t<meta property=\"og:image:type\" content=\"image\/jpeg\" \/>\n<meta name=\"author\" content=\"Jochen Elberskirch\" \/>\n<meta name=\"twitter:label1\" content=\"Verfasst von\" \/>\n\t<meta name=\"twitter:data1\" content=\"Jochen Elberskirch\" \/>\n\t<meta name=\"twitter:label2\" content=\"Gesch\u00e4tzte Lesezeit\" \/>\n\t<meta name=\"twitter:data2\" content=\"2\u00a0Minuten\" \/>\n<script type=\"application\/ld+json\" class=\"yoast-schema-graph\">{\"@context\":\"https:\/\/schema.org\",\"@graph\":[{\"@type\":\"WebPage\",\"@id\":\"https:\/\/www.naturparkmagazin.de\/am-stettiner-haff\/aufstieg-zum-burgwall-nun-wieder-sicher\/\",\"url\":\"https:\/\/www.naturparkmagazin.de\/am-stettiner-haff\/aufstieg-zum-burgwall-nun-wieder-sicher\/\",\"name\":\"Aufstieg zum Burgwall nun wieder sicher - Naturpark Am Stettiner Haff\",\"isPartOf\":{\"@id\":\"https:\/\/www.naturparkmagazin.de\/am-stettiner-haff\/#website\"},\"datePublished\":\"2014-07-23T07:27:44+00:00\",\"dateModified\":\"2014-07-29T13:26:25+00:00\",\"author\":{\"@id\":\"https:\/\/www.naturparkmagazin.de\/am-stettiner-haff\/#\/schema\/person\/4a7208080dbbfb024d81129b7960c725\"},\"breadcrumb\":{\"@id\":\"https:\/\/www.naturparkmagazin.de\/am-stettiner-haff\/aufstieg-zum-burgwall-nun-wieder-sicher\/#breadcrumb\"},\"inLanguage\":\"de\",\"potentialAction\":[{\"@type\":\"ReadAction\",\"target\":[\"https:\/\/www.naturparkmagazin.de\/am-stettiner-haff\/aufstieg-zum-burgwall-nun-wieder-sicher\/\"]}]},{\"@type\":\"BreadcrumbList\",\"@id\":\"https:\/\/www.naturparkmagazin.de\/am-stettiner-haff\/aufstieg-zum-burgwall-nun-wieder-sicher\/#breadcrumb\",\"itemListElement\":[{\"@type\":\"ListItem\",\"position\":1,\"name\":\"Home\",\"item\":\"https:\/\/www.naturparkmagazin.de\/am-stettiner-haff\/\"},{\"@type\":\"ListItem\",\"position\":2,\"name\":\"Aufstieg zum Burgwall nun wieder sicher\"}]},{\"@type\":\"WebSite\",\"@id\":\"https:\/\/www.naturparkmagazin.de\/am-stettiner-haff\/#website\",\"url\":\"https:\/\/www.naturparkmagazin.de\/am-stettiner-haff\/\",\"name\":\"Naturpark Am Stettiner Haff\",\"description\":\"\",\"potentialAction\":[{\"@type\":\"SearchAction\",\"target\":{\"@type\":\"EntryPoint\",\"urlTemplate\":\"https:\/\/www.naturparkmagazin.de\/am-stettiner-haff\/?s={search_term_string}\"},\"query-input\":\"required name=search_term_string\"}],\"inLanguage\":\"de\"},{\"@type\":\"Person\",\"@id\":\"https:\/\/www.naturparkmagazin.de\/am-stettiner-haff\/#\/schema\/person\/4a7208080dbbfb024d81129b7960c725\",\"name\":\"Jochen Elberskirch\",\"sameAs\":[\"http:\/\/www.naturpark-am-stettiner-haff.de\"],\"url\":\"https:\/\/www.naturparkmagazin.de\/am-stettiner-haff\/author\/jochenelberskirch\/\"}]}<\/script>\n<!-- \/ Yoast SEO plugin. -->","yoast_head_json":{"title":"Aufstieg zum Burgwall nun wieder sicher - Naturpark Am Stettiner Haff","robots":{"index":"index","follow":"follow","max-snippet":"max-snippet:-1","max-image-preview":"max-image-preview:large","max-video-preview":"max-video-preview:-1"},"canonical":"https:\/\/www.naturparkmagazin.de\/am-stettiner-haff\/aufstieg-zum-burgwall-nun-wieder-sicher\/","og_locale":"de_DE","og_type":"article","og_title":"Aufstieg zum Burgwall nun wieder sicher - Naturpark Am Stettiner Haff","og_description":"Der Aussichtspunkt am Burgwall bei Rothem\u00fchl ist nicht nur bei Einheimischen beliebt. Als Klaus Kr\u00fcger vom Staatlichen Amt f\u00fcr Landwirtschaft und Umwelt Vorpommern (StALU VP) und der Naturw\u00e4chter J\u00fcrgen Henke auf die maroden Treppenzust\u00e4nde hinwiesen, war f\u00fcr den Naturparkleiter Jochen Elberskirch klar, dass hier dringender Handlungsbedarf besteht.","og_url":"https:\/\/www.naturparkmagazin.de\/am-stettiner-haff\/aufstieg-zum-burgwall-nun-wieder-sicher\/","og_site_name":"Naturpark Am Stettiner Haff","article_published_time":"2014-07-23T07:27:44+00:00","article_modified_time":"2014-07-29T13:26:25+00:00","og_image":[{"width":424,"height":640,"url":"https:\/\/www.naturparkmagazin.de\/am-stettiner-haff\/wp-content\/uploads\/sites\/29\/Burgwall-Treppe.jpg","type":"image\/jpeg"}],"author":"Jochen Elberskirch","twitter_misc":{"Verfasst von":"Jochen Elberskirch","Gesch\u00e4tzte Lesezeit":"2\u00a0Minuten"},"schema":{"@context":"https:\/\/schema.org","@graph":[{"@type":"WebPage","@id":"https:\/\/www.naturparkmagazin.de\/am-stettiner-haff\/aufstieg-zum-burgwall-nun-wieder-sicher\/","url":"https:\/\/www.naturparkmagazin.de\/am-stettiner-haff\/aufstieg-zum-burgwall-nun-wieder-sicher\/","name":"Aufstieg zum Burgwall nun wieder sicher - Naturpark Am Stettiner Haff","isPartOf":{"@id":"https:\/\/www.naturparkmagazin.de\/am-stettiner-haff\/#website"},"datePublished":"2014-07-23T07:27:44+00:00","dateModified":"2014-07-29T13:26:25+00:00","author":{"@id":"https:\/\/www.naturparkmagazin.de\/am-stettiner-haff\/#\/schema\/person\/4a7208080dbbfb024d81129b7960c725"},"breadcrumb":{"@id":"https:\/\/www.naturparkmagazin.de\/am-stettiner-haff\/aufstieg-zum-burgwall-nun-wieder-sicher\/#breadcrumb"},"inLanguage":"de","potentialAction":[{"@type":"ReadAction","target":["https:\/\/www.naturparkmagazin.de\/am-stettiner-haff\/aufstieg-zum-burgwall-nun-wieder-sicher\/"]}]},{"@type":"BreadcrumbList","@id":"https:\/\/www.naturparkmagazin.de\/am-stettiner-haff\/aufstieg-zum-burgwall-nun-wieder-sicher\/#breadcrumb","itemListElement":[{"@type":"ListItem","position":1,"name":"Home","item":"https:\/\/www.naturparkmagazin.de\/am-stettiner-haff\/"},{"@type":"ListItem","position":2,"name":"Aufstieg zum Burgwall nun wieder sicher"}]},{"@type":"WebSite","@id":"https:\/\/www.naturparkmagazin.de\/am-stettiner-haff\/#website","url":"https:\/\/www.naturparkmagazin.de\/am-stettiner-haff\/","name":"Naturpark Am Stettiner Haff","description":"","potentialAction":[{"@type":"SearchAction","target":{"@type":"EntryPoint","urlTemplate":"https:\/\/www.naturparkmagazin.de\/am-stettiner-haff\/?s={search_term_string}"},"query-input":"required name=search_term_string"}],"inLanguage":"de"},{"@type":"Person","@id":"https:\/\/www.naturparkmagazin.de\/am-stettiner-haff\/#\/schema\/person\/4a7208080dbbfb024d81129b7960c725","name":"Jochen Elberskirch","sameAs":["http:\/\/www.naturpark-am-stettiner-haff.de"],"url":"https:\/\/www.naturparkmagazin.de\/am-stettiner-haff\/author\/jochenelberskirch\/"}]}},"_links":{"self":[{"href":"https:\/\/www.naturparkmagazin.de\/am-stettiner-haff\/wp-json\/wp\/v2\/posts\/957"}],"collection":[{"href":"https:\/\/www.naturparkmagazin.de\/am-stettiner-haff\/wp-json\/wp\/v2\/posts"}],"about":[{"href":"https:\/\/www.naturparkmagazin.de\/am-stettiner-haff\/wp-json\/wp\/v2\/types\/post"}],"author":[{"embeddable":true,"href":"https:\/\/www.naturparkmagazin.de\/am-stettiner-haff\/wp-json\/wp\/v2\/users\/26"}],"replies":[{"embeddable":true,"href":"https:\/\/www.naturparkmagazin.de\/am-stettiner-haff\/wp-json\/wp\/v2\/comments?post=957"}],"version-history":[{"count":11,"href":"https:\/\/www.naturparkmagazin.de\/am-stettiner-haff\/wp-json\/wp\/v2\/posts\/957\/revisions"}],"predecessor-version":[{"id":987,"href":"https:\/\/www.naturparkmagazin.de\/am-stettiner-haff\/wp-json\/wp\/v2\/posts\/957\/revisions\/987"}],"wp:featuredmedia":[{"embeddable":true,"href":"https:\/\/www.naturparkmagazin.de\/am-stettiner-haff\/wp-json\/wp\/v2\/media\/961"}],"wp:attachment":[{"href":"https:\/\/www.naturparkmagazin.de\/am-stettiner-haff\/wp-json\/wp\/v2\/media?parent=957"}],"wp:term":[{"taxonomy":"category","embeddable":true,"href":"https:\/\/www.naturparkmagazin.de\/am-stettiner-haff\/wp-json\/wp\/v2\/categories?post=957"},{"taxonomy":"post_tag","embeddable":true,"href":"https:\/\/www.naturparkmagazin.de\/am-stettiner-haff\/wp-json\/wp\/v2\/tags?post=957"}],"curies":[{"name":"wp","href":"https:\/\/api.w.org\/{rel}","templated":true}]}}