{"id":978,"date":"2014-07-28T14:11:12","date_gmt":"2014-07-28T12:11:12","guid":{"rendered":"http:\/\/www.naturparkmagazin.de\/am-stettiner-haff\/?p=978"},"modified":"2014-07-29T15:36:47","modified_gmt":"2014-07-29T13:36:47","slug":"sport-feuerwehr-und-naturparkfest-in-leopoldshagen","status":"publish","type":"post","link":"https:\/\/www.naturparkmagazin.de\/am-stettiner-haff\/sport-feuerwehr-und-naturparkfest-in-leopoldshagen\/","title":{"rendered":"Sport-, Feuerwehr und Naturparkfest in Leopoldshagen"},"content":{"rendered":"<p>Am kommenden Wochenende wird in Leopoldshagen gefeiert. Neben dem Sportverein und der Freiwilligen Feuerwehr l\u00e4dt der Naturpark Am Stettiner Haff alle herzlich ein mit zu feiern. Los geht es bereits am Freitag, dem <strong>1. August 2014<\/strong>. Nach der Er\u00f6ffnung geht es ab 19:30 Uhr mit dem Volleyball-Nachturnier und dem Skatturnier los.<\/p>\n<p>Am Samstag gehen die sportlichen Wettk\u00e4mpfe\u00a0ab 10:00 Uhr mit dem Fu\u00dfballturnier weiter. Den gesamten Tag wird es ein kleines regionales Markttreiben mit Produkten der Region geben.\u00a0Die Stiftung Umwelt und Natur M-V wird gemeinsam mit dem Naturpark Am Stettiner Haff \u00fcber das Wiesenbr\u00fcterprojekt berichten und Interessierte gerne auf einem Spaziergang zu den Projektfl\u00e4chen begleiten. Auch der Spa\u00df, insbesondere f\u00fcr die Kleinen wird nicht zu kurz kommen. Neben Spiel- und Sportangebote des ZERUM und\u00a0des Naturparks, wird es auch Mitmachangebote\u00a0der Jugendkunstschule Eggesin geben. Beim Naturathlon k\u00f6nnen Jung und Alt\u00a0 unter anderem beweisen wie geschickt sie mit der Schubkarre umgehen k\u00f6nnen. Denn\u00a0schnellsten Mannschaften\u00a0\u00a0winken kleine Preise.\nAuch f\u00fcr das leibliche Wohl wird den ganzen Tag gesorgt sein, von Bauernhofeis, Deftiges vom Grill bis hin zu Kaffee und Kuchen\u00a0wird hoffentlich f\u00fcr jeden Geschmack etwas dabei sein.<\/p>\n<p>Abgerundet werden die Feierlichkeiten ab 20:00 Uhr mit DJ Micha\u00a0der zum Tanz einl\u00e4dt.<\/p>\n<p><a href=\"https:\/\/www.naturparkmagazin.de\/am-stettiner-haff\/wp-content\/uploads\/sites\/29\/Poster1.jpg\"><img decoding=\"async\" loading=\"lazy\" class=\"aligncenter size-full wp-image-982\" alt=\"Poster\" src=\"https:\/\/www.naturparkmagazin.de\/am-stettiner-haff\/wp-content\/uploads\/sites\/29\/Poster1.jpg\" width=\"646\" height=\"899\" srcset=\"https:\/\/www.naturparkmagazin.de\/am-stettiner-haff\/wp-content\/uploads\/sites\/29\/Poster1.jpg 646w, https:\/\/www.naturparkmagazin.de\/am-stettiner-haff\/wp-content\/uploads\/sites\/29\/Poster1-300x417.jpg 300w, https:\/\/www.naturparkmagazin.de\/am-stettiner-haff\/wp-content\/uploads\/sites\/29\/Poster1-620x863.jpg 620w, https:\/\/www.naturparkmagazin.de\/am-stettiner-haff\/wp-content\/uploads\/sites\/29\/Poster1-200x278.jpg 200w\" sizes=\"(max-width: 646px) 100vw, 646px\" \/><\/a><\/p>\n<p>&nbsp;<\/p>\n","protected":false},"excerpt":{"rendered":"<p>Am kommenden Wochenende wird in Leopoldshagen gefeiert. Neben dem Sportverein und der Freiwilligen Feuerwehr l\u00e4dt der Naturpark Am Stettiner Haff alle herzlich ein mit zu feiern. <\/p>\n","protected":false},"author":26,"featured_media":988,"comment_status":"open","ping_status":"open","sticky":false,"template":"","format":"standard","meta":[],"categories":[11],"tags":[],"yoast_head":"<!-- This site is optimized with the Yoast SEO plugin v19.10 - https:\/\/yoast.com\/wordpress\/plugins\/seo\/ -->\n<title>Sport-, Feuerwehr und Naturparkfest in Leopoldshagen - Naturpark Am Stettiner Haff<\/title>\n<meta name=\"robots\" content=\"index, follow, max-snippet:-1, max-image-preview:large, max-video-preview:-1\" \/>\n<link rel=\"canonical\" href=\"https:\/\/www.naturparkmagazin.de\/am-stettiner-haff\/sport-feuerwehr-und-naturparkfest-in-leopoldshagen\/\" \/>\n<meta property=\"og:locale\" content=\"de_DE\" \/>\n<meta property=\"og:type\" content=\"article\" \/>\n<meta property=\"og:title\" content=\"Sport-, Feuerwehr und Naturparkfest in Leopoldshagen - Naturpark Am Stettiner Haff\" \/>\n<meta property=\"og:description\" content=\"Am kommenden Wochenende wird in Leopoldshagen gefeiert. Neben dem Sportverein und der Freiwilligen Feuerwehr l\u00e4dt der Naturpark Am Stettiner Haff alle herzlich ein mit zu feiern.\" \/>\n<meta property=\"og:url\" content=\"https:\/\/www.naturparkmagazin.de\/am-stettiner-haff\/sport-feuerwehr-und-naturparkfest-in-leopoldshagen\/\" \/>\n<meta property=\"og:site_name\" content=\"Naturpark Am Stettiner Haff\" \/>\n<meta property=\"article:published_time\" content=\"2014-07-28T12:11:12+00:00\" \/>\n<meta property=\"article:modified_time\" content=\"2014-07-29T13:36:47+00:00\" \/>\n<meta property=\"og:image\" content=\"https:\/\/www.naturparkmagazin.de\/am-stettiner-haff\/wp-content\/uploads\/sites\/29\/stettiner-haff.jpg\" \/>\n\t<meta property=\"og:image:width\" content=\"180\" \/>\n\t<meta property=\"og:image:height\" content=\"135\" \/>\n\t<meta property=\"og:image:type\" content=\"image\/jpeg\" \/>\n<meta name=\"author\" content=\"Jochen Elberskirch\" \/>\n<meta name=\"twitter:label1\" content=\"Verfasst von\" \/>\n\t<meta name=\"twitter:data1\" content=\"Jochen Elberskirch\" \/>\n\t<meta name=\"twitter:label2\" content=\"Gesch\u00e4tzte Lesezeit\" \/>\n\t<meta name=\"twitter:data2\" content=\"1\u00a0Minute\" \/>\n<script type=\"application\/ld+json\" class=\"yoast-schema-graph\">{\"@context\":\"https:\/\/schema.org\",\"@graph\":[{\"@type\":\"WebPage\",\"@id\":\"https:\/\/www.naturparkmagazin.de\/am-stettiner-haff\/sport-feuerwehr-und-naturparkfest-in-leopoldshagen\/\",\"url\":\"https:\/\/www.naturparkmagazin.de\/am-stettiner-haff\/sport-feuerwehr-und-naturparkfest-in-leopoldshagen\/\",\"name\":\"Sport-, Feuerwehr und Naturparkfest in Leopoldshagen - Naturpark Am Stettiner Haff\",\"isPartOf\":{\"@id\":\"https:\/\/www.naturparkmagazin.de\/am-stettiner-haff\/#website\"},\"datePublished\":\"2014-07-28T12:11:12+00:00\",\"dateModified\":\"2014-07-29T13:36:47+00:00\",\"author\":{\"@id\":\"https:\/\/www.naturparkmagazin.de\/am-stettiner-haff\/#\/schema\/person\/4a7208080dbbfb024d81129b7960c725\"},\"breadcrumb\":{\"@id\":\"https:\/\/www.naturparkmagazin.de\/am-stettiner-haff\/sport-feuerwehr-und-naturparkfest-in-leopoldshagen\/#breadcrumb\"},\"inLanguage\":\"de\",\"potentialAction\":[{\"@type\":\"ReadAction\",\"target\":[\"https:\/\/www.naturparkmagazin.de\/am-stettiner-haff\/sport-feuerwehr-und-naturparkfest-in-leopoldshagen\/\"]}]},{\"@type\":\"BreadcrumbList\",\"@id\":\"https:\/\/www.naturparkmagazin.de\/am-stettiner-haff\/sport-feuerwehr-und-naturparkfest-in-leopoldshagen\/#breadcrumb\",\"itemListElement\":[{\"@type\":\"ListItem\",\"position\":1,\"name\":\"Home\",\"item\":\"https:\/\/www.naturparkmagazin.de\/am-stettiner-haff\/\"},{\"@type\":\"ListItem\",\"position\":2,\"name\":\"Sport-, Feuerwehr und Naturparkfest in Leopoldshagen\"}]},{\"@type\":\"WebSite\",\"@id\":\"https:\/\/www.naturparkmagazin.de\/am-stettiner-haff\/#website\",\"url\":\"https:\/\/www.naturparkmagazin.de\/am-stettiner-haff\/\",\"name\":\"Naturpark Am Stettiner Haff\",\"description\":\"\",\"potentialAction\":[{\"@type\":\"SearchAction\",\"target\":{\"@type\":\"EntryPoint\",\"urlTemplate\":\"https:\/\/www.naturparkmagazin.de\/am-stettiner-haff\/?s={search_term_string}\"},\"query-input\":\"required name=search_term_string\"}],\"inLanguage\":\"de\"},{\"@type\":\"Person\",\"@id\":\"https:\/\/www.naturparkmagazin.de\/am-stettiner-haff\/#\/schema\/person\/4a7208080dbbfb024d81129b7960c725\",\"name\":\"Jochen Elberskirch\",\"sameAs\":[\"http:\/\/www.naturpark-am-stettiner-haff.de\"],\"url\":\"https:\/\/www.naturparkmagazin.de\/am-stettiner-haff\/author\/jochenelberskirch\/\"}]}<\/script>\n<!-- \/ Yoast SEO plugin. -->","yoast_head_json":{"title":"Sport-, Feuerwehr und Naturparkfest in Leopoldshagen - Naturpark Am Stettiner Haff","robots":{"index":"index","follow":"follow","max-snippet":"max-snippet:-1","max-image-preview":"max-image-preview:large","max-video-preview":"max-video-preview:-1"},"canonical":"https:\/\/www.naturparkmagazin.de\/am-stettiner-haff\/sport-feuerwehr-und-naturparkfest-in-leopoldshagen\/","og_locale":"de_DE","og_type":"article","og_title":"Sport-, Feuerwehr und Naturparkfest in Leopoldshagen - Naturpark Am Stettiner Haff","og_description":"Am kommenden Wochenende wird in Leopoldshagen gefeiert. Neben dem Sportverein und der Freiwilligen Feuerwehr l\u00e4dt der Naturpark Am Stettiner Haff alle herzlich ein mit zu feiern.","og_url":"https:\/\/www.naturparkmagazin.de\/am-stettiner-haff\/sport-feuerwehr-und-naturparkfest-in-leopoldshagen\/","og_site_name":"Naturpark Am Stettiner Haff","article_published_time":"2014-07-28T12:11:12+00:00","article_modified_time":"2014-07-29T13:36:47+00:00","og_image":[{"width":180,"height":135,"url":"https:\/\/www.naturparkmagazin.de\/am-stettiner-haff\/wp-content\/uploads\/sites\/29\/stettiner-haff.jpg","type":"image\/jpeg"}],"author":"Jochen Elberskirch","twitter_misc":{"Verfasst von":"Jochen Elberskirch","Gesch\u00e4tzte Lesezeit":"1\u00a0Minute"},"schema":{"@context":"https:\/\/schema.org","@graph":[{"@type":"WebPage","@id":"https:\/\/www.naturparkmagazin.de\/am-stettiner-haff\/sport-feuerwehr-und-naturparkfest-in-leopoldshagen\/","url":"https:\/\/www.naturparkmagazin.de\/am-stettiner-haff\/sport-feuerwehr-und-naturparkfest-in-leopoldshagen\/","name":"Sport-, Feuerwehr und Naturparkfest in Leopoldshagen - Naturpark Am Stettiner Haff","isPartOf":{"@id":"https:\/\/www.naturparkmagazin.de\/am-stettiner-haff\/#website"},"datePublished":"2014-07-28T12:11:12+00:00","dateModified":"2014-07-29T13:36:47+00:00","author":{"@id":"https:\/\/www.naturparkmagazin.de\/am-stettiner-haff\/#\/schema\/person\/4a7208080dbbfb024d81129b7960c725"},"breadcrumb":{"@id":"https:\/\/www.naturparkmagazin.de\/am-stettiner-haff\/sport-feuerwehr-und-naturparkfest-in-leopoldshagen\/#breadcrumb"},"inLanguage":"de","potentialAction":[{"@type":"ReadAction","target":["https:\/\/www.naturparkmagazin.de\/am-stettiner-haff\/sport-feuerwehr-und-naturparkfest-in-leopoldshagen\/"]}]},{"@type":"BreadcrumbList","@id":"https:\/\/www.naturparkmagazin.de\/am-stettiner-haff\/sport-feuerwehr-und-naturparkfest-in-leopoldshagen\/#breadcrumb","itemListElement":[{"@type":"ListItem","position":1,"name":"Home","item":"https:\/\/www.naturparkmagazin.de\/am-stettiner-haff\/"},{"@type":"ListItem","position":2,"name":"Sport-, Feuerwehr und Naturparkfest in Leopoldshagen"}]},{"@type":"WebSite","@id":"https:\/\/www.naturparkmagazin.de\/am-stettiner-haff\/#website","url":"https:\/\/www.naturparkmagazin.de\/am-stettiner-haff\/","name":"Naturpark Am Stettiner Haff","description":"","potentialAction":[{"@type":"SearchAction","target":{"@type":"EntryPoint","urlTemplate":"https:\/\/www.naturparkmagazin.de\/am-stettiner-haff\/?s={search_term_string}"},"query-input":"required name=search_term_string"}],"inLanguage":"de"},{"@type":"Person","@id":"https:\/\/www.naturparkmagazin.de\/am-stettiner-haff\/#\/schema\/person\/4a7208080dbbfb024d81129b7960c725","name":"Jochen Elberskirch","sameAs":["http:\/\/www.naturpark-am-stettiner-haff.de"],"url":"https:\/\/www.naturparkmagazin.de\/am-stettiner-haff\/author\/jochenelberskirch\/"}]}},"_links":{"self":[{"href":"https:\/\/www.naturparkmagazin.de\/am-stettiner-haff\/wp-json\/wp\/v2\/posts\/978"}],"collection":[{"href":"https:\/\/www.naturparkmagazin.de\/am-stettiner-haff\/wp-json\/wp\/v2\/posts"}],"about":[{"href":"https:\/\/www.naturparkmagazin.de\/am-stettiner-haff\/wp-json\/wp\/v2\/types\/post"}],"author":[{"embeddable":true,"href":"https:\/\/www.naturparkmagazin.de\/am-stettiner-haff\/wp-json\/wp\/v2\/users\/26"}],"replies":[{"embeddable":true,"href":"https:\/\/www.naturparkmagazin.de\/am-stettiner-haff\/wp-json\/wp\/v2\/comments?post=978"}],"version-history":[{"count":3,"href":"https:\/\/www.naturparkmagazin.de\/am-stettiner-haff\/wp-json\/wp\/v2\/posts\/978\/revisions"}],"predecessor-version":[{"id":985,"href":"https:\/\/www.naturparkmagazin.de\/am-stettiner-haff\/wp-json\/wp\/v2\/posts\/978\/revisions\/985"}],"wp:featuredmedia":[{"embeddable":true,"href":"https:\/\/www.naturparkmagazin.de\/am-stettiner-haff\/wp-json\/wp\/v2\/media\/988"}],"wp:attachment":[{"href":"https:\/\/www.naturparkmagazin.de\/am-stettiner-haff\/wp-json\/wp\/v2\/media?parent=978"}],"wp:term":[{"taxonomy":"category","embeddable":true,"href":"https:\/\/www.naturparkmagazin.de\/am-stettiner-haff\/wp-json\/wp\/v2\/categories?post=978"},{"taxonomy":"post_tag","embeddable":true,"href":"https:\/\/www.naturparkmagazin.de\/am-stettiner-haff\/wp-json\/wp\/v2\/tags?post=978"}],"curies":[{"name":"wp","href":"https:\/\/api.w.org\/{rel}","templated":true}]}}