{"id":989,"date":"2014-08-20T14:06:54","date_gmt":"2014-08-20T12:06:54","guid":{"rendered":"http:\/\/www.naturparkmagazin.de\/am-stettiner-haff\/?p=989"},"modified":"2014-08-27T16:58:17","modified_gmt":"2014-08-27T14:58:17","slug":"die-uecker-randow-kogge-geht-auf-reisen","status":"publish","type":"post","link":"https:\/\/www.naturparkmagazin.de\/am-stettiner-haff\/die-uecker-randow-kogge-geht-auf-reisen\/","title":{"rendered":"Die Uecker-Randow-Kogge geht auf Reisen"},"content":{"rendered":"<p>Am 31. August 2014 in aller Fr\u00fche ist es endlich so weit, die Uecker-Randow-Kogge verl\u00e4sst die Werft in Torgelow. Wer nun aber glaubt, dass die Kogge &#8222;ausgeschwommen&#8220; wird irrt. Denn weder liegt die Werft des Vereins &#8222;Historische Werkst\u00e4tten e.V. am Wasser, noch w\u00e4re die Uecker mit Ihren Staustufen und Wehren f\u00fcr dass pr\u00e4chtige Schiff passierbar. Daher kann es gut sein, dass Ihnen am 31. August, einem Sonntag in den fr\u00fchen Morgenstunden eine Kogge auf der Stra\u00dfe begegnet.<\/p>\n<div id=\"attachment_1004\" style=\"width: 1034px\" class=\"wp-caption aligncenter\"><a href=\"https:\/\/www.naturparkmagazin.de\/am-stettiner-haff\/wp-content\/uploads\/sites\/29\/IMG_1891.jpg\"><img aria-describedby=\"caption-attachment-1004\" decoding=\"async\" loading=\"lazy\" class=\"size-full wp-image-1004\" alt=\"Uecker-Randow-Kogge - noch auf der Werdt in Torgelow (Foto:S. Piro)\" src=\"https:\/\/www.naturparkmagazin.de\/am-stettiner-haff\/wp-content\/uploads\/sites\/29\/IMG_1891.jpg\" width=\"1024\" height=\"575\" srcset=\"https:\/\/www.naturparkmagazin.de\/am-stettiner-haff\/wp-content\/uploads\/sites\/29\/IMG_1891.jpg 1024w, https:\/\/www.naturparkmagazin.de\/am-stettiner-haff\/wp-content\/uploads\/sites\/29\/IMG_1891-300x168.jpg 300w, https:\/\/www.naturparkmagazin.de\/am-stettiner-haff\/wp-content\/uploads\/sites\/29\/IMG_1891-620x348.jpg 620w, https:\/\/www.naturparkmagazin.de\/am-stettiner-haff\/wp-content\/uploads\/sites\/29\/IMG_1891-940x528.jpg 940w, https:\/\/www.naturparkmagazin.de\/am-stettiner-haff\/wp-content\/uploads\/sites\/29\/IMG_1891-670x376.jpg 670w, https:\/\/www.naturparkmagazin.de\/am-stettiner-haff\/wp-content\/uploads\/sites\/29\/IMG_1891-200x112.jpg 200w\" sizes=\"(max-width: 1024px) 100vw, 1024px\" \/><\/a><p id=\"caption-attachment-1004\" class=\"wp-caption-text\">Uecker-Randow-Kogge &#8211; noch auf der Werft in Torgelow (Foto:S. Piro)<\/p><\/div>\n<p>Der Spezialtransport startet um 6:00 Uhr in Torgelow und f\u00e4hrt via Eggesin und Hoppenwalde zum Industriehafen Berndshof. Die Ankunft ist f\u00fcr 12:30 Uhr geplant. Mit Hilfe eines Krans soll die Kogge dort ins Wasser gelassen werden. Die letzten Arbeiten an der Kogge, wie z. B. die Installation der Schiffsaufbauten sollen dann in Ueckerm\u00fcnde erfolgen. Die komplette Fertigstellung der Kogge und deren Inbetriebnahme sind f\u00fcr das kommende Jahr geplant.<\/p>\n<p>Wer sich jedoch zuvor die &#8222;Prozession&#8220; gemeinsam mit anderen Interessierten anschauen und dabei ein Tasse Kaffee und ein Br\u00f6tchen zu dieser morgendlichen Stunde genie\u00dfen m\u00f6chte, ist herzlich zu uns in das Besucherinformationszentrum des Naturparks eingeladen. Ab 7:15 Uhr \u00f6ffnen wir an diesem Tag unsere T\u00fcren und warten auf die Kogge.<\/p>\n<p>Der Verein Historische Werkst\u00e4tten e. V. ist bekannt durch seine zahlreichen, sehr gut frequentierten Projekte. So bereichern des Ukranenland, das Castrum Turglowe und die multimedialle Ausstellung in der Villa seit Jahren die touristischen Angebote unserer Region. Auch f\u00fcr Schulklassen sowie f\u00fcr Kinder- und Jugendgruppen ist die Jugendherberge in Torgelow inzwischen eine feste Gr\u00f6\u00dfe geworden. Mit ihren unverwechselbaren Angeboten erfreut sie sich immer gr\u00f6\u00dferer Beliebtheit.<\/p>\n<p>N\u00e4here Informationen zur Uecker-Randow-Kogge, zur Jugendherberge soiwe zu allen weiteren Projekten des Vereins finden sie unter: <a href=\"http:\/\/www.ukranenland.de\">www.ukranenland.de<\/a><\/p>\n<p>&nbsp;<\/p>\n","protected":false},"excerpt":{"rendered":"<p>Am 31. August 2014 in aller Fr\u00fche ist es endlich so weit, die Uecker-Randow-Kogge verl\u00e4sst die Werft in Torgelow. Wer nun aber glaubt, dass die Kogge &#8222;ausgeschommen&#8220; wird irrt. Denn weder liegt die Werft des Vereins &#8222;Historische Werkst\u00e4tten e.V.  am Wasser, noch w\u00e4re die Uecker mit Ihren Staustufen und Wehrenf\u00fcr dass pr\u00e4chtige Schiff passierbar. Daher kann es gut sein, dass Ihnen am 31. August, einem Sonntag in den fr\u00fchen Morgenstunden eine Kogge auf der Stra\u00dfe begegnet.<\/p>\n","protected":false},"author":26,"featured_media":1027,"comment_status":"open","ping_status":"open","sticky":false,"template":"","format":"standard","meta":[],"categories":[7],"tags":[],"yoast_head":"<!-- This site is optimized with the Yoast SEO plugin v19.10 - https:\/\/yoast.com\/wordpress\/plugins\/seo\/ -->\n<title>Die Uecker-Randow-Kogge geht auf Reisen - Naturpark Am Stettiner Haff<\/title>\n<meta name=\"robots\" content=\"index, follow, max-snippet:-1, max-image-preview:large, max-video-preview:-1\" \/>\n<link rel=\"canonical\" href=\"https:\/\/www.naturparkmagazin.de\/am-stettiner-haff\/die-uecker-randow-kogge-geht-auf-reisen\/\" \/>\n<meta property=\"og:locale\" content=\"de_DE\" \/>\n<meta property=\"og:type\" content=\"article\" \/>\n<meta property=\"og:title\" content=\"Die Uecker-Randow-Kogge geht auf Reisen - Naturpark Am Stettiner Haff\" \/>\n<meta property=\"og:description\" content=\"Am 31. August 2014 in aller Fr\u00fche ist es endlich so weit, die Uecker-Randow-Kogge verl\u00e4sst die Werft in Torgelow. Wer nun aber glaubt, dass die Kogge &quot;ausgeschommen&quot; wird irrt. Denn weder liegt die Werft des Vereins &quot;Historische Werkst\u00e4tten e.V. am Wasser, noch w\u00e4re die Uecker mit Ihren Staustufen und Wehrenf\u00fcr dass pr\u00e4chtige Schiff passierbar. Daher kann es gut sein, dass Ihnen am 31. August, einem Sonntag in den fr\u00fchen Morgenstunden eine Kogge auf der Stra\u00dfe begegnet.\" \/>\n<meta property=\"og:url\" content=\"https:\/\/www.naturparkmagazin.de\/am-stettiner-haff\/die-uecker-randow-kogge-geht-auf-reisen\/\" \/>\n<meta property=\"og:site_name\" content=\"Naturpark Am Stettiner Haff\" \/>\n<meta property=\"article:published_time\" content=\"2014-08-20T12:06:54+00:00\" \/>\n<meta property=\"article:modified_time\" content=\"2014-08-27T14:58:17+00:00\" \/>\n<meta property=\"og:image\" content=\"https:\/\/www.naturparkmagazin.de\/am-stettiner-haff\/wp-content\/uploads\/sites\/29\/schiff.jpg\" \/>\n\t<meta property=\"og:image:width\" content=\"180\" \/>\n\t<meta property=\"og:image:height\" content=\"135\" \/>\n\t<meta property=\"og:image:type\" content=\"image\/jpeg\" \/>\n<meta name=\"author\" content=\"Jochen Elberskirch\" \/>\n<meta name=\"twitter:label1\" content=\"Verfasst von\" \/>\n\t<meta name=\"twitter:data1\" content=\"Jochen Elberskirch\" \/>\n\t<meta name=\"twitter:label2\" content=\"Gesch\u00e4tzte Lesezeit\" \/>\n\t<meta name=\"twitter:data2\" content=\"2\u00a0Minuten\" \/>\n<script type=\"application\/ld+json\" class=\"yoast-schema-graph\">{\"@context\":\"https:\/\/schema.org\",\"@graph\":[{\"@type\":\"WebPage\",\"@id\":\"https:\/\/www.naturparkmagazin.de\/am-stettiner-haff\/die-uecker-randow-kogge-geht-auf-reisen\/\",\"url\":\"https:\/\/www.naturparkmagazin.de\/am-stettiner-haff\/die-uecker-randow-kogge-geht-auf-reisen\/\",\"name\":\"Die Uecker-Randow-Kogge geht auf Reisen - Naturpark Am Stettiner Haff\",\"isPartOf\":{\"@id\":\"https:\/\/www.naturparkmagazin.de\/am-stettiner-haff\/#website\"},\"datePublished\":\"2014-08-20T12:06:54+00:00\",\"dateModified\":\"2014-08-27T14:58:17+00:00\",\"author\":{\"@id\":\"https:\/\/www.naturparkmagazin.de\/am-stettiner-haff\/#\/schema\/person\/4a7208080dbbfb024d81129b7960c725\"},\"breadcrumb\":{\"@id\":\"https:\/\/www.naturparkmagazin.de\/am-stettiner-haff\/die-uecker-randow-kogge-geht-auf-reisen\/#breadcrumb\"},\"inLanguage\":\"de\",\"potentialAction\":[{\"@type\":\"ReadAction\",\"target\":[\"https:\/\/www.naturparkmagazin.de\/am-stettiner-haff\/die-uecker-randow-kogge-geht-auf-reisen\/\"]}]},{\"@type\":\"BreadcrumbList\",\"@id\":\"https:\/\/www.naturparkmagazin.de\/am-stettiner-haff\/die-uecker-randow-kogge-geht-auf-reisen\/#breadcrumb\",\"itemListElement\":[{\"@type\":\"ListItem\",\"position\":1,\"name\":\"Home\",\"item\":\"https:\/\/www.naturparkmagazin.de\/am-stettiner-haff\/\"},{\"@type\":\"ListItem\",\"position\":2,\"name\":\"Die Uecker-Randow-Kogge geht auf Reisen\"}]},{\"@type\":\"WebSite\",\"@id\":\"https:\/\/www.naturparkmagazin.de\/am-stettiner-haff\/#website\",\"url\":\"https:\/\/www.naturparkmagazin.de\/am-stettiner-haff\/\",\"name\":\"Naturpark Am Stettiner Haff\",\"description\":\"\",\"potentialAction\":[{\"@type\":\"SearchAction\",\"target\":{\"@type\":\"EntryPoint\",\"urlTemplate\":\"https:\/\/www.naturparkmagazin.de\/am-stettiner-haff\/?s={search_term_string}\"},\"query-input\":\"required name=search_term_string\"}],\"inLanguage\":\"de\"},{\"@type\":\"Person\",\"@id\":\"https:\/\/www.naturparkmagazin.de\/am-stettiner-haff\/#\/schema\/person\/4a7208080dbbfb024d81129b7960c725\",\"name\":\"Jochen Elberskirch\",\"sameAs\":[\"http:\/\/www.naturpark-am-stettiner-haff.de\"],\"url\":\"https:\/\/www.naturparkmagazin.de\/am-stettiner-haff\/author\/jochenelberskirch\/\"}]}<\/script>\n<!-- \/ Yoast SEO plugin. -->","yoast_head_json":{"title":"Die Uecker-Randow-Kogge geht auf Reisen - Naturpark Am Stettiner Haff","robots":{"index":"index","follow":"follow","max-snippet":"max-snippet:-1","max-image-preview":"max-image-preview:large","max-video-preview":"max-video-preview:-1"},"canonical":"https:\/\/www.naturparkmagazin.de\/am-stettiner-haff\/die-uecker-randow-kogge-geht-auf-reisen\/","og_locale":"de_DE","og_type":"article","og_title":"Die Uecker-Randow-Kogge geht auf Reisen - Naturpark Am Stettiner Haff","og_description":"Am 31. August 2014 in aller Fr\u00fche ist es endlich so weit, die Uecker-Randow-Kogge verl\u00e4sst die Werft in Torgelow. Wer nun aber glaubt, dass die Kogge \"ausgeschommen\" wird irrt. Denn weder liegt die Werft des Vereins \"Historische Werkst\u00e4tten e.V. am Wasser, noch w\u00e4re die Uecker mit Ihren Staustufen und Wehrenf\u00fcr dass pr\u00e4chtige Schiff passierbar. Daher kann es gut sein, dass Ihnen am 31. August, einem Sonntag in den fr\u00fchen Morgenstunden eine Kogge auf der Stra\u00dfe begegnet.","og_url":"https:\/\/www.naturparkmagazin.de\/am-stettiner-haff\/die-uecker-randow-kogge-geht-auf-reisen\/","og_site_name":"Naturpark Am Stettiner Haff","article_published_time":"2014-08-20T12:06:54+00:00","article_modified_time":"2014-08-27T14:58:17+00:00","og_image":[{"width":180,"height":135,"url":"https:\/\/www.naturparkmagazin.de\/am-stettiner-haff\/wp-content\/uploads\/sites\/29\/schiff.jpg","type":"image\/jpeg"}],"author":"Jochen Elberskirch","twitter_misc":{"Verfasst von":"Jochen Elberskirch","Gesch\u00e4tzte Lesezeit":"2\u00a0Minuten"},"schema":{"@context":"https:\/\/schema.org","@graph":[{"@type":"WebPage","@id":"https:\/\/www.naturparkmagazin.de\/am-stettiner-haff\/die-uecker-randow-kogge-geht-auf-reisen\/","url":"https:\/\/www.naturparkmagazin.de\/am-stettiner-haff\/die-uecker-randow-kogge-geht-auf-reisen\/","name":"Die Uecker-Randow-Kogge geht auf Reisen - Naturpark Am Stettiner Haff","isPartOf":{"@id":"https:\/\/www.naturparkmagazin.de\/am-stettiner-haff\/#website"},"datePublished":"2014-08-20T12:06:54+00:00","dateModified":"2014-08-27T14:58:17+00:00","author":{"@id":"https:\/\/www.naturparkmagazin.de\/am-stettiner-haff\/#\/schema\/person\/4a7208080dbbfb024d81129b7960c725"},"breadcrumb":{"@id":"https:\/\/www.naturparkmagazin.de\/am-stettiner-haff\/die-uecker-randow-kogge-geht-auf-reisen\/#breadcrumb"},"inLanguage":"de","potentialAction":[{"@type":"ReadAction","target":["https:\/\/www.naturparkmagazin.de\/am-stettiner-haff\/die-uecker-randow-kogge-geht-auf-reisen\/"]}]},{"@type":"BreadcrumbList","@id":"https:\/\/www.naturparkmagazin.de\/am-stettiner-haff\/die-uecker-randow-kogge-geht-auf-reisen\/#breadcrumb","itemListElement":[{"@type":"ListItem","position":1,"name":"Home","item":"https:\/\/www.naturparkmagazin.de\/am-stettiner-haff\/"},{"@type":"ListItem","position":2,"name":"Die Uecker-Randow-Kogge geht auf Reisen"}]},{"@type":"WebSite","@id":"https:\/\/www.naturparkmagazin.de\/am-stettiner-haff\/#website","url":"https:\/\/www.naturparkmagazin.de\/am-stettiner-haff\/","name":"Naturpark Am Stettiner Haff","description":"","potentialAction":[{"@type":"SearchAction","target":{"@type":"EntryPoint","urlTemplate":"https:\/\/www.naturparkmagazin.de\/am-stettiner-haff\/?s={search_term_string}"},"query-input":"required name=search_term_string"}],"inLanguage":"de"},{"@type":"Person","@id":"https:\/\/www.naturparkmagazin.de\/am-stettiner-haff\/#\/schema\/person\/4a7208080dbbfb024d81129b7960c725","name":"Jochen Elberskirch","sameAs":["http:\/\/www.naturpark-am-stettiner-haff.de"],"url":"https:\/\/www.naturparkmagazin.de\/am-stettiner-haff\/author\/jochenelberskirch\/"}]}},"_links":{"self":[{"href":"https:\/\/www.naturparkmagazin.de\/am-stettiner-haff\/wp-json\/wp\/v2\/posts\/989"}],"collection":[{"href":"https:\/\/www.naturparkmagazin.de\/am-stettiner-haff\/wp-json\/wp\/v2\/posts"}],"about":[{"href":"https:\/\/www.naturparkmagazin.de\/am-stettiner-haff\/wp-json\/wp\/v2\/types\/post"}],"author":[{"embeddable":true,"href":"https:\/\/www.naturparkmagazin.de\/am-stettiner-haff\/wp-json\/wp\/v2\/users\/26"}],"replies":[{"embeddable":true,"href":"https:\/\/www.naturparkmagazin.de\/am-stettiner-haff\/wp-json\/wp\/v2\/comments?post=989"}],"version-history":[{"count":9,"href":"https:\/\/www.naturparkmagazin.de\/am-stettiner-haff\/wp-json\/wp\/v2\/posts\/989\/revisions"}],"predecessor-version":[{"id":1022,"href":"https:\/\/www.naturparkmagazin.de\/am-stettiner-haff\/wp-json\/wp\/v2\/posts\/989\/revisions\/1022"}],"wp:featuredmedia":[{"embeddable":true,"href":"https:\/\/www.naturparkmagazin.de\/am-stettiner-haff\/wp-json\/wp\/v2\/media\/1027"}],"wp:attachment":[{"href":"https:\/\/www.naturparkmagazin.de\/am-stettiner-haff\/wp-json\/wp\/v2\/media?parent=989"}],"wp:term":[{"taxonomy":"category","embeddable":true,"href":"https:\/\/www.naturparkmagazin.de\/am-stettiner-haff\/wp-json\/wp\/v2\/categories?post=989"},{"taxonomy":"post_tag","embeddable":true,"href":"https:\/\/www.naturparkmagazin.de\/am-stettiner-haff\/wp-json\/wp\/v2\/tags?post=989"}],"curies":[{"name":"wp","href":"https:\/\/api.w.org\/{rel}","templated":true}]}}