{"id":995,"date":"2014-08-20T14:19:40","date_gmt":"2014-08-20T12:19:40","guid":{"rendered":"http:\/\/www.naturparkmagazin.de\/am-stettiner-haff\/?p=995"},"modified":"2014-08-21T15:26:30","modified_gmt":"2014-08-21T13:26:30","slug":"umweltbildungsfachtag-2014","status":"publish","type":"post","link":"https:\/\/www.naturparkmagazin.de\/am-stettiner-haff\/umweltbildungsfachtag-2014\/","title":{"rendered":"Umweltbildungsfachtag 2014"},"content":{"rendered":"<p><img decoding=\"async\" loading=\"lazy\" class=\"aligncenter size-full wp-image-997\" alt=\"140724_ankuendigung (2)\" src=\"https:\/\/www.naturparkmagazin.de\/am-stettiner-haff\/wp-content\/uploads\/sites\/29\/140724_ankuendigung-2.jpg\" width=\"725\" height=\"1024\" \/><\/p>\n<p>Am <strong>18. September 2014<\/strong> findet der 4. Umweltbildungsfachtag im Landkreis Vorpommern-Greifswald statt. Die Kooperationsveranstaltung der Vereinigten Volkshochschulen und der Naturparke &#8222;Insel Usedom&#8220;, &#8222;Flusslandschaft Peenetal&#8220; und &#8222;Am Stettiner Haff&#8220; findet in diesem Jahr unter der Federf\u00fchrung des Naturparks &#8222;Am Stettiner Haff&#8220; in der Villa Torgelow statt. Ab 14:30 Uhr startet das diesj\u00e4hrige Programm mit Fachvortr\u00e4gen. Gegen 16:00 Uhr k\u00f6nnen sich dann die G\u00e4ste \u00fcber die Umweltbildungsangebote im Landkreis direkt informieren. Neben den Naturparken werden u.a. das Zentrum f\u00fcr Erlebnisp\u00e4dagogik\u00a0 Ueckerm\u00fcnde und der Verein Historische Werkst\u00e4tten e. V. ihre Angebote pr\u00e4sentieren.<\/p>\n<p>Alle Interssierten sid herzlich eingeladen.<\/p>\n<p>&nbsp;<\/p>\n<p>&nbsp;<\/p>\n","protected":false},"excerpt":{"rendered":"<p>Am 18. September 2014 findet der 4. Umweltbildungsfachtag im Landkreis Vorpommern-Greifswald statt. Die Kooperationsveranstaltung der Vereinigten Volkshochschulen und der Naturparke &#8222;Insel Usedom&#8220;, &#8222;Flusslandschaft Peenetal&#8220; und &#8222;Am Stettiner Haff&#8220; findet in diesem Jahr unter der Federf\u00fchrung des Naturparks &#8222;Am Stettiner Haff&#8220; in der Villa Torgelow statt. Ab 14:30 Uhr startet das diesj\u00e4hrige Programm mit Fachvortr\u00e4gen. Gegen<\/p>\n","protected":false},"author":26,"featured_media":997,"comment_status":"open","ping_status":"open","sticky":false,"template":"","format":"standard","meta":[],"categories":[11],"tags":[],"yoast_head":"<!-- This site is optimized with the Yoast SEO plugin v19.10 - https:\/\/yoast.com\/wordpress\/plugins\/seo\/ -->\n<title>Umweltbildungsfachtag 2014  - Naturpark Am Stettiner Haff<\/title>\n<meta name=\"robots\" content=\"index, follow, max-snippet:-1, max-image-preview:large, max-video-preview:-1\" \/>\n<link rel=\"canonical\" href=\"https:\/\/www.naturparkmagazin.de\/am-stettiner-haff\/umweltbildungsfachtag-2014\/\" \/>\n<meta property=\"og:locale\" content=\"de_DE\" \/>\n<meta property=\"og:type\" content=\"article\" \/>\n<meta property=\"og:title\" content=\"Umweltbildungsfachtag 2014  - Naturpark Am Stettiner Haff\" \/>\n<meta property=\"og:description\" content=\"Am 18. September 2014 findet der 4. Umweltbildungsfachtag im Landkreis Vorpommern-Greifswald statt. Die Kooperationsveranstaltung der Vereinigten Volkshochschulen und der Naturparke &#8222;Insel Usedom&#8220;, &#8222;Flusslandschaft Peenetal&#8220; und &#8222;Am Stettiner Haff&#8220; findet in diesem Jahr unter der Federf\u00fchrung des Naturparks &#8222;Am Stettiner Haff&#8220; in der Villa Torgelow statt. Ab 14:30 Uhr startet das diesj\u00e4hrige Programm mit Fachvortr\u00e4gen. Gegen\" \/>\n<meta property=\"og:url\" content=\"https:\/\/www.naturparkmagazin.de\/am-stettiner-haff\/umweltbildungsfachtag-2014\/\" \/>\n<meta property=\"og:site_name\" content=\"Naturpark Am Stettiner Haff\" \/>\n<meta property=\"article:published_time\" content=\"2014-08-20T12:19:40+00:00\" \/>\n<meta property=\"article:modified_time\" content=\"2014-08-21T13:26:30+00:00\" \/>\n<meta property=\"og:image\" content=\"https:\/\/www.naturparkmagazin.de\/am-stettiner-haff\/wp-content\/uploads\/sites\/29\/140724_ankuendigung-2-e1408627489698.jpg\" \/>\n\t<meta property=\"og:image:width\" content=\"724\" \/>\n\t<meta property=\"og:image:height\" content=\"509\" \/>\n\t<meta property=\"og:image:type\" content=\"image\/jpeg\" \/>\n<meta name=\"author\" content=\"Jochen Elberskirch\" \/>\n<meta name=\"twitter:label1\" content=\"Verfasst von\" \/>\n\t<meta name=\"twitter:data1\" content=\"Jochen Elberskirch\" \/>\n\t<meta name=\"twitter:label2\" content=\"Gesch\u00e4tzte Lesezeit\" \/>\n\t<meta name=\"twitter:data2\" content=\"1\u00a0Minute\" \/>\n<script type=\"application\/ld+json\" class=\"yoast-schema-graph\">{\"@context\":\"https:\/\/schema.org\",\"@graph\":[{\"@type\":\"WebPage\",\"@id\":\"https:\/\/www.naturparkmagazin.de\/am-stettiner-haff\/umweltbildungsfachtag-2014\/\",\"url\":\"https:\/\/www.naturparkmagazin.de\/am-stettiner-haff\/umweltbildungsfachtag-2014\/\",\"name\":\"Umweltbildungsfachtag 2014 - Naturpark Am Stettiner Haff\",\"isPartOf\":{\"@id\":\"https:\/\/www.naturparkmagazin.de\/am-stettiner-haff\/#website\"},\"datePublished\":\"2014-08-20T12:19:40+00:00\",\"dateModified\":\"2014-08-21T13:26:30+00:00\",\"author\":{\"@id\":\"https:\/\/www.naturparkmagazin.de\/am-stettiner-haff\/#\/schema\/person\/4a7208080dbbfb024d81129b7960c725\"},\"breadcrumb\":{\"@id\":\"https:\/\/www.naturparkmagazin.de\/am-stettiner-haff\/umweltbildungsfachtag-2014\/#breadcrumb\"},\"inLanguage\":\"de\",\"potentialAction\":[{\"@type\":\"ReadAction\",\"target\":[\"https:\/\/www.naturparkmagazin.de\/am-stettiner-haff\/umweltbildungsfachtag-2014\/\"]}]},{\"@type\":\"BreadcrumbList\",\"@id\":\"https:\/\/www.naturparkmagazin.de\/am-stettiner-haff\/umweltbildungsfachtag-2014\/#breadcrumb\",\"itemListElement\":[{\"@type\":\"ListItem\",\"position\":1,\"name\":\"Home\",\"item\":\"https:\/\/www.naturparkmagazin.de\/am-stettiner-haff\/\"},{\"@type\":\"ListItem\",\"position\":2,\"name\":\"Umweltbildungsfachtag 2014\"}]},{\"@type\":\"WebSite\",\"@id\":\"https:\/\/www.naturparkmagazin.de\/am-stettiner-haff\/#website\",\"url\":\"https:\/\/www.naturparkmagazin.de\/am-stettiner-haff\/\",\"name\":\"Naturpark Am Stettiner Haff\",\"description\":\"\",\"potentialAction\":[{\"@type\":\"SearchAction\",\"target\":{\"@type\":\"EntryPoint\",\"urlTemplate\":\"https:\/\/www.naturparkmagazin.de\/am-stettiner-haff\/?s={search_term_string}\"},\"query-input\":\"required name=search_term_string\"}],\"inLanguage\":\"de\"},{\"@type\":\"Person\",\"@id\":\"https:\/\/www.naturparkmagazin.de\/am-stettiner-haff\/#\/schema\/person\/4a7208080dbbfb024d81129b7960c725\",\"name\":\"Jochen Elberskirch\",\"sameAs\":[\"http:\/\/www.naturpark-am-stettiner-haff.de\"],\"url\":\"https:\/\/www.naturparkmagazin.de\/am-stettiner-haff\/author\/jochenelberskirch\/\"}]}<\/script>\n<!-- \/ Yoast SEO plugin. -->","yoast_head_json":{"title":"Umweltbildungsfachtag 2014  - Naturpark Am Stettiner Haff","robots":{"index":"index","follow":"follow","max-snippet":"max-snippet:-1","max-image-preview":"max-image-preview:large","max-video-preview":"max-video-preview:-1"},"canonical":"https:\/\/www.naturparkmagazin.de\/am-stettiner-haff\/umweltbildungsfachtag-2014\/","og_locale":"de_DE","og_type":"article","og_title":"Umweltbildungsfachtag 2014  - Naturpark Am Stettiner Haff","og_description":"Am 18. September 2014 findet der 4. Umweltbildungsfachtag im Landkreis Vorpommern-Greifswald statt. Die Kooperationsveranstaltung der Vereinigten Volkshochschulen und der Naturparke &#8222;Insel Usedom&#8220;, &#8222;Flusslandschaft Peenetal&#8220; und &#8222;Am Stettiner Haff&#8220; findet in diesem Jahr unter der Federf\u00fchrung des Naturparks &#8222;Am Stettiner Haff&#8220; in der Villa Torgelow statt. Ab 14:30 Uhr startet das diesj\u00e4hrige Programm mit Fachvortr\u00e4gen. Gegen","og_url":"https:\/\/www.naturparkmagazin.de\/am-stettiner-haff\/umweltbildungsfachtag-2014\/","og_site_name":"Naturpark Am Stettiner Haff","article_published_time":"2014-08-20T12:19:40+00:00","article_modified_time":"2014-08-21T13:26:30+00:00","og_image":[{"width":724,"height":509,"url":"https:\/\/www.naturparkmagazin.de\/am-stettiner-haff\/wp-content\/uploads\/sites\/29\/140724_ankuendigung-2-e1408627489698.jpg","type":"image\/jpeg"}],"author":"Jochen Elberskirch","twitter_misc":{"Verfasst von":"Jochen Elberskirch","Gesch\u00e4tzte Lesezeit":"1\u00a0Minute"},"schema":{"@context":"https:\/\/schema.org","@graph":[{"@type":"WebPage","@id":"https:\/\/www.naturparkmagazin.de\/am-stettiner-haff\/umweltbildungsfachtag-2014\/","url":"https:\/\/www.naturparkmagazin.de\/am-stettiner-haff\/umweltbildungsfachtag-2014\/","name":"Umweltbildungsfachtag 2014 - Naturpark Am Stettiner Haff","isPartOf":{"@id":"https:\/\/www.naturparkmagazin.de\/am-stettiner-haff\/#website"},"datePublished":"2014-08-20T12:19:40+00:00","dateModified":"2014-08-21T13:26:30+00:00","author":{"@id":"https:\/\/www.naturparkmagazin.de\/am-stettiner-haff\/#\/schema\/person\/4a7208080dbbfb024d81129b7960c725"},"breadcrumb":{"@id":"https:\/\/www.naturparkmagazin.de\/am-stettiner-haff\/umweltbildungsfachtag-2014\/#breadcrumb"},"inLanguage":"de","potentialAction":[{"@type":"ReadAction","target":["https:\/\/www.naturparkmagazin.de\/am-stettiner-haff\/umweltbildungsfachtag-2014\/"]}]},{"@type":"BreadcrumbList","@id":"https:\/\/www.naturparkmagazin.de\/am-stettiner-haff\/umweltbildungsfachtag-2014\/#breadcrumb","itemListElement":[{"@type":"ListItem","position":1,"name":"Home","item":"https:\/\/www.naturparkmagazin.de\/am-stettiner-haff\/"},{"@type":"ListItem","position":2,"name":"Umweltbildungsfachtag 2014"}]},{"@type":"WebSite","@id":"https:\/\/www.naturparkmagazin.de\/am-stettiner-haff\/#website","url":"https:\/\/www.naturparkmagazin.de\/am-stettiner-haff\/","name":"Naturpark Am Stettiner Haff","description":"","potentialAction":[{"@type":"SearchAction","target":{"@type":"EntryPoint","urlTemplate":"https:\/\/www.naturparkmagazin.de\/am-stettiner-haff\/?s={search_term_string}"},"query-input":"required name=search_term_string"}],"inLanguage":"de"},{"@type":"Person","@id":"https:\/\/www.naturparkmagazin.de\/am-stettiner-haff\/#\/schema\/person\/4a7208080dbbfb024d81129b7960c725","name":"Jochen Elberskirch","sameAs":["http:\/\/www.naturpark-am-stettiner-haff.de"],"url":"https:\/\/www.naturparkmagazin.de\/am-stettiner-haff\/author\/jochenelberskirch\/"}]}},"_links":{"self":[{"href":"https:\/\/www.naturparkmagazin.de\/am-stettiner-haff\/wp-json\/wp\/v2\/posts\/995"}],"collection":[{"href":"https:\/\/www.naturparkmagazin.de\/am-stettiner-haff\/wp-json\/wp\/v2\/posts"}],"about":[{"href":"https:\/\/www.naturparkmagazin.de\/am-stettiner-haff\/wp-json\/wp\/v2\/types\/post"}],"author":[{"embeddable":true,"href":"https:\/\/www.naturparkmagazin.de\/am-stettiner-haff\/wp-json\/wp\/v2\/users\/26"}],"replies":[{"embeddable":true,"href":"https:\/\/www.naturparkmagazin.de\/am-stettiner-haff\/wp-json\/wp\/v2\/comments?post=995"}],"version-history":[{"count":4,"href":"https:\/\/www.naturparkmagazin.de\/am-stettiner-haff\/wp-json\/wp\/v2\/posts\/995\/revisions"}],"predecessor-version":[{"id":1023,"href":"https:\/\/www.naturparkmagazin.de\/am-stettiner-haff\/wp-json\/wp\/v2\/posts\/995\/revisions\/1023"}],"wp:featuredmedia":[{"embeddable":true,"href":"https:\/\/www.naturparkmagazin.de\/am-stettiner-haff\/wp-json\/wp\/v2\/media\/997"}],"wp:attachment":[{"href":"https:\/\/www.naturparkmagazin.de\/am-stettiner-haff\/wp-json\/wp\/v2\/media?parent=995"}],"wp:term":[{"taxonomy":"category","embeddable":true,"href":"https:\/\/www.naturparkmagazin.de\/am-stettiner-haff\/wp-json\/wp\/v2\/categories?post=995"},{"taxonomy":"post_tag","embeddable":true,"href":"https:\/\/www.naturparkmagazin.de\/am-stettiner-haff\/wp-json\/wp\/v2\/tags?post=995"}],"curies":[{"name":"wp","href":"https:\/\/api.w.org\/{rel}","templated":true}]}}