{"id":2361,"date":"2014-05-01T03:41:43","date_gmt":"2014-05-01T01:41:43","guid":{"rendered":"http:\/\/www.naturparkmagazin.de\/bild-des-tages\/?p=2361"},"modified":"2014-04-28T11:36:46","modified_gmt":"2014-04-28T09:36:46","slug":"der-mai-ist-gekommen","status":"publish","type":"post","link":"https:\/\/www.naturparkmagazin.de\/bild-des-tages\/der-mai-ist-gekommen\/","title":{"rendered":"Der Mai ist gekommen"},"content":{"rendered":"<p><strong>Der Mai ist gekommen, die B\u00e4ume schlagen aus.<\/strong>\n<strong> Da bleibe, wer Lust hat, mit Sorgen zu Haus.<\/strong>\n<strong> Wie die Wolken wandern am himmlischen Zelt,<\/strong>\n<strong> So steht auch mir der Sinn in die weite, weite Welt.<\/strong><\/p>\n<p><strong>Herr Vater, Frau Mutter, da\u00df Gott euch beh\u00fct&#8216;!<\/strong>\n<strong> Wer wei\u00df, wo in der Ferne mein Gl\u00fcck mir noch bl\u00fcht.<\/strong>\n<strong> Es gibt so manche Stra\u00dfe, da nimmer ich marschiert;<\/strong>\n<strong> Es gibt so manchen Wein, den ich nimmer noch probiert.<\/strong><\/p>\n<p><strong>Frisch auf drum, frisch auf im hellen Sonnenstrahl,<\/strong>\n<strong> Wohl \u00fcber die Berge, wohl durch das tiefe Tal!<\/strong>\n<strong> Die Quellen erklingen, die B\u00e4ume rauschen all &#8211;<\/strong>\n<strong> Mein Herz ist wie&#8217;ne Lerche und stimmet ein mit Schall.<\/strong><\/p>\n<p><strong>Und abends im St\u00e4dtchen, da kehr ich durstig ein:<\/strong>\n<strong> Herr Wirt, mein Herr Wirt, eine Kanne blanken Wein!<\/strong>\n<strong> Ergreife die Fiedel, du lustiger Spielmann du,<\/strong>\n<strong> von meinem Schatz das Liedel das sing ich dazu.<\/strong><\/p>\n<p><strong>Und find ich keine Herberg&#8216;, so lieg&#8216; ich zur Nacht<\/strong>\n<strong> wohl unter blauem Himmel, die Sterne halten Wacht.<\/strong>\n<strong> im Winde die Linde, die rauscht mich ein gemach,<\/strong>\n<strong> es k\u00fcsset in der Fr\u00fch&#8216; das Morgenrot mich wach.<\/strong><\/p>\n<p><strong>O Wandern, o Wandern, Du freie Burschenlust!<\/strong>\n<strong> Da wehet Gottes Odem so frisch in die Brust;<\/strong>\n<strong> Da singet und jauchzet das Herz zum Himmelszelt:<\/strong>\n<strong> Wie bist du doch so sch\u00f6n, o du weite, weite Welt!<\/strong><\/p>\n<p>&#8211; <a href=\"https:\/\/www.naturparkmagazin.de\/bild-des-tages\/?p=2361\" target=\"_blank\">Emanuel Geibel<\/a><\/p>\n","protected":false},"excerpt":{"rendered":"<p>Der Mai ist gekommen, die B\u00e4ume schlagen aus. Da bleibe, wer Lust hat, mit Sorgen zu Haus. Wie die Wolken wandern am himmlischen Zelt, So steht auch mir der Sinn in die weite, weite Welt. Herr Vater, Frau Mutter, da\u00df Gott euch beh\u00fct&#8216;! Wer wei\u00df, wo in der Ferne mein Gl\u00fcck mir noch bl\u00fcht. Es<\/p>\n","protected":false},"author":1,"featured_media":2651,"comment_status":"open","ping_status":"open","sticky":false,"template":"","format":"image","meta":[],"categories":[76],"tags":[],"yoast_head":"<!-- This site is optimized with the Yoast SEO plugin v19.10 - https:\/\/yoast.com\/wordpress\/plugins\/seo\/ -->\n<title>Der Mai ist gekommen - Bild des Tages<\/title>\n<meta name=\"robots\" content=\"index, follow, max-snippet:-1, max-image-preview:large, max-video-preview:-1\" \/>\n<link rel=\"canonical\" href=\"https:\/\/www.naturparkmagazin.de\/bild-des-tages\/der-mai-ist-gekommen\/\" \/>\n<meta property=\"og:locale\" content=\"de_DE\" \/>\n<meta property=\"og:type\" content=\"article\" \/>\n<meta property=\"og:title\" content=\"Der Mai ist gekommen - Bild des Tages\" \/>\n<meta property=\"og:description\" content=\"Der Mai ist gekommen, die B\u00e4ume schlagen aus. Da bleibe, wer Lust hat, mit Sorgen zu Haus. Wie die Wolken wandern am himmlischen Zelt, So steht auch mir der Sinn in die weite, weite Welt. Herr Vater, Frau Mutter, da\u00df Gott euch beh\u00fct&#8216;! Wer wei\u00df, wo in der Ferne mein Gl\u00fcck mir noch bl\u00fcht. Es\" \/>\n<meta property=\"og:url\" content=\"https:\/\/www.naturparkmagazin.de\/bild-des-tages\/der-mai-ist-gekommen\/\" \/>\n<meta property=\"og:site_name\" content=\"Bild des Tages\" \/>\n<meta property=\"article:author\" content=\"http:\/\/www.facebook.com\/Naturparkmagazin\" \/>\n<meta property=\"article:published_time\" content=\"2014-05-01T01:41:43+00:00\" \/>\n<meta property=\"article:modified_time\" content=\"2014-04-28T09:36:46+00:00\" \/>\n<meta property=\"og:image\" content=\"https:\/\/www.naturparkmagazin.de\/bild-des-tages\/wp-content\/uploads\/sites\/36\/Maik\u00e4fer-\u2013-\u00a9-VDNBenedikt-Kn\u00fctte-Bayerische-Rh\u00f6n.jpg\" \/>\n\t<meta property=\"og:image:width\" content=\"1024\" \/>\n\t<meta property=\"og:image:height\" content=\"725\" \/>\n\t<meta property=\"og:image:type\" content=\"image\/jpeg\" \/>\n<meta name=\"author\" content=\"Naturparkmagazin\" \/>\n<meta name=\"twitter:label1\" content=\"Verfasst von\" \/>\n\t<meta name=\"twitter:data1\" content=\"Naturparkmagazin\" \/>\n\t<meta name=\"twitter:label2\" content=\"Gesch\u00e4tzte Lesezeit\" \/>\n\t<meta name=\"twitter:data2\" content=\"1\u00a0Minute\" \/>\n<script type=\"application\/ld+json\" class=\"yoast-schema-graph\">{\"@context\":\"https:\/\/schema.org\",\"@graph\":[{\"@type\":\"WebPage\",\"@id\":\"https:\/\/www.naturparkmagazin.de\/bild-des-tages\/der-mai-ist-gekommen\/\",\"url\":\"https:\/\/www.naturparkmagazin.de\/bild-des-tages\/der-mai-ist-gekommen\/\",\"name\":\"Der Mai ist gekommen - Bild des Tages\",\"isPartOf\":{\"@id\":\"https:\/\/www.naturparkmagazin.de\/bild-des-tages\/#website\"},\"datePublished\":\"2014-05-01T01:41:43+00:00\",\"dateModified\":\"2014-04-28T09:36:46+00:00\",\"author\":{\"@id\":\"https:\/\/www.naturparkmagazin.de\/bild-des-tages\/#\/schema\/person\/78401f0ac30388d59dcde890ef16d102\"},\"breadcrumb\":{\"@id\":\"https:\/\/www.naturparkmagazin.de\/bild-des-tages\/der-mai-ist-gekommen\/#breadcrumb\"},\"inLanguage\":\"de\",\"potentialAction\":[{\"@type\":\"ReadAction\",\"target\":[\"https:\/\/www.naturparkmagazin.de\/bild-des-tages\/der-mai-ist-gekommen\/\"]}]},{\"@type\":\"BreadcrumbList\",\"@id\":\"https:\/\/www.naturparkmagazin.de\/bild-des-tages\/der-mai-ist-gekommen\/#breadcrumb\",\"itemListElement\":[{\"@type\":\"ListItem\",\"position\":1,\"name\":\"Home\",\"item\":\"https:\/\/www.naturparkmagazin.de\/bild-des-tages\/\"},{\"@type\":\"ListItem\",\"position\":2,\"name\":\"Der Mai ist gekommen\"}]},{\"@type\":\"WebSite\",\"@id\":\"https:\/\/www.naturparkmagazin.de\/bild-des-tages\/#website\",\"url\":\"https:\/\/www.naturparkmagazin.de\/bild-des-tages\/\",\"name\":\"Bild des Tages\",\"description\":\"\",\"potentialAction\":[{\"@type\":\"SearchAction\",\"target\":{\"@type\":\"EntryPoint\",\"urlTemplate\":\"https:\/\/www.naturparkmagazin.de\/bild-des-tages\/?s={search_term_string}\"},\"query-input\":\"required name=search_term_string\"}],\"inLanguage\":\"de\"},{\"@type\":\"Person\",\"@id\":\"https:\/\/www.naturparkmagazin.de\/bild-des-tages\/#\/schema\/person\/78401f0ac30388d59dcde890ef16d102\",\"name\":\"Naturparkmagazin\",\"sameAs\":[\"http:\/\/www.facebook.com\/Naturparkmagazin\",\"https:\/\/twitter.com\/naturparkmag\"],\"url\":\"https:\/\/www.naturparkmagazin.de\/bild-des-tages\/author\/novadmin\/\"}]}<\/script>\n<!-- \/ Yoast SEO plugin. -->","yoast_head_json":{"title":"Der Mai ist gekommen - Bild des Tages","robots":{"index":"index","follow":"follow","max-snippet":"max-snippet:-1","max-image-preview":"max-image-preview:large","max-video-preview":"max-video-preview:-1"},"canonical":"https:\/\/www.naturparkmagazin.de\/bild-des-tages\/der-mai-ist-gekommen\/","og_locale":"de_DE","og_type":"article","og_title":"Der Mai ist gekommen - Bild des Tages","og_description":"Der Mai ist gekommen, die B\u00e4ume schlagen aus. Da bleibe, wer Lust hat, mit Sorgen zu Haus. Wie die Wolken wandern am himmlischen Zelt, So steht auch mir der Sinn in die weite, weite Welt. Herr Vater, Frau Mutter, da\u00df Gott euch beh\u00fct&#8216;! Wer wei\u00df, wo in der Ferne mein Gl\u00fcck mir noch bl\u00fcht. Es","og_url":"https:\/\/www.naturparkmagazin.de\/bild-des-tages\/der-mai-ist-gekommen\/","og_site_name":"Bild des Tages","article_author":"http:\/\/www.facebook.com\/Naturparkmagazin","article_published_time":"2014-05-01T01:41:43+00:00","article_modified_time":"2014-04-28T09:36:46+00:00","og_image":[{"width":1024,"height":725,"url":"https:\/\/www.naturparkmagazin.de\/bild-des-tages\/wp-content\/uploads\/sites\/36\/Maik\u00e4fer-\u2013-\u00a9-VDNBenedikt-Kn\u00fctte-Bayerische-Rh\u00f6n.jpg","type":"image\/jpeg"}],"author":"Naturparkmagazin","twitter_misc":{"Verfasst von":"Naturparkmagazin","Gesch\u00e4tzte Lesezeit":"1\u00a0Minute"},"schema":{"@context":"https:\/\/schema.org","@graph":[{"@type":"WebPage","@id":"https:\/\/www.naturparkmagazin.de\/bild-des-tages\/der-mai-ist-gekommen\/","url":"https:\/\/www.naturparkmagazin.de\/bild-des-tages\/der-mai-ist-gekommen\/","name":"Der Mai ist gekommen - Bild des Tages","isPartOf":{"@id":"https:\/\/www.naturparkmagazin.de\/bild-des-tages\/#website"},"datePublished":"2014-05-01T01:41:43+00:00","dateModified":"2014-04-28T09:36:46+00:00","author":{"@id":"https:\/\/www.naturparkmagazin.de\/bild-des-tages\/#\/schema\/person\/78401f0ac30388d59dcde890ef16d102"},"breadcrumb":{"@id":"https:\/\/www.naturparkmagazin.de\/bild-des-tages\/der-mai-ist-gekommen\/#breadcrumb"},"inLanguage":"de","potentialAction":[{"@type":"ReadAction","target":["https:\/\/www.naturparkmagazin.de\/bild-des-tages\/der-mai-ist-gekommen\/"]}]},{"@type":"BreadcrumbList","@id":"https:\/\/www.naturparkmagazin.de\/bild-des-tages\/der-mai-ist-gekommen\/#breadcrumb","itemListElement":[{"@type":"ListItem","position":1,"name":"Home","item":"https:\/\/www.naturparkmagazin.de\/bild-des-tages\/"},{"@type":"ListItem","position":2,"name":"Der Mai ist gekommen"}]},{"@type":"WebSite","@id":"https:\/\/www.naturparkmagazin.de\/bild-des-tages\/#website","url":"https:\/\/www.naturparkmagazin.de\/bild-des-tages\/","name":"Bild des Tages","description":"","potentialAction":[{"@type":"SearchAction","target":{"@type":"EntryPoint","urlTemplate":"https:\/\/www.naturparkmagazin.de\/bild-des-tages\/?s={search_term_string}"},"query-input":"required name=search_term_string"}],"inLanguage":"de"},{"@type":"Person","@id":"https:\/\/www.naturparkmagazin.de\/bild-des-tages\/#\/schema\/person\/78401f0ac30388d59dcde890ef16d102","name":"Naturparkmagazin","sameAs":["http:\/\/www.facebook.com\/Naturparkmagazin","https:\/\/twitter.com\/naturparkmag"],"url":"https:\/\/www.naturparkmagazin.de\/bild-des-tages\/author\/novadmin\/"}]}},"_links":{"self":[{"href":"https:\/\/www.naturparkmagazin.de\/bild-des-tages\/wp-json\/wp\/v2\/posts\/2361"}],"collection":[{"href":"https:\/\/www.naturparkmagazin.de\/bild-des-tages\/wp-json\/wp\/v2\/posts"}],"about":[{"href":"https:\/\/www.naturparkmagazin.de\/bild-des-tages\/wp-json\/wp\/v2\/types\/post"}],"author":[{"embeddable":true,"href":"https:\/\/www.naturparkmagazin.de\/bild-des-tages\/wp-json\/wp\/v2\/users\/1"}],"replies":[{"embeddable":true,"href":"https:\/\/www.naturparkmagazin.de\/bild-des-tages\/wp-json\/wp\/v2\/comments?post=2361"}],"version-history":[{"count":3,"href":"https:\/\/www.naturparkmagazin.de\/bild-des-tages\/wp-json\/wp\/v2\/posts\/2361\/revisions"}],"predecessor-version":[{"id":2849,"href":"https:\/\/www.naturparkmagazin.de\/bild-des-tages\/wp-json\/wp\/v2\/posts\/2361\/revisions\/2849"}],"wp:featuredmedia":[{"embeddable":true,"href":"https:\/\/www.naturparkmagazin.de\/bild-des-tages\/wp-json\/wp\/v2\/media\/2651"}],"wp:attachment":[{"href":"https:\/\/www.naturparkmagazin.de\/bild-des-tages\/wp-json\/wp\/v2\/media?parent=2361"}],"wp:term":[{"taxonomy":"category","embeddable":true,"href":"https:\/\/www.naturparkmagazin.de\/bild-des-tages\/wp-json\/wp\/v2\/categories?post=2361"},{"taxonomy":"post_tag","embeddable":true,"href":"https:\/\/www.naturparkmagazin.de\/bild-des-tages\/wp-json\/wp\/v2\/tags?post=2361"}],"curies":[{"name":"wp","href":"https:\/\/api.w.org\/{rel}","templated":true}]}}