{"id":1005,"date":"2015-04-16T22:14:35","date_gmt":"2015-04-16T20:14:35","guid":{"rendered":"http:\/\/www.naturparkmagazin.de\/dahme-heideseen\/?p=1005"},"modified":"2015-04-28T11:00:40","modified_gmt":"2015-04-28T09:00:40","slug":"liebe-leserin-lieber-leser-7","status":"publish","type":"post","link":"https:\/\/www.naturparkmagazin.de\/dahme-heideseen\/liebe-leserin-lieber-leser-7\/","title":{"rendered":"Liebe Leserin, lieber Leser,"},"content":{"rendered":"<p>auch wenn immer wieder kalte Winde \u00fcber das Land ziehen, es ist unausweichlich: Der Fr\u00fchling ist da! Gegen\u00fcber dem vorigen Jahr ist die Vegetation etwa zwei Wochen&#8220;zur\u00fcck&#8220;. Aber das ist alles noch ganz normal. Zahlreiche Veranstaltungen erwarten Sie nun in den n\u00e4chsten Wochen. Am 1. Mai wird der \u00a0Biogarten in Prieros mit einem kleinen Fr\u00fchlingsfest er\u00f6ffnet. Am 9. Mai l\u00e4dt die Naturwacht zum Brandenburgischen Konzertfr\u00fchling ein. Die Germanische Siedlung in Klein K\u00f6ris beteiligt sich mit einem sehr sch\u00f6nen Programm am 17. Mai am <a title=\"Museumstag\" href=\"http:\/\/www.museumstag.de\/\" target=\"_blank\">Internationalen Museumstag<\/a>. Und am letzten Freitag im Mai geht es ja schon wieder los mit dem Waldkino in der Oberf\u00f6rsterei Hammer.<\/p>\n<p>In Vorfreude auf das alles, ob drinnen oder drau\u00dfen&#8230;.<\/p>\n<p>w\u00fcnscht\u00a0Hans Sonnenberg viel Freude beim Lesen<\/p>\n","protected":false},"excerpt":{"rendered":"<p>auch wenn immer wieder kalte Winde \u00fcber das Land ziehen, es ist unausweichlich: Der Fr\u00fchling ist da! Gegen\u00fcber dem vorigen Jahr ist die Vegetation etwa zwei Wochen&#8220;zur\u00fcck&#8220;. Aber das ist alles noch ganz normal. Zahlreiche Veranstaltungen erwarten Sie nun in den n\u00e4chsten Wochen. Am 1. Mai wird der \u00a0Biogarten in Prieros mit einem kleinen Fr\u00fchlingsfest<\/p>\n","protected":false},"author":48,"featured_media":0,"comment_status":"open","ping_status":"open","sticky":false,"template":"","format":"standard","meta":[],"categories":[52],"tags":[],"yoast_head":"<!-- This site is optimized with the Yoast SEO plugin v19.10 - https:\/\/yoast.com\/wordpress\/plugins\/seo\/ -->\n<title>Liebe Leserin, lieber Leser, - Naturpark Dahme-Heideseen<\/title>\n<meta name=\"robots\" content=\"index, follow, max-snippet:-1, max-image-preview:large, max-video-preview:-1\" \/>\n<link rel=\"canonical\" href=\"https:\/\/www.naturparkmagazin.de\/dahme-heideseen\/liebe-leserin-lieber-leser-7\/\" \/>\n<meta property=\"og:locale\" content=\"de_DE\" \/>\n<meta property=\"og:type\" content=\"article\" \/>\n<meta property=\"og:title\" content=\"Liebe Leserin, lieber Leser, - Naturpark Dahme-Heideseen\" \/>\n<meta property=\"og:description\" content=\"auch wenn immer wieder kalte Winde \u00fcber das Land ziehen, es ist unausweichlich: Der Fr\u00fchling ist da! Gegen\u00fcber dem vorigen Jahr ist die Vegetation etwa zwei Wochen&#8220;zur\u00fcck&#8220;. Aber das ist alles noch ganz normal. Zahlreiche Veranstaltungen erwarten Sie nun in den n\u00e4chsten Wochen. Am 1. Mai wird der \u00a0Biogarten in Prieros mit einem kleinen Fr\u00fchlingsfest\" \/>\n<meta property=\"og:url\" content=\"https:\/\/www.naturparkmagazin.de\/dahme-heideseen\/liebe-leserin-lieber-leser-7\/\" \/>\n<meta property=\"og:site_name\" content=\"Naturpark Dahme-Heideseen\" \/>\n<meta property=\"article:published_time\" content=\"2015-04-16T20:14:35+00:00\" \/>\n<meta property=\"article:modified_time\" content=\"2015-04-28T09:00:40+00:00\" \/>\n<meta name=\"author\" content=\"hanssonnenberg\" \/>\n<meta name=\"twitter:label1\" content=\"Verfasst von\" \/>\n\t<meta name=\"twitter:data1\" content=\"hanssonnenberg\" \/>\n\t<meta name=\"twitter:label2\" content=\"Gesch\u00e4tzte Lesezeit\" \/>\n\t<meta name=\"twitter:data2\" content=\"1\u00a0Minute\" \/>\n<script type=\"application\/ld+json\" class=\"yoast-schema-graph\">{\"@context\":\"https:\/\/schema.org\",\"@graph\":[{\"@type\":\"WebPage\",\"@id\":\"https:\/\/www.naturparkmagazin.de\/dahme-heideseen\/liebe-leserin-lieber-leser-7\/\",\"url\":\"https:\/\/www.naturparkmagazin.de\/dahme-heideseen\/liebe-leserin-lieber-leser-7\/\",\"name\":\"Liebe Leserin, lieber Leser, - Naturpark Dahme-Heideseen\",\"isPartOf\":{\"@id\":\"https:\/\/www.naturparkmagazin.de\/dahme-heideseen\/#website\"},\"datePublished\":\"2015-04-16T20:14:35+00:00\",\"dateModified\":\"2015-04-28T09:00:40+00:00\",\"author\":{\"@id\":\"https:\/\/www.naturparkmagazin.de\/dahme-heideseen\/#\/schema\/person\/c81c96c3a1f5ee7bffff8b8022c105f0\"},\"breadcrumb\":{\"@id\":\"https:\/\/www.naturparkmagazin.de\/dahme-heideseen\/liebe-leserin-lieber-leser-7\/#breadcrumb\"},\"inLanguage\":\"de\",\"potentialAction\":[{\"@type\":\"ReadAction\",\"target\":[\"https:\/\/www.naturparkmagazin.de\/dahme-heideseen\/liebe-leserin-lieber-leser-7\/\"]}]},{\"@type\":\"BreadcrumbList\",\"@id\":\"https:\/\/www.naturparkmagazin.de\/dahme-heideseen\/liebe-leserin-lieber-leser-7\/#breadcrumb\",\"itemListElement\":[{\"@type\":\"ListItem\",\"position\":1,\"name\":\"Home\",\"item\":\"https:\/\/www.naturparkmagazin.de\/dahme-heideseen\/\"},{\"@type\":\"ListItem\",\"position\":2,\"name\":\"Liebe Leserin, lieber Leser,\"}]},{\"@type\":\"WebSite\",\"@id\":\"https:\/\/www.naturparkmagazin.de\/dahme-heideseen\/#website\",\"url\":\"https:\/\/www.naturparkmagazin.de\/dahme-heideseen\/\",\"name\":\"Naturpark Dahme-Heideseen\",\"description\":\"\",\"potentialAction\":[{\"@type\":\"SearchAction\",\"target\":{\"@type\":\"EntryPoint\",\"urlTemplate\":\"https:\/\/www.naturparkmagazin.de\/dahme-heideseen\/?s={search_term_string}\"},\"query-input\":\"required name=search_term_string\"}],\"inLanguage\":\"de\"},{\"@type\":\"Person\",\"@id\":\"https:\/\/www.naturparkmagazin.de\/dahme-heideseen\/#\/schema\/person\/c81c96c3a1f5ee7bffff8b8022c105f0\",\"name\":\"hanssonnenberg\",\"url\":\"https:\/\/www.naturparkmagazin.de\/dahme-heideseen\/author\/hanssonnenberg\/\"}]}<\/script>\n<!-- \/ Yoast SEO plugin. -->","yoast_head_json":{"title":"Liebe Leserin, lieber Leser, - Naturpark Dahme-Heideseen","robots":{"index":"index","follow":"follow","max-snippet":"max-snippet:-1","max-image-preview":"max-image-preview:large","max-video-preview":"max-video-preview:-1"},"canonical":"https:\/\/www.naturparkmagazin.de\/dahme-heideseen\/liebe-leserin-lieber-leser-7\/","og_locale":"de_DE","og_type":"article","og_title":"Liebe Leserin, lieber Leser, - Naturpark Dahme-Heideseen","og_description":"auch wenn immer wieder kalte Winde \u00fcber das Land ziehen, es ist unausweichlich: Der Fr\u00fchling ist da! Gegen\u00fcber dem vorigen Jahr ist die Vegetation etwa zwei Wochen&#8220;zur\u00fcck&#8220;. Aber das ist alles noch ganz normal. Zahlreiche Veranstaltungen erwarten Sie nun in den n\u00e4chsten Wochen. Am 1. Mai wird der \u00a0Biogarten in Prieros mit einem kleinen Fr\u00fchlingsfest","og_url":"https:\/\/www.naturparkmagazin.de\/dahme-heideseen\/liebe-leserin-lieber-leser-7\/","og_site_name":"Naturpark Dahme-Heideseen","article_published_time":"2015-04-16T20:14:35+00:00","article_modified_time":"2015-04-28T09:00:40+00:00","author":"hanssonnenberg","twitter_misc":{"Verfasst von":"hanssonnenberg","Gesch\u00e4tzte Lesezeit":"1\u00a0Minute"},"schema":{"@context":"https:\/\/schema.org","@graph":[{"@type":"WebPage","@id":"https:\/\/www.naturparkmagazin.de\/dahme-heideseen\/liebe-leserin-lieber-leser-7\/","url":"https:\/\/www.naturparkmagazin.de\/dahme-heideseen\/liebe-leserin-lieber-leser-7\/","name":"Liebe Leserin, lieber Leser, - Naturpark Dahme-Heideseen","isPartOf":{"@id":"https:\/\/www.naturparkmagazin.de\/dahme-heideseen\/#website"},"datePublished":"2015-04-16T20:14:35+00:00","dateModified":"2015-04-28T09:00:40+00:00","author":{"@id":"https:\/\/www.naturparkmagazin.de\/dahme-heideseen\/#\/schema\/person\/c81c96c3a1f5ee7bffff8b8022c105f0"},"breadcrumb":{"@id":"https:\/\/www.naturparkmagazin.de\/dahme-heideseen\/liebe-leserin-lieber-leser-7\/#breadcrumb"},"inLanguage":"de","potentialAction":[{"@type":"ReadAction","target":["https:\/\/www.naturparkmagazin.de\/dahme-heideseen\/liebe-leserin-lieber-leser-7\/"]}]},{"@type":"BreadcrumbList","@id":"https:\/\/www.naturparkmagazin.de\/dahme-heideseen\/liebe-leserin-lieber-leser-7\/#breadcrumb","itemListElement":[{"@type":"ListItem","position":1,"name":"Home","item":"https:\/\/www.naturparkmagazin.de\/dahme-heideseen\/"},{"@type":"ListItem","position":2,"name":"Liebe Leserin, lieber Leser,"}]},{"@type":"WebSite","@id":"https:\/\/www.naturparkmagazin.de\/dahme-heideseen\/#website","url":"https:\/\/www.naturparkmagazin.de\/dahme-heideseen\/","name":"Naturpark Dahme-Heideseen","description":"","potentialAction":[{"@type":"SearchAction","target":{"@type":"EntryPoint","urlTemplate":"https:\/\/www.naturparkmagazin.de\/dahme-heideseen\/?s={search_term_string}"},"query-input":"required name=search_term_string"}],"inLanguage":"de"},{"@type":"Person","@id":"https:\/\/www.naturparkmagazin.de\/dahme-heideseen\/#\/schema\/person\/c81c96c3a1f5ee7bffff8b8022c105f0","name":"hanssonnenberg","url":"https:\/\/www.naturparkmagazin.de\/dahme-heideseen\/author\/hanssonnenberg\/"}]}},"_links":{"self":[{"href":"https:\/\/www.naturparkmagazin.de\/dahme-heideseen\/wp-json\/wp\/v2\/posts\/1005"}],"collection":[{"href":"https:\/\/www.naturparkmagazin.de\/dahme-heideseen\/wp-json\/wp\/v2\/posts"}],"about":[{"href":"https:\/\/www.naturparkmagazin.de\/dahme-heideseen\/wp-json\/wp\/v2\/types\/post"}],"author":[{"embeddable":true,"href":"https:\/\/www.naturparkmagazin.de\/dahme-heideseen\/wp-json\/wp\/v2\/users\/48"}],"replies":[{"embeddable":true,"href":"https:\/\/www.naturparkmagazin.de\/dahme-heideseen\/wp-json\/wp\/v2\/comments?post=1005"}],"version-history":[{"count":2,"href":"https:\/\/www.naturparkmagazin.de\/dahme-heideseen\/wp-json\/wp\/v2\/posts\/1005\/revisions"}],"predecessor-version":[{"id":1017,"href":"https:\/\/www.naturparkmagazin.de\/dahme-heideseen\/wp-json\/wp\/v2\/posts\/1005\/revisions\/1017"}],"wp:attachment":[{"href":"https:\/\/www.naturparkmagazin.de\/dahme-heideseen\/wp-json\/wp\/v2\/media?parent=1005"}],"wp:term":[{"taxonomy":"category","embeddable":true,"href":"https:\/\/www.naturparkmagazin.de\/dahme-heideseen\/wp-json\/wp\/v2\/categories?post=1005"},{"taxonomy":"post_tag","embeddable":true,"href":"https:\/\/www.naturparkmagazin.de\/dahme-heideseen\/wp-json\/wp\/v2\/tags?post=1005"}],"curies":[{"name":"wp","href":"https:\/\/api.w.org\/{rel}","templated":true}]}}