{"id":1020,"date":"2015-04-20T15:02:51","date_gmt":"2015-04-20T13:02:51","guid":{"rendered":"http:\/\/www.naturparkmagazin.de\/dahme-heideseen\/?p=1020"},"modified":"2015-05-20T12:30:02","modified_gmt":"2015-05-20T10:30:02","slug":"einladung-zum-brandenburger-konzertfruehling","status":"publish","type":"post","link":"https:\/\/www.naturparkmagazin.de\/dahme-heideseen\/einladung-zum-brandenburger-konzertfruehling\/","title":{"rendered":"Einladung zum Brandenburger Konzertfr\u00fchling"},"content":{"rendered":"<p>Abendliche Vogelwelt &#8211; eine Exkursion mit der Naturwacht am 9. Mai 2015<!--more--><\/p>\n<p>Wir laden sie ein, mit einem Ornithologen die abendliche Vogelwelt an der Gro\u00df Schauener Seenkette zu erleben.\u00a0 Dazu f\u00fchrt die Exkursion durch Wiesen und Feldflur, an einem Uferabschnitt der Seenkette entlang. Manchmal sind aus dem Luch\u00a0 die Rufe der Kraniche zu h\u00f6ren, manchmal aus dem Schilf die Rufe der Gro\u00dfen Rohrdommel, auch Moorochse genannt. Natur ist nie planbar, also lassen sie sich \u00fcberraschen, welcher Gesang den abendlichen Rundgang begleiten wird. F\u00fcr die etwa 4 st\u00fcndige F\u00fchrung bitten wir um eine Spende.<\/p>\n<p>Treffpunkt ist um 17 Uhr auf dem Parkplatz der Fischerei K\u00f6llnitz, Gro\u00df Schauen, direkt an der B 246. Die Exkursion endet gegen 21 Uhr.<\/p>\n<p>Anmeldung bis zum 5. Mai ist unbedingt erforderlich unter 033768 50118 oder unter 0170 5745189 oder unter <a>dahme-heideseen@naturwacht.de<\/a><\/p>\n<div id=\"attachment_1021\" style=\"width: 630px\" class=\"wp-caption aligncenter\"><a href=\"https:\/\/www.naturparkmagazin.de\/dahme-heideseen\/wp-content\/uploads\/sites\/37\/graugans.jpg\"><img aria-describedby=\"caption-attachment-1021\" decoding=\"async\" loading=\"lazy\" class=\"size-medium wp-image-1021\" src=\"https:\/\/www.naturparkmagazin.de\/dahme-heideseen\/wp-content\/uploads\/sites\/37\/graugans-620x443.jpg\" alt=\"Graug\u00e4nse Foto: W. Klaeber\" width=\"620\" height=\"443\" srcset=\"https:\/\/www.naturparkmagazin.de\/dahme-heideseen\/wp-content\/uploads\/sites\/37\/graugans-620x443.jpg 620w, https:\/\/www.naturparkmagazin.de\/dahme-heideseen\/wp-content\/uploads\/sites\/37\/graugans-300x214.jpg 300w, https:\/\/www.naturparkmagazin.de\/dahme-heideseen\/wp-content\/uploads\/sites\/37\/graugans-940x672.jpg 940w, https:\/\/www.naturparkmagazin.de\/dahme-heideseen\/wp-content\/uploads\/sites\/37\/graugans-670x479.jpg 670w, https:\/\/www.naturparkmagazin.de\/dahme-heideseen\/wp-content\/uploads\/sites\/37\/graugans-200x143.jpg 200w, https:\/\/www.naturparkmagazin.de\/dahme-heideseen\/wp-content\/uploads\/sites\/37\/graugans.jpg 1075w\" sizes=\"(max-width: 620px) 100vw, 620px\" \/><\/a><p id=\"caption-attachment-1021\" class=\"wp-caption-text\">Graug\u00e4nseFoto: W. Klaeber<\/p><\/div>\n<p>&nbsp;<\/p>\n<p><a href=\"http:\/\/www.naturwacht.de\/natur-erleben\/veranstaltungskalender\/details.html?tx_cal_controller[view]=event&amp;tx_cal_controller[type]=tx_cal_phpicalendar&amp;tx_cal_controller[uid]=1852&amp;tx_cal_controller[lastview]=view-list|page_id-234|offset-1&amp;tx_cal_controller[year]=2015&amp;tx_cal_controller[month]=05&amp;tx_cal_controller[day]=09&amp;cHash=b0435e0a294000f8724c32806f802709\" target=\"_blank\">Naturwacht Brandenburg &#8211; Natur erleben<\/a><\/p>\n","protected":false},"excerpt":{"rendered":"<p>Abendliche Vogelwelt &#8211; eine Exkursion mit der Naturwacht am 9. Mai 2015<\/p>\n","protected":false},"author":48,"featured_media":1021,"comment_status":"open","ping_status":"open","sticky":false,"template":"","format":"standard","meta":[],"categories":[11],"tags":[],"yoast_head":"<!-- This site is optimized with the Yoast SEO plugin v19.10 - https:\/\/yoast.com\/wordpress\/plugins\/seo\/ -->\n<title>Einladung zum Brandenburger Konzertfr\u00fchling - Naturpark Dahme-Heideseen<\/title>\n<meta name=\"robots\" content=\"index, follow, max-snippet:-1, max-image-preview:large, max-video-preview:-1\" \/>\n<link rel=\"canonical\" href=\"https:\/\/www.naturparkmagazin.de\/dahme-heideseen\/einladung-zum-brandenburger-konzertfruehling\/\" \/>\n<meta property=\"og:locale\" content=\"de_DE\" \/>\n<meta property=\"og:type\" content=\"article\" \/>\n<meta property=\"og:title\" content=\"Einladung zum Brandenburger Konzertfr\u00fchling - Naturpark Dahme-Heideseen\" \/>\n<meta property=\"og:description\" content=\"Abendliche Vogelwelt - eine Exkursion mit der Naturwacht am 9. Mai 2015\" \/>\n<meta property=\"og:url\" content=\"https:\/\/www.naturparkmagazin.de\/dahme-heideseen\/einladung-zum-brandenburger-konzertfruehling\/\" \/>\n<meta property=\"og:site_name\" content=\"Naturpark Dahme-Heideseen\" \/>\n<meta property=\"article:published_time\" content=\"2015-04-20T13:02:51+00:00\" \/>\n<meta property=\"article:modified_time\" content=\"2015-05-20T10:30:02+00:00\" \/>\n<meta property=\"og:image\" content=\"https:\/\/www.naturparkmagazin.de\/dahme-heideseen\/wp-content\/uploads\/sites\/37\/graugans.jpg\" \/>\n\t<meta property=\"og:image:width\" content=\"1075\" \/>\n\t<meta property=\"og:image:height\" content=\"768\" \/>\n\t<meta property=\"og:image:type\" content=\"image\/jpeg\" \/>\n<meta name=\"author\" content=\"hanssonnenberg\" \/>\n<meta name=\"twitter:label1\" content=\"Verfasst von\" \/>\n\t<meta name=\"twitter:data1\" content=\"hanssonnenberg\" \/>\n\t<meta name=\"twitter:label2\" content=\"Gesch\u00e4tzte Lesezeit\" \/>\n\t<meta name=\"twitter:data2\" content=\"1\u00a0Minute\" \/>\n<script type=\"application\/ld+json\" class=\"yoast-schema-graph\">{\"@context\":\"https:\/\/schema.org\",\"@graph\":[{\"@type\":\"WebPage\",\"@id\":\"https:\/\/www.naturparkmagazin.de\/dahme-heideseen\/einladung-zum-brandenburger-konzertfruehling\/\",\"url\":\"https:\/\/www.naturparkmagazin.de\/dahme-heideseen\/einladung-zum-brandenburger-konzertfruehling\/\",\"name\":\"Einladung zum Brandenburger Konzertfr\u00fchling - Naturpark Dahme-Heideseen\",\"isPartOf\":{\"@id\":\"https:\/\/www.naturparkmagazin.de\/dahme-heideseen\/#website\"},\"datePublished\":\"2015-04-20T13:02:51+00:00\",\"dateModified\":\"2015-05-20T10:30:02+00:00\",\"author\":{\"@id\":\"https:\/\/www.naturparkmagazin.de\/dahme-heideseen\/#\/schema\/person\/c81c96c3a1f5ee7bffff8b8022c105f0\"},\"breadcrumb\":{\"@id\":\"https:\/\/www.naturparkmagazin.de\/dahme-heideseen\/einladung-zum-brandenburger-konzertfruehling\/#breadcrumb\"},\"inLanguage\":\"de\",\"potentialAction\":[{\"@type\":\"ReadAction\",\"target\":[\"https:\/\/www.naturparkmagazin.de\/dahme-heideseen\/einladung-zum-brandenburger-konzertfruehling\/\"]}]},{\"@type\":\"BreadcrumbList\",\"@id\":\"https:\/\/www.naturparkmagazin.de\/dahme-heideseen\/einladung-zum-brandenburger-konzertfruehling\/#breadcrumb\",\"itemListElement\":[{\"@type\":\"ListItem\",\"position\":1,\"name\":\"Home\",\"item\":\"https:\/\/www.naturparkmagazin.de\/dahme-heideseen\/\"},{\"@type\":\"ListItem\",\"position\":2,\"name\":\"Einladung zum Brandenburger Konzertfr\u00fchling\"}]},{\"@type\":\"WebSite\",\"@id\":\"https:\/\/www.naturparkmagazin.de\/dahme-heideseen\/#website\",\"url\":\"https:\/\/www.naturparkmagazin.de\/dahme-heideseen\/\",\"name\":\"Naturpark Dahme-Heideseen\",\"description\":\"\",\"potentialAction\":[{\"@type\":\"SearchAction\",\"target\":{\"@type\":\"EntryPoint\",\"urlTemplate\":\"https:\/\/www.naturparkmagazin.de\/dahme-heideseen\/?s={search_term_string}\"},\"query-input\":\"required name=search_term_string\"}],\"inLanguage\":\"de\"},{\"@type\":\"Person\",\"@id\":\"https:\/\/www.naturparkmagazin.de\/dahme-heideseen\/#\/schema\/person\/c81c96c3a1f5ee7bffff8b8022c105f0\",\"name\":\"hanssonnenberg\",\"url\":\"https:\/\/www.naturparkmagazin.de\/dahme-heideseen\/author\/hanssonnenberg\/\"}]}<\/script>\n<!-- \/ Yoast SEO plugin. -->","yoast_head_json":{"title":"Einladung zum Brandenburger Konzertfr\u00fchling - Naturpark Dahme-Heideseen","robots":{"index":"index","follow":"follow","max-snippet":"max-snippet:-1","max-image-preview":"max-image-preview:large","max-video-preview":"max-video-preview:-1"},"canonical":"https:\/\/www.naturparkmagazin.de\/dahme-heideseen\/einladung-zum-brandenburger-konzertfruehling\/","og_locale":"de_DE","og_type":"article","og_title":"Einladung zum Brandenburger Konzertfr\u00fchling - Naturpark Dahme-Heideseen","og_description":"Abendliche Vogelwelt - eine Exkursion mit der Naturwacht am 9. Mai 2015","og_url":"https:\/\/www.naturparkmagazin.de\/dahme-heideseen\/einladung-zum-brandenburger-konzertfruehling\/","og_site_name":"Naturpark Dahme-Heideseen","article_published_time":"2015-04-20T13:02:51+00:00","article_modified_time":"2015-05-20T10:30:02+00:00","og_image":[{"width":1075,"height":768,"url":"https:\/\/www.naturparkmagazin.de\/dahme-heideseen\/wp-content\/uploads\/sites\/37\/graugans.jpg","type":"image\/jpeg"}],"author":"hanssonnenberg","twitter_misc":{"Verfasst von":"hanssonnenberg","Gesch\u00e4tzte Lesezeit":"1\u00a0Minute"},"schema":{"@context":"https:\/\/schema.org","@graph":[{"@type":"WebPage","@id":"https:\/\/www.naturparkmagazin.de\/dahme-heideseen\/einladung-zum-brandenburger-konzertfruehling\/","url":"https:\/\/www.naturparkmagazin.de\/dahme-heideseen\/einladung-zum-brandenburger-konzertfruehling\/","name":"Einladung zum Brandenburger Konzertfr\u00fchling - Naturpark Dahme-Heideseen","isPartOf":{"@id":"https:\/\/www.naturparkmagazin.de\/dahme-heideseen\/#website"},"datePublished":"2015-04-20T13:02:51+00:00","dateModified":"2015-05-20T10:30:02+00:00","author":{"@id":"https:\/\/www.naturparkmagazin.de\/dahme-heideseen\/#\/schema\/person\/c81c96c3a1f5ee7bffff8b8022c105f0"},"breadcrumb":{"@id":"https:\/\/www.naturparkmagazin.de\/dahme-heideseen\/einladung-zum-brandenburger-konzertfruehling\/#breadcrumb"},"inLanguage":"de","potentialAction":[{"@type":"ReadAction","target":["https:\/\/www.naturparkmagazin.de\/dahme-heideseen\/einladung-zum-brandenburger-konzertfruehling\/"]}]},{"@type":"BreadcrumbList","@id":"https:\/\/www.naturparkmagazin.de\/dahme-heideseen\/einladung-zum-brandenburger-konzertfruehling\/#breadcrumb","itemListElement":[{"@type":"ListItem","position":1,"name":"Home","item":"https:\/\/www.naturparkmagazin.de\/dahme-heideseen\/"},{"@type":"ListItem","position":2,"name":"Einladung zum Brandenburger Konzertfr\u00fchling"}]},{"@type":"WebSite","@id":"https:\/\/www.naturparkmagazin.de\/dahme-heideseen\/#website","url":"https:\/\/www.naturparkmagazin.de\/dahme-heideseen\/","name":"Naturpark Dahme-Heideseen","description":"","potentialAction":[{"@type":"SearchAction","target":{"@type":"EntryPoint","urlTemplate":"https:\/\/www.naturparkmagazin.de\/dahme-heideseen\/?s={search_term_string}"},"query-input":"required name=search_term_string"}],"inLanguage":"de"},{"@type":"Person","@id":"https:\/\/www.naturparkmagazin.de\/dahme-heideseen\/#\/schema\/person\/c81c96c3a1f5ee7bffff8b8022c105f0","name":"hanssonnenberg","url":"https:\/\/www.naturparkmagazin.de\/dahme-heideseen\/author\/hanssonnenberg\/"}]}},"_links":{"self":[{"href":"https:\/\/www.naturparkmagazin.de\/dahme-heideseen\/wp-json\/wp\/v2\/posts\/1020"}],"collection":[{"href":"https:\/\/www.naturparkmagazin.de\/dahme-heideseen\/wp-json\/wp\/v2\/posts"}],"about":[{"href":"https:\/\/www.naturparkmagazin.de\/dahme-heideseen\/wp-json\/wp\/v2\/types\/post"}],"author":[{"embeddable":true,"href":"https:\/\/www.naturparkmagazin.de\/dahme-heideseen\/wp-json\/wp\/v2\/users\/48"}],"replies":[{"embeddable":true,"href":"https:\/\/www.naturparkmagazin.de\/dahme-heideseen\/wp-json\/wp\/v2\/comments?post=1020"}],"version-history":[{"count":2,"href":"https:\/\/www.naturparkmagazin.de\/dahme-heideseen\/wp-json\/wp\/v2\/posts\/1020\/revisions"}],"predecessor-version":[{"id":1031,"href":"https:\/\/www.naturparkmagazin.de\/dahme-heideseen\/wp-json\/wp\/v2\/posts\/1020\/revisions\/1031"}],"wp:featuredmedia":[{"embeddable":true,"href":"https:\/\/www.naturparkmagazin.de\/dahme-heideseen\/wp-json\/wp\/v2\/media\/1021"}],"wp:attachment":[{"href":"https:\/\/www.naturparkmagazin.de\/dahme-heideseen\/wp-json\/wp\/v2\/media?parent=1020"}],"wp:term":[{"taxonomy":"category","embeddable":true,"href":"https:\/\/www.naturparkmagazin.de\/dahme-heideseen\/wp-json\/wp\/v2\/categories?post=1020"},{"taxonomy":"post_tag","embeddable":true,"href":"https:\/\/www.naturparkmagazin.de\/dahme-heideseen\/wp-json\/wp\/v2\/tags?post=1020"}],"curies":[{"name":"wp","href":"https:\/\/api.w.org\/{rel}","templated":true}]}}