{"id":1024,"date":"2015-05-18T18:07:01","date_gmt":"2015-05-18T16:07:01","guid":{"rendered":"http:\/\/www.naturparkmagazin.de\/dahme-heideseen\/?p=1024"},"modified":"2015-05-27T10:27:45","modified_gmt":"2015-05-27T08:27:45","slug":"das-kalte-herz-im-waldkino-hammer","status":"publish","type":"post","link":"https:\/\/www.naturparkmagazin.de\/dahme-heideseen\/das-kalte-herz-im-waldkino-hammer\/","title":{"rendered":"Das &#8222;Kalte Herz &#8220; im Waldkino Hammer"},"content":{"rendered":"<p><strong>Freitag, 29. Mai 2015, 20 Uhr &#8211; Eintritt frei<\/strong>\n<strong>in der Gro\u00dfen Scheune der Landeswald-Oberf\u00f6rsterei Hammer, An der B 179 &#8211; Gro\u00df K\u00f6ris 15748<\/strong><\/p>\n<p><!--more--><\/p>\n<p><strong>Das kalte Herz (1950)<\/strong><\/p>\n<p>In den Tiefen des Schwarzwaldes, bei den Kohlenmeilern, lebt Peter Munk mit seiner Mutter in einer kleinen Waldh\u00fctte. Er ist ein junger K\u00f6hler, der \u00fcberall als armer und schmutziger Habenichts bekannt ist. Wirtshaus und Heirat kann er sich nicht leisten. Aber eine alte \u00dcberlieferung besagt, dass ein Glasm\u00e4nnchen, der Schatzhauser, tief im Wald haust und einem Sonntagskind drei W\u00fcnsche erf\u00fcllt, wenn es bestimmte vier Zeilen spricht. Der K\u00f6hler hofft auf diese \u00dcberlieferung, sucht und findet den Schatzhauser. Das Glasm\u00e4nnlein erf\u00fcllt ihm seine ersten beiden W\u00fcnsche, sagt ihm aber auch, er habe nicht mit Bedacht gew\u00e4hlt. Die Erf\u00fcllung seines Wunsches nach Reichtum richtet sich bald gegen den K\u00f6hler selbst. Gegen den Schmerz holt er sich auf einem anderen Weg ein Herz aus Stein. Das kalte Herz macht ihn unempfindlich gegen jegliches Gef\u00fchl.<\/p>\n<p>Das kalte Herz ist eine DEFA-M\u00e4rchenverfilmung der DDR aus dem Jahr 1950. Die Handlung des von Paul Verhoeven gedrehten Films beruht auf dem gleichnamigen M\u00e4rchen von Wilhelm Hauff.<\/p>\n<p>Im nunmehr dritten Jahr setzen der Landesbetrieb Forst Brandenburg und <a title=\"Link zur Seite von Wolfgang Georgsdorf\" href=\"http:\/\/www.georgsdorf.com\/\" target=\"_blank\">Wolfgang Georgsdorf<\/a> das beliebte Kooperationsprojekt WALDKINO in der <a title=\"Link zur Landeswaldoberf\u00f6rsterei Hammer\" href=\"http:\/\/forst.brandenburg.de\/sixcms\/detail.php\/529068\" target=\"_blank\">Landeswald-Oberf\u00f6rsterei Hammer<\/a> fort und laden zu einem breiten Bogen der Dokumentar- und Spielfilmkunst. Auch diesmal wieder mit dankenswerter Unterst\u00fczung des Amtes Schenkenl\u00e4ndchen. Die technische Ausstattung versieht <a title=\"Link zur Firm Rentevent\" href=\"http:\/\/www.rentevent.net\/\" target=\"_blank\">RentEvent<\/a>.<\/p>\n<p>Auf gro\u00dfer Leinwand, in der denkmalgesch\u00fctzten Scheune der historischen Oberf\u00f6rsterei Hammer werden an jedem letzten Freitag des Monats bei Essen und Trinken die Filmwerke des Programms mit professioneller technischer Ausstattung gezeigt. Zu den Hauptfilmen gibt es Einf\u00fchrungen und gelegentlich Vorfilme. Alle gezeigten Filme haben einen direkten oder indirekten Bezug zum Begriff der Nachhaltigkeit und zum Wald, beziehungsweise zu dem, was wir Umwelt nennen. \u201eGlobal denken, lokal handeln\u201c ist dabei ein Kernmotiv.<\/p>\n<p><strong>Film\u00fcbersicht 2015<\/strong><\/p>\n<table border=\"0\">\n<tbody>\n<tr>\n<td>29. Mai<\/td>\n<td>Das kalte Herz<\/td>\n<\/tr>\n<tr>\n<td>26. Juni<\/td>\n<td>Deutschlands wilde W\u00f6lfe \u2013 wie sie wirklich sind<\/td>\n<\/tr>\n<tr>\n<td>31. Juli<\/td>\n<td>Gasland<\/td>\n<\/tr>\n<tr>\n<td>28. August<\/td>\n<td>Das gr\u00fcne Wunder &#8211; Unser Wald<\/td>\n<\/tr>\n<tr>\n<td>25. September<\/td>\n<td>Das Salz der Erde<\/td>\n<\/tr>\n<\/tbody>\n<\/table>\n<div id=\"attachment_1025\" style=\"width: 630px\" class=\"wp-caption aligncenter\"><a href=\"https:\/\/www.naturparkmagazin.de\/dahme-heideseen\/wp-content\/uploads\/sites\/37\/hammer_web_2009.jpg\"><img aria-describedby=\"caption-attachment-1025\" decoding=\"async\" loading=\"lazy\" class=\"size-medium wp-image-1025\" src=\"https:\/\/www.naturparkmagazin.de\/dahme-heideseen\/wp-content\/uploads\/sites\/37\/hammer_web_2009-620x441.jpg\" alt=\"Forsthaus Hammer (Foto: Hans Sonnenberg) \" width=\"620\" height=\"441\" srcset=\"https:\/\/www.naturparkmagazin.de\/dahme-heideseen\/wp-content\/uploads\/sites\/37\/hammer_web_2009-620x441.jpg 620w, https:\/\/www.naturparkmagazin.de\/dahme-heideseen\/wp-content\/uploads\/sites\/37\/hammer_web_2009-300x213.jpg 300w, https:\/\/www.naturparkmagazin.de\/dahme-heideseen\/wp-content\/uploads\/sites\/37\/hammer_web_2009-200x142.jpg 200w, https:\/\/www.naturparkmagazin.de\/dahme-heideseen\/wp-content\/uploads\/sites\/37\/hammer_web_2009.jpg 640w\" sizes=\"(max-width: 620px) 100vw, 620px\" \/><\/a><p id=\"caption-attachment-1025\" class=\"wp-caption-text\">Forsthaus Hammer (Foto: Hans Sonnenberg)<\/p><\/div>\n<p>Kontakt:\nTim Ness, Oberf\u00f6rsterei Hammer\nTel: 033765 21780<\/p>\n<p>mail: tim.ness@lfb.brandenburg.de<\/p>\n<p><a href=\"http:\/\/forst.brandenburg.de\/cms\/detail.php\/bb1.c.332686.de\" target=\"_blank\">Hinweise zum Film <\/a><\/p>\n","protected":false},"excerpt":{"rendered":"<p>Filmvorf\u00fchrung am Freitag, dem 29. Mai 2015, 20 Uhr &#8211; Eintritt frei\nin der Gro\u00dfen Scheune der Landeswald-Oberf\u00f6rsterei Hammer, An der B 179 &#8211; 15748 Gro\u00df K\u00f6ris <\/p>\n","protected":false},"author":48,"featured_media":1025,"comment_status":"open","ping_status":"open","sticky":false,"template":"","format":"standard","meta":[],"categories":[11],"tags":[],"yoast_head":"<!-- This site is optimized with the Yoast SEO plugin v19.10 - https:\/\/yoast.com\/wordpress\/plugins\/seo\/ -->\n<title>Das &quot;Kalte Herz &quot; im Waldkino Hammer - Naturpark Dahme-Heideseen<\/title>\n<meta name=\"robots\" content=\"index, follow, max-snippet:-1, max-image-preview:large, max-video-preview:-1\" \/>\n<link rel=\"canonical\" href=\"https:\/\/www.naturparkmagazin.de\/dahme-heideseen\/das-kalte-herz-im-waldkino-hammer\/\" \/>\n<meta property=\"og:locale\" content=\"de_DE\" \/>\n<meta property=\"og:type\" content=\"article\" \/>\n<meta property=\"og:title\" content=\"Das &quot;Kalte Herz &quot; im Waldkino Hammer - Naturpark Dahme-Heideseen\" \/>\n<meta property=\"og:description\" content=\"Filmvorf\u00fchrung am Freitag, dem 29. Mai 2015, 20 Uhr - Eintritt frei in der Gro\u00dfen Scheune der Landeswald-Oberf\u00f6rsterei Hammer, An der B 179 - 15748 Gro\u00df K\u00f6ris\" \/>\n<meta property=\"og:url\" content=\"https:\/\/www.naturparkmagazin.de\/dahme-heideseen\/das-kalte-herz-im-waldkino-hammer\/\" \/>\n<meta property=\"og:site_name\" content=\"Naturpark Dahme-Heideseen\" \/>\n<meta property=\"article:published_time\" content=\"2015-05-18T16:07:01+00:00\" \/>\n<meta property=\"article:modified_time\" content=\"2015-05-27T08:27:45+00:00\" \/>\n<meta property=\"og:image\" content=\"https:\/\/www.naturparkmagazin.de\/dahme-heideseen\/wp-content\/uploads\/sites\/37\/hammer_web_2009.jpg\" \/>\n\t<meta property=\"og:image:width\" content=\"640\" \/>\n\t<meta property=\"og:image:height\" content=\"455\" \/>\n\t<meta property=\"og:image:type\" content=\"image\/jpeg\" \/>\n<meta name=\"author\" content=\"hanssonnenberg\" \/>\n<meta name=\"twitter:label1\" content=\"Verfasst von\" \/>\n\t<meta name=\"twitter:data1\" content=\"hanssonnenberg\" \/>\n\t<meta name=\"twitter:label2\" content=\"Gesch\u00e4tzte Lesezeit\" \/>\n\t<meta name=\"twitter:data2\" content=\"2\u00a0Minuten\" \/>\n<script type=\"application\/ld+json\" class=\"yoast-schema-graph\">{\"@context\":\"https:\/\/schema.org\",\"@graph\":[{\"@type\":\"WebPage\",\"@id\":\"https:\/\/www.naturparkmagazin.de\/dahme-heideseen\/das-kalte-herz-im-waldkino-hammer\/\",\"url\":\"https:\/\/www.naturparkmagazin.de\/dahme-heideseen\/das-kalte-herz-im-waldkino-hammer\/\",\"name\":\"Das \\\"Kalte Herz \\\" im Waldkino Hammer - Naturpark Dahme-Heideseen\",\"isPartOf\":{\"@id\":\"https:\/\/www.naturparkmagazin.de\/dahme-heideseen\/#website\"},\"datePublished\":\"2015-05-18T16:07:01+00:00\",\"dateModified\":\"2015-05-27T08:27:45+00:00\",\"author\":{\"@id\":\"https:\/\/www.naturparkmagazin.de\/dahme-heideseen\/#\/schema\/person\/c81c96c3a1f5ee7bffff8b8022c105f0\"},\"breadcrumb\":{\"@id\":\"https:\/\/www.naturparkmagazin.de\/dahme-heideseen\/das-kalte-herz-im-waldkino-hammer\/#breadcrumb\"},\"inLanguage\":\"de\",\"potentialAction\":[{\"@type\":\"ReadAction\",\"target\":[\"https:\/\/www.naturparkmagazin.de\/dahme-heideseen\/das-kalte-herz-im-waldkino-hammer\/\"]}]},{\"@type\":\"BreadcrumbList\",\"@id\":\"https:\/\/www.naturparkmagazin.de\/dahme-heideseen\/das-kalte-herz-im-waldkino-hammer\/#breadcrumb\",\"itemListElement\":[{\"@type\":\"ListItem\",\"position\":1,\"name\":\"Home\",\"item\":\"https:\/\/www.naturparkmagazin.de\/dahme-heideseen\/\"},{\"@type\":\"ListItem\",\"position\":2,\"name\":\"Das &#8222;Kalte Herz &#8220; im Waldkino Hammer\"}]},{\"@type\":\"WebSite\",\"@id\":\"https:\/\/www.naturparkmagazin.de\/dahme-heideseen\/#website\",\"url\":\"https:\/\/www.naturparkmagazin.de\/dahme-heideseen\/\",\"name\":\"Naturpark Dahme-Heideseen\",\"description\":\"\",\"potentialAction\":[{\"@type\":\"SearchAction\",\"target\":{\"@type\":\"EntryPoint\",\"urlTemplate\":\"https:\/\/www.naturparkmagazin.de\/dahme-heideseen\/?s={search_term_string}\"},\"query-input\":\"required name=search_term_string\"}],\"inLanguage\":\"de\"},{\"@type\":\"Person\",\"@id\":\"https:\/\/www.naturparkmagazin.de\/dahme-heideseen\/#\/schema\/person\/c81c96c3a1f5ee7bffff8b8022c105f0\",\"name\":\"hanssonnenberg\",\"url\":\"https:\/\/www.naturparkmagazin.de\/dahme-heideseen\/author\/hanssonnenberg\/\"}]}<\/script>\n<!-- \/ Yoast SEO plugin. -->","yoast_head_json":{"title":"Das \"Kalte Herz \" im Waldkino Hammer - Naturpark Dahme-Heideseen","robots":{"index":"index","follow":"follow","max-snippet":"max-snippet:-1","max-image-preview":"max-image-preview:large","max-video-preview":"max-video-preview:-1"},"canonical":"https:\/\/www.naturparkmagazin.de\/dahme-heideseen\/das-kalte-herz-im-waldkino-hammer\/","og_locale":"de_DE","og_type":"article","og_title":"Das \"Kalte Herz \" im Waldkino Hammer - Naturpark Dahme-Heideseen","og_description":"Filmvorf\u00fchrung am Freitag, dem 29. Mai 2015, 20 Uhr - Eintritt frei in der Gro\u00dfen Scheune der Landeswald-Oberf\u00f6rsterei Hammer, An der B 179 - 15748 Gro\u00df K\u00f6ris","og_url":"https:\/\/www.naturparkmagazin.de\/dahme-heideseen\/das-kalte-herz-im-waldkino-hammer\/","og_site_name":"Naturpark Dahme-Heideseen","article_published_time":"2015-05-18T16:07:01+00:00","article_modified_time":"2015-05-27T08:27:45+00:00","og_image":[{"width":640,"height":455,"url":"https:\/\/www.naturparkmagazin.de\/dahme-heideseen\/wp-content\/uploads\/sites\/37\/hammer_web_2009.jpg","type":"image\/jpeg"}],"author":"hanssonnenberg","twitter_misc":{"Verfasst von":"hanssonnenberg","Gesch\u00e4tzte Lesezeit":"2\u00a0Minuten"},"schema":{"@context":"https:\/\/schema.org","@graph":[{"@type":"WebPage","@id":"https:\/\/www.naturparkmagazin.de\/dahme-heideseen\/das-kalte-herz-im-waldkino-hammer\/","url":"https:\/\/www.naturparkmagazin.de\/dahme-heideseen\/das-kalte-herz-im-waldkino-hammer\/","name":"Das \"Kalte Herz \" im Waldkino Hammer - Naturpark Dahme-Heideseen","isPartOf":{"@id":"https:\/\/www.naturparkmagazin.de\/dahme-heideseen\/#website"},"datePublished":"2015-05-18T16:07:01+00:00","dateModified":"2015-05-27T08:27:45+00:00","author":{"@id":"https:\/\/www.naturparkmagazin.de\/dahme-heideseen\/#\/schema\/person\/c81c96c3a1f5ee7bffff8b8022c105f0"},"breadcrumb":{"@id":"https:\/\/www.naturparkmagazin.de\/dahme-heideseen\/das-kalte-herz-im-waldkino-hammer\/#breadcrumb"},"inLanguage":"de","potentialAction":[{"@type":"ReadAction","target":["https:\/\/www.naturparkmagazin.de\/dahme-heideseen\/das-kalte-herz-im-waldkino-hammer\/"]}]},{"@type":"BreadcrumbList","@id":"https:\/\/www.naturparkmagazin.de\/dahme-heideseen\/das-kalte-herz-im-waldkino-hammer\/#breadcrumb","itemListElement":[{"@type":"ListItem","position":1,"name":"Home","item":"https:\/\/www.naturparkmagazin.de\/dahme-heideseen\/"},{"@type":"ListItem","position":2,"name":"Das &#8222;Kalte Herz &#8220; im Waldkino Hammer"}]},{"@type":"WebSite","@id":"https:\/\/www.naturparkmagazin.de\/dahme-heideseen\/#website","url":"https:\/\/www.naturparkmagazin.de\/dahme-heideseen\/","name":"Naturpark Dahme-Heideseen","description":"","potentialAction":[{"@type":"SearchAction","target":{"@type":"EntryPoint","urlTemplate":"https:\/\/www.naturparkmagazin.de\/dahme-heideseen\/?s={search_term_string}"},"query-input":"required name=search_term_string"}],"inLanguage":"de"},{"@type":"Person","@id":"https:\/\/www.naturparkmagazin.de\/dahme-heideseen\/#\/schema\/person\/c81c96c3a1f5ee7bffff8b8022c105f0","name":"hanssonnenberg","url":"https:\/\/www.naturparkmagazin.de\/dahme-heideseen\/author\/hanssonnenberg\/"}]}},"_links":{"self":[{"href":"https:\/\/www.naturparkmagazin.de\/dahme-heideseen\/wp-json\/wp\/v2\/posts\/1024"}],"collection":[{"href":"https:\/\/www.naturparkmagazin.de\/dahme-heideseen\/wp-json\/wp\/v2\/posts"}],"about":[{"href":"https:\/\/www.naturparkmagazin.de\/dahme-heideseen\/wp-json\/wp\/v2\/types\/post"}],"author":[{"embeddable":true,"href":"https:\/\/www.naturparkmagazin.de\/dahme-heideseen\/wp-json\/wp\/v2\/users\/48"}],"replies":[{"embeddable":true,"href":"https:\/\/www.naturparkmagazin.de\/dahme-heideseen\/wp-json\/wp\/v2\/comments?post=1024"}],"version-history":[{"count":3,"href":"https:\/\/www.naturparkmagazin.de\/dahme-heideseen\/wp-json\/wp\/v2\/posts\/1024\/revisions"}],"predecessor-version":[{"id":1034,"href":"https:\/\/www.naturparkmagazin.de\/dahme-heideseen\/wp-json\/wp\/v2\/posts\/1024\/revisions\/1034"}],"wp:featuredmedia":[{"embeddable":true,"href":"https:\/\/www.naturparkmagazin.de\/dahme-heideseen\/wp-json\/wp\/v2\/media\/1025"}],"wp:attachment":[{"href":"https:\/\/www.naturparkmagazin.de\/dahme-heideseen\/wp-json\/wp\/v2\/media?parent=1024"}],"wp:term":[{"taxonomy":"category","embeddable":true,"href":"https:\/\/www.naturparkmagazin.de\/dahme-heideseen\/wp-json\/wp\/v2\/categories?post=1024"},{"taxonomy":"post_tag","embeddable":true,"href":"https:\/\/www.naturparkmagazin.de\/dahme-heideseen\/wp-json\/wp\/v2\/tags?post=1024"}],"curies":[{"name":"wp","href":"https:\/\/api.w.org\/{rel}","templated":true}]}}