{"id":1027,"date":"2015-05-18T17:47:08","date_gmt":"2015-05-18T15:47:08","guid":{"rendered":"http:\/\/www.naturparkmagazin.de\/dahme-heideseen\/?p=1027"},"modified":"2015-05-26T14:28:29","modified_gmt":"2015-05-26T12:28:29","slug":"brandenburgische-botanikertagung-im-naturpark-dahme-heideseen","status":"publish","type":"post","link":"https:\/\/www.naturparkmagazin.de\/dahme-heideseen\/brandenburgische-botanikertagung-im-naturpark-dahme-heideseen\/","title":{"rendered":"Brandenburgische Botanikertagung im Naturpark Dahme-Heideseen"},"content":{"rendered":"<p>Die 46. Brandenburgische Botanikertagung findet vom 26. \u2013 29. Juni 2015\u00a0 am K\u00f6thener See statt. Die Exkursionen und Kartierungen f\u00fchren in das s\u00fcdliche Dahmeland und die Krausnicker Berge. K\u00f6then liegt im Biosph\u00e4renreservat Spreewald und grenzt an den Naturpark Dahme-Heideseen<\/p>\n<p><!--more--><\/p>\n<div id=\"attachment_1028\" style=\"width: 630px\" class=\"wp-caption aligncenter\"><a href=\"https:\/\/www.naturparkmagazin.de\/dahme-heideseen\/wp-content\/uploads\/sites\/37\/k\u00f6then_eingang_weg.jpg\"><img aria-describedby=\"caption-attachment-1028\" decoding=\"async\" loading=\"lazy\" class=\"size-medium wp-image-1028\" src=\"https:\/\/www.naturparkmagazin.de\/dahme-heideseen\/wp-content\/uploads\/sites\/37\/k\u00f6then_eingang_weg-620x465.jpg\" alt=\"Wildrosen ums\u00e4umen das Orsteingangsschild von K\u00f6then\" width=\"620\" height=\"465\" srcset=\"https:\/\/www.naturparkmagazin.de\/dahme-heideseen\/wp-content\/uploads\/sites\/37\/k\u00f6then_eingang_weg-620x465.jpg 620w, https:\/\/www.naturparkmagazin.de\/dahme-heideseen\/wp-content\/uploads\/sites\/37\/k\u00f6then_eingang_weg-300x225.jpg 300w, https:\/\/www.naturparkmagazin.de\/dahme-heideseen\/wp-content\/uploads\/sites\/37\/k\u00f6then_eingang_weg-580x435.jpg 580w, https:\/\/www.naturparkmagazin.de\/dahme-heideseen\/wp-content\/uploads\/sites\/37\/k\u00f6then_eingang_weg-420x315.jpg 420w, https:\/\/www.naturparkmagazin.de\/dahme-heideseen\/wp-content\/uploads\/sites\/37\/k\u00f6then_eingang_weg-180x135.jpg 180w, https:\/\/www.naturparkmagazin.de\/dahme-heideseen\/wp-content\/uploads\/sites\/37\/k\u00f6then_eingang_weg-95x71.jpg 95w, https:\/\/www.naturparkmagazin.de\/dahme-heideseen\/wp-content\/uploads\/sites\/37\/k\u00f6then_eingang_weg-200x150.jpg 200w, https:\/\/www.naturparkmagazin.de\/dahme-heideseen\/wp-content\/uploads\/sites\/37\/k\u00f6then_eingang_weg.jpg 640w\" sizes=\"(max-width: 620px) 100vw, 620px\" \/><\/a><p id=\"caption-attachment-1028\" class=\"wp-caption-text\">Wildrosen ums\u00e4umen das Orsteingangsschild von K\u00f6then<\/p><\/div>\n<p>Tagungsort: <a href=\"http:\/\/www.jugendherbergen-berlin-brandenburg.de\/de-de\/jugendherbergen\/koethener%20see%20mit%20zeltplatz620\/portraet\" target=\"_blank\">Jugendherberge K\u00f6thener See<\/a>, Dorfstr. 20, 15748 M\u00e4rkisch Buchholz &#8211; OT K\u00f6then\nTel. 033765 80555\njh-koethener-see@jugendherberge.de<\/p>\n<p>Anmeldung an:\nDr. Birgit Seitz\nInstitut f\u00fcr \u00d6kologie der TU Berlin, Rothenburgstr. 12, 12165 Berlin\nFax 030\/314 71355\nbirgit.seitz@tu-berlin.de\nAnmeldeschluss ist der 31. Mai 2015<\/p>\n<p><strong>Programm<\/strong>\n<strong>Freitag, 26. Juni 2015<\/strong>\n13:00 \u2013 14:00 Anreise und Anmeldung\n14:00 \u2013 17:30 Halbtagsexkursion\n18:00 Abendessen\n19:30 \u2013 20:30 Einf\u00fchrungsvortrag von Olaf Juschus und\u00a0 Hans Sonnenberg: Landschaft und Natur des s\u00fcdlichenDahmelandes<\/p>\n<p>ab 20:30 Schriftenversteigerung\nWir bitten darum, f\u00fcr die traditionelle Schriftenversteigerung B\u00fccher und Schriften von botanischem Interesse mitzubringen.<\/p>\n<p><strong>Samstag, 27. Juni 2015<\/strong>\nab 7:30 Fr\u00fchst\u00fcck<\/p>\n<p>9:00 \u2013 11:30 Vortragsprogramm\n9:00 \u2013 9:15 Hans Sonnenberg: Begr\u00fc\u00dfung\n9:15 \u2013 9:30 Beate Gall, Christian Hoffmann: Ergebnisse der Kartierungen zum Life-Projekt &#8222;Sandrasen im Dahme-Seengebiet\u201c\n9:30 \u2013 10:00 Gabriele Wei\u00df, Christina Gr\u00e4tz: Konzeption der Ma\u00dfnahmen zur Wiederansiedlung von Sandrasen im Dahme-Seengebiet<\/p>\n<p>10:00 \u2013 10:30 Kaffeepause<\/p>\n<p>10:30 \u2013 11:00 Josefine Krause, Volker Kummer: Erhebungen zur Kryptogamenflora an Prunus avium und Malus domestica im Potsdamer Raum\n11:00 \u2013 11:30 Michael Ristow: Taxonomie und Bestimmung der Gattung Veronica in Brandenburg\nab 11:30 Einteilung der Kartierungsgruppen f\u00fcr den Nachmittag<\/p>\n<p>ab 12:00 Mittagessen<\/p>\n<p>13:00 \u2013 17:30 Rasterkartierung in Kleingruppen<\/p>\n<p>18:00 Abendessen\nab 19:00 Nachbereitung der Kartierung\n20:30 Vorstellung interessanter Funde vom Nachmittag; danach Gelegenheit zum Erfahrungsaustausch und zur Vorlage kritischer und interessanter Pflanzenfunde<\/p>\n<p><strong>Sonntag, 28. Juni 2015<\/strong>\nab 7:30 Fr\u00fchst\u00fcck\n9:00 \u2013 16:00 Ganztagsexkursion\n17:00 \u2013 17:30 Einteilung der Kartierungsgruppen f\u00fcr den Montag<\/p>\n<p>18:00 Abendessen<\/p>\n<p>ab 19:00 M\u00f6glichkeit zur Vorlage kritischerFunde und gem\u00fctliches Beisammensein<\/p>\n<p><strong>Montag, 29. Juni 2015<\/strong>\n7:30 Fr\u00fchst\u00fcck\n8:30 \u2013 16:00 Ganztagskartierung in Kleingruppen\n16:00 \u2013 18:00 Auswertung der Kartierung\n18:00 Abreise<\/p>\n<p><a href=\"http:\/\/www.botanischer-verein-brandenburg.de\/\" target=\"_blank\">Botanischer Berein von Berlin und Brandenburg<\/a><\/p>\n<p>&nbsp;<\/p>\n","protected":false},"excerpt":{"rendered":"<p>Die 46. Brandenburgische Botanikertagung findet vom 26. \u2013 29. Juni 2015  am K\u00f6thener See statt.<\/p>\n","protected":false},"author":48,"featured_media":1028,"comment_status":"open","ping_status":"open","sticky":false,"template":"","format":"standard","meta":[],"categories":[11],"tags":[],"yoast_head":"<!-- This site is optimized with the Yoast SEO plugin v19.10 - https:\/\/yoast.com\/wordpress\/plugins\/seo\/ -->\n<title>Brandenburgische Botanikertagung im Naturpark Dahme-Heideseen - Naturpark Dahme-Heideseen<\/title>\n<meta name=\"robots\" content=\"index, follow, max-snippet:-1, max-image-preview:large, max-video-preview:-1\" \/>\n<link rel=\"canonical\" href=\"https:\/\/www.naturparkmagazin.de\/dahme-heideseen\/brandenburgische-botanikertagung-im-naturpark-dahme-heideseen\/\" \/>\n<meta property=\"og:locale\" content=\"de_DE\" \/>\n<meta property=\"og:type\" content=\"article\" \/>\n<meta property=\"og:title\" content=\"Brandenburgische Botanikertagung im Naturpark Dahme-Heideseen - Naturpark Dahme-Heideseen\" \/>\n<meta property=\"og:description\" content=\"Die 46. Brandenburgische Botanikertagung findet vom 26. \u2013 29. Juni 2015 am K\u00f6thener See statt.\" \/>\n<meta property=\"og:url\" content=\"https:\/\/www.naturparkmagazin.de\/dahme-heideseen\/brandenburgische-botanikertagung-im-naturpark-dahme-heideseen\/\" \/>\n<meta property=\"og:site_name\" content=\"Naturpark Dahme-Heideseen\" \/>\n<meta property=\"article:published_time\" content=\"2015-05-18T15:47:08+00:00\" \/>\n<meta property=\"article:modified_time\" content=\"2015-05-26T12:28:29+00:00\" \/>\n<meta property=\"og:image\" content=\"https:\/\/www.naturparkmagazin.de\/dahme-heideseen\/wp-content\/uploads\/sites\/37\/k\u00f6then_eingang_weg.jpg\" \/>\n\t<meta property=\"og:image:width\" content=\"640\" \/>\n\t<meta property=\"og:image:height\" content=\"480\" \/>\n\t<meta property=\"og:image:type\" content=\"image\/jpeg\" \/>\n<meta name=\"author\" content=\"hanssonnenberg\" \/>\n<meta name=\"twitter:label1\" content=\"Verfasst von\" \/>\n\t<meta name=\"twitter:data1\" content=\"hanssonnenberg\" \/>\n\t<meta name=\"twitter:label2\" content=\"Gesch\u00e4tzte Lesezeit\" \/>\n\t<meta name=\"twitter:data2\" content=\"1\u00a0Minute\" \/>\n<script type=\"application\/ld+json\" class=\"yoast-schema-graph\">{\"@context\":\"https:\/\/schema.org\",\"@graph\":[{\"@type\":\"WebPage\",\"@id\":\"https:\/\/www.naturparkmagazin.de\/dahme-heideseen\/brandenburgische-botanikertagung-im-naturpark-dahme-heideseen\/\",\"url\":\"https:\/\/www.naturparkmagazin.de\/dahme-heideseen\/brandenburgische-botanikertagung-im-naturpark-dahme-heideseen\/\",\"name\":\"Brandenburgische Botanikertagung im Naturpark Dahme-Heideseen - Naturpark Dahme-Heideseen\",\"isPartOf\":{\"@id\":\"https:\/\/www.naturparkmagazin.de\/dahme-heideseen\/#website\"},\"datePublished\":\"2015-05-18T15:47:08+00:00\",\"dateModified\":\"2015-05-26T12:28:29+00:00\",\"author\":{\"@id\":\"https:\/\/www.naturparkmagazin.de\/dahme-heideseen\/#\/schema\/person\/c81c96c3a1f5ee7bffff8b8022c105f0\"},\"breadcrumb\":{\"@id\":\"https:\/\/www.naturparkmagazin.de\/dahme-heideseen\/brandenburgische-botanikertagung-im-naturpark-dahme-heideseen\/#breadcrumb\"},\"inLanguage\":\"de\",\"potentialAction\":[{\"@type\":\"ReadAction\",\"target\":[\"https:\/\/www.naturparkmagazin.de\/dahme-heideseen\/brandenburgische-botanikertagung-im-naturpark-dahme-heideseen\/\"]}]},{\"@type\":\"BreadcrumbList\",\"@id\":\"https:\/\/www.naturparkmagazin.de\/dahme-heideseen\/brandenburgische-botanikertagung-im-naturpark-dahme-heideseen\/#breadcrumb\",\"itemListElement\":[{\"@type\":\"ListItem\",\"position\":1,\"name\":\"Home\",\"item\":\"https:\/\/www.naturparkmagazin.de\/dahme-heideseen\/\"},{\"@type\":\"ListItem\",\"position\":2,\"name\":\"Brandenburgische Botanikertagung im Naturpark Dahme-Heideseen\"}]},{\"@type\":\"WebSite\",\"@id\":\"https:\/\/www.naturparkmagazin.de\/dahme-heideseen\/#website\",\"url\":\"https:\/\/www.naturparkmagazin.de\/dahme-heideseen\/\",\"name\":\"Naturpark Dahme-Heideseen\",\"description\":\"\",\"potentialAction\":[{\"@type\":\"SearchAction\",\"target\":{\"@type\":\"EntryPoint\",\"urlTemplate\":\"https:\/\/www.naturparkmagazin.de\/dahme-heideseen\/?s={search_term_string}\"},\"query-input\":\"required name=search_term_string\"}],\"inLanguage\":\"de\"},{\"@type\":\"Person\",\"@id\":\"https:\/\/www.naturparkmagazin.de\/dahme-heideseen\/#\/schema\/person\/c81c96c3a1f5ee7bffff8b8022c105f0\",\"name\":\"hanssonnenberg\",\"url\":\"https:\/\/www.naturparkmagazin.de\/dahme-heideseen\/author\/hanssonnenberg\/\"}]}<\/script>\n<!-- \/ Yoast SEO plugin. -->","yoast_head_json":{"title":"Brandenburgische Botanikertagung im Naturpark Dahme-Heideseen - Naturpark Dahme-Heideseen","robots":{"index":"index","follow":"follow","max-snippet":"max-snippet:-1","max-image-preview":"max-image-preview:large","max-video-preview":"max-video-preview:-1"},"canonical":"https:\/\/www.naturparkmagazin.de\/dahme-heideseen\/brandenburgische-botanikertagung-im-naturpark-dahme-heideseen\/","og_locale":"de_DE","og_type":"article","og_title":"Brandenburgische Botanikertagung im Naturpark Dahme-Heideseen - Naturpark Dahme-Heideseen","og_description":"Die 46. Brandenburgische Botanikertagung findet vom 26. \u2013 29. Juni 2015 am K\u00f6thener See statt.","og_url":"https:\/\/www.naturparkmagazin.de\/dahme-heideseen\/brandenburgische-botanikertagung-im-naturpark-dahme-heideseen\/","og_site_name":"Naturpark Dahme-Heideseen","article_published_time":"2015-05-18T15:47:08+00:00","article_modified_time":"2015-05-26T12:28:29+00:00","og_image":[{"width":640,"height":480,"url":"https:\/\/www.naturparkmagazin.de\/dahme-heideseen\/wp-content\/uploads\/sites\/37\/k\u00f6then_eingang_weg.jpg","type":"image\/jpeg"}],"author":"hanssonnenberg","twitter_misc":{"Verfasst von":"hanssonnenberg","Gesch\u00e4tzte Lesezeit":"1\u00a0Minute"},"schema":{"@context":"https:\/\/schema.org","@graph":[{"@type":"WebPage","@id":"https:\/\/www.naturparkmagazin.de\/dahme-heideseen\/brandenburgische-botanikertagung-im-naturpark-dahme-heideseen\/","url":"https:\/\/www.naturparkmagazin.de\/dahme-heideseen\/brandenburgische-botanikertagung-im-naturpark-dahme-heideseen\/","name":"Brandenburgische Botanikertagung im Naturpark Dahme-Heideseen - Naturpark Dahme-Heideseen","isPartOf":{"@id":"https:\/\/www.naturparkmagazin.de\/dahme-heideseen\/#website"},"datePublished":"2015-05-18T15:47:08+00:00","dateModified":"2015-05-26T12:28:29+00:00","author":{"@id":"https:\/\/www.naturparkmagazin.de\/dahme-heideseen\/#\/schema\/person\/c81c96c3a1f5ee7bffff8b8022c105f0"},"breadcrumb":{"@id":"https:\/\/www.naturparkmagazin.de\/dahme-heideseen\/brandenburgische-botanikertagung-im-naturpark-dahme-heideseen\/#breadcrumb"},"inLanguage":"de","potentialAction":[{"@type":"ReadAction","target":["https:\/\/www.naturparkmagazin.de\/dahme-heideseen\/brandenburgische-botanikertagung-im-naturpark-dahme-heideseen\/"]}]},{"@type":"BreadcrumbList","@id":"https:\/\/www.naturparkmagazin.de\/dahme-heideseen\/brandenburgische-botanikertagung-im-naturpark-dahme-heideseen\/#breadcrumb","itemListElement":[{"@type":"ListItem","position":1,"name":"Home","item":"https:\/\/www.naturparkmagazin.de\/dahme-heideseen\/"},{"@type":"ListItem","position":2,"name":"Brandenburgische Botanikertagung im Naturpark Dahme-Heideseen"}]},{"@type":"WebSite","@id":"https:\/\/www.naturparkmagazin.de\/dahme-heideseen\/#website","url":"https:\/\/www.naturparkmagazin.de\/dahme-heideseen\/","name":"Naturpark Dahme-Heideseen","description":"","potentialAction":[{"@type":"SearchAction","target":{"@type":"EntryPoint","urlTemplate":"https:\/\/www.naturparkmagazin.de\/dahme-heideseen\/?s={search_term_string}"},"query-input":"required name=search_term_string"}],"inLanguage":"de"},{"@type":"Person","@id":"https:\/\/www.naturparkmagazin.de\/dahme-heideseen\/#\/schema\/person\/c81c96c3a1f5ee7bffff8b8022c105f0","name":"hanssonnenberg","url":"https:\/\/www.naturparkmagazin.de\/dahme-heideseen\/author\/hanssonnenberg\/"}]}},"_links":{"self":[{"href":"https:\/\/www.naturparkmagazin.de\/dahme-heideseen\/wp-json\/wp\/v2\/posts\/1027"}],"collection":[{"href":"https:\/\/www.naturparkmagazin.de\/dahme-heideseen\/wp-json\/wp\/v2\/posts"}],"about":[{"href":"https:\/\/www.naturparkmagazin.de\/dahme-heideseen\/wp-json\/wp\/v2\/types\/post"}],"author":[{"embeddable":true,"href":"https:\/\/www.naturparkmagazin.de\/dahme-heideseen\/wp-json\/wp\/v2\/users\/48"}],"replies":[{"embeddable":true,"href":"https:\/\/www.naturparkmagazin.de\/dahme-heideseen\/wp-json\/wp\/v2\/comments?post=1027"}],"version-history":[{"count":2,"href":"https:\/\/www.naturparkmagazin.de\/dahme-heideseen\/wp-json\/wp\/v2\/posts\/1027\/revisions"}],"predecessor-version":[{"id":1035,"href":"https:\/\/www.naturparkmagazin.de\/dahme-heideseen\/wp-json\/wp\/v2\/posts\/1027\/revisions\/1035"}],"wp:featuredmedia":[{"embeddable":true,"href":"https:\/\/www.naturparkmagazin.de\/dahme-heideseen\/wp-json\/wp\/v2\/media\/1028"}],"wp:attachment":[{"href":"https:\/\/www.naturparkmagazin.de\/dahme-heideseen\/wp-json\/wp\/v2\/media?parent=1027"}],"wp:term":[{"taxonomy":"category","embeddable":true,"href":"https:\/\/www.naturparkmagazin.de\/dahme-heideseen\/wp-json\/wp\/v2\/categories?post=1027"},{"taxonomy":"post_tag","embeddable":true,"href":"https:\/\/www.naturparkmagazin.de\/dahme-heideseen\/wp-json\/wp\/v2\/tags?post=1027"}],"curies":[{"name":"wp","href":"https:\/\/api.w.org\/{rel}","templated":true}]}}