{"id":1038,"date":"2015-06-19T10:32:17","date_gmt":"2015-06-19T08:32:17","guid":{"rendered":"http:\/\/www.naturparkmagazin.de\/dahme-heideseen\/?p=1038"},"modified":"2015-06-25T10:53:16","modified_gmt":"2015-06-25T08:53:16","slug":"sommerfest-zum-20-jaehrige-jubilaeum-im-biogarten-prieros","status":"publish","type":"post","link":"https:\/\/www.naturparkmagazin.de\/dahme-heideseen\/sommerfest-zum-20-jaehrige-jubilaeum-im-biogarten-prieros\/","title":{"rendered":"Sommerfest zum 20. j\u00e4hrigen Jubil\u00e4um im Biogarten Prieros"},"content":{"rendered":"<p>Das Sommerfest im Prierose Biogarten hat Tradition. In diesem Jahr gibt es dazu einen besonders sch\u00f6nen Anlass. Der Biogarten feiert sein 20. j\u00e4hriges Jubil\u00e4um. Am Samstag, den 4. Juli wird von13 bis 19<\/p>\n<p>Uhr gefeiert. Der Eintritt ist frei!<!--more-->13 Uhr Er\u00f6ffnung\nDie Er\u00f6ffnung wird durch das Percussion-Ensemble der Kreismusikschule\nDahme-Spreewald umrahmt (Leitung: Mirko Schurig).<\/p>\n<p>14.00 und 15.30 Uhr\nF\u00fchrungen zum biologischen G\u00e4rtnern und Beantwortung Ihrer Fragen mit\ndem Biogarten-Team<\/p>\n<p>14:00, 15:00 und 16:00 Uhr\nM\u00e4rchen aus Afrika f\u00fcr die ganze Familie mit B\u00e4rbel Becker, M\u00e4rchenerz\u00e4hlerin<\/p>\n<p>14:00 bis 17:00 Uhr\nKinder malen mit Malack Silas (Maler aus Kenia) zum Thema Afrika<\/p>\n<p>17.00 Uhr\nEin Hauch von Mexiko im Biogarten &#8211; Mariachimusik mit der mexikanischen Gruppe \u201eEl Dorado\u201c<\/p>\n<p>Verkauf von Biogartenprodukten F\u00fcr das leibliche Wohl wird mit Getr\u00e4nken, Kuchen und Imbiss gesorgt.\nEintritt frei<\/p>\n<div id=\"attachment_1039\" style=\"width: 630px\" class=\"wp-caption aligncenter\"><a href=\"https:\/\/www.naturparkmagazin.de\/dahme-heideseen\/wp-content\/uploads\/sites\/37\/biogarten.jpg\"><img aria-describedby=\"caption-attachment-1039\" decoding=\"async\" loading=\"lazy\" class=\"size-medium wp-image-1039\" src=\"https:\/\/www.naturparkmagazin.de\/dahme-heideseen\/wp-content\/uploads\/sites\/37\/biogarten-620x443.jpg\" alt=\"Biogarten Prieros  (Foto: W. Klaeber)\" width=\"620\" height=\"443\" srcset=\"https:\/\/www.naturparkmagazin.de\/dahme-heideseen\/wp-content\/uploads\/sites\/37\/biogarten-620x443.jpg 620w, https:\/\/www.naturparkmagazin.de\/dahme-heideseen\/wp-content\/uploads\/sites\/37\/biogarten-300x214.jpg 300w, https:\/\/www.naturparkmagazin.de\/dahme-heideseen\/wp-content\/uploads\/sites\/37\/biogarten-940x671.jpg 940w, https:\/\/www.naturparkmagazin.de\/dahme-heideseen\/wp-content\/uploads\/sites\/37\/biogarten-670x478.jpg 670w, https:\/\/www.naturparkmagazin.de\/dahme-heideseen\/wp-content\/uploads\/sites\/37\/biogarten-200x143.jpg 200w, https:\/\/www.naturparkmagazin.de\/dahme-heideseen\/wp-content\/uploads\/sites\/37\/biogarten.jpg 1024w\" sizes=\"(max-width: 620px) 100vw, 620px\" \/><\/a><p id=\"caption-attachment-1039\" class=\"wp-caption-text\">Biogarten Prieros (Foto: W. Klaeber)<\/p><\/div>\n<p>Infos:<\/p>\n<p><a href=\"http:\/\/www.biogartenprieros.de\/biogarten\/biogarten.html\" target=\"_blank\">Biogarten Prieros<\/a><\/p>\n<p>15752 Prieros M\u00fchlendamm 14\nTel.: + 49 33768 50130 (B\u00fcro)\u00a0 +49 33768 50455 (Garten)<\/p>\n","protected":false},"excerpt":{"rendered":"<p>Das Sommerfest im Prierose Biogarten hat Tradition. In diesem Jahr gibt es dazu einen besonders sch\u00f6nen Anlass. Der Biogarten feiert sein 20. j\u00e4hriges Jubil\u00e4um. Am Samstag, den 4. Juli wird von13 bis 19 Uhr gefeiert. Der Eintritt ist frei!<\/p>\n","protected":false},"author":48,"featured_media":1039,"comment_status":"open","ping_status":"open","sticky":false,"template":"","format":"standard","meta":[],"categories":[11],"tags":[],"yoast_head":"<!-- This site is optimized with the Yoast SEO plugin v19.10 - https:\/\/yoast.com\/wordpress\/plugins\/seo\/ -->\n<title>Sommerfest zum 20. j\u00e4hrigen Jubil\u00e4um im Biogarten Prieros - Naturpark Dahme-Heideseen<\/title>\n<meta name=\"robots\" content=\"index, follow, max-snippet:-1, max-image-preview:large, max-video-preview:-1\" \/>\n<link rel=\"canonical\" href=\"https:\/\/www.naturparkmagazin.de\/dahme-heideseen\/sommerfest-zum-20-jaehrige-jubilaeum-im-biogarten-prieros\/\" \/>\n<meta property=\"og:locale\" content=\"de_DE\" \/>\n<meta property=\"og:type\" content=\"article\" \/>\n<meta property=\"og:title\" content=\"Sommerfest zum 20. j\u00e4hrigen Jubil\u00e4um im Biogarten Prieros - Naturpark Dahme-Heideseen\" \/>\n<meta property=\"og:description\" content=\"Das Sommerfest im Prierose Biogarten hat Tradition. In diesem Jahr gibt es dazu einen besonders sch\u00f6nen Anlass. Der Biogarten feiert sein 20. j\u00e4hriges Jubil\u00e4um. Am Samstag, den 4. Juli wird von13 bis 19 Uhr gefeiert. Der Eintritt ist frei!\" \/>\n<meta property=\"og:url\" content=\"https:\/\/www.naturparkmagazin.de\/dahme-heideseen\/sommerfest-zum-20-jaehrige-jubilaeum-im-biogarten-prieros\/\" \/>\n<meta property=\"og:site_name\" content=\"Naturpark Dahme-Heideseen\" \/>\n<meta property=\"article:published_time\" content=\"2015-06-19T08:32:17+00:00\" \/>\n<meta property=\"article:modified_time\" content=\"2015-06-25T08:53:16+00:00\" \/>\n<meta property=\"og:image\" content=\"https:\/\/www.naturparkmagazin.de\/dahme-heideseen\/wp-content\/uploads\/sites\/37\/biogarten.jpg\" \/>\n\t<meta property=\"og:image:width\" content=\"1024\" \/>\n\t<meta property=\"og:image:height\" content=\"731\" \/>\n\t<meta property=\"og:image:type\" content=\"image\/jpeg\" \/>\n<meta name=\"author\" content=\"hanssonnenberg\" \/>\n<meta name=\"twitter:label1\" content=\"Verfasst von\" \/>\n\t<meta name=\"twitter:data1\" content=\"hanssonnenberg\" \/>\n\t<meta name=\"twitter:label2\" content=\"Gesch\u00e4tzte Lesezeit\" \/>\n\t<meta name=\"twitter:data2\" content=\"1\u00a0Minute\" \/>\n<script type=\"application\/ld+json\" class=\"yoast-schema-graph\">{\"@context\":\"https:\/\/schema.org\",\"@graph\":[{\"@type\":\"WebPage\",\"@id\":\"https:\/\/www.naturparkmagazin.de\/dahme-heideseen\/sommerfest-zum-20-jaehrige-jubilaeum-im-biogarten-prieros\/\",\"url\":\"https:\/\/www.naturparkmagazin.de\/dahme-heideseen\/sommerfest-zum-20-jaehrige-jubilaeum-im-biogarten-prieros\/\",\"name\":\"Sommerfest zum 20. j\u00e4hrigen Jubil\u00e4um im Biogarten Prieros - Naturpark Dahme-Heideseen\",\"isPartOf\":{\"@id\":\"https:\/\/www.naturparkmagazin.de\/dahme-heideseen\/#website\"},\"datePublished\":\"2015-06-19T08:32:17+00:00\",\"dateModified\":\"2015-06-25T08:53:16+00:00\",\"author\":{\"@id\":\"https:\/\/www.naturparkmagazin.de\/dahme-heideseen\/#\/schema\/person\/c81c96c3a1f5ee7bffff8b8022c105f0\"},\"breadcrumb\":{\"@id\":\"https:\/\/www.naturparkmagazin.de\/dahme-heideseen\/sommerfest-zum-20-jaehrige-jubilaeum-im-biogarten-prieros\/#breadcrumb\"},\"inLanguage\":\"de\",\"potentialAction\":[{\"@type\":\"ReadAction\",\"target\":[\"https:\/\/www.naturparkmagazin.de\/dahme-heideseen\/sommerfest-zum-20-jaehrige-jubilaeum-im-biogarten-prieros\/\"]}]},{\"@type\":\"BreadcrumbList\",\"@id\":\"https:\/\/www.naturparkmagazin.de\/dahme-heideseen\/sommerfest-zum-20-jaehrige-jubilaeum-im-biogarten-prieros\/#breadcrumb\",\"itemListElement\":[{\"@type\":\"ListItem\",\"position\":1,\"name\":\"Home\",\"item\":\"https:\/\/www.naturparkmagazin.de\/dahme-heideseen\/\"},{\"@type\":\"ListItem\",\"position\":2,\"name\":\"Sommerfest zum 20. j\u00e4hrigen Jubil\u00e4um im Biogarten Prieros\"}]},{\"@type\":\"WebSite\",\"@id\":\"https:\/\/www.naturparkmagazin.de\/dahme-heideseen\/#website\",\"url\":\"https:\/\/www.naturparkmagazin.de\/dahme-heideseen\/\",\"name\":\"Naturpark Dahme-Heideseen\",\"description\":\"\",\"potentialAction\":[{\"@type\":\"SearchAction\",\"target\":{\"@type\":\"EntryPoint\",\"urlTemplate\":\"https:\/\/www.naturparkmagazin.de\/dahme-heideseen\/?s={search_term_string}\"},\"query-input\":\"required name=search_term_string\"}],\"inLanguage\":\"de\"},{\"@type\":\"Person\",\"@id\":\"https:\/\/www.naturparkmagazin.de\/dahme-heideseen\/#\/schema\/person\/c81c96c3a1f5ee7bffff8b8022c105f0\",\"name\":\"hanssonnenberg\",\"url\":\"https:\/\/www.naturparkmagazin.de\/dahme-heideseen\/author\/hanssonnenberg\/\"}]}<\/script>\n<!-- \/ Yoast SEO plugin. -->","yoast_head_json":{"title":"Sommerfest zum 20. j\u00e4hrigen Jubil\u00e4um im Biogarten Prieros - Naturpark Dahme-Heideseen","robots":{"index":"index","follow":"follow","max-snippet":"max-snippet:-1","max-image-preview":"max-image-preview:large","max-video-preview":"max-video-preview:-1"},"canonical":"https:\/\/www.naturparkmagazin.de\/dahme-heideseen\/sommerfest-zum-20-jaehrige-jubilaeum-im-biogarten-prieros\/","og_locale":"de_DE","og_type":"article","og_title":"Sommerfest zum 20. j\u00e4hrigen Jubil\u00e4um im Biogarten Prieros - Naturpark Dahme-Heideseen","og_description":"Das Sommerfest im Prierose Biogarten hat Tradition. In diesem Jahr gibt es dazu einen besonders sch\u00f6nen Anlass. Der Biogarten feiert sein 20. j\u00e4hriges Jubil\u00e4um. Am Samstag, den 4. Juli wird von13 bis 19 Uhr gefeiert. Der Eintritt ist frei!","og_url":"https:\/\/www.naturparkmagazin.de\/dahme-heideseen\/sommerfest-zum-20-jaehrige-jubilaeum-im-biogarten-prieros\/","og_site_name":"Naturpark Dahme-Heideseen","article_published_time":"2015-06-19T08:32:17+00:00","article_modified_time":"2015-06-25T08:53:16+00:00","og_image":[{"width":1024,"height":731,"url":"https:\/\/www.naturparkmagazin.de\/dahme-heideseen\/wp-content\/uploads\/sites\/37\/biogarten.jpg","type":"image\/jpeg"}],"author":"hanssonnenberg","twitter_misc":{"Verfasst von":"hanssonnenberg","Gesch\u00e4tzte Lesezeit":"1\u00a0Minute"},"schema":{"@context":"https:\/\/schema.org","@graph":[{"@type":"WebPage","@id":"https:\/\/www.naturparkmagazin.de\/dahme-heideseen\/sommerfest-zum-20-jaehrige-jubilaeum-im-biogarten-prieros\/","url":"https:\/\/www.naturparkmagazin.de\/dahme-heideseen\/sommerfest-zum-20-jaehrige-jubilaeum-im-biogarten-prieros\/","name":"Sommerfest zum 20. j\u00e4hrigen Jubil\u00e4um im Biogarten Prieros - Naturpark Dahme-Heideseen","isPartOf":{"@id":"https:\/\/www.naturparkmagazin.de\/dahme-heideseen\/#website"},"datePublished":"2015-06-19T08:32:17+00:00","dateModified":"2015-06-25T08:53:16+00:00","author":{"@id":"https:\/\/www.naturparkmagazin.de\/dahme-heideseen\/#\/schema\/person\/c81c96c3a1f5ee7bffff8b8022c105f0"},"breadcrumb":{"@id":"https:\/\/www.naturparkmagazin.de\/dahme-heideseen\/sommerfest-zum-20-jaehrige-jubilaeum-im-biogarten-prieros\/#breadcrumb"},"inLanguage":"de","potentialAction":[{"@type":"ReadAction","target":["https:\/\/www.naturparkmagazin.de\/dahme-heideseen\/sommerfest-zum-20-jaehrige-jubilaeum-im-biogarten-prieros\/"]}]},{"@type":"BreadcrumbList","@id":"https:\/\/www.naturparkmagazin.de\/dahme-heideseen\/sommerfest-zum-20-jaehrige-jubilaeum-im-biogarten-prieros\/#breadcrumb","itemListElement":[{"@type":"ListItem","position":1,"name":"Home","item":"https:\/\/www.naturparkmagazin.de\/dahme-heideseen\/"},{"@type":"ListItem","position":2,"name":"Sommerfest zum 20. j\u00e4hrigen Jubil\u00e4um im Biogarten Prieros"}]},{"@type":"WebSite","@id":"https:\/\/www.naturparkmagazin.de\/dahme-heideseen\/#website","url":"https:\/\/www.naturparkmagazin.de\/dahme-heideseen\/","name":"Naturpark Dahme-Heideseen","description":"","potentialAction":[{"@type":"SearchAction","target":{"@type":"EntryPoint","urlTemplate":"https:\/\/www.naturparkmagazin.de\/dahme-heideseen\/?s={search_term_string}"},"query-input":"required name=search_term_string"}],"inLanguage":"de"},{"@type":"Person","@id":"https:\/\/www.naturparkmagazin.de\/dahme-heideseen\/#\/schema\/person\/c81c96c3a1f5ee7bffff8b8022c105f0","name":"hanssonnenberg","url":"https:\/\/www.naturparkmagazin.de\/dahme-heideseen\/author\/hanssonnenberg\/"}]}},"_links":{"self":[{"href":"https:\/\/www.naturparkmagazin.de\/dahme-heideseen\/wp-json\/wp\/v2\/posts\/1038"}],"collection":[{"href":"https:\/\/www.naturparkmagazin.de\/dahme-heideseen\/wp-json\/wp\/v2\/posts"}],"about":[{"href":"https:\/\/www.naturparkmagazin.de\/dahme-heideseen\/wp-json\/wp\/v2\/types\/post"}],"author":[{"embeddable":true,"href":"https:\/\/www.naturparkmagazin.de\/dahme-heideseen\/wp-json\/wp\/v2\/users\/48"}],"replies":[{"embeddable":true,"href":"https:\/\/www.naturparkmagazin.de\/dahme-heideseen\/wp-json\/wp\/v2\/comments?post=1038"}],"version-history":[{"count":4,"href":"https:\/\/www.naturparkmagazin.de\/dahme-heideseen\/wp-json\/wp\/v2\/posts\/1038\/revisions"}],"predecessor-version":[{"id":1043,"href":"https:\/\/www.naturparkmagazin.de\/dahme-heideseen\/wp-json\/wp\/v2\/posts\/1038\/revisions\/1043"}],"wp:featuredmedia":[{"embeddable":true,"href":"https:\/\/www.naturparkmagazin.de\/dahme-heideseen\/wp-json\/wp\/v2\/media\/1039"}],"wp:attachment":[{"href":"https:\/\/www.naturparkmagazin.de\/dahme-heideseen\/wp-json\/wp\/v2\/media?parent=1038"}],"wp:term":[{"taxonomy":"category","embeddable":true,"href":"https:\/\/www.naturparkmagazin.de\/dahme-heideseen\/wp-json\/wp\/v2\/categories?post=1038"},{"taxonomy":"post_tag","embeddable":true,"href":"https:\/\/www.naturparkmagazin.de\/dahme-heideseen\/wp-json\/wp\/v2\/tags?post=1038"}],"curies":[{"name":"wp","href":"https:\/\/api.w.org\/{rel}","templated":true}]}}