{"id":1063,"date":"2015-07-22T17:48:25","date_gmt":"2015-07-22T15:48:25","guid":{"rendered":"http:\/\/www.naturparkmagazin.de\/dahme-heideseen\/?p=1063"},"modified":"2015-07-27T11:59:41","modified_gmt":"2015-07-27T09:59:41","slug":"naturschutzeinsatz-im-sutschketal","status":"publish","type":"post","link":"https:\/\/www.naturparkmagazin.de\/dahme-heideseen\/naturschutzeinsatz-im-sutschketal\/","title":{"rendered":"Naturschutzeinsatz im Sutschketal"},"content":{"rendered":"<p>Es war nun wieder soweit. Im Rahmen ihrer Projektwoche haben die Sch\u00fcler der 8. Klassen des Schiller-Gymnasiums in K\u00f6nigs Wusterhausen einen Praxiseinsatz in der Natur geleistet. Im vorigen Jahr wurden Binnend\u00fcnenfl\u00e4chen in Storkow frei gelegt. Dieses Jahr ging es in das Naturschutzgebiet Sutschketal. Da gibt es ganz besonders eindrucksvolle Hangw\u00e4lder mit vielen seltenen Pflanzen und Tieren. Leider breiten sich im Unterholz zahlreiche Ziergeh\u00f6lze aus, insbesondere die schnell wuchernden Sp\u00e4tbl\u00fchenden Traubenkirschen. Hier einst h\u00e4ufige Arten wie Schl\u00fcsselblumen und Salomansiegel gehen immer mehr zur\u00fcck. Die wunderbar blau bl\u00fchende Betonie ist schon ganz verschwunden.<\/p>\n<p><a href=\"https:\/\/www.naturparkmagazin.de\/dahme-heideseen\/wp-content\/uploads\/sites\/37\/sutschkeeinsatz_web.jpg\"><img decoding=\"async\" loading=\"lazy\" class=\"aligncenter size-medium wp-image-1066\" src=\"https:\/\/www.naturparkmagazin.de\/dahme-heideseen\/wp-content\/uploads\/sites\/37\/sutschkeeinsatz_web-620x415.jpg\" alt=\"Einsatz im Sutschketal (Foto: Sonnenberg)\" width=\"620\" height=\"415\" srcset=\"https:\/\/www.naturparkmagazin.de\/dahme-heideseen\/wp-content\/uploads\/sites\/37\/sutschkeeinsatz_web-620x415.jpg 620w, https:\/\/www.naturparkmagazin.de\/dahme-heideseen\/wp-content\/uploads\/sites\/37\/sutschkeeinsatz_web-300x201.jpg 300w, https:\/\/www.naturparkmagazin.de\/dahme-heideseen\/wp-content\/uploads\/sites\/37\/sutschkeeinsatz_web-200x134.jpg 200w, https:\/\/www.naturparkmagazin.de\/dahme-heideseen\/wp-content\/uploads\/sites\/37\/sutschkeeinsatz_web.jpg 640w\" sizes=\"(max-width: 620px) 100vw, 620px\" \/><\/a><\/p>\n<p>In mehreren Stunden wurden mit Scheren, Spaten und auch durch Herausziehen zahlreiche Geh\u00f6lze gerodet. Nun kann wieder mehr Licht bis auf den Waldboden gelangen. Zur Freude von hier wachsenden Wiesen-Schl\u00fcsselblumen, Salomonsiegel und Wald-Reitgras. Auch die alten Eichen haben nun wieder mehr\u00a0 Platz f\u00fcr ihre breiten Baumkronen.<\/p>\n<p><a href=\"https:\/\/www.naturparkmagazin.de\/dahme-heideseen\/wp-content\/uploads\/sites\/37\/sutschke_trockenwald.jpg\"><img decoding=\"async\" loading=\"lazy\" class=\"aligncenter size-medium wp-image-1065\" src=\"https:\/\/www.naturparkmagazin.de\/dahme-heideseen\/wp-content\/uploads\/sites\/37\/sutschke_trockenwald-620x415.jpg\" alt=\"Sutschke Trockenwald (Foto: Sonnenberg)\" width=\"620\" height=\"415\" srcset=\"https:\/\/www.naturparkmagazin.de\/dahme-heideseen\/wp-content\/uploads\/sites\/37\/sutschke_trockenwald-620x415.jpg 620w, https:\/\/www.naturparkmagazin.de\/dahme-heideseen\/wp-content\/uploads\/sites\/37\/sutschke_trockenwald-300x201.jpg 300w, https:\/\/www.naturparkmagazin.de\/dahme-heideseen\/wp-content\/uploads\/sites\/37\/sutschke_trockenwald-200x134.jpg 200w, https:\/\/www.naturparkmagazin.de\/dahme-heideseen\/wp-content\/uploads\/sites\/37\/sutschke_trockenwald.jpg 640w\" sizes=\"(max-width: 620px) 100vw, 620px\" \/><\/a><\/p>\n<p><a href=\"https:\/\/www.naturparkmagazin.de\/dahme-heideseen\/wp-content\/uploads\/sites\/37\/salomonsiegel.jpg\"><img decoding=\"async\" loading=\"lazy\" class=\"aligncenter size-medium wp-image-1064\" src=\"https:\/\/www.naturparkmagazin.de\/dahme-heideseen\/wp-content\/uploads\/sites\/37\/salomonsiegel-620x443.jpg\" alt=\"Salomonsiegel (Foto: W. Klaeber)\" width=\"620\" height=\"443\" srcset=\"https:\/\/www.naturparkmagazin.de\/dahme-heideseen\/wp-content\/uploads\/sites\/37\/salomonsiegel-620x443.jpg 620w, https:\/\/www.naturparkmagazin.de\/dahme-heideseen\/wp-content\/uploads\/sites\/37\/salomonsiegel-300x214.jpg 300w, https:\/\/www.naturparkmagazin.de\/dahme-heideseen\/wp-content\/uploads\/sites\/37\/salomonsiegel-940x672.jpg 940w, https:\/\/www.naturparkmagazin.de\/dahme-heideseen\/wp-content\/uploads\/sites\/37\/salomonsiegel-670x479.jpg 670w, https:\/\/www.naturparkmagazin.de\/dahme-heideseen\/wp-content\/uploads\/sites\/37\/salomonsiegel-200x143.jpg 200w, https:\/\/www.naturparkmagazin.de\/dahme-heideseen\/wp-content\/uploads\/sites\/37\/salomonsiegel.jpg 1075w\" sizes=\"(max-width: 620px) 100vw, 620px\" \/><\/a><\/p>\n<p>Der Naturschutzeinsatz wurde gemeinsam mit dem Life-Naturschutzprojekt \u201eSandrasen im Dahme-Seengebiet\u201c und dem Naturpark Dahme-Heideseen organisiert und durchgef\u00fchrt.<\/p>\n<p>Es w\u00e4re toll, wenn die Naturschutzfl\u00e4chen im Sutschketal im Rahmend des Biologieunterrichts genauer untersucht werden k\u00f6nnten. Und nat\u00fcrlich w\u00e4re es super, wenn es an gleicher Stelle im n\u00e4chsten Jahre hier wieder einen Einsatz geben k\u00f6nnte<\/p>\n<p><a href=\"http:\/\/www.sandrasen.de\/\" target=\"_blank\">Life-Projekt sandrasen im Dahme-Seengebiet<\/a><\/p>\n<p><a href=\"http:\/\/www.bfn.de\/0316_steckbriefe.html?&amp;tx_n2gebiete_pi1[bundeslandffh][0]=BB&amp;tx_n2gebiete_pi1[detail]=ffh&amp;tx_n2gebiete_pi1[searchffh]=Suche%20starten&amp;tx_n2gebiete_pi1[sitecode]=DE3747301&amp;tx_n2gebiete_pi1[spid]=4624\" target=\"_blank\">Steckbrief Sutschketal der Natura 2000 Gebiete<\/a><\/p>\n<p><a href=\"http:\/\/schiller.th-wildau.de\/\" target=\"_blank\">Friedrich-Schiller-Gymnasium K\u00f6nigs Wusterhausen<\/a><\/p>\n<h1><\/h1>\n<p>&nbsp;<\/p>\n<p>&nbsp;<\/p>\n<p>&nbsp;<\/p>\n","protected":false},"excerpt":{"rendered":"<p>Es war nun wieder soweit. Im Rahmen ihrer Projektwoche haben die Sch\u00fcler der 8. Klassen des Schiller-Gymnasiums in K\u00f6nigs Wusterhausen einen Praxiseinsatz in der Natur geleistet.<\/p>\n","protected":false},"author":48,"featured_media":1066,"comment_status":"open","ping_status":"open","sticky":false,"template":"","format":"standard","meta":[],"categories":[7],"tags":[],"yoast_head":"<!-- This site is optimized with the Yoast SEO plugin v19.10 - https:\/\/yoast.com\/wordpress\/plugins\/seo\/ -->\n<title>Naturschutzeinsatz im Sutschketal - Naturpark Dahme-Heideseen<\/title>\n<meta name=\"robots\" content=\"index, follow, max-snippet:-1, max-image-preview:large, max-video-preview:-1\" \/>\n<link rel=\"canonical\" href=\"https:\/\/www.naturparkmagazin.de\/dahme-heideseen\/naturschutzeinsatz-im-sutschketal\/\" \/>\n<meta property=\"og:locale\" content=\"de_DE\" \/>\n<meta property=\"og:type\" content=\"article\" \/>\n<meta property=\"og:title\" content=\"Naturschutzeinsatz im Sutschketal - Naturpark Dahme-Heideseen\" \/>\n<meta property=\"og:description\" content=\"Es war nun wieder soweit. Im Rahmen ihrer Projektwoche haben die Sch\u00fcler der 8. Klassen des Schiller-Gymnasiums in K\u00f6nigs Wusterhausen einen Praxiseinsatz in der Natur geleistet.\" \/>\n<meta property=\"og:url\" content=\"https:\/\/www.naturparkmagazin.de\/dahme-heideseen\/naturschutzeinsatz-im-sutschketal\/\" \/>\n<meta property=\"og:site_name\" content=\"Naturpark Dahme-Heideseen\" \/>\n<meta property=\"article:published_time\" content=\"2015-07-22T15:48:25+00:00\" \/>\n<meta property=\"article:modified_time\" content=\"2015-07-27T09:59:41+00:00\" \/>\n<meta property=\"og:image\" content=\"https:\/\/www.naturparkmagazin.de\/dahme-heideseen\/wp-content\/uploads\/sites\/37\/sutschkeeinsatz_web.jpg\" \/>\n\t<meta property=\"og:image:width\" content=\"640\" \/>\n\t<meta property=\"og:image:height\" content=\"428\" \/>\n\t<meta property=\"og:image:type\" content=\"image\/jpeg\" \/>\n<meta name=\"author\" content=\"hanssonnenberg\" \/>\n<meta name=\"twitter:label1\" content=\"Verfasst von\" \/>\n\t<meta name=\"twitter:data1\" content=\"hanssonnenberg\" \/>\n\t<meta name=\"twitter:label2\" content=\"Gesch\u00e4tzte Lesezeit\" \/>\n\t<meta name=\"twitter:data2\" content=\"1\u00a0Minute\" \/>\n<script type=\"application\/ld+json\" class=\"yoast-schema-graph\">{\"@context\":\"https:\/\/schema.org\",\"@graph\":[{\"@type\":\"WebPage\",\"@id\":\"https:\/\/www.naturparkmagazin.de\/dahme-heideseen\/naturschutzeinsatz-im-sutschketal\/\",\"url\":\"https:\/\/www.naturparkmagazin.de\/dahme-heideseen\/naturschutzeinsatz-im-sutschketal\/\",\"name\":\"Naturschutzeinsatz im Sutschketal - Naturpark Dahme-Heideseen\",\"isPartOf\":{\"@id\":\"https:\/\/www.naturparkmagazin.de\/dahme-heideseen\/#website\"},\"datePublished\":\"2015-07-22T15:48:25+00:00\",\"dateModified\":\"2015-07-27T09:59:41+00:00\",\"author\":{\"@id\":\"https:\/\/www.naturparkmagazin.de\/dahme-heideseen\/#\/schema\/person\/c81c96c3a1f5ee7bffff8b8022c105f0\"},\"breadcrumb\":{\"@id\":\"https:\/\/www.naturparkmagazin.de\/dahme-heideseen\/naturschutzeinsatz-im-sutschketal\/#breadcrumb\"},\"inLanguage\":\"de\",\"potentialAction\":[{\"@type\":\"ReadAction\",\"target\":[\"https:\/\/www.naturparkmagazin.de\/dahme-heideseen\/naturschutzeinsatz-im-sutschketal\/\"]}]},{\"@type\":\"BreadcrumbList\",\"@id\":\"https:\/\/www.naturparkmagazin.de\/dahme-heideseen\/naturschutzeinsatz-im-sutschketal\/#breadcrumb\",\"itemListElement\":[{\"@type\":\"ListItem\",\"position\":1,\"name\":\"Home\",\"item\":\"https:\/\/www.naturparkmagazin.de\/dahme-heideseen\/\"},{\"@type\":\"ListItem\",\"position\":2,\"name\":\"Naturschutzeinsatz im Sutschketal\"}]},{\"@type\":\"WebSite\",\"@id\":\"https:\/\/www.naturparkmagazin.de\/dahme-heideseen\/#website\",\"url\":\"https:\/\/www.naturparkmagazin.de\/dahme-heideseen\/\",\"name\":\"Naturpark Dahme-Heideseen\",\"description\":\"\",\"potentialAction\":[{\"@type\":\"SearchAction\",\"target\":{\"@type\":\"EntryPoint\",\"urlTemplate\":\"https:\/\/www.naturparkmagazin.de\/dahme-heideseen\/?s={search_term_string}\"},\"query-input\":\"required name=search_term_string\"}],\"inLanguage\":\"de\"},{\"@type\":\"Person\",\"@id\":\"https:\/\/www.naturparkmagazin.de\/dahme-heideseen\/#\/schema\/person\/c81c96c3a1f5ee7bffff8b8022c105f0\",\"name\":\"hanssonnenberg\",\"url\":\"https:\/\/www.naturparkmagazin.de\/dahme-heideseen\/author\/hanssonnenberg\/\"}]}<\/script>\n<!-- \/ Yoast SEO plugin. -->","yoast_head_json":{"title":"Naturschutzeinsatz im Sutschketal - Naturpark Dahme-Heideseen","robots":{"index":"index","follow":"follow","max-snippet":"max-snippet:-1","max-image-preview":"max-image-preview:large","max-video-preview":"max-video-preview:-1"},"canonical":"https:\/\/www.naturparkmagazin.de\/dahme-heideseen\/naturschutzeinsatz-im-sutschketal\/","og_locale":"de_DE","og_type":"article","og_title":"Naturschutzeinsatz im Sutschketal - Naturpark Dahme-Heideseen","og_description":"Es war nun wieder soweit. Im Rahmen ihrer Projektwoche haben die Sch\u00fcler der 8. Klassen des Schiller-Gymnasiums in K\u00f6nigs Wusterhausen einen Praxiseinsatz in der Natur geleistet.","og_url":"https:\/\/www.naturparkmagazin.de\/dahme-heideseen\/naturschutzeinsatz-im-sutschketal\/","og_site_name":"Naturpark Dahme-Heideseen","article_published_time":"2015-07-22T15:48:25+00:00","article_modified_time":"2015-07-27T09:59:41+00:00","og_image":[{"width":640,"height":428,"url":"https:\/\/www.naturparkmagazin.de\/dahme-heideseen\/wp-content\/uploads\/sites\/37\/sutschkeeinsatz_web.jpg","type":"image\/jpeg"}],"author":"hanssonnenberg","twitter_misc":{"Verfasst von":"hanssonnenberg","Gesch\u00e4tzte Lesezeit":"1\u00a0Minute"},"schema":{"@context":"https:\/\/schema.org","@graph":[{"@type":"WebPage","@id":"https:\/\/www.naturparkmagazin.de\/dahme-heideseen\/naturschutzeinsatz-im-sutschketal\/","url":"https:\/\/www.naturparkmagazin.de\/dahme-heideseen\/naturschutzeinsatz-im-sutschketal\/","name":"Naturschutzeinsatz im Sutschketal - Naturpark Dahme-Heideseen","isPartOf":{"@id":"https:\/\/www.naturparkmagazin.de\/dahme-heideseen\/#website"},"datePublished":"2015-07-22T15:48:25+00:00","dateModified":"2015-07-27T09:59:41+00:00","author":{"@id":"https:\/\/www.naturparkmagazin.de\/dahme-heideseen\/#\/schema\/person\/c81c96c3a1f5ee7bffff8b8022c105f0"},"breadcrumb":{"@id":"https:\/\/www.naturparkmagazin.de\/dahme-heideseen\/naturschutzeinsatz-im-sutschketal\/#breadcrumb"},"inLanguage":"de","potentialAction":[{"@type":"ReadAction","target":["https:\/\/www.naturparkmagazin.de\/dahme-heideseen\/naturschutzeinsatz-im-sutschketal\/"]}]},{"@type":"BreadcrumbList","@id":"https:\/\/www.naturparkmagazin.de\/dahme-heideseen\/naturschutzeinsatz-im-sutschketal\/#breadcrumb","itemListElement":[{"@type":"ListItem","position":1,"name":"Home","item":"https:\/\/www.naturparkmagazin.de\/dahme-heideseen\/"},{"@type":"ListItem","position":2,"name":"Naturschutzeinsatz im Sutschketal"}]},{"@type":"WebSite","@id":"https:\/\/www.naturparkmagazin.de\/dahme-heideseen\/#website","url":"https:\/\/www.naturparkmagazin.de\/dahme-heideseen\/","name":"Naturpark Dahme-Heideseen","description":"","potentialAction":[{"@type":"SearchAction","target":{"@type":"EntryPoint","urlTemplate":"https:\/\/www.naturparkmagazin.de\/dahme-heideseen\/?s={search_term_string}"},"query-input":"required name=search_term_string"}],"inLanguage":"de"},{"@type":"Person","@id":"https:\/\/www.naturparkmagazin.de\/dahme-heideseen\/#\/schema\/person\/c81c96c3a1f5ee7bffff8b8022c105f0","name":"hanssonnenberg","url":"https:\/\/www.naturparkmagazin.de\/dahme-heideseen\/author\/hanssonnenberg\/"}]}},"_links":{"self":[{"href":"https:\/\/www.naturparkmagazin.de\/dahme-heideseen\/wp-json\/wp\/v2\/posts\/1063"}],"collection":[{"href":"https:\/\/www.naturparkmagazin.de\/dahme-heideseen\/wp-json\/wp\/v2\/posts"}],"about":[{"href":"https:\/\/www.naturparkmagazin.de\/dahme-heideseen\/wp-json\/wp\/v2\/types\/post"}],"author":[{"embeddable":true,"href":"https:\/\/www.naturparkmagazin.de\/dahme-heideseen\/wp-json\/wp\/v2\/users\/48"}],"replies":[{"embeddable":true,"href":"https:\/\/www.naturparkmagazin.de\/dahme-heideseen\/wp-json\/wp\/v2\/comments?post=1063"}],"version-history":[{"count":3,"href":"https:\/\/www.naturparkmagazin.de\/dahme-heideseen\/wp-json\/wp\/v2\/posts\/1063\/revisions"}],"predecessor-version":[{"id":1106,"href":"https:\/\/www.naturparkmagazin.de\/dahme-heideseen\/wp-json\/wp\/v2\/posts\/1063\/revisions\/1106"}],"wp:featuredmedia":[{"embeddable":true,"href":"https:\/\/www.naturparkmagazin.de\/dahme-heideseen\/wp-json\/wp\/v2\/media\/1066"}],"wp:attachment":[{"href":"https:\/\/www.naturparkmagazin.de\/dahme-heideseen\/wp-json\/wp\/v2\/media?parent=1063"}],"wp:term":[{"taxonomy":"category","embeddable":true,"href":"https:\/\/www.naturparkmagazin.de\/dahme-heideseen\/wp-json\/wp\/v2\/categories?post=1063"},{"taxonomy":"post_tag","embeddable":true,"href":"https:\/\/www.naturparkmagazin.de\/dahme-heideseen\/wp-json\/wp\/v2\/tags?post=1063"}],"curies":[{"name":"wp","href":"https:\/\/api.w.org\/{rel}","templated":true}]}}