{"id":1078,"date":"2015-07-22T16:00:58","date_gmt":"2015-07-22T14:00:58","guid":{"rendered":"http:\/\/www.naturparkmagazin.de\/dahme-heideseen\/?p=1078"},"modified":"2015-07-27T12:14:36","modified_gmt":"2015-07-27T10:14:36","slug":"14-tage-der-offenen-gaerten","status":"publish","type":"post","link":"https:\/\/www.naturparkmagazin.de\/dahme-heideseen\/14-tage-der-offenen-gaerten\/","title":{"rendered":"14. Tage der offenen G\u00e4rten"},"content":{"rendered":"<p>Zahlreiche G\u00e4rten in der Region Dahme-Spreewald \u00f6ffnen in jedem Jahr am vorletzten Augustwochenende ihre Gartentore.<!--more-->Samstag 22. August von 9.00 \u2013 12.00 und 13.00 \u2013 17.00 Uhr, Sonntag 23. August von 9.00 \u2013 12.00 und 13.00 \u2013 17.00 Uhr<\/p>\n<p>Zahlreiche G\u00e4rten \u00f6ffnen auch in diesem Jahr ihre Gartentore. Seit \u00fcber zehn Jahren \u00f6ffnen jedes Jahr Privatg\u00e4rten zwischen Eichwalde, dem Naturpark Dahme-Heideseen und L\u00fcbben ihre Pforten f\u00fcr interessierte Besucher, 2015 ist es das 14. Mal. Die Idee dazu hatten die Teilnehmer des Wettbewerbs &#8222;Naturnahe Gartengestaltung&#8220;, den Naturpark Dahme-Heideseen und VHS Dahme-Spreewald im Jahr 2001 im Rahmen ihres gemeinsamen Projekts zur Entdeckung der spannungsreichen und facettenreichen Verbindungen von Natur und Kultur ausgerufen hatten.<\/p>\n<p>Die Tage der offenen G\u00e4rten sind nun auch im Dahmeland schon Tradition. Und: es macht Freude, Gleichgesinnte kennenzulernen oder zu gewinnen f\u00fcr das G\u00e4rtnern im Einklang mit der Natur. Lassen auch Sie sich verzaubern von der Vielfalt der G\u00e4rten.<\/p>\n<p>Die Liste der teilnehmenden G\u00e4rten wird Mitte August\u00a0 auf der Seite ver\u00f6ffentlicht.<\/p>\n<p>Infos:<\/p>\n<p><a href=\"http:\/\/www.vhs-dahme-spreewald.de\/kurse\/webbasys\/index.php\" target=\"_blank\">Volkshochschule Dahme-Spreewald<\/a><\/p>\n<div id=\"attachment_1079\" style=\"width: 498px\" class=\"wp-caption aligncenter\"><a href=\"https:\/\/www.naturparkmagazin.de\/dahme-heideseen\/wp-content\/uploads\/sites\/37\/margeritten_biogarten.jpg\"><img aria-describedby=\"caption-attachment-1079\" decoding=\"async\" loading=\"lazy\" class=\"size-full wp-image-1079\" src=\"https:\/\/www.naturparkmagazin.de\/dahme-heideseen\/wp-content\/uploads\/sites\/37\/margeritten_biogarten.jpg\" alt=\"Margeritten auf der Obstwiese im Biogarten (Foto: H.Sonnenberg)\" width=\"488\" height=\"768\" srcset=\"https:\/\/www.naturparkmagazin.de\/dahme-heideseen\/wp-content\/uploads\/sites\/37\/margeritten_biogarten.jpg 488w, https:\/\/www.naturparkmagazin.de\/dahme-heideseen\/wp-content\/uploads\/sites\/37\/margeritten_biogarten-300x472.jpg 300w, https:\/\/www.naturparkmagazin.de\/dahme-heideseen\/wp-content\/uploads\/sites\/37\/margeritten_biogarten-200x315.jpg 200w\" sizes=\"(max-width: 488px) 100vw, 488px\" \/><\/a><p id=\"caption-attachment-1079\" class=\"wp-caption-text\">Margeritten auf der Obstwiese im Biogarten (Foto: H.Sonnenberg)<\/p><\/div>\n<p>&nbsp;<\/p>\n","protected":false},"excerpt":{"rendered":"<p>Zahlreiche G\u00e4rten \u00f6ffnen auch in diesem Jahr ihre Gartentore. Seit \u00fcber zehn Jahren \u00f6ffnen jedes Jahr Privatg\u00e4rten zwischen Eichwalde, dem Naturpark Dahme-Heideseen und L\u00fcbben ihre Pforten f\u00fcr interessierte Besucher, 2015 ist es das 14. Mal. <\/p>\n","protected":false},"author":48,"featured_media":1092,"comment_status":"open","ping_status":"open","sticky":false,"template":"","format":"standard","meta":[],"categories":[11],"tags":[],"yoast_head":"<!-- This site is optimized with the Yoast SEO plugin v19.10 - https:\/\/yoast.com\/wordpress\/plugins\/seo\/ -->\n<title>14. Tage der offenen G\u00e4rten - Naturpark Dahme-Heideseen<\/title>\n<meta name=\"robots\" content=\"index, follow, max-snippet:-1, max-image-preview:large, max-video-preview:-1\" \/>\n<link rel=\"canonical\" href=\"https:\/\/www.naturparkmagazin.de\/dahme-heideseen\/14-tage-der-offenen-gaerten\/\" \/>\n<meta property=\"og:locale\" content=\"de_DE\" \/>\n<meta property=\"og:type\" content=\"article\" \/>\n<meta property=\"og:title\" content=\"14. Tage der offenen G\u00e4rten - Naturpark Dahme-Heideseen\" \/>\n<meta property=\"og:description\" content=\"Zahlreiche G\u00e4rten \u00f6ffnen auch in diesem Jahr ihre Gartentore. Seit \u00fcber zehn Jahren \u00f6ffnen jedes Jahr Privatg\u00e4rten zwischen Eichwalde, dem Naturpark Dahme-Heideseen und L\u00fcbben ihre Pforten f\u00fcr interessierte Besucher, 2015 ist es das 14. Mal.\" \/>\n<meta property=\"og:url\" content=\"https:\/\/www.naturparkmagazin.de\/dahme-heideseen\/14-tage-der-offenen-gaerten\/\" \/>\n<meta property=\"og:site_name\" content=\"Naturpark Dahme-Heideseen\" \/>\n<meta property=\"article:published_time\" content=\"2015-07-22T14:00:58+00:00\" \/>\n<meta property=\"article:modified_time\" content=\"2015-07-27T10:14:36+00:00\" \/>\n<meta property=\"og:image\" content=\"https:\/\/www.naturparkmagazin.de\/dahme-heideseen\/wp-content\/uploads\/sites\/37\/plakat_gartentage2015.jpg\" \/>\n\t<meta property=\"og:image:width\" content=\"1240\" \/>\n\t<meta property=\"og:image:height\" content=\"1754\" \/>\n\t<meta property=\"og:image:type\" content=\"image\/jpeg\" \/>\n<meta name=\"author\" content=\"hanssonnenberg\" \/>\n<meta name=\"twitter:label1\" content=\"Verfasst von\" \/>\n\t<meta name=\"twitter:data1\" content=\"hanssonnenberg\" \/>\n\t<meta name=\"twitter:label2\" content=\"Gesch\u00e4tzte Lesezeit\" \/>\n\t<meta name=\"twitter:data2\" content=\"1\u00a0Minute\" \/>\n<script type=\"application\/ld+json\" class=\"yoast-schema-graph\">{\"@context\":\"https:\/\/schema.org\",\"@graph\":[{\"@type\":\"WebPage\",\"@id\":\"https:\/\/www.naturparkmagazin.de\/dahme-heideseen\/14-tage-der-offenen-gaerten\/\",\"url\":\"https:\/\/www.naturparkmagazin.de\/dahme-heideseen\/14-tage-der-offenen-gaerten\/\",\"name\":\"14. Tage der offenen G\u00e4rten - Naturpark Dahme-Heideseen\",\"isPartOf\":{\"@id\":\"https:\/\/www.naturparkmagazin.de\/dahme-heideseen\/#website\"},\"datePublished\":\"2015-07-22T14:00:58+00:00\",\"dateModified\":\"2015-07-27T10:14:36+00:00\",\"author\":{\"@id\":\"https:\/\/www.naturparkmagazin.de\/dahme-heideseen\/#\/schema\/person\/c81c96c3a1f5ee7bffff8b8022c105f0\"},\"breadcrumb\":{\"@id\":\"https:\/\/www.naturparkmagazin.de\/dahme-heideseen\/14-tage-der-offenen-gaerten\/#breadcrumb\"},\"inLanguage\":\"de\",\"potentialAction\":[{\"@type\":\"ReadAction\",\"target\":[\"https:\/\/www.naturparkmagazin.de\/dahme-heideseen\/14-tage-der-offenen-gaerten\/\"]}]},{\"@type\":\"BreadcrumbList\",\"@id\":\"https:\/\/www.naturparkmagazin.de\/dahme-heideseen\/14-tage-der-offenen-gaerten\/#breadcrumb\",\"itemListElement\":[{\"@type\":\"ListItem\",\"position\":1,\"name\":\"Home\",\"item\":\"https:\/\/www.naturparkmagazin.de\/dahme-heideseen\/\"},{\"@type\":\"ListItem\",\"position\":2,\"name\":\"14. Tage der offenen G\u00e4rten\"}]},{\"@type\":\"WebSite\",\"@id\":\"https:\/\/www.naturparkmagazin.de\/dahme-heideseen\/#website\",\"url\":\"https:\/\/www.naturparkmagazin.de\/dahme-heideseen\/\",\"name\":\"Naturpark Dahme-Heideseen\",\"description\":\"\",\"potentialAction\":[{\"@type\":\"SearchAction\",\"target\":{\"@type\":\"EntryPoint\",\"urlTemplate\":\"https:\/\/www.naturparkmagazin.de\/dahme-heideseen\/?s={search_term_string}\"},\"query-input\":\"required name=search_term_string\"}],\"inLanguage\":\"de\"},{\"@type\":\"Person\",\"@id\":\"https:\/\/www.naturparkmagazin.de\/dahme-heideseen\/#\/schema\/person\/c81c96c3a1f5ee7bffff8b8022c105f0\",\"name\":\"hanssonnenberg\",\"url\":\"https:\/\/www.naturparkmagazin.de\/dahme-heideseen\/author\/hanssonnenberg\/\"}]}<\/script>\n<!-- \/ Yoast SEO plugin. -->","yoast_head_json":{"title":"14. Tage der offenen G\u00e4rten - Naturpark Dahme-Heideseen","robots":{"index":"index","follow":"follow","max-snippet":"max-snippet:-1","max-image-preview":"max-image-preview:large","max-video-preview":"max-video-preview:-1"},"canonical":"https:\/\/www.naturparkmagazin.de\/dahme-heideseen\/14-tage-der-offenen-gaerten\/","og_locale":"de_DE","og_type":"article","og_title":"14. Tage der offenen G\u00e4rten - Naturpark Dahme-Heideseen","og_description":"Zahlreiche G\u00e4rten \u00f6ffnen auch in diesem Jahr ihre Gartentore. Seit \u00fcber zehn Jahren \u00f6ffnen jedes Jahr Privatg\u00e4rten zwischen Eichwalde, dem Naturpark Dahme-Heideseen und L\u00fcbben ihre Pforten f\u00fcr interessierte Besucher, 2015 ist es das 14. Mal.","og_url":"https:\/\/www.naturparkmagazin.de\/dahme-heideseen\/14-tage-der-offenen-gaerten\/","og_site_name":"Naturpark Dahme-Heideseen","article_published_time":"2015-07-22T14:00:58+00:00","article_modified_time":"2015-07-27T10:14:36+00:00","og_image":[{"width":1240,"height":1754,"url":"https:\/\/www.naturparkmagazin.de\/dahme-heideseen\/wp-content\/uploads\/sites\/37\/plakat_gartentage2015.jpg","type":"image\/jpeg"}],"author":"hanssonnenberg","twitter_misc":{"Verfasst von":"hanssonnenberg","Gesch\u00e4tzte Lesezeit":"1\u00a0Minute"},"schema":{"@context":"https:\/\/schema.org","@graph":[{"@type":"WebPage","@id":"https:\/\/www.naturparkmagazin.de\/dahme-heideseen\/14-tage-der-offenen-gaerten\/","url":"https:\/\/www.naturparkmagazin.de\/dahme-heideseen\/14-tage-der-offenen-gaerten\/","name":"14. Tage der offenen G\u00e4rten - Naturpark Dahme-Heideseen","isPartOf":{"@id":"https:\/\/www.naturparkmagazin.de\/dahme-heideseen\/#website"},"datePublished":"2015-07-22T14:00:58+00:00","dateModified":"2015-07-27T10:14:36+00:00","author":{"@id":"https:\/\/www.naturparkmagazin.de\/dahme-heideseen\/#\/schema\/person\/c81c96c3a1f5ee7bffff8b8022c105f0"},"breadcrumb":{"@id":"https:\/\/www.naturparkmagazin.de\/dahme-heideseen\/14-tage-der-offenen-gaerten\/#breadcrumb"},"inLanguage":"de","potentialAction":[{"@type":"ReadAction","target":["https:\/\/www.naturparkmagazin.de\/dahme-heideseen\/14-tage-der-offenen-gaerten\/"]}]},{"@type":"BreadcrumbList","@id":"https:\/\/www.naturparkmagazin.de\/dahme-heideseen\/14-tage-der-offenen-gaerten\/#breadcrumb","itemListElement":[{"@type":"ListItem","position":1,"name":"Home","item":"https:\/\/www.naturparkmagazin.de\/dahme-heideseen\/"},{"@type":"ListItem","position":2,"name":"14. Tage der offenen G\u00e4rten"}]},{"@type":"WebSite","@id":"https:\/\/www.naturparkmagazin.de\/dahme-heideseen\/#website","url":"https:\/\/www.naturparkmagazin.de\/dahme-heideseen\/","name":"Naturpark Dahme-Heideseen","description":"","potentialAction":[{"@type":"SearchAction","target":{"@type":"EntryPoint","urlTemplate":"https:\/\/www.naturparkmagazin.de\/dahme-heideseen\/?s={search_term_string}"},"query-input":"required name=search_term_string"}],"inLanguage":"de"},{"@type":"Person","@id":"https:\/\/www.naturparkmagazin.de\/dahme-heideseen\/#\/schema\/person\/c81c96c3a1f5ee7bffff8b8022c105f0","name":"hanssonnenberg","url":"https:\/\/www.naturparkmagazin.de\/dahme-heideseen\/author\/hanssonnenberg\/"}]}},"_links":{"self":[{"href":"https:\/\/www.naturparkmagazin.de\/dahme-heideseen\/wp-json\/wp\/v2\/posts\/1078"}],"collection":[{"href":"https:\/\/www.naturparkmagazin.de\/dahme-heideseen\/wp-json\/wp\/v2\/posts"}],"about":[{"href":"https:\/\/www.naturparkmagazin.de\/dahme-heideseen\/wp-json\/wp\/v2\/types\/post"}],"author":[{"embeddable":true,"href":"https:\/\/www.naturparkmagazin.de\/dahme-heideseen\/wp-json\/wp\/v2\/users\/48"}],"replies":[{"embeddable":true,"href":"https:\/\/www.naturparkmagazin.de\/dahme-heideseen\/wp-json\/wp\/v2\/comments?post=1078"}],"version-history":[{"count":4,"href":"https:\/\/www.naturparkmagazin.de\/dahme-heideseen\/wp-json\/wp\/v2\/posts\/1078\/revisions"}],"predecessor-version":[{"id":1111,"href":"https:\/\/www.naturparkmagazin.de\/dahme-heideseen\/wp-json\/wp\/v2\/posts\/1078\/revisions\/1111"}],"wp:featuredmedia":[{"embeddable":true,"href":"https:\/\/www.naturparkmagazin.de\/dahme-heideseen\/wp-json\/wp\/v2\/media\/1092"}],"wp:attachment":[{"href":"https:\/\/www.naturparkmagazin.de\/dahme-heideseen\/wp-json\/wp\/v2\/media?parent=1078"}],"wp:term":[{"taxonomy":"category","embeddable":true,"href":"https:\/\/www.naturparkmagazin.de\/dahme-heideseen\/wp-json\/wp\/v2\/categories?post=1078"},{"taxonomy":"post_tag","embeddable":true,"href":"https:\/\/www.naturparkmagazin.de\/dahme-heideseen\/wp-json\/wp\/v2\/tags?post=1078"}],"curies":[{"name":"wp","href":"https:\/\/api.w.org\/{rel}","templated":true}]}}