{"id":1089,"date":"2015-07-22T15:00:26","date_gmt":"2015-07-22T13:00:26","guid":{"rendered":"http:\/\/www.naturparkmagazin.de\/dahme-heideseen\/?p=1089"},"modified":"2015-07-28T13:46:31","modified_gmt":"2015-07-28T11:46:31","slug":"kultur-trifft-natur-rosmarin-und-thymian-waechst-in-unserm-garten","status":"publish","type":"post","link":"https:\/\/www.naturparkmagazin.de\/dahme-heideseen\/kultur-trifft-natur-rosmarin-und-thymian-waechst-in-unserm-garten\/","title":{"rendered":"Kultur trifft Natur &#8211; Rosmarin und Thymian w\u00e4chst in unserm Garten"},"content":{"rendered":"<p>Die Veranstaltung zu den Tagen der offenen G\u00e4rten 2015 widmet sich dem Thema &#8222;Kr\u00e4utergarten&#8220;.<!--more-->Das geplante Programm ist vielschichtig und beginnt bereits am sp\u00e4ten Nachmittag, wo Gartenf\u00fchrungen und -erkl\u00e4rungen den Interessierten jede Menge Anregungen f\u00fcr das eigene naturnahe, gr\u00fcne Paradies geben. In dem Schau- und Erholungsgarten gibt es \u00fcberall etwas zu entdecken und der Teilnehmer erf\u00e4hrt ein St\u00fcck Umweltbildung und Anregung zum nachhaltigen G\u00e4rtnern fast nebenbei.<\/p>\n<p>Das musikalisch literarische Hauptprogramm des Ehepaars Schneider erz\u00e4hlt Geschichte und Geschichten \u00fcber Kr\u00e4uter; in Vergessenheit geratene Sagen, Br\u00e4uche und M\u00e4rchen. Umrahmt werden die Texte von Klaviermusik, so entsteht im Garten eine besondere Atmosph\u00e4re: Musik, Literatur, Blumenduft, Grillen, Sonne ein Genuss f\u00fcr alle Sinne.<\/p>\n<p>Neben den Programmpunkten kann der Besucher sich entspannen und auch f\u00fcr sein k\u00f6rperliches Wohl Sorge tragen. Im Biogarten werden Getr\u00e4nke und Grillwurst sowie Kaffee und Kuchen angeboten.<\/p>\n<div id=\"attachment_1039\" style=\"width: 630px\" class=\"wp-caption aligncenter\"><a href=\"https:\/\/www.naturparkmagazin.de\/dahme-heideseen\/wp-content\/uploads\/sites\/37\/biogarten.jpg\"><img aria-describedby=\"caption-attachment-1039\" decoding=\"async\" loading=\"lazy\" class=\"size-medium wp-image-1039\" src=\"https:\/\/www.naturparkmagazin.de\/dahme-heideseen\/wp-content\/uploads\/sites\/37\/biogarten-620x443.jpg\" alt=\"Biogarten Prieros  (Foto: W. Klaeber)\" width=\"620\" height=\"443\" srcset=\"https:\/\/www.naturparkmagazin.de\/dahme-heideseen\/wp-content\/uploads\/sites\/37\/biogarten-620x443.jpg 620w, https:\/\/www.naturparkmagazin.de\/dahme-heideseen\/wp-content\/uploads\/sites\/37\/biogarten-300x214.jpg 300w, https:\/\/www.naturparkmagazin.de\/dahme-heideseen\/wp-content\/uploads\/sites\/37\/biogarten-940x671.jpg 940w, https:\/\/www.naturparkmagazin.de\/dahme-heideseen\/wp-content\/uploads\/sites\/37\/biogarten-670x478.jpg 670w, https:\/\/www.naturparkmagazin.de\/dahme-heideseen\/wp-content\/uploads\/sites\/37\/biogarten-200x143.jpg 200w, https:\/\/www.naturparkmagazin.de\/dahme-heideseen\/wp-content\/uploads\/sites\/37\/biogarten.jpg 1024w\" sizes=\"(max-width: 620px) 100vw, 620px\" \/><\/a><p id=\"caption-attachment-1039\" class=\"wp-caption-text\">Biogarten Prieros (Foto: W. Klaeber)<\/p><\/div>\n<p>&nbsp;<\/p>\n<p>Kontakt Tage der offene G\u00e4rten:<\/p>\n<p><a href=\"http:\/\/www.vhs-dahme-spreewald.de\" target=\"_blank\">Volkshochschule Dahme-Spreewald<\/a>\nTel.: 03546 2010 60<\/p>\n<p><a href=\"http:\/\/www.biogartenprieros.de\" target=\"_blank\">Biogarten Prieros<\/a><\/p>\n<p>Naturpark Dahme-Heideseen\nTel.: 033768 969 0<\/p>\n<p>&nbsp;<\/p>\n<p>&nbsp;<\/p>\n<p>&nbsp;<\/p>\n","protected":false},"excerpt":{"rendered":"<p>Die Veranstaltung zu den Tagen der offenen G\u00e4rten 2015 widmet sich dem Thema &#8222;Kr\u00e4utergarten&#8220;. Das geplante Programm ist vielschichtig und beginnt bereits am sp\u00e4ten Nachmittag, wo Gartenf\u00fchrungen und -erkl\u00e4rungen den Interessierten jede Menge Anregungen f\u00fcr das eigene naturnahe gr\u00fcne Paradies geben. <\/p>\n","protected":false},"author":48,"featured_media":1090,"comment_status":"open","ping_status":"open","sticky":false,"template":"","format":"standard","meta":[],"categories":[11],"tags":[],"yoast_head":"<!-- This site is optimized with the Yoast SEO plugin v19.10 - https:\/\/yoast.com\/wordpress\/plugins\/seo\/ -->\n<title>Kultur trifft Natur - Rosmarin und Thymian w\u00e4chst in unserm Garten - Naturpark Dahme-Heideseen<\/title>\n<meta name=\"robots\" content=\"index, follow, max-snippet:-1, max-image-preview:large, max-video-preview:-1\" \/>\n<link rel=\"canonical\" href=\"https:\/\/www.naturparkmagazin.de\/dahme-heideseen\/kultur-trifft-natur-rosmarin-und-thymian-waechst-in-unserm-garten\/\" \/>\n<meta property=\"og:locale\" content=\"de_DE\" \/>\n<meta property=\"og:type\" content=\"article\" \/>\n<meta property=\"og:title\" content=\"Kultur trifft Natur - Rosmarin und Thymian w\u00e4chst in unserm Garten - Naturpark Dahme-Heideseen\" \/>\n<meta property=\"og:description\" content=\"Die Veranstaltung zu den Tagen der offenen G\u00e4rten 2015 widmet sich dem Thema &quot;Kr\u00e4utergarten&quot;. Das geplante Programm ist vielschichtig und beginnt bereits am sp\u00e4ten Nachmittag, wo Gartenf\u00fchrungen und -erkl\u00e4rungen den Interessierten jede Menge Anregungen f\u00fcr das eigene naturnahe gr\u00fcne Paradies geben.\" \/>\n<meta property=\"og:url\" content=\"https:\/\/www.naturparkmagazin.de\/dahme-heideseen\/kultur-trifft-natur-rosmarin-und-thymian-waechst-in-unserm-garten\/\" \/>\n<meta property=\"og:site_name\" content=\"Naturpark Dahme-Heideseen\" \/>\n<meta property=\"article:published_time\" content=\"2015-07-22T13:00:26+00:00\" \/>\n<meta property=\"article:modified_time\" content=\"2015-07-28T11:46:31+00:00\" \/>\n<meta property=\"og:image\" content=\"https:\/\/www.naturparkmagazin.de\/dahme-heideseen\/wp-content\/uploads\/sites\/37\/Biogarten_Mauer_klein.jpg\" \/>\n\t<meta property=\"og:image:width\" content=\"640\" \/>\n\t<meta property=\"og:image:height\" content=\"428\" \/>\n\t<meta property=\"og:image:type\" content=\"image\/jpeg\" \/>\n<meta name=\"author\" content=\"hanssonnenberg\" \/>\n<meta name=\"twitter:label1\" content=\"Verfasst von\" \/>\n\t<meta name=\"twitter:data1\" content=\"hanssonnenberg\" \/>\n\t<meta name=\"twitter:label2\" content=\"Gesch\u00e4tzte Lesezeit\" \/>\n\t<meta name=\"twitter:data2\" content=\"1\u00a0Minute\" \/>\n<script type=\"application\/ld+json\" class=\"yoast-schema-graph\">{\"@context\":\"https:\/\/schema.org\",\"@graph\":[{\"@type\":\"WebPage\",\"@id\":\"https:\/\/www.naturparkmagazin.de\/dahme-heideseen\/kultur-trifft-natur-rosmarin-und-thymian-waechst-in-unserm-garten\/\",\"url\":\"https:\/\/www.naturparkmagazin.de\/dahme-heideseen\/kultur-trifft-natur-rosmarin-und-thymian-waechst-in-unserm-garten\/\",\"name\":\"Kultur trifft Natur - Rosmarin und Thymian w\u00e4chst in unserm Garten - Naturpark Dahme-Heideseen\",\"isPartOf\":{\"@id\":\"https:\/\/www.naturparkmagazin.de\/dahme-heideseen\/#website\"},\"datePublished\":\"2015-07-22T13:00:26+00:00\",\"dateModified\":\"2015-07-28T11:46:31+00:00\",\"author\":{\"@id\":\"https:\/\/www.naturparkmagazin.de\/dahme-heideseen\/#\/schema\/person\/c81c96c3a1f5ee7bffff8b8022c105f0\"},\"breadcrumb\":{\"@id\":\"https:\/\/www.naturparkmagazin.de\/dahme-heideseen\/kultur-trifft-natur-rosmarin-und-thymian-waechst-in-unserm-garten\/#breadcrumb\"},\"inLanguage\":\"de\",\"potentialAction\":[{\"@type\":\"ReadAction\",\"target\":[\"https:\/\/www.naturparkmagazin.de\/dahme-heideseen\/kultur-trifft-natur-rosmarin-und-thymian-waechst-in-unserm-garten\/\"]}]},{\"@type\":\"BreadcrumbList\",\"@id\":\"https:\/\/www.naturparkmagazin.de\/dahme-heideseen\/kultur-trifft-natur-rosmarin-und-thymian-waechst-in-unserm-garten\/#breadcrumb\",\"itemListElement\":[{\"@type\":\"ListItem\",\"position\":1,\"name\":\"Home\",\"item\":\"https:\/\/www.naturparkmagazin.de\/dahme-heideseen\/\"},{\"@type\":\"ListItem\",\"position\":2,\"name\":\"Kultur trifft Natur &#8211; Rosmarin und Thymian w\u00e4chst in unserm Garten\"}]},{\"@type\":\"WebSite\",\"@id\":\"https:\/\/www.naturparkmagazin.de\/dahme-heideseen\/#website\",\"url\":\"https:\/\/www.naturparkmagazin.de\/dahme-heideseen\/\",\"name\":\"Naturpark Dahme-Heideseen\",\"description\":\"\",\"potentialAction\":[{\"@type\":\"SearchAction\",\"target\":{\"@type\":\"EntryPoint\",\"urlTemplate\":\"https:\/\/www.naturparkmagazin.de\/dahme-heideseen\/?s={search_term_string}\"},\"query-input\":\"required name=search_term_string\"}],\"inLanguage\":\"de\"},{\"@type\":\"Person\",\"@id\":\"https:\/\/www.naturparkmagazin.de\/dahme-heideseen\/#\/schema\/person\/c81c96c3a1f5ee7bffff8b8022c105f0\",\"name\":\"hanssonnenberg\",\"url\":\"https:\/\/www.naturparkmagazin.de\/dahme-heideseen\/author\/hanssonnenberg\/\"}]}<\/script>\n<!-- \/ Yoast SEO plugin. -->","yoast_head_json":{"title":"Kultur trifft Natur - Rosmarin und Thymian w\u00e4chst in unserm Garten - Naturpark Dahme-Heideseen","robots":{"index":"index","follow":"follow","max-snippet":"max-snippet:-1","max-image-preview":"max-image-preview:large","max-video-preview":"max-video-preview:-1"},"canonical":"https:\/\/www.naturparkmagazin.de\/dahme-heideseen\/kultur-trifft-natur-rosmarin-und-thymian-waechst-in-unserm-garten\/","og_locale":"de_DE","og_type":"article","og_title":"Kultur trifft Natur - Rosmarin und Thymian w\u00e4chst in unserm Garten - Naturpark Dahme-Heideseen","og_description":"Die Veranstaltung zu den Tagen der offenen G\u00e4rten 2015 widmet sich dem Thema \"Kr\u00e4utergarten\". Das geplante Programm ist vielschichtig und beginnt bereits am sp\u00e4ten Nachmittag, wo Gartenf\u00fchrungen und -erkl\u00e4rungen den Interessierten jede Menge Anregungen f\u00fcr das eigene naturnahe gr\u00fcne Paradies geben.","og_url":"https:\/\/www.naturparkmagazin.de\/dahme-heideseen\/kultur-trifft-natur-rosmarin-und-thymian-waechst-in-unserm-garten\/","og_site_name":"Naturpark Dahme-Heideseen","article_published_time":"2015-07-22T13:00:26+00:00","article_modified_time":"2015-07-28T11:46:31+00:00","og_image":[{"width":640,"height":428,"url":"https:\/\/www.naturparkmagazin.de\/dahme-heideseen\/wp-content\/uploads\/sites\/37\/Biogarten_Mauer_klein.jpg","type":"image\/jpeg"}],"author":"hanssonnenberg","twitter_misc":{"Verfasst von":"hanssonnenberg","Gesch\u00e4tzte Lesezeit":"1\u00a0Minute"},"schema":{"@context":"https:\/\/schema.org","@graph":[{"@type":"WebPage","@id":"https:\/\/www.naturparkmagazin.de\/dahme-heideseen\/kultur-trifft-natur-rosmarin-und-thymian-waechst-in-unserm-garten\/","url":"https:\/\/www.naturparkmagazin.de\/dahme-heideseen\/kultur-trifft-natur-rosmarin-und-thymian-waechst-in-unserm-garten\/","name":"Kultur trifft Natur - Rosmarin und Thymian w\u00e4chst in unserm Garten - Naturpark Dahme-Heideseen","isPartOf":{"@id":"https:\/\/www.naturparkmagazin.de\/dahme-heideseen\/#website"},"datePublished":"2015-07-22T13:00:26+00:00","dateModified":"2015-07-28T11:46:31+00:00","author":{"@id":"https:\/\/www.naturparkmagazin.de\/dahme-heideseen\/#\/schema\/person\/c81c96c3a1f5ee7bffff8b8022c105f0"},"breadcrumb":{"@id":"https:\/\/www.naturparkmagazin.de\/dahme-heideseen\/kultur-trifft-natur-rosmarin-und-thymian-waechst-in-unserm-garten\/#breadcrumb"},"inLanguage":"de","potentialAction":[{"@type":"ReadAction","target":["https:\/\/www.naturparkmagazin.de\/dahme-heideseen\/kultur-trifft-natur-rosmarin-und-thymian-waechst-in-unserm-garten\/"]}]},{"@type":"BreadcrumbList","@id":"https:\/\/www.naturparkmagazin.de\/dahme-heideseen\/kultur-trifft-natur-rosmarin-und-thymian-waechst-in-unserm-garten\/#breadcrumb","itemListElement":[{"@type":"ListItem","position":1,"name":"Home","item":"https:\/\/www.naturparkmagazin.de\/dahme-heideseen\/"},{"@type":"ListItem","position":2,"name":"Kultur trifft Natur &#8211; Rosmarin und Thymian w\u00e4chst in unserm Garten"}]},{"@type":"WebSite","@id":"https:\/\/www.naturparkmagazin.de\/dahme-heideseen\/#website","url":"https:\/\/www.naturparkmagazin.de\/dahme-heideseen\/","name":"Naturpark Dahme-Heideseen","description":"","potentialAction":[{"@type":"SearchAction","target":{"@type":"EntryPoint","urlTemplate":"https:\/\/www.naturparkmagazin.de\/dahme-heideseen\/?s={search_term_string}"},"query-input":"required name=search_term_string"}],"inLanguage":"de"},{"@type":"Person","@id":"https:\/\/www.naturparkmagazin.de\/dahme-heideseen\/#\/schema\/person\/c81c96c3a1f5ee7bffff8b8022c105f0","name":"hanssonnenberg","url":"https:\/\/www.naturparkmagazin.de\/dahme-heideseen\/author\/hanssonnenberg\/"}]}},"_links":{"self":[{"href":"https:\/\/www.naturparkmagazin.de\/dahme-heideseen\/wp-json\/wp\/v2\/posts\/1089"}],"collection":[{"href":"https:\/\/www.naturparkmagazin.de\/dahme-heideseen\/wp-json\/wp\/v2\/posts"}],"about":[{"href":"https:\/\/www.naturparkmagazin.de\/dahme-heideseen\/wp-json\/wp\/v2\/types\/post"}],"author":[{"embeddable":true,"href":"https:\/\/www.naturparkmagazin.de\/dahme-heideseen\/wp-json\/wp\/v2\/users\/48"}],"replies":[{"embeddable":true,"href":"https:\/\/www.naturparkmagazin.de\/dahme-heideseen\/wp-json\/wp\/v2\/comments?post=1089"}],"version-history":[{"count":3,"href":"https:\/\/www.naturparkmagazin.de\/dahme-heideseen\/wp-json\/wp\/v2\/posts\/1089\/revisions"}],"predecessor-version":[{"id":1114,"href":"https:\/\/www.naturparkmagazin.de\/dahme-heideseen\/wp-json\/wp\/v2\/posts\/1089\/revisions\/1114"}],"wp:featuredmedia":[{"embeddable":true,"href":"https:\/\/www.naturparkmagazin.de\/dahme-heideseen\/wp-json\/wp\/v2\/media\/1090"}],"wp:attachment":[{"href":"https:\/\/www.naturparkmagazin.de\/dahme-heideseen\/wp-json\/wp\/v2\/media?parent=1089"}],"wp:term":[{"taxonomy":"category","embeddable":true,"href":"https:\/\/www.naturparkmagazin.de\/dahme-heideseen\/wp-json\/wp\/v2\/categories?post=1089"},{"taxonomy":"post_tag","embeddable":true,"href":"https:\/\/www.naturparkmagazin.de\/dahme-heideseen\/wp-json\/wp\/v2\/tags?post=1089"}],"curies":[{"name":"wp","href":"https:\/\/api.w.org\/{rel}","templated":true}]}}