{"id":1118,"date":"2015-07-22T11:04:45","date_gmt":"2015-07-22T09:04:45","guid":{"rendered":"http:\/\/www.naturparkmagazin.de\/dahme-heideseen\/?p=1118"},"modified":"2018-01-11T09:52:45","modified_gmt":"2018-01-11T08:52:45","slug":"diese-gaerten-oeffenen-fuer-sie-an-den-14-tage-der-offenen-gaerten","status":"publish","type":"post","link":"https:\/\/www.naturparkmagazin.de\/dahme-heideseen\/diese-gaerten-oeffenen-fuer-sie-an-den-14-tage-der-offenen-gaerten\/","title":{"rendered":"Diese G\u00e4rten laden ein zu den 14. Tagen der offenen G\u00e4rten"},"content":{"rendered":"<p>Zahlreiche G\u00e4rten in der Region Dahme-Spreewald \u00f6ffnen am Samstag 22.08. und Sonntag 23.08.2015 ihre Gartentore. Hier finden Sie die Teilnehmer.<!--more--><\/p>\n<p><strong>\u00d6ffnungszeiten bitte beachten!<\/strong><\/p>\n<p><strong>1 &#8211;\u00a0 09.00 &#8211; 12.00 Uhr 3 09.00 &#8211; 12.00 Uhr<\/strong>\n<strong>2\u00a0 &#8211; 13.00 &#8211; 17.00 Uhr 4 13.00 &#8211; 17.00 Uhr<\/strong><\/p>\n<p>Auflistung der teilnehmenden G\u00e4rten nach PLZ (absteigend)\nDie Zahlen in Klammern entsprechen den in der Tabelle aufgef\u00fchrten \u00d6ffnungszeiten.<\/p>\n<p>Ursula Knoll und Andreas Hilbig, 15926 Luckau OT Gie\u00dfmannsdorf (Sa 1\/2; So 3\/4) Lindenallee 24, Tel. 03544-556824\nLandschaftspark\u00e4hnlicher Garten mit verschiedenen B\u00e4umen, Naturwiese und Bauerngarten hinter einem ehemaligen Dreiseithof. Extra: alte Fachwerkscheune mit Tr\u00f6delangeboten, Kaffeest\u00fcbchen und kleinem Imbiss.<\/p>\n<p><strong>Wolfgang Hahn, 15926 Luckau (Sa 1\/2)<\/strong>\nDrosselweg 83, Tel. 030-6061655, 0174-2945741\nGarten von 1000 qm mit Teichen, Holzbackofen und Lagerfeuerplatz. Obstanbau mit Sorten wie Apfel- und Birnenquitte, Esskastanie, Apfelbeere, u.v.m. Weiterhin eine Vielzahl von Blumen, Stauden und Geh\u00f6lzen und nat\u00fcrlich einige Gem\u00fcsebeete. (Garten liegt hinter dem Bahnhofsgel\u00e4nde).<\/p>\n<p><strong>Kerstin Rosin und Jens Clausnitzer, 15926 Heideblick (Sa 2; So 4)<\/strong>\n\u201eGartenfreizeit\u201c Falkenberg Nr. 55\nEin entstehender Garten, haupts\u00e4chlich Staudenpflanzungen an verschiedenen Standorten, gerahmt von Geh\u00f6lzen, \u00fcber den Umbauprozess (seit zwei Jahren) im Garten wird fachgerecht Auskunft gegeben, kleiner Pflanzenverkauf (Stauden)<\/p>\n<p><strong>Gisela Liebsch und Gerd M\u00f6rl, 15913 Straupitz (Sa 1\/2; So 3\/4)<\/strong>\nL\u00fcbbener Str. 42 (v. L\u00fcbben aus 2. Grundst\u00fcck links nach Ortsschild)\nTel.: 035475 398\nSommerblumenparadies, gro\u00dfer alter Bauerngarten mit zahlreichen bepflanzten Tr\u00f6gen, K\u00f6rben.<\/p>\n<p><strong>Christine Conrad, 15910 Neu L\u00fcbbenau (Sa 2; So 3,4)<\/strong>\nHohenbr\u00fcckerstr. 19, Tel. 035473-2488\nGarten von 6000 qm mit zahlreichen Blumenbeeten, Teich, Gem\u00fcsegarten und Obstbaumwiese<\/p>\n<p><strong>Birgit L\u00f6wa, 15910 Schlepzig (Sa 2; So 4)<\/strong>\nDammstr. 33, Tel. 035472-65445\nRuhig gelegener ehemaliger Bauernhof mit Scheune und Nebengela\u00df, Blick auf Spreewaldwiesen ins Biosph\u00e4renreservat, Alpina- und Staudengarten direkt am Gurkenradweg Extra: zu Gast die Malerin Monika Schubert, Bilderausstellung, Schaumalen, Kaffee und selbstgemachter Kuchen<\/p>\n<p><strong>Britta Meyer, 15910 Sch\u00f6nwalde (So 3\/4)<\/strong>\nHauptstr. 5, Tel. 035474-369937\nBauerngarten mit begehbarem Heuschober und historischer Technik sowie Zwergziegen und Bienen.<\/p>\n<p><strong>Peter Gronholz, 15838 Am Mellensee OT Rehagen (So 4)<\/strong>\nChauseestr. 17, Tel. 033703-70847\nVielf\u00e4ltiger Garten, alte Pflaster- und Natursteine als Gestaltungselemente, G\u00e4stehaus,Tischlerwerkstatt, Kr\u00e4utergarten, Hochbeet, Gem\u00fcse- und Bauerngarten.<\/p>\n<p><strong>Ute Kalk, 15838 Am Mellensee OT Rehagen (So 3\/4)<\/strong>\nNeue Zossener Str. 1, Tel. 033703-7842\nGarten mit kleiner Parkanlage, verr\u00fcckte Geh\u00f6lzsammlung, entspannende R\u00fcckzugsorte, Fr\u00f6sche ohne Ende, duftende Kr\u00e4uter, mediterranes Flair, bl\u00fchendes Sumpfbeet, brandenburger Sand.<\/p>\n<p><strong>Dr. Peter und Christina Seifert, 15732 Eichwalde (So 3\/4)<\/strong>\nUhlandalle 77, Tel.: 0151-50506241\nIn 19 Jahren gewachsener Garten, zahlreiche Staudenpflanzen, in Hochbeeten und Gef\u00e4\u00dfen Kr\u00e4uter, Tomaten, Kartoffeln, lauschige Pl\u00e4tzchen, ein Holzpfuhl mit Wintervorr\u00e4ten, glanzvolles Rosenbeet.<\/p>\n<p><strong>Hans Joachim Moldenhauer, 15827 Blankenfelde (So 3\/4)<\/strong>\nFeldstr. 31, Tel.: 03379 37311\nMit Geh\u00f6lzen eingefriedeter Naturgarten. Stauden, Gr\u00e4ser, gestufte Rosenanlage, Sonnen- und Schattenpl\u00e4tze, Obstb\u00e4ume. Hofgarten mit Wasserstelle und Nussbaum; Rarit\u00e4t: Kr\u00f6tenlilie.<\/p>\n<p><strong>Michael Bolz, 15827 Blankenfelde (So 3\/4)<\/strong>\nFeldstr. 33, Tel.: 0178-9398650\nMit zahlreichen, auch weniger bekannten Stauden und Geh\u00f6lzen \u00fcppig bepflanzter Garten mit Teich und Minimoor, in einem anderen Bereich Obstb\u00e4ume, Walnuss, zahlreiche Farne und weitere Schattenpflanzen. Rhododendren, Clematis und Heuchera.<\/p>\n<p><strong>Roswitha und Fritz Glaschke, 15754 Heidesee OT Bindow (Sa 1\/2)<\/strong>\nAlte Poststr. 2, Tel. 033767-80613\nVielseitig gestalteter und \u00f6kologisch bewirtschafteter Nutz- und Ziergarten. Gem\u00fcse, Obst, Kr\u00e4uter, kleiner Teich und Bachlauf, Mulden zur Bodenverbesserung.<\/p>\n<p><strong>Biogarten Prieros, 15754 Heidesee OT Prieros (Sa 2; So 4)<\/strong>\nM\u00fchlendamm 14, Tel. 033768-50455\n\u00d6ffentlich gef\u00f6rderter, naturnah und \u00f6kologisch bewirtschafteter Schau- und Lehrgarten mit Feuchtbiotopen, Sinnesgarten, Streuobstwiese, Waldgarten, Gem\u00fcse-, Obst-, und Kr\u00e4utergarten. Eintritt: Erwachsener 2 \u20ac, Kind 1 \u20ac, Familie 4 \u20ac<\/p>\n<p><strong>Br\u00fcckner B\u00e4rbel, 15754 Bindow (Sa 1\/2)<\/strong>\nUrselweg 3, Tel.: 033767-21888\nGarten mit seltenen Pflanzen, Kakteen und Sukkulentenbeet, bepflanztes Schachbrett, Anfahrt: Am Kia-Autohaus in Richtung Bindow Siedlung. In der Siedlung 1 km der Ernst Th\u00e4lmann Str. folgen und links in den Urselweg einbiegen.<\/p>\n<p><strong>Hans Joachim Rudolf, 15746 Klein K\u00f6ris (Sa 2)<\/strong>\nHafenstr.12, Tel. 033766-41633<\/p>\n<p><strong>Ute und Gerald Bernhardt, 15754 Heidesee OT Kolberg (Sa 1\/2)<\/strong>\nAn der Dabernack 2, Tel.: 0177-8100971\nThemengarten mit 1864 qm, am See gelegen, Themen: Dornenwald, Bauerngarten, Kr\u00e4uterh\u00fcgel, Obst- und Geh\u00f6lzwiese, Staudeng\u00e4rten und Qigong-Horizont.<\/p>\n<p><strong>Helga Betzin, 15749 Mittenwalde (Sa 2; So 3\/4)<\/strong>\n\u201eLandhaus Hinniger 1762\u201c Yorckstr. 54, Tel. 033764-25052An das historische Ackerb\u00fcrgerhaus (1762) schlie\u00dft sich ein Hof mit Remisen und einem Brunnen aus\ndem 14. Jh., sowie ein naturbelassener Garten mit Teich, Bachlauf und einem 150j\u00e4hrigen Nu\u00dfbaum an.<\/p>\n<p><strong>Gudrun und Peter Hille, 15741 Bestensee (Sa 2; So 4)<\/strong>\nSchillerstr. 28, Tel. 033763-63254\nUnter anderem erwarten Steingarten, Insektenhotel und eine kleine Grotte die Besucher.<\/p>\n<p><strong>Ursula und Hans Schick, 15741 Bestensee (Sa 2)<\/strong>\nSeeweg 18, Tel. 033763-63380\nReizvoller naturnaher und bienenfreundlicher Garten mit Waldb\u00e4umen.<\/p>\n<p><strong>Eva und Klaus Sonnenberg, 15732 Schulzendorf (Sa 1)<\/strong>\nLessingstr. 49, Tel. 033762-40623\nGro\u00dfer naturbelassener Waldgarten.<\/p>\n<p><strong>Jutta Urbanski, 15732 Schulzendorf (Sa 1)<\/strong>\nWeimarer Str. 70, Tel. 033762-72755\nEigentlich ein April-\/ Maigarten mit ca. 150 Rhododendren und Azaleen.Viele Geh\u00f6lze (Blumenhartriegel), Gew\u00fcrzstr\u00e4ucher, Clematis, Rosen (Ramblerrosen), Phlox u.v.a. Sehenswert!<\/p>\n<p><strong>Dorit Br\u00fcckner, 15712 Senzig (Sa 1\/2; So 3\/4)<\/strong>\nWaldstr. 59, Tel. 03375-954617\nAlter Baum und Strauchbestand, eigene Kunstwerke.<\/p>\n<p><strong>Christel und Wolfgang Wick, 15711 K\u00f6nigs Wusterhausen (Sa 2)<\/strong>\nBerliner Str. 24, Tel. 03375-290445\nKleiner Hausgarten mit gem\u00fctlichen Sitzecken, Staudenpflanzen, viele verschiedene Funkien\/ Hosta. Abgabe von Ablegern m\u00f6glich.<\/p>\n<p><strong>Arznei- und Gew\u00fcrzpflanzengarten, 03096 Burg (Sa 1\/2; So 3\/4)<\/strong>\nByhlegurer Str. 17, Tel. 035803-69118\nSchaugarten f\u00fcr 600 verschiedene Heil-,Arznei-, Gew\u00fcrz- und Wildkr\u00e4uter.\nEintritt: Erwachsener 1,50 \u20ac, Kind 1 \u20ac<\/p>\n<p>Weitere Infos:<\/p>\n<p><a href=\"http:\/\/www.vhs-dahme-spreewald.de\/kurse\/webbasys\/layout\/html\/pdf\/2015_Offene_Gaerten.pdf\" target=\"_blank\">Volkshochschule Dahme-Spreewald &#8211; Tage der offenen G\u00e4rten<\/a><\/p>\n","protected":false},"excerpt":{"rendered":"<p>Zahlreiche G\u00e4rten in der Region Dahme-Spreewald \u00f6ffnen am Samstag 22.08. und Sonntag 23.08.2015 ihre Gartentore. Hier finden Sie die Teilnehmer.<\/p>\n","protected":false},"author":48,"featured_media":1092,"comment_status":"open","ping_status":"open","sticky":false,"template":"","format":"standard","meta":[],"categories":[1,11],"tags":[],"yoast_head":"<!-- This site is optimized with the Yoast SEO plugin v19.10 - https:\/\/yoast.com\/wordpress\/plugins\/seo\/ -->\n<title>Diese G\u00e4rten laden ein zu den 14. Tagen der offenen G\u00e4rten - Naturpark Dahme-Heideseen<\/title>\n<meta name=\"robots\" content=\"index, follow, max-snippet:-1, max-image-preview:large, max-video-preview:-1\" \/>\n<link rel=\"canonical\" href=\"https:\/\/www.naturparkmagazin.de\/dahme-heideseen\/diese-gaerten-oeffenen-fuer-sie-an-den-14-tage-der-offenen-gaerten\/\" \/>\n<meta property=\"og:locale\" content=\"de_DE\" \/>\n<meta property=\"og:type\" content=\"article\" \/>\n<meta property=\"og:title\" content=\"Diese G\u00e4rten laden ein zu den 14. Tagen der offenen G\u00e4rten - Naturpark Dahme-Heideseen\" \/>\n<meta property=\"og:description\" content=\"Zahlreiche G\u00e4rten in der Region Dahme-Spreewald \u00f6ffnen am Samstag 22.08. und Sonntag 23.08.2015 ihre Gartentore. Hier finden Sie die Teilnehmer.\" \/>\n<meta property=\"og:url\" content=\"https:\/\/www.naturparkmagazin.de\/dahme-heideseen\/diese-gaerten-oeffenen-fuer-sie-an-den-14-tage-der-offenen-gaerten\/\" \/>\n<meta property=\"og:site_name\" content=\"Naturpark Dahme-Heideseen\" \/>\n<meta property=\"article:published_time\" content=\"2015-07-22T09:04:45+00:00\" \/>\n<meta property=\"article:modified_time\" content=\"2018-01-11T08:52:45+00:00\" \/>\n<meta property=\"og:image\" content=\"https:\/\/www.naturparkmagazin.de\/dahme-heideseen\/wp-content\/uploads\/sites\/37\/plakat_gartentage2015.jpg\" \/>\n\t<meta property=\"og:image:width\" content=\"1240\" \/>\n\t<meta property=\"og:image:height\" content=\"1754\" \/>\n\t<meta property=\"og:image:type\" content=\"image\/jpeg\" \/>\n<meta name=\"author\" content=\"hanssonnenberg\" \/>\n<meta name=\"twitter:label1\" content=\"Verfasst von\" \/>\n\t<meta name=\"twitter:data1\" content=\"hanssonnenberg\" \/>\n\t<meta name=\"twitter:label2\" content=\"Gesch\u00e4tzte Lesezeit\" \/>\n\t<meta name=\"twitter:data2\" content=\"4\u00a0Minuten\" \/>\n<script type=\"application\/ld+json\" class=\"yoast-schema-graph\">{\"@context\":\"https:\/\/schema.org\",\"@graph\":[{\"@type\":\"WebPage\",\"@id\":\"https:\/\/www.naturparkmagazin.de\/dahme-heideseen\/diese-gaerten-oeffenen-fuer-sie-an-den-14-tage-der-offenen-gaerten\/\",\"url\":\"https:\/\/www.naturparkmagazin.de\/dahme-heideseen\/diese-gaerten-oeffenen-fuer-sie-an-den-14-tage-der-offenen-gaerten\/\",\"name\":\"Diese G\u00e4rten laden ein zu den 14. Tagen der offenen G\u00e4rten - Naturpark Dahme-Heideseen\",\"isPartOf\":{\"@id\":\"https:\/\/www.naturparkmagazin.de\/dahme-heideseen\/#website\"},\"datePublished\":\"2015-07-22T09:04:45+00:00\",\"dateModified\":\"2018-01-11T08:52:45+00:00\",\"author\":{\"@id\":\"https:\/\/www.naturparkmagazin.de\/dahme-heideseen\/#\/schema\/person\/c81c96c3a1f5ee7bffff8b8022c105f0\"},\"breadcrumb\":{\"@id\":\"https:\/\/www.naturparkmagazin.de\/dahme-heideseen\/diese-gaerten-oeffenen-fuer-sie-an-den-14-tage-der-offenen-gaerten\/#breadcrumb\"},\"inLanguage\":\"de\",\"potentialAction\":[{\"@type\":\"ReadAction\",\"target\":[\"https:\/\/www.naturparkmagazin.de\/dahme-heideseen\/diese-gaerten-oeffenen-fuer-sie-an-den-14-tage-der-offenen-gaerten\/\"]}]},{\"@type\":\"BreadcrumbList\",\"@id\":\"https:\/\/www.naturparkmagazin.de\/dahme-heideseen\/diese-gaerten-oeffenen-fuer-sie-an-den-14-tage-der-offenen-gaerten\/#breadcrumb\",\"itemListElement\":[{\"@type\":\"ListItem\",\"position\":1,\"name\":\"Home\",\"item\":\"https:\/\/www.naturparkmagazin.de\/dahme-heideseen\/\"},{\"@type\":\"ListItem\",\"position\":2,\"name\":\"Diese G\u00e4rten laden ein zu den 14. Tagen der offenen G\u00e4rten\"}]},{\"@type\":\"WebSite\",\"@id\":\"https:\/\/www.naturparkmagazin.de\/dahme-heideseen\/#website\",\"url\":\"https:\/\/www.naturparkmagazin.de\/dahme-heideseen\/\",\"name\":\"Naturpark Dahme-Heideseen\",\"description\":\"\",\"potentialAction\":[{\"@type\":\"SearchAction\",\"target\":{\"@type\":\"EntryPoint\",\"urlTemplate\":\"https:\/\/www.naturparkmagazin.de\/dahme-heideseen\/?s={search_term_string}\"},\"query-input\":\"required name=search_term_string\"}],\"inLanguage\":\"de\"},{\"@type\":\"Person\",\"@id\":\"https:\/\/www.naturparkmagazin.de\/dahme-heideseen\/#\/schema\/person\/c81c96c3a1f5ee7bffff8b8022c105f0\",\"name\":\"hanssonnenberg\",\"url\":\"https:\/\/www.naturparkmagazin.de\/dahme-heideseen\/author\/hanssonnenberg\/\"}]}<\/script>\n<!-- \/ Yoast SEO plugin. -->","yoast_head_json":{"title":"Diese G\u00e4rten laden ein zu den 14. Tagen der offenen G\u00e4rten - Naturpark Dahme-Heideseen","robots":{"index":"index","follow":"follow","max-snippet":"max-snippet:-1","max-image-preview":"max-image-preview:large","max-video-preview":"max-video-preview:-1"},"canonical":"https:\/\/www.naturparkmagazin.de\/dahme-heideseen\/diese-gaerten-oeffenen-fuer-sie-an-den-14-tage-der-offenen-gaerten\/","og_locale":"de_DE","og_type":"article","og_title":"Diese G\u00e4rten laden ein zu den 14. Tagen der offenen G\u00e4rten - Naturpark Dahme-Heideseen","og_description":"Zahlreiche G\u00e4rten in der Region Dahme-Spreewald \u00f6ffnen am Samstag 22.08. und Sonntag 23.08.2015 ihre Gartentore. Hier finden Sie die Teilnehmer.","og_url":"https:\/\/www.naturparkmagazin.de\/dahme-heideseen\/diese-gaerten-oeffenen-fuer-sie-an-den-14-tage-der-offenen-gaerten\/","og_site_name":"Naturpark Dahme-Heideseen","article_published_time":"2015-07-22T09:04:45+00:00","article_modified_time":"2018-01-11T08:52:45+00:00","og_image":[{"width":1240,"height":1754,"url":"https:\/\/www.naturparkmagazin.de\/dahme-heideseen\/wp-content\/uploads\/sites\/37\/plakat_gartentage2015.jpg","type":"image\/jpeg"}],"author":"hanssonnenberg","twitter_misc":{"Verfasst von":"hanssonnenberg","Gesch\u00e4tzte Lesezeit":"4\u00a0Minuten"},"schema":{"@context":"https:\/\/schema.org","@graph":[{"@type":"WebPage","@id":"https:\/\/www.naturparkmagazin.de\/dahme-heideseen\/diese-gaerten-oeffenen-fuer-sie-an-den-14-tage-der-offenen-gaerten\/","url":"https:\/\/www.naturparkmagazin.de\/dahme-heideseen\/diese-gaerten-oeffenen-fuer-sie-an-den-14-tage-der-offenen-gaerten\/","name":"Diese G\u00e4rten laden ein zu den 14. Tagen der offenen G\u00e4rten - Naturpark Dahme-Heideseen","isPartOf":{"@id":"https:\/\/www.naturparkmagazin.de\/dahme-heideseen\/#website"},"datePublished":"2015-07-22T09:04:45+00:00","dateModified":"2018-01-11T08:52:45+00:00","author":{"@id":"https:\/\/www.naturparkmagazin.de\/dahme-heideseen\/#\/schema\/person\/c81c96c3a1f5ee7bffff8b8022c105f0"},"breadcrumb":{"@id":"https:\/\/www.naturparkmagazin.de\/dahme-heideseen\/diese-gaerten-oeffenen-fuer-sie-an-den-14-tage-der-offenen-gaerten\/#breadcrumb"},"inLanguage":"de","potentialAction":[{"@type":"ReadAction","target":["https:\/\/www.naturparkmagazin.de\/dahme-heideseen\/diese-gaerten-oeffenen-fuer-sie-an-den-14-tage-der-offenen-gaerten\/"]}]},{"@type":"BreadcrumbList","@id":"https:\/\/www.naturparkmagazin.de\/dahme-heideseen\/diese-gaerten-oeffenen-fuer-sie-an-den-14-tage-der-offenen-gaerten\/#breadcrumb","itemListElement":[{"@type":"ListItem","position":1,"name":"Home","item":"https:\/\/www.naturparkmagazin.de\/dahme-heideseen\/"},{"@type":"ListItem","position":2,"name":"Diese G\u00e4rten laden ein zu den 14. Tagen der offenen G\u00e4rten"}]},{"@type":"WebSite","@id":"https:\/\/www.naturparkmagazin.de\/dahme-heideseen\/#website","url":"https:\/\/www.naturparkmagazin.de\/dahme-heideseen\/","name":"Naturpark Dahme-Heideseen","description":"","potentialAction":[{"@type":"SearchAction","target":{"@type":"EntryPoint","urlTemplate":"https:\/\/www.naturparkmagazin.de\/dahme-heideseen\/?s={search_term_string}"},"query-input":"required name=search_term_string"}],"inLanguage":"de"},{"@type":"Person","@id":"https:\/\/www.naturparkmagazin.de\/dahme-heideseen\/#\/schema\/person\/c81c96c3a1f5ee7bffff8b8022c105f0","name":"hanssonnenberg","url":"https:\/\/www.naturparkmagazin.de\/dahme-heideseen\/author\/hanssonnenberg\/"}]}},"_links":{"self":[{"href":"https:\/\/www.naturparkmagazin.de\/dahme-heideseen\/wp-json\/wp\/v2\/posts\/1118"}],"collection":[{"href":"https:\/\/www.naturparkmagazin.de\/dahme-heideseen\/wp-json\/wp\/v2\/posts"}],"about":[{"href":"https:\/\/www.naturparkmagazin.de\/dahme-heideseen\/wp-json\/wp\/v2\/types\/post"}],"author":[{"embeddable":true,"href":"https:\/\/www.naturparkmagazin.de\/dahme-heideseen\/wp-json\/wp\/v2\/users\/48"}],"replies":[{"embeddable":true,"href":"https:\/\/www.naturparkmagazin.de\/dahme-heideseen\/wp-json\/wp\/v2\/comments?post=1118"}],"version-history":[{"count":6,"href":"https:\/\/www.naturparkmagazin.de\/dahme-heideseen\/wp-json\/wp\/v2\/posts\/1118\/revisions"}],"predecessor-version":[{"id":2340,"href":"https:\/\/www.naturparkmagazin.de\/dahme-heideseen\/wp-json\/wp\/v2\/posts\/1118\/revisions\/2340"}],"wp:featuredmedia":[{"embeddable":true,"href":"https:\/\/www.naturparkmagazin.de\/dahme-heideseen\/wp-json\/wp\/v2\/media\/1092"}],"wp:attachment":[{"href":"https:\/\/www.naturparkmagazin.de\/dahme-heideseen\/wp-json\/wp\/v2\/media?parent=1118"}],"wp:term":[{"taxonomy":"category","embeddable":true,"href":"https:\/\/www.naturparkmagazin.de\/dahme-heideseen\/wp-json\/wp\/v2\/categories?post=1118"},{"taxonomy":"post_tag","embeddable":true,"href":"https:\/\/www.naturparkmagazin.de\/dahme-heideseen\/wp-json\/wp\/v2\/tags?post=1118"}],"curies":[{"name":"wp","href":"https:\/\/api.w.org\/{rel}","templated":true}]}}