{"id":113,"date":"2013-07-16T11:46:48","date_gmt":"2013-07-16T09:46:48","guid":{"rendered":"http:\/\/www.naturparkmagazin.de\/dahme-heideseen\/?p=113"},"modified":"2014-04-09T12:45:48","modified_gmt":"2014-04-09T10:45:48","slug":"trockenrasen-werden-geschuetzt-und-entwickelt","status":"publish","type":"post","link":"https:\/\/www.naturparkmagazin.de\/dahme-heideseen\/trockenrasen-werden-geschuetzt-und-entwickelt\/","title":{"rendered":"Trockenrasen werden gesch\u00fctzt und entwickelt"},"content":{"rendered":"<p><strong>Neues EU-Life-Naturschutzprojekt im Naturpark Dahme-Heideseen<\/strong><\/p>\n<p><!--more-->Sandrasen, die innerhalb Europas einen Verbreitungsschwerpunkt in Brandenburg besitzen, sind stark von einer best\u00e4ndigen Nutzung abh\u00e4ngig. ImNaturpark Dahme-Heideseen finden sich zahlreiche bedeutsame Vorkommen und Entwicklungsfl\u00e4chen des Lebensraumtyps Sandrasen. In 20 FFH-Schutzgebieten sollen hier in den kommenden sechs Jahren Ma\u00dfnahmen umgesetzt werden. Das Projekt hat Vorbildcharakter, denn ohne vergleichbare Schutz- und Revitalisierungsprojekte werden alle noch vorhandenen mehr oder weniger nutzungsabh\u00e4ngigen Trockenlebensr\u00e4ume in wenigen Jahren weitgehend zuwachsen und verschwunden sein. Mit dem Verlust der lichtbed\u00fcrftigen Trockenrasen gingen bereits vom Aussterben bedrohte oder stark gef\u00e4hdete Arten wie Gr\u00fcnbl\u00fctiges Leimkraut und Wei\u00dfes Fingerkraut verloren. Pflanzen wie die Wiesen-K\u00fcchenschelle, der Sand-Tragant und das B\u00fcscheliges Gipskraut kommen nur noch in sehr wenigen Exemplaren vor.<\/p>\n<p>Mit rund 1,8 Millionen Euro finanziert die Europ\u00e4ische Union<strong> \u201eSandrasen im Dahme-Seengebiet&#8220;<\/strong>. Rund 6 Hundertausend Euro kommen als Eigenanteil der der Stiftung<a title=\"NaturschutzFonds Brandenburg\" href=\"http:\/\/www.naturschutzfonds.de\" target=\"_blank\"> NaturSchutzFonds Brandenburg<\/a> aus Mitteln der Ersatzzahlungen aus der Eingriffsregelung.<\/p>\n<div id=\"attachment_119\" style=\"width: 630px\" class=\"wp-caption alignleft\"><a href=\"https:\/\/www.naturparkmagazin.de\/dahme-heideseen\/wp-content\/uploads\/sites\/37\/Goldene-Acht.jpg\"><img aria-describedby=\"caption-attachment-119\" decoding=\"async\" loading=\"lazy\" class=\"size-medium wp-image-119 \" alt=\"Die Best\u00e4nde der Goldenen Acht, einem Tagschmetterling der Trockenrasen werden zunehmen\" src=\"https:\/\/www.naturparkmagazin.de\/dahme-heideseen\/wp-content\/uploads\/sites\/37\/Goldene-Acht-620x465.jpg\" width=\"620\" height=\"465\" srcset=\"https:\/\/www.naturparkmagazin.de\/dahme-heideseen\/wp-content\/uploads\/sites\/37\/Goldene-Acht-620x465.jpg 620w, https:\/\/www.naturparkmagazin.de\/dahme-heideseen\/wp-content\/uploads\/sites\/37\/Goldene-Acht-300x225.jpg 300w, https:\/\/www.naturparkmagazin.de\/dahme-heideseen\/wp-content\/uploads\/sites\/37\/Goldene-Acht-940x705.jpg 940w, https:\/\/www.naturparkmagazin.de\/dahme-heideseen\/wp-content\/uploads\/sites\/37\/Goldene-Acht-580x435.jpg 580w, https:\/\/www.naturparkmagazin.de\/dahme-heideseen\/wp-content\/uploads\/sites\/37\/Goldene-Acht-420x315.jpg 420w, https:\/\/www.naturparkmagazin.de\/dahme-heideseen\/wp-content\/uploads\/sites\/37\/Goldene-Acht-180x135.jpg 180w, https:\/\/www.naturparkmagazin.de\/dahme-heideseen\/wp-content\/uploads\/sites\/37\/Goldene-Acht-95x71.jpg 95w, https:\/\/www.naturparkmagazin.de\/dahme-heideseen\/wp-content\/uploads\/sites\/37\/Goldene-Acht-670x503.jpg 670w, https:\/\/www.naturparkmagazin.de\/dahme-heideseen\/wp-content\/uploads\/sites\/37\/Goldene-Acht-200x150.jpg 200w, https:\/\/www.naturparkmagazin.de\/dahme-heideseen\/wp-content\/uploads\/sites\/37\/Goldene-Acht.jpg 1024w\" sizes=\"(max-width: 620px) 100vw, 620px\" \/><\/a><p id=\"caption-attachment-119\" class=\"wp-caption-text\">Die Best\u00e4nde der Goldenen Acht, einem Tagschmetterling der Trockenrasen werden zunehmen<\/p><\/div>\n<p>Die Best\u00e4nde der Goldenen Acht, einem Tagschmetterling der Trockenrasen werden zunehmen (Foto: W. Klaeber\/NABU Dahmeland)<\/p>\n","protected":false},"excerpt":{"rendered":"<p>Neues EU-Life-Naturschutzprojekt im Naturpark Dahme-Heideseen<\/p>\n","protected":false},"author":48,"featured_media":114,"comment_status":"open","ping_status":"open","sticky":false,"template":"","format":"standard","meta":[],"categories":[11],"tags":[],"yoast_head":"<!-- This site is optimized with the Yoast SEO plugin v19.10 - https:\/\/yoast.com\/wordpress\/plugins\/seo\/ -->\n<title>Trockenrasen werden gesch\u00fctzt und entwickelt - Naturpark Dahme-Heideseen<\/title>\n<meta name=\"robots\" content=\"index, follow, max-snippet:-1, max-image-preview:large, max-video-preview:-1\" \/>\n<link rel=\"canonical\" href=\"https:\/\/www.naturparkmagazin.de\/dahme-heideseen\/trockenrasen-werden-geschuetzt-und-entwickelt\/\" \/>\n<meta property=\"og:locale\" content=\"de_DE\" \/>\n<meta property=\"og:type\" content=\"article\" \/>\n<meta property=\"og:title\" content=\"Trockenrasen werden gesch\u00fctzt und entwickelt - Naturpark Dahme-Heideseen\" \/>\n<meta property=\"og:description\" content=\"Neues EU-Life-Naturschutzprojekt im Naturpark Dahme-Heideseen\" \/>\n<meta property=\"og:url\" content=\"https:\/\/www.naturparkmagazin.de\/dahme-heideseen\/trockenrasen-werden-geschuetzt-und-entwickelt\/\" \/>\n<meta property=\"og:site_name\" content=\"Naturpark Dahme-Heideseen\" \/>\n<meta property=\"article:published_time\" content=\"2013-07-16T09:46:48+00:00\" \/>\n<meta property=\"article:modified_time\" content=\"2014-04-09T10:45:48+00:00\" \/>\n<meta property=\"og:image\" content=\"https:\/\/www.naturparkmagazin.de\/dahme-heideseen\/wp-content\/uploads\/sites\/37\/\u00c4hriger-Blauweiderich_Klaeber_Nabu.jpg\" \/>\n\t<meta property=\"og:image:width\" content=\"700\" \/>\n\t<meta property=\"og:image:height\" content=\"500\" \/>\n\t<meta property=\"og:image:type\" content=\"image\/jpeg\" \/>\n<meta name=\"author\" content=\"hanssonnenberg\" \/>\n<meta name=\"twitter:label1\" content=\"Verfasst von\" \/>\n\t<meta name=\"twitter:data1\" content=\"hanssonnenberg\" \/>\n\t<meta name=\"twitter:label2\" content=\"Gesch\u00e4tzte Lesezeit\" \/>\n\t<meta name=\"twitter:data2\" content=\"1\u00a0Minute\" \/>\n<script type=\"application\/ld+json\" class=\"yoast-schema-graph\">{\"@context\":\"https:\/\/schema.org\",\"@graph\":[{\"@type\":\"WebPage\",\"@id\":\"https:\/\/www.naturparkmagazin.de\/dahme-heideseen\/trockenrasen-werden-geschuetzt-und-entwickelt\/\",\"url\":\"https:\/\/www.naturparkmagazin.de\/dahme-heideseen\/trockenrasen-werden-geschuetzt-und-entwickelt\/\",\"name\":\"Trockenrasen werden gesch\u00fctzt und entwickelt - Naturpark Dahme-Heideseen\",\"isPartOf\":{\"@id\":\"https:\/\/www.naturparkmagazin.de\/dahme-heideseen\/#website\"},\"datePublished\":\"2013-07-16T09:46:48+00:00\",\"dateModified\":\"2014-04-09T10:45:48+00:00\",\"author\":{\"@id\":\"https:\/\/www.naturparkmagazin.de\/dahme-heideseen\/#\/schema\/person\/c81c96c3a1f5ee7bffff8b8022c105f0\"},\"breadcrumb\":{\"@id\":\"https:\/\/www.naturparkmagazin.de\/dahme-heideseen\/trockenrasen-werden-geschuetzt-und-entwickelt\/#breadcrumb\"},\"inLanguage\":\"de\",\"potentialAction\":[{\"@type\":\"ReadAction\",\"target\":[\"https:\/\/www.naturparkmagazin.de\/dahme-heideseen\/trockenrasen-werden-geschuetzt-und-entwickelt\/\"]}]},{\"@type\":\"BreadcrumbList\",\"@id\":\"https:\/\/www.naturparkmagazin.de\/dahme-heideseen\/trockenrasen-werden-geschuetzt-und-entwickelt\/#breadcrumb\",\"itemListElement\":[{\"@type\":\"ListItem\",\"position\":1,\"name\":\"Home\",\"item\":\"https:\/\/www.naturparkmagazin.de\/dahme-heideseen\/\"},{\"@type\":\"ListItem\",\"position\":2,\"name\":\"Trockenrasen werden gesch\u00fctzt und entwickelt\"}]},{\"@type\":\"WebSite\",\"@id\":\"https:\/\/www.naturparkmagazin.de\/dahme-heideseen\/#website\",\"url\":\"https:\/\/www.naturparkmagazin.de\/dahme-heideseen\/\",\"name\":\"Naturpark Dahme-Heideseen\",\"description\":\"\",\"potentialAction\":[{\"@type\":\"SearchAction\",\"target\":{\"@type\":\"EntryPoint\",\"urlTemplate\":\"https:\/\/www.naturparkmagazin.de\/dahme-heideseen\/?s={search_term_string}\"},\"query-input\":\"required name=search_term_string\"}],\"inLanguage\":\"de\"},{\"@type\":\"Person\",\"@id\":\"https:\/\/www.naturparkmagazin.de\/dahme-heideseen\/#\/schema\/person\/c81c96c3a1f5ee7bffff8b8022c105f0\",\"name\":\"hanssonnenberg\",\"url\":\"https:\/\/www.naturparkmagazin.de\/dahme-heideseen\/author\/hanssonnenberg\/\"}]}<\/script>\n<!-- \/ Yoast SEO plugin. -->","yoast_head_json":{"title":"Trockenrasen werden gesch\u00fctzt und entwickelt - Naturpark Dahme-Heideseen","robots":{"index":"index","follow":"follow","max-snippet":"max-snippet:-1","max-image-preview":"max-image-preview:large","max-video-preview":"max-video-preview:-1"},"canonical":"https:\/\/www.naturparkmagazin.de\/dahme-heideseen\/trockenrasen-werden-geschuetzt-und-entwickelt\/","og_locale":"de_DE","og_type":"article","og_title":"Trockenrasen werden gesch\u00fctzt und entwickelt - Naturpark Dahme-Heideseen","og_description":"Neues EU-Life-Naturschutzprojekt im Naturpark Dahme-Heideseen","og_url":"https:\/\/www.naturparkmagazin.de\/dahme-heideseen\/trockenrasen-werden-geschuetzt-und-entwickelt\/","og_site_name":"Naturpark Dahme-Heideseen","article_published_time":"2013-07-16T09:46:48+00:00","article_modified_time":"2014-04-09T10:45:48+00:00","og_image":[{"width":700,"height":500,"url":"https:\/\/www.naturparkmagazin.de\/dahme-heideseen\/wp-content\/uploads\/sites\/37\/\u00c4hriger-Blauweiderich_Klaeber_Nabu.jpg","type":"image\/jpeg"}],"author":"hanssonnenberg","twitter_misc":{"Verfasst von":"hanssonnenberg","Gesch\u00e4tzte Lesezeit":"1\u00a0Minute"},"schema":{"@context":"https:\/\/schema.org","@graph":[{"@type":"WebPage","@id":"https:\/\/www.naturparkmagazin.de\/dahme-heideseen\/trockenrasen-werden-geschuetzt-und-entwickelt\/","url":"https:\/\/www.naturparkmagazin.de\/dahme-heideseen\/trockenrasen-werden-geschuetzt-und-entwickelt\/","name":"Trockenrasen werden gesch\u00fctzt und entwickelt - Naturpark Dahme-Heideseen","isPartOf":{"@id":"https:\/\/www.naturparkmagazin.de\/dahme-heideseen\/#website"},"datePublished":"2013-07-16T09:46:48+00:00","dateModified":"2014-04-09T10:45:48+00:00","author":{"@id":"https:\/\/www.naturparkmagazin.de\/dahme-heideseen\/#\/schema\/person\/c81c96c3a1f5ee7bffff8b8022c105f0"},"breadcrumb":{"@id":"https:\/\/www.naturparkmagazin.de\/dahme-heideseen\/trockenrasen-werden-geschuetzt-und-entwickelt\/#breadcrumb"},"inLanguage":"de","potentialAction":[{"@type":"ReadAction","target":["https:\/\/www.naturparkmagazin.de\/dahme-heideseen\/trockenrasen-werden-geschuetzt-und-entwickelt\/"]}]},{"@type":"BreadcrumbList","@id":"https:\/\/www.naturparkmagazin.de\/dahme-heideseen\/trockenrasen-werden-geschuetzt-und-entwickelt\/#breadcrumb","itemListElement":[{"@type":"ListItem","position":1,"name":"Home","item":"https:\/\/www.naturparkmagazin.de\/dahme-heideseen\/"},{"@type":"ListItem","position":2,"name":"Trockenrasen werden gesch\u00fctzt und entwickelt"}]},{"@type":"WebSite","@id":"https:\/\/www.naturparkmagazin.de\/dahme-heideseen\/#website","url":"https:\/\/www.naturparkmagazin.de\/dahme-heideseen\/","name":"Naturpark Dahme-Heideseen","description":"","potentialAction":[{"@type":"SearchAction","target":{"@type":"EntryPoint","urlTemplate":"https:\/\/www.naturparkmagazin.de\/dahme-heideseen\/?s={search_term_string}"},"query-input":"required name=search_term_string"}],"inLanguage":"de"},{"@type":"Person","@id":"https:\/\/www.naturparkmagazin.de\/dahme-heideseen\/#\/schema\/person\/c81c96c3a1f5ee7bffff8b8022c105f0","name":"hanssonnenberg","url":"https:\/\/www.naturparkmagazin.de\/dahme-heideseen\/author\/hanssonnenberg\/"}]}},"_links":{"self":[{"href":"https:\/\/www.naturparkmagazin.de\/dahme-heideseen\/wp-json\/wp\/v2\/posts\/113"}],"collection":[{"href":"https:\/\/www.naturparkmagazin.de\/dahme-heideseen\/wp-json\/wp\/v2\/posts"}],"about":[{"href":"https:\/\/www.naturparkmagazin.de\/dahme-heideseen\/wp-json\/wp\/v2\/types\/post"}],"author":[{"embeddable":true,"href":"https:\/\/www.naturparkmagazin.de\/dahme-heideseen\/wp-json\/wp\/v2\/users\/48"}],"replies":[{"embeddable":true,"href":"https:\/\/www.naturparkmagazin.de\/dahme-heideseen\/wp-json\/wp\/v2\/comments?post=113"}],"version-history":[{"count":10,"href":"https:\/\/www.naturparkmagazin.de\/dahme-heideseen\/wp-json\/wp\/v2\/posts\/113\/revisions"}],"predecessor-version":[{"id":118,"href":"https:\/\/www.naturparkmagazin.de\/dahme-heideseen\/wp-json\/wp\/v2\/posts\/113\/revisions\/118"}],"wp:featuredmedia":[{"embeddable":true,"href":"https:\/\/www.naturparkmagazin.de\/dahme-heideseen\/wp-json\/wp\/v2\/media\/114"}],"wp:attachment":[{"href":"https:\/\/www.naturparkmagazin.de\/dahme-heideseen\/wp-json\/wp\/v2\/media?parent=113"}],"wp:term":[{"taxonomy":"category","embeddable":true,"href":"https:\/\/www.naturparkmagazin.de\/dahme-heideseen\/wp-json\/wp\/v2\/categories?post=113"},{"taxonomy":"post_tag","embeddable":true,"href":"https:\/\/www.naturparkmagazin.de\/dahme-heideseen\/wp-json\/wp\/v2\/tags?post=113"}],"curies":[{"name":"wp","href":"https:\/\/api.w.org\/{rel}","templated":true}]}}