{"id":1130,"date":"2015-07-17T13:47:10","date_gmt":"2015-07-17T11:47:10","guid":{"rendered":"http:\/\/www.naturparkmagazin.de\/dahme-heideseen\/?p=1130"},"modified":"2015-08-24T11:48:40","modified_gmt":"2015-08-24T09:48:40","slug":"das-gruene-wunder-unser-wald-am-28-august-im-waldkino-hammer","status":"publish","type":"post","link":"https:\/\/www.naturparkmagazin.de\/dahme-heideseen\/das-gruene-wunder-unser-wald-am-28-august-im-waldkino-hammer\/","title":{"rendered":"&#8222;Das gr\u00fcne Wunder \u2013 Unser Wald&#8220; am 28. August im Waldkino Hammer"},"content":{"rendered":"<p>Der Film \u201cDas gr\u00fcne Wunder \u2013 Unser Wald\u201d ist der Septemberbeitrag im Waldkino Hammer<!--more--><span id=\"more-1047\"><\/span><\/p>\n<p class=\"x_MsoNormal\">Mit <b>DAS GR\u00dcNE WUNDER \u2013 UNSER WALD<\/b> liefert der renommierte Naturfilmer Jan Haft eine einzigartige Bestandsaufnahme der Artenvielfalt im deutschen Wald. W\u00e4hrend einer Drehzeit von insgesamt sechs Jahren (2005 \u2013 2011) und an 70 Drehorten waren die international vielfach ausgezeichneten Kameram\u00e4nner schwer filmbaren Motiven auf der Spur. Dabei verbrachten sie gut 100 N\u00e4chte im Tarnzelt und sammelten mit den neuesten Filmtechniken \u00fcber 250 Stunden Filmmaterial. Erz\u00e4hlt von Grimme-Preistr\u00e4ger Benno F\u00fcrmann ist <b>DAS GR\u00dcNE WUNDER<\/b> eine wissenschaftlich exakte und emotional packende Einladung, die aufregenden Lebensformen unseres Waldes mit gesch\u00e4rftem Bewusstsein neu zu entdecken.<\/p>\n<p>F\u00fcr das leibliche Wohl ist ab 19 Uhr in bew\u00e4hrter Weise mit Imbiss und Getr\u00e4nken gesorgt.<\/p>\n<p>Das Waldkino-Projekt ist eine Kooperation des Landesbetriebs Forst Brandenburg mit dem K\u00fcnstler Wolfgang Georgsdorf. Alle gezeigten Filme haben einen direkten oder indirekten Bezug zum Begriff der Nachhaltigkeit und zum Wald beziehungsweise zum Umgang mit der Natur und ihren Ressourcen und spannen im Verlauf des Jahres einen weiten Bogen der Filmkunst zwischen Dokumentarfilm und Spielfilm.<\/p>\n<p>Weitere Filme im Waldkino Hammer 2015:\n25. September &#8211; <strong>Das Salz der Erde<\/strong><\/p>\n<p>Kontakt und Info:<\/p>\n<p>Landesforstbetrieb Brandenburg\nAn der B 179\n15746 Gro\u00df K\u00f6ris\nTel.: +49 (0) 33765 21780\n<a href=\"mailto:Obf.Hammer@affwu.brandenburg.de\">Obf.Hammer@affwu.brandenburg.de<\/a><\/p>\n<p><a href=\"http:\/\/forst.brandenburg.de\/sixcms\/detail.php\/529068\" target=\"_blank\">Landeswaldoberf\u00f6rsterei Hammer<\/a><\/p>\n<p><a href=\"http:\/\/georgsdorf.com\/\" target=\"_blank\">Kontakt Wolfgang Georgsdorf<\/a><\/p>\n<p>&nbsp;<\/p>\n","protected":false},"excerpt":{"rendered":"<p>Der Film \u201cDas gr\u00fcne Wunder \u2013 Unser Wald\u201d ist der Septemberbeitrag im Waldkino Hammer. Mit diesem Film liefert der renommierte Naturfilmer Jan Haft eine einzigartige Bestandsaufnahme der Artenvielfalt im deutschen Wald. <\/p>\n","protected":false},"author":48,"featured_media":1025,"comment_status":"open","ping_status":"open","sticky":false,"template":"","format":"standard","meta":[],"categories":[11],"tags":[],"yoast_head":"<!-- This site is optimized with the Yoast SEO plugin v19.10 - https:\/\/yoast.com\/wordpress\/plugins\/seo\/ -->\n<title>&quot;Das gr\u00fcne Wunder \u2013 Unser Wald&quot; am 28. August im Waldkino Hammer - Naturpark Dahme-Heideseen<\/title>\n<meta name=\"robots\" content=\"index, follow, max-snippet:-1, max-image-preview:large, max-video-preview:-1\" \/>\n<link rel=\"canonical\" href=\"https:\/\/www.naturparkmagazin.de\/dahme-heideseen\/das-gruene-wunder-unser-wald-am-28-august-im-waldkino-hammer\/\" \/>\n<meta property=\"og:locale\" content=\"de_DE\" \/>\n<meta property=\"og:type\" content=\"article\" \/>\n<meta property=\"og:title\" content=\"&quot;Das gr\u00fcne Wunder \u2013 Unser Wald&quot; am 28. August im Waldkino Hammer - Naturpark Dahme-Heideseen\" \/>\n<meta property=\"og:description\" content=\"Der Film \u201cDas gr\u00fcne Wunder \u2013 Unser Wald\u201d ist der Septemberbeitrag im Waldkino Hammer. Mit diesem Film liefert der renommierte Naturfilmer Jan Haft eine einzigartige Bestandsaufnahme der Artenvielfalt im deutschen Wald.\" \/>\n<meta property=\"og:url\" content=\"https:\/\/www.naturparkmagazin.de\/dahme-heideseen\/das-gruene-wunder-unser-wald-am-28-august-im-waldkino-hammer\/\" \/>\n<meta property=\"og:site_name\" content=\"Naturpark Dahme-Heideseen\" \/>\n<meta property=\"article:published_time\" content=\"2015-07-17T11:47:10+00:00\" \/>\n<meta property=\"article:modified_time\" content=\"2015-08-24T09:48:40+00:00\" \/>\n<meta property=\"og:image\" content=\"https:\/\/www.naturparkmagazin.de\/dahme-heideseen\/wp-content\/uploads\/sites\/37\/hammer_web_2009.jpg\" \/>\n\t<meta property=\"og:image:width\" content=\"640\" \/>\n\t<meta property=\"og:image:height\" content=\"455\" \/>\n\t<meta property=\"og:image:type\" content=\"image\/jpeg\" \/>\n<meta name=\"author\" content=\"hanssonnenberg\" \/>\n<meta name=\"twitter:label1\" content=\"Verfasst von\" \/>\n\t<meta name=\"twitter:data1\" content=\"hanssonnenberg\" \/>\n\t<meta name=\"twitter:label2\" content=\"Gesch\u00e4tzte Lesezeit\" \/>\n\t<meta name=\"twitter:data2\" content=\"1\u00a0Minute\" \/>\n<script type=\"application\/ld+json\" class=\"yoast-schema-graph\">{\"@context\":\"https:\/\/schema.org\",\"@graph\":[{\"@type\":\"WebPage\",\"@id\":\"https:\/\/www.naturparkmagazin.de\/dahme-heideseen\/das-gruene-wunder-unser-wald-am-28-august-im-waldkino-hammer\/\",\"url\":\"https:\/\/www.naturparkmagazin.de\/dahme-heideseen\/das-gruene-wunder-unser-wald-am-28-august-im-waldkino-hammer\/\",\"name\":\"\\\"Das gr\u00fcne Wunder \u2013 Unser Wald\\\" am 28. August im Waldkino Hammer - Naturpark Dahme-Heideseen\",\"isPartOf\":{\"@id\":\"https:\/\/www.naturparkmagazin.de\/dahme-heideseen\/#website\"},\"datePublished\":\"2015-07-17T11:47:10+00:00\",\"dateModified\":\"2015-08-24T09:48:40+00:00\",\"author\":{\"@id\":\"https:\/\/www.naturparkmagazin.de\/dahme-heideseen\/#\/schema\/person\/c81c96c3a1f5ee7bffff8b8022c105f0\"},\"breadcrumb\":{\"@id\":\"https:\/\/www.naturparkmagazin.de\/dahme-heideseen\/das-gruene-wunder-unser-wald-am-28-august-im-waldkino-hammer\/#breadcrumb\"},\"inLanguage\":\"de\",\"potentialAction\":[{\"@type\":\"ReadAction\",\"target\":[\"https:\/\/www.naturparkmagazin.de\/dahme-heideseen\/das-gruene-wunder-unser-wald-am-28-august-im-waldkino-hammer\/\"]}]},{\"@type\":\"BreadcrumbList\",\"@id\":\"https:\/\/www.naturparkmagazin.de\/dahme-heideseen\/das-gruene-wunder-unser-wald-am-28-august-im-waldkino-hammer\/#breadcrumb\",\"itemListElement\":[{\"@type\":\"ListItem\",\"position\":1,\"name\":\"Home\",\"item\":\"https:\/\/www.naturparkmagazin.de\/dahme-heideseen\/\"},{\"@type\":\"ListItem\",\"position\":2,\"name\":\"&#8222;Das gr\u00fcne Wunder \u2013 Unser Wald&#8220; am 28. August im Waldkino Hammer\"}]},{\"@type\":\"WebSite\",\"@id\":\"https:\/\/www.naturparkmagazin.de\/dahme-heideseen\/#website\",\"url\":\"https:\/\/www.naturparkmagazin.de\/dahme-heideseen\/\",\"name\":\"Naturpark Dahme-Heideseen\",\"description\":\"\",\"potentialAction\":[{\"@type\":\"SearchAction\",\"target\":{\"@type\":\"EntryPoint\",\"urlTemplate\":\"https:\/\/www.naturparkmagazin.de\/dahme-heideseen\/?s={search_term_string}\"},\"query-input\":\"required name=search_term_string\"}],\"inLanguage\":\"de\"},{\"@type\":\"Person\",\"@id\":\"https:\/\/www.naturparkmagazin.de\/dahme-heideseen\/#\/schema\/person\/c81c96c3a1f5ee7bffff8b8022c105f0\",\"name\":\"hanssonnenberg\",\"url\":\"https:\/\/www.naturparkmagazin.de\/dahme-heideseen\/author\/hanssonnenberg\/\"}]}<\/script>\n<!-- \/ Yoast SEO plugin. -->","yoast_head_json":{"title":"\"Das gr\u00fcne Wunder \u2013 Unser Wald\" am 28. August im Waldkino Hammer - Naturpark Dahme-Heideseen","robots":{"index":"index","follow":"follow","max-snippet":"max-snippet:-1","max-image-preview":"max-image-preview:large","max-video-preview":"max-video-preview:-1"},"canonical":"https:\/\/www.naturparkmagazin.de\/dahme-heideseen\/das-gruene-wunder-unser-wald-am-28-august-im-waldkino-hammer\/","og_locale":"de_DE","og_type":"article","og_title":"\"Das gr\u00fcne Wunder \u2013 Unser Wald\" am 28. August im Waldkino Hammer - Naturpark Dahme-Heideseen","og_description":"Der Film \u201cDas gr\u00fcne Wunder \u2013 Unser Wald\u201d ist der Septemberbeitrag im Waldkino Hammer. Mit diesem Film liefert der renommierte Naturfilmer Jan Haft eine einzigartige Bestandsaufnahme der Artenvielfalt im deutschen Wald.","og_url":"https:\/\/www.naturparkmagazin.de\/dahme-heideseen\/das-gruene-wunder-unser-wald-am-28-august-im-waldkino-hammer\/","og_site_name":"Naturpark Dahme-Heideseen","article_published_time":"2015-07-17T11:47:10+00:00","article_modified_time":"2015-08-24T09:48:40+00:00","og_image":[{"width":640,"height":455,"url":"https:\/\/www.naturparkmagazin.de\/dahme-heideseen\/wp-content\/uploads\/sites\/37\/hammer_web_2009.jpg","type":"image\/jpeg"}],"author":"hanssonnenberg","twitter_misc":{"Verfasst von":"hanssonnenberg","Gesch\u00e4tzte Lesezeit":"1\u00a0Minute"},"schema":{"@context":"https:\/\/schema.org","@graph":[{"@type":"WebPage","@id":"https:\/\/www.naturparkmagazin.de\/dahme-heideseen\/das-gruene-wunder-unser-wald-am-28-august-im-waldkino-hammer\/","url":"https:\/\/www.naturparkmagazin.de\/dahme-heideseen\/das-gruene-wunder-unser-wald-am-28-august-im-waldkino-hammer\/","name":"\"Das gr\u00fcne Wunder \u2013 Unser Wald\" am 28. August im Waldkino Hammer - Naturpark Dahme-Heideseen","isPartOf":{"@id":"https:\/\/www.naturparkmagazin.de\/dahme-heideseen\/#website"},"datePublished":"2015-07-17T11:47:10+00:00","dateModified":"2015-08-24T09:48:40+00:00","author":{"@id":"https:\/\/www.naturparkmagazin.de\/dahme-heideseen\/#\/schema\/person\/c81c96c3a1f5ee7bffff8b8022c105f0"},"breadcrumb":{"@id":"https:\/\/www.naturparkmagazin.de\/dahme-heideseen\/das-gruene-wunder-unser-wald-am-28-august-im-waldkino-hammer\/#breadcrumb"},"inLanguage":"de","potentialAction":[{"@type":"ReadAction","target":["https:\/\/www.naturparkmagazin.de\/dahme-heideseen\/das-gruene-wunder-unser-wald-am-28-august-im-waldkino-hammer\/"]}]},{"@type":"BreadcrumbList","@id":"https:\/\/www.naturparkmagazin.de\/dahme-heideseen\/das-gruene-wunder-unser-wald-am-28-august-im-waldkino-hammer\/#breadcrumb","itemListElement":[{"@type":"ListItem","position":1,"name":"Home","item":"https:\/\/www.naturparkmagazin.de\/dahme-heideseen\/"},{"@type":"ListItem","position":2,"name":"&#8222;Das gr\u00fcne Wunder \u2013 Unser Wald&#8220; am 28. August im Waldkino Hammer"}]},{"@type":"WebSite","@id":"https:\/\/www.naturparkmagazin.de\/dahme-heideseen\/#website","url":"https:\/\/www.naturparkmagazin.de\/dahme-heideseen\/","name":"Naturpark Dahme-Heideseen","description":"","potentialAction":[{"@type":"SearchAction","target":{"@type":"EntryPoint","urlTemplate":"https:\/\/www.naturparkmagazin.de\/dahme-heideseen\/?s={search_term_string}"},"query-input":"required name=search_term_string"}],"inLanguage":"de"},{"@type":"Person","@id":"https:\/\/www.naturparkmagazin.de\/dahme-heideseen\/#\/schema\/person\/c81c96c3a1f5ee7bffff8b8022c105f0","name":"hanssonnenberg","url":"https:\/\/www.naturparkmagazin.de\/dahme-heideseen\/author\/hanssonnenberg\/"}]}},"_links":{"self":[{"href":"https:\/\/www.naturparkmagazin.de\/dahme-heideseen\/wp-json\/wp\/v2\/posts\/1130"}],"collection":[{"href":"https:\/\/www.naturparkmagazin.de\/dahme-heideseen\/wp-json\/wp\/v2\/posts"}],"about":[{"href":"https:\/\/www.naturparkmagazin.de\/dahme-heideseen\/wp-json\/wp\/v2\/types\/post"}],"author":[{"embeddable":true,"href":"https:\/\/www.naturparkmagazin.de\/dahme-heideseen\/wp-json\/wp\/v2\/users\/48"}],"replies":[{"embeddable":true,"href":"https:\/\/www.naturparkmagazin.de\/dahme-heideseen\/wp-json\/wp\/v2\/comments?post=1130"}],"version-history":[{"count":8,"href":"https:\/\/www.naturparkmagazin.de\/dahme-heideseen\/wp-json\/wp\/v2\/posts\/1130\/revisions"}],"predecessor-version":[{"id":1147,"href":"https:\/\/www.naturparkmagazin.de\/dahme-heideseen\/wp-json\/wp\/v2\/posts\/1130\/revisions\/1147"}],"wp:featuredmedia":[{"embeddable":true,"href":"https:\/\/www.naturparkmagazin.de\/dahme-heideseen\/wp-json\/wp\/v2\/media\/1025"}],"wp:attachment":[{"href":"https:\/\/www.naturparkmagazin.de\/dahme-heideseen\/wp-json\/wp\/v2\/media?parent=1130"}],"wp:term":[{"taxonomy":"category","embeddable":true,"href":"https:\/\/www.naturparkmagazin.de\/dahme-heideseen\/wp-json\/wp\/v2\/categories?post=1130"},{"taxonomy":"post_tag","embeddable":true,"href":"https:\/\/www.naturparkmagazin.de\/dahme-heideseen\/wp-json\/wp\/v2\/tags?post=1130"}],"curies":[{"name":"wp","href":"https:\/\/api.w.org\/{rel}","templated":true}]}}