{"id":1154,"date":"2015-09-21T17:53:17","date_gmt":"2015-09-21T15:53:17","guid":{"rendered":"http:\/\/www.naturparkmagazin.de\/dahme-heideseen\/?p=1154"},"modified":"2015-09-28T12:03:14","modified_gmt":"2015-09-28T10:03:14","slug":"veteranen-mit-rinde-aquarelle-von-inka-lummer","status":"publish","type":"post","link":"https:\/\/www.naturparkmagazin.de\/dahme-heideseen\/veteranen-mit-rinde-aquarelle-von-inka-lummer\/","title":{"rendered":"Veteranen mit Rinde &#8211; Aquarelle von Inka Lumer"},"content":{"rendered":"<p>Ausstellung von Inka Lumer\u00a0 im Volkshaus Wildau.\u00a0 Die Vernissage ist am 6. Oktober 2015 um 18.30 Uhr.<!--more--><\/p>\n<p>B\u00e4ume umgeben uns \u00fcberall. Besonders die alten Exemplare schaffen Atmosph\u00e4re an einem Platz, haben eine Aura. Inka Lumer lebt in der waldreichen Gemeinde Heidesee.<\/p>\n<p>Inka Lumer: \u201e<i>Jeder Baum ist einzigartig. Aber gerade die etwas Krummen, Knorrigen, die etwas zu erz\u00e4hlen haben, sprechen mich besonders an. Ich war dieses mal im Dahme-Seengebiet mit Pinsel und Kamera unterwegs und habe viele wundersch\u00f6ne B\u00e4ume entdeckt: manche ganz versteckt, manche direkt an der Hauptstra\u00dfe. Etliche Hinweise aus der Bev\u00f6lkerung zeigen mir, das jeder Mensch einen Baum hat, der ihm besonders ans Herz gewachsen ist.<\/i>\u201c<\/p>\n<p>Die Originalzeichnungen sind in der Ausstellung zu sehen. 12 Monatsmotive enth\u00e4lt der Kalender 2015 &#8222;Veteranen mit Rinde&#8220;- alte B\u00e4ume im Dahmeland\u201c. Der Kalender kann \u00fcber den NABU Dahmeland in Prieros bezogen werden.<\/p>\n<div id=\"attachment_1155\" style=\"width: 577px\" class=\"wp-caption aligncenter\"><a href=\"https:\/\/www.naturparkmagazin.de\/dahme-heideseen\/wp-content\/uploads\/sites\/37\/NPDH_Plakat_Ausstellung_Baumveteranen_Inka_Lummer.jpg\"><img aria-describedby=\"caption-attachment-1155\" decoding=\"async\" loading=\"lazy\" class=\"size-full wp-image-1155\" src=\"https:\/\/www.naturparkmagazin.de\/dahme-heideseen\/wp-content\/uploads\/sites\/37\/NPDH_Plakat_Ausstellung_Baumveteranen_Inka_Lummer.jpg\" alt=\"Ausstellungsplakat (Abbildung: Inka Lummer)\" width=\"567\" height=\"803\" srcset=\"https:\/\/www.naturparkmagazin.de\/dahme-heideseen\/wp-content\/uploads\/sites\/37\/NPDH_Plakat_Ausstellung_Baumveteranen_Inka_Lummer.jpg 567w, https:\/\/www.naturparkmagazin.de\/dahme-heideseen\/wp-content\/uploads\/sites\/37\/NPDH_Plakat_Ausstellung_Baumveteranen_Inka_Lummer-300x425.jpg 300w, https:\/\/www.naturparkmagazin.de\/dahme-heideseen\/wp-content\/uploads\/sites\/37\/NPDH_Plakat_Ausstellung_Baumveteranen_Inka_Lummer-200x283.jpg 200w\" sizes=\"(max-width: 567px) 100vw, 567px\" \/><\/a><p id=\"caption-attachment-1155\" class=\"wp-caption-text\">Ausstellungsplakat (Abbildung: Inka Lummer)<\/p><\/div>\n<p>Ausstellung Veteranen mit Rinde<\/p>\n<p>vom 6. Oktober 2015 bis Ende Dezember 2015\u00a0 im Volkshaus Wildau, Karl-Marx-Stra\u00dfe 36, 15745 Wildau<\/p>\n<p><a href=\"http:\/\/www.traumwerker.de\" target=\"_blank\">Kontakt Inka Lummer<\/a><\/p>\n<p>&nbsp;<\/p>\n","protected":false},"excerpt":{"rendered":"<p>Vom 6. Oktober 2015 bis Ende Dezember 2015 ist die Ausstellung &#8222;Veteranen mit Rinde&#8220; mit Aquarellen von Inka Lumer im Volkshaus Wildau zu sehen. Die Vernissage ist am 6. Oktober 2015 um 18.30 Uhr.<\/p>\n","protected":false},"author":48,"featured_media":1201,"comment_status":"open","ping_status":"open","sticky":false,"template":"","format":"standard","meta":[],"categories":[11],"tags":[],"yoast_head":"<!-- This site is optimized with the Yoast SEO plugin v19.10 - https:\/\/yoast.com\/wordpress\/plugins\/seo\/ -->\n<title>Veteranen mit Rinde - Aquarelle von Inka Lumer - Naturpark Dahme-Heideseen<\/title>\n<meta name=\"robots\" content=\"index, follow, max-snippet:-1, max-image-preview:large, max-video-preview:-1\" \/>\n<link rel=\"canonical\" href=\"https:\/\/www.naturparkmagazin.de\/dahme-heideseen\/veteranen-mit-rinde-aquarelle-von-inka-lummer\/\" \/>\n<meta property=\"og:locale\" content=\"de_DE\" \/>\n<meta property=\"og:type\" content=\"article\" \/>\n<meta property=\"og:title\" content=\"Veteranen mit Rinde - Aquarelle von Inka Lumer - Naturpark Dahme-Heideseen\" \/>\n<meta property=\"og:description\" content=\"Vom 6. Oktober 2015 bis Ende Dezember 2015 ist die Ausstellung &quot;Veteranen mit Rinde&quot; mit Aquarellen von Inka Lumer im Volkshaus Wildau zu sehen. Die Vernissage ist am 6. Oktober 2015 um 18.30 Uhr.\" \/>\n<meta property=\"og:url\" content=\"https:\/\/www.naturparkmagazin.de\/dahme-heideseen\/veteranen-mit-rinde-aquarelle-von-inka-lummer\/\" \/>\n<meta property=\"og:site_name\" content=\"Naturpark Dahme-Heideseen\" \/>\n<meta property=\"article:published_time\" content=\"2015-09-21T15:53:17+00:00\" \/>\n<meta property=\"article:modified_time\" content=\"2015-09-28T10:03:14+00:00\" \/>\n<meta property=\"og:image\" content=\"https:\/\/www.naturparkmagazin.de\/dahme-heideseen\/wp-content\/uploads\/sites\/37\/B\u00e4ume.jpg\" \/>\n\t<meta property=\"og:image:width\" content=\"200\" \/>\n\t<meta property=\"og:image:height\" content=\"200\" \/>\n\t<meta property=\"og:image:type\" content=\"image\/jpeg\" \/>\n<meta name=\"author\" content=\"hanssonnenberg\" \/>\n<meta name=\"twitter:label1\" content=\"Verfasst von\" \/>\n\t<meta name=\"twitter:data1\" content=\"hanssonnenberg\" \/>\n\t<meta name=\"twitter:label2\" content=\"Gesch\u00e4tzte Lesezeit\" \/>\n\t<meta name=\"twitter:data2\" content=\"1\u00a0Minute\" \/>\n<script type=\"application\/ld+json\" class=\"yoast-schema-graph\">{\"@context\":\"https:\/\/schema.org\",\"@graph\":[{\"@type\":\"WebPage\",\"@id\":\"https:\/\/www.naturparkmagazin.de\/dahme-heideseen\/veteranen-mit-rinde-aquarelle-von-inka-lummer\/\",\"url\":\"https:\/\/www.naturparkmagazin.de\/dahme-heideseen\/veteranen-mit-rinde-aquarelle-von-inka-lummer\/\",\"name\":\"Veteranen mit Rinde - Aquarelle von Inka Lumer - Naturpark Dahme-Heideseen\",\"isPartOf\":{\"@id\":\"https:\/\/www.naturparkmagazin.de\/dahme-heideseen\/#website\"},\"datePublished\":\"2015-09-21T15:53:17+00:00\",\"dateModified\":\"2015-09-28T10:03:14+00:00\",\"author\":{\"@id\":\"https:\/\/www.naturparkmagazin.de\/dahme-heideseen\/#\/schema\/person\/c81c96c3a1f5ee7bffff8b8022c105f0\"},\"breadcrumb\":{\"@id\":\"https:\/\/www.naturparkmagazin.de\/dahme-heideseen\/veteranen-mit-rinde-aquarelle-von-inka-lummer\/#breadcrumb\"},\"inLanguage\":\"de\",\"potentialAction\":[{\"@type\":\"ReadAction\",\"target\":[\"https:\/\/www.naturparkmagazin.de\/dahme-heideseen\/veteranen-mit-rinde-aquarelle-von-inka-lummer\/\"]}]},{\"@type\":\"BreadcrumbList\",\"@id\":\"https:\/\/www.naturparkmagazin.de\/dahme-heideseen\/veteranen-mit-rinde-aquarelle-von-inka-lummer\/#breadcrumb\",\"itemListElement\":[{\"@type\":\"ListItem\",\"position\":1,\"name\":\"Home\",\"item\":\"https:\/\/www.naturparkmagazin.de\/dahme-heideseen\/\"},{\"@type\":\"ListItem\",\"position\":2,\"name\":\"Veteranen mit Rinde &#8211; Aquarelle von Inka Lumer\"}]},{\"@type\":\"WebSite\",\"@id\":\"https:\/\/www.naturparkmagazin.de\/dahme-heideseen\/#website\",\"url\":\"https:\/\/www.naturparkmagazin.de\/dahme-heideseen\/\",\"name\":\"Naturpark Dahme-Heideseen\",\"description\":\"\",\"potentialAction\":[{\"@type\":\"SearchAction\",\"target\":{\"@type\":\"EntryPoint\",\"urlTemplate\":\"https:\/\/www.naturparkmagazin.de\/dahme-heideseen\/?s={search_term_string}\"},\"query-input\":\"required name=search_term_string\"}],\"inLanguage\":\"de\"},{\"@type\":\"Person\",\"@id\":\"https:\/\/www.naturparkmagazin.de\/dahme-heideseen\/#\/schema\/person\/c81c96c3a1f5ee7bffff8b8022c105f0\",\"name\":\"hanssonnenberg\",\"url\":\"https:\/\/www.naturparkmagazin.de\/dahme-heideseen\/author\/hanssonnenberg\/\"}]}<\/script>\n<!-- \/ Yoast SEO plugin. -->","yoast_head_json":{"title":"Veteranen mit Rinde - Aquarelle von Inka Lumer - Naturpark Dahme-Heideseen","robots":{"index":"index","follow":"follow","max-snippet":"max-snippet:-1","max-image-preview":"max-image-preview:large","max-video-preview":"max-video-preview:-1"},"canonical":"https:\/\/www.naturparkmagazin.de\/dahme-heideseen\/veteranen-mit-rinde-aquarelle-von-inka-lummer\/","og_locale":"de_DE","og_type":"article","og_title":"Veteranen mit Rinde - Aquarelle von Inka Lumer - Naturpark Dahme-Heideseen","og_description":"Vom 6. Oktober 2015 bis Ende Dezember 2015 ist die Ausstellung \"Veteranen mit Rinde\" mit Aquarellen von Inka Lumer im Volkshaus Wildau zu sehen. Die Vernissage ist am 6. Oktober 2015 um 18.30 Uhr.","og_url":"https:\/\/www.naturparkmagazin.de\/dahme-heideseen\/veteranen-mit-rinde-aquarelle-von-inka-lummer\/","og_site_name":"Naturpark Dahme-Heideseen","article_published_time":"2015-09-21T15:53:17+00:00","article_modified_time":"2015-09-28T10:03:14+00:00","og_image":[{"width":200,"height":200,"url":"https:\/\/www.naturparkmagazin.de\/dahme-heideseen\/wp-content\/uploads\/sites\/37\/B\u00e4ume.jpg","type":"image\/jpeg"}],"author":"hanssonnenberg","twitter_misc":{"Verfasst von":"hanssonnenberg","Gesch\u00e4tzte Lesezeit":"1\u00a0Minute"},"schema":{"@context":"https:\/\/schema.org","@graph":[{"@type":"WebPage","@id":"https:\/\/www.naturparkmagazin.de\/dahme-heideseen\/veteranen-mit-rinde-aquarelle-von-inka-lummer\/","url":"https:\/\/www.naturparkmagazin.de\/dahme-heideseen\/veteranen-mit-rinde-aquarelle-von-inka-lummer\/","name":"Veteranen mit Rinde - Aquarelle von Inka Lumer - Naturpark Dahme-Heideseen","isPartOf":{"@id":"https:\/\/www.naturparkmagazin.de\/dahme-heideseen\/#website"},"datePublished":"2015-09-21T15:53:17+00:00","dateModified":"2015-09-28T10:03:14+00:00","author":{"@id":"https:\/\/www.naturparkmagazin.de\/dahme-heideseen\/#\/schema\/person\/c81c96c3a1f5ee7bffff8b8022c105f0"},"breadcrumb":{"@id":"https:\/\/www.naturparkmagazin.de\/dahme-heideseen\/veteranen-mit-rinde-aquarelle-von-inka-lummer\/#breadcrumb"},"inLanguage":"de","potentialAction":[{"@type":"ReadAction","target":["https:\/\/www.naturparkmagazin.de\/dahme-heideseen\/veteranen-mit-rinde-aquarelle-von-inka-lummer\/"]}]},{"@type":"BreadcrumbList","@id":"https:\/\/www.naturparkmagazin.de\/dahme-heideseen\/veteranen-mit-rinde-aquarelle-von-inka-lummer\/#breadcrumb","itemListElement":[{"@type":"ListItem","position":1,"name":"Home","item":"https:\/\/www.naturparkmagazin.de\/dahme-heideseen\/"},{"@type":"ListItem","position":2,"name":"Veteranen mit Rinde &#8211; Aquarelle von Inka Lumer"}]},{"@type":"WebSite","@id":"https:\/\/www.naturparkmagazin.de\/dahme-heideseen\/#website","url":"https:\/\/www.naturparkmagazin.de\/dahme-heideseen\/","name":"Naturpark Dahme-Heideseen","description":"","potentialAction":[{"@type":"SearchAction","target":{"@type":"EntryPoint","urlTemplate":"https:\/\/www.naturparkmagazin.de\/dahme-heideseen\/?s={search_term_string}"},"query-input":"required name=search_term_string"}],"inLanguage":"de"},{"@type":"Person","@id":"https:\/\/www.naturparkmagazin.de\/dahme-heideseen\/#\/schema\/person\/c81c96c3a1f5ee7bffff8b8022c105f0","name":"hanssonnenberg","url":"https:\/\/www.naturparkmagazin.de\/dahme-heideseen\/author\/hanssonnenberg\/"}]}},"_links":{"self":[{"href":"https:\/\/www.naturparkmagazin.de\/dahme-heideseen\/wp-json\/wp\/v2\/posts\/1154"}],"collection":[{"href":"https:\/\/www.naturparkmagazin.de\/dahme-heideseen\/wp-json\/wp\/v2\/posts"}],"about":[{"href":"https:\/\/www.naturparkmagazin.de\/dahme-heideseen\/wp-json\/wp\/v2\/types\/post"}],"author":[{"embeddable":true,"href":"https:\/\/www.naturparkmagazin.de\/dahme-heideseen\/wp-json\/wp\/v2\/users\/48"}],"replies":[{"embeddable":true,"href":"https:\/\/www.naturparkmagazin.de\/dahme-heideseen\/wp-json\/wp\/v2\/comments?post=1154"}],"version-history":[{"count":7,"href":"https:\/\/www.naturparkmagazin.de\/dahme-heideseen\/wp-json\/wp\/v2\/posts\/1154\/revisions"}],"predecessor-version":[{"id":1200,"href":"https:\/\/www.naturparkmagazin.de\/dahme-heideseen\/wp-json\/wp\/v2\/posts\/1154\/revisions\/1200"}],"wp:featuredmedia":[{"embeddable":true,"href":"https:\/\/www.naturparkmagazin.de\/dahme-heideseen\/wp-json\/wp\/v2\/media\/1201"}],"wp:attachment":[{"href":"https:\/\/www.naturparkmagazin.de\/dahme-heideseen\/wp-json\/wp\/v2\/media?parent=1154"}],"wp:term":[{"taxonomy":"category","embeddable":true,"href":"https:\/\/www.naturparkmagazin.de\/dahme-heideseen\/wp-json\/wp\/v2\/categories?post=1154"},{"taxonomy":"post_tag","embeddable":true,"href":"https:\/\/www.naturparkmagazin.de\/dahme-heideseen\/wp-json\/wp\/v2\/tags?post=1154"}],"curies":[{"name":"wp","href":"https:\/\/api.w.org\/{rel}","templated":true}]}}