{"id":1166,"date":"2015-09-21T10:36:50","date_gmt":"2015-09-21T08:36:50","guid":{"rendered":"http:\/\/www.naturparkmagazin.de\/dahme-heideseen\/?p=1166"},"modified":"2015-09-28T12:10:29","modified_gmt":"2015-09-28T10:10:29","slug":"viele-besucher-kamen-zum-denkmaltag-nach-kossenblatt","status":"publish","type":"post","link":"https:\/\/www.naturparkmagazin.de\/dahme-heideseen\/viele-besucher-kamen-zum-denkmaltag-nach-kossenblatt\/","title":{"rendered":"Viele Besucher kamen zum Denkmaltag nach Kossenblatt"},"content":{"rendered":"<p>Die Resonanz war \u00fcberw\u00e4ltigend. Hunderte G\u00e4ste besuchten anl\u00e4sslich des Tages des offenen Denkmals das Hoffest in Kossenblatt. <!--more-->Besonders gefragt waren ein Rundgang durch das ge\u00f6ffnete Schloss sowie Infos zum fr\u00fcheren Maulbeeranbau in der Region. Den Abschluss des Denkmaltages bildete das traditionelle Pflanzen einer Maulbeere. Der durch Spenden finanzierte Baum steht nun auf dem Gutshof in Kossenblatt. Unser Dank gilt allen Beteiligten. Im n\u00e4chsten Jahr beteiligt sich der Naturpark zum Tag des offenen Denkmals in Halbe.<\/p>\n<div id=\"attachment_1169\" style=\"width: 615px\" class=\"wp-caption aligncenter\"><a href=\"https:\/\/www.naturparkmagazin.de\/dahme-heideseen\/wp-content\/uploads\/sites\/37\/NPDH_Denkmaltag_2015_G_Heyne.jpg\"><img aria-describedby=\"caption-attachment-1169\" decoding=\"async\" loading=\"lazy\" class=\"size-full wp-image-1169\" src=\"https:\/\/www.naturparkmagazin.de\/dahme-heideseen\/wp-content\/uploads\/sites\/37\/NPDH_Denkmaltag_2015_G_Heyne.jpg\" alt=\"Am Infostand der Naturwacht (Foto: G. Heyne)\" width=\"605\" height=\"480\" srcset=\"https:\/\/www.naturparkmagazin.de\/dahme-heideseen\/wp-content\/uploads\/sites\/37\/NPDH_Denkmaltag_2015_G_Heyne.jpg 605w, https:\/\/www.naturparkmagazin.de\/dahme-heideseen\/wp-content\/uploads\/sites\/37\/NPDH_Denkmaltag_2015_G_Heyne-300x238.jpg 300w, https:\/\/www.naturparkmagazin.de\/dahme-heideseen\/wp-content\/uploads\/sites\/37\/NPDH_Denkmaltag_2015_G_Heyne-200x159.jpg 200w\" sizes=\"(max-width: 605px) 100vw, 605px\" \/><\/a><p id=\"caption-attachment-1169\" class=\"wp-caption-text\">Am Infostand der Naturwacht (Foto: G. Heyne)<\/p><\/div>\n<div id=\"attachment_1168\" style=\"width: 490px\" class=\"wp-caption aligncenter\"><a href=\"https:\/\/www.naturparkmagazin.de\/dahme-heideseen\/wp-content\/uploads\/sites\/37\/NPDH_Denkmaltag_2015_Maulbeerpflanzung_Mertke.jpg\"><img aria-describedby=\"caption-attachment-1168\" decoding=\"async\" loading=\"lazy\" class=\"size-full wp-image-1168\" src=\"https:\/\/www.naturparkmagazin.de\/dahme-heideseen\/wp-content\/uploads\/sites\/37\/NPDH_Denkmaltag_2015_Maulbeerpflanzung_Mertke.jpg\" alt=\"Maulbeerpflanzung in Kossenblatt (Foto: G. Heyne)\" width=\"480\" height=\"548\" srcset=\"https:\/\/www.naturparkmagazin.de\/dahme-heideseen\/wp-content\/uploads\/sites\/37\/NPDH_Denkmaltag_2015_Maulbeerpflanzung_Mertke.jpg 480w, https:\/\/www.naturparkmagazin.de\/dahme-heideseen\/wp-content\/uploads\/sites\/37\/NPDH_Denkmaltag_2015_Maulbeerpflanzung_Mertke-300x343.jpg 300w, https:\/\/www.naturparkmagazin.de\/dahme-heideseen\/wp-content\/uploads\/sites\/37\/NPDH_Denkmaltag_2015_Maulbeerpflanzung_Mertke-200x228.jpg 200w\" sizes=\"(max-width: 480px) 100vw, 480px\" \/><\/a><p id=\"caption-attachment-1168\" class=\"wp-caption-text\">Maulbeerpflanzung in Kossenblatt (Foto: G. Heyne)<\/p><\/div>\n<p><a href=\"http:\/\/www.moz.de\/artikel-ansicht\/dg\/0\/1\/1421400\/\" target=\"_blank\">Beitrag in der M\u00e4rkischen Oderzeitung<\/a><\/p>\n<p><a href=\"http:\/\/www.tag-des-offenen-denkmals.de\/\" target=\"_blank\">Tag des offenen Denkmals<\/a><\/p>\n<p>&nbsp;<\/p>\n","protected":false},"excerpt":{"rendered":"<p>Hunderte G\u00e4ste besuchten anl\u00e4sslich des Tages des offenen Denkmals das Hoffest in Kossenblatt. <\/p>\n","protected":false},"author":48,"featured_media":1168,"comment_status":"open","ping_status":"open","sticky":false,"template":"","format":"standard","meta":[],"categories":[7],"tags":[],"yoast_head":"<!-- This site is optimized with the Yoast SEO plugin v19.10 - https:\/\/yoast.com\/wordpress\/plugins\/seo\/ -->\n<title>Viele Besucher kamen zum Denkmaltag nach Kossenblatt - Naturpark Dahme-Heideseen<\/title>\n<meta name=\"robots\" content=\"index, follow, max-snippet:-1, max-image-preview:large, max-video-preview:-1\" \/>\n<link rel=\"canonical\" href=\"https:\/\/www.naturparkmagazin.de\/dahme-heideseen\/viele-besucher-kamen-zum-denkmaltag-nach-kossenblatt\/\" \/>\n<meta property=\"og:locale\" content=\"de_DE\" \/>\n<meta property=\"og:type\" content=\"article\" \/>\n<meta property=\"og:title\" content=\"Viele Besucher kamen zum Denkmaltag nach Kossenblatt - Naturpark Dahme-Heideseen\" \/>\n<meta property=\"og:description\" content=\"Hunderte G\u00e4ste besuchten anl\u00e4sslich des Tages des offenen Denkmals das Hoffest in Kossenblatt.\" \/>\n<meta property=\"og:url\" content=\"https:\/\/www.naturparkmagazin.de\/dahme-heideseen\/viele-besucher-kamen-zum-denkmaltag-nach-kossenblatt\/\" \/>\n<meta property=\"og:site_name\" content=\"Naturpark Dahme-Heideseen\" \/>\n<meta property=\"article:published_time\" content=\"2015-09-21T08:36:50+00:00\" \/>\n<meta property=\"article:modified_time\" content=\"2015-09-28T10:10:29+00:00\" \/>\n<meta property=\"og:image\" content=\"https:\/\/www.naturparkmagazin.de\/dahme-heideseen\/wp-content\/uploads\/sites\/37\/NPDH_Denkmaltag_2015_Maulbeerpflanzung_Mertke.jpg\" \/>\n\t<meta property=\"og:image:width\" content=\"480\" \/>\n\t<meta property=\"og:image:height\" content=\"548\" \/>\n\t<meta property=\"og:image:type\" content=\"image\/jpeg\" \/>\n<meta name=\"author\" content=\"hanssonnenberg\" \/>\n<meta name=\"twitter:label1\" content=\"Verfasst von\" \/>\n\t<meta name=\"twitter:data1\" content=\"hanssonnenberg\" \/>\n\t<meta name=\"twitter:label2\" content=\"Gesch\u00e4tzte Lesezeit\" \/>\n\t<meta name=\"twitter:data2\" content=\"1\u00a0Minute\" \/>\n<script type=\"application\/ld+json\" class=\"yoast-schema-graph\">{\"@context\":\"https:\/\/schema.org\",\"@graph\":[{\"@type\":\"WebPage\",\"@id\":\"https:\/\/www.naturparkmagazin.de\/dahme-heideseen\/viele-besucher-kamen-zum-denkmaltag-nach-kossenblatt\/\",\"url\":\"https:\/\/www.naturparkmagazin.de\/dahme-heideseen\/viele-besucher-kamen-zum-denkmaltag-nach-kossenblatt\/\",\"name\":\"Viele Besucher kamen zum Denkmaltag nach Kossenblatt - Naturpark Dahme-Heideseen\",\"isPartOf\":{\"@id\":\"https:\/\/www.naturparkmagazin.de\/dahme-heideseen\/#website\"},\"datePublished\":\"2015-09-21T08:36:50+00:00\",\"dateModified\":\"2015-09-28T10:10:29+00:00\",\"author\":{\"@id\":\"https:\/\/www.naturparkmagazin.de\/dahme-heideseen\/#\/schema\/person\/c81c96c3a1f5ee7bffff8b8022c105f0\"},\"breadcrumb\":{\"@id\":\"https:\/\/www.naturparkmagazin.de\/dahme-heideseen\/viele-besucher-kamen-zum-denkmaltag-nach-kossenblatt\/#breadcrumb\"},\"inLanguage\":\"de\",\"potentialAction\":[{\"@type\":\"ReadAction\",\"target\":[\"https:\/\/www.naturparkmagazin.de\/dahme-heideseen\/viele-besucher-kamen-zum-denkmaltag-nach-kossenblatt\/\"]}]},{\"@type\":\"BreadcrumbList\",\"@id\":\"https:\/\/www.naturparkmagazin.de\/dahme-heideseen\/viele-besucher-kamen-zum-denkmaltag-nach-kossenblatt\/#breadcrumb\",\"itemListElement\":[{\"@type\":\"ListItem\",\"position\":1,\"name\":\"Home\",\"item\":\"https:\/\/www.naturparkmagazin.de\/dahme-heideseen\/\"},{\"@type\":\"ListItem\",\"position\":2,\"name\":\"Viele Besucher kamen zum Denkmaltag nach Kossenblatt\"}]},{\"@type\":\"WebSite\",\"@id\":\"https:\/\/www.naturparkmagazin.de\/dahme-heideseen\/#website\",\"url\":\"https:\/\/www.naturparkmagazin.de\/dahme-heideseen\/\",\"name\":\"Naturpark Dahme-Heideseen\",\"description\":\"\",\"potentialAction\":[{\"@type\":\"SearchAction\",\"target\":{\"@type\":\"EntryPoint\",\"urlTemplate\":\"https:\/\/www.naturparkmagazin.de\/dahme-heideseen\/?s={search_term_string}\"},\"query-input\":\"required name=search_term_string\"}],\"inLanguage\":\"de\"},{\"@type\":\"Person\",\"@id\":\"https:\/\/www.naturparkmagazin.de\/dahme-heideseen\/#\/schema\/person\/c81c96c3a1f5ee7bffff8b8022c105f0\",\"name\":\"hanssonnenberg\",\"url\":\"https:\/\/www.naturparkmagazin.de\/dahme-heideseen\/author\/hanssonnenberg\/\"}]}<\/script>\n<!-- \/ Yoast SEO plugin. -->","yoast_head_json":{"title":"Viele Besucher kamen zum Denkmaltag nach Kossenblatt - Naturpark Dahme-Heideseen","robots":{"index":"index","follow":"follow","max-snippet":"max-snippet:-1","max-image-preview":"max-image-preview:large","max-video-preview":"max-video-preview:-1"},"canonical":"https:\/\/www.naturparkmagazin.de\/dahme-heideseen\/viele-besucher-kamen-zum-denkmaltag-nach-kossenblatt\/","og_locale":"de_DE","og_type":"article","og_title":"Viele Besucher kamen zum Denkmaltag nach Kossenblatt - Naturpark Dahme-Heideseen","og_description":"Hunderte G\u00e4ste besuchten anl\u00e4sslich des Tages des offenen Denkmals das Hoffest in Kossenblatt.","og_url":"https:\/\/www.naturparkmagazin.de\/dahme-heideseen\/viele-besucher-kamen-zum-denkmaltag-nach-kossenblatt\/","og_site_name":"Naturpark Dahme-Heideseen","article_published_time":"2015-09-21T08:36:50+00:00","article_modified_time":"2015-09-28T10:10:29+00:00","og_image":[{"width":480,"height":548,"url":"https:\/\/www.naturparkmagazin.de\/dahme-heideseen\/wp-content\/uploads\/sites\/37\/NPDH_Denkmaltag_2015_Maulbeerpflanzung_Mertke.jpg","type":"image\/jpeg"}],"author":"hanssonnenberg","twitter_misc":{"Verfasst von":"hanssonnenberg","Gesch\u00e4tzte Lesezeit":"1\u00a0Minute"},"schema":{"@context":"https:\/\/schema.org","@graph":[{"@type":"WebPage","@id":"https:\/\/www.naturparkmagazin.de\/dahme-heideseen\/viele-besucher-kamen-zum-denkmaltag-nach-kossenblatt\/","url":"https:\/\/www.naturparkmagazin.de\/dahme-heideseen\/viele-besucher-kamen-zum-denkmaltag-nach-kossenblatt\/","name":"Viele Besucher kamen zum Denkmaltag nach Kossenblatt - Naturpark Dahme-Heideseen","isPartOf":{"@id":"https:\/\/www.naturparkmagazin.de\/dahme-heideseen\/#website"},"datePublished":"2015-09-21T08:36:50+00:00","dateModified":"2015-09-28T10:10:29+00:00","author":{"@id":"https:\/\/www.naturparkmagazin.de\/dahme-heideseen\/#\/schema\/person\/c81c96c3a1f5ee7bffff8b8022c105f0"},"breadcrumb":{"@id":"https:\/\/www.naturparkmagazin.de\/dahme-heideseen\/viele-besucher-kamen-zum-denkmaltag-nach-kossenblatt\/#breadcrumb"},"inLanguage":"de","potentialAction":[{"@type":"ReadAction","target":["https:\/\/www.naturparkmagazin.de\/dahme-heideseen\/viele-besucher-kamen-zum-denkmaltag-nach-kossenblatt\/"]}]},{"@type":"BreadcrumbList","@id":"https:\/\/www.naturparkmagazin.de\/dahme-heideseen\/viele-besucher-kamen-zum-denkmaltag-nach-kossenblatt\/#breadcrumb","itemListElement":[{"@type":"ListItem","position":1,"name":"Home","item":"https:\/\/www.naturparkmagazin.de\/dahme-heideseen\/"},{"@type":"ListItem","position":2,"name":"Viele Besucher kamen zum Denkmaltag nach Kossenblatt"}]},{"@type":"WebSite","@id":"https:\/\/www.naturparkmagazin.de\/dahme-heideseen\/#website","url":"https:\/\/www.naturparkmagazin.de\/dahme-heideseen\/","name":"Naturpark Dahme-Heideseen","description":"","potentialAction":[{"@type":"SearchAction","target":{"@type":"EntryPoint","urlTemplate":"https:\/\/www.naturparkmagazin.de\/dahme-heideseen\/?s={search_term_string}"},"query-input":"required name=search_term_string"}],"inLanguage":"de"},{"@type":"Person","@id":"https:\/\/www.naturparkmagazin.de\/dahme-heideseen\/#\/schema\/person\/c81c96c3a1f5ee7bffff8b8022c105f0","name":"hanssonnenberg","url":"https:\/\/www.naturparkmagazin.de\/dahme-heideseen\/author\/hanssonnenberg\/"}]}},"_links":{"self":[{"href":"https:\/\/www.naturparkmagazin.de\/dahme-heideseen\/wp-json\/wp\/v2\/posts\/1166"}],"collection":[{"href":"https:\/\/www.naturparkmagazin.de\/dahme-heideseen\/wp-json\/wp\/v2\/posts"}],"about":[{"href":"https:\/\/www.naturparkmagazin.de\/dahme-heideseen\/wp-json\/wp\/v2\/types\/post"}],"author":[{"embeddable":true,"href":"https:\/\/www.naturparkmagazin.de\/dahme-heideseen\/wp-json\/wp\/v2\/users\/48"}],"replies":[{"embeddable":true,"href":"https:\/\/www.naturparkmagazin.de\/dahme-heideseen\/wp-json\/wp\/v2\/comments?post=1166"}],"version-history":[{"count":5,"href":"https:\/\/www.naturparkmagazin.de\/dahme-heideseen\/wp-json\/wp\/v2\/posts\/1166\/revisions"}],"predecessor-version":[{"id":1204,"href":"https:\/\/www.naturparkmagazin.de\/dahme-heideseen\/wp-json\/wp\/v2\/posts\/1166\/revisions\/1204"}],"wp:featuredmedia":[{"embeddable":true,"href":"https:\/\/www.naturparkmagazin.de\/dahme-heideseen\/wp-json\/wp\/v2\/media\/1168"}],"wp:attachment":[{"href":"https:\/\/www.naturparkmagazin.de\/dahme-heideseen\/wp-json\/wp\/v2\/media?parent=1166"}],"wp:term":[{"taxonomy":"category","embeddable":true,"href":"https:\/\/www.naturparkmagazin.de\/dahme-heideseen\/wp-json\/wp\/v2\/categories?post=1166"},{"taxonomy":"post_tag","embeddable":true,"href":"https:\/\/www.naturparkmagazin.de\/dahme-heideseen\/wp-json\/wp\/v2\/tags?post=1166"}],"curies":[{"name":"wp","href":"https:\/\/api.w.org\/{rel}","templated":true}]}}